{"id":9232,"date":"2025-11-16T08:04:09","date_gmt":"2025-11-16T07:04:09","guid":{"rendered":"https:\/\/maristeurope.eu\/pilegrimsreise-dag-5-la-neyliere\/"},"modified":"2026-02-03T23:45:49","modified_gmt":"2026-02-03T22:45:49","slug":"pilegrimsreise-dag-5-la-neyliere","status":"publish","type":"post","link":"https:\/\/maristeurope.eu\/no\/pilegrimsreise-dag-5-la-neyliere\/","title":{"rendered":"Pilegrimsreise dag 5: La Neyli\u00e8re"},"content":{"rendered":"\n<p>P\u00e5 den siste dagen av v\u00e5r fantastiske, fem dager lange pilegrimsreise kom et stort antall mennesker, inkludert andre medlemmer av Maristfamilien, for \u00e5 h\u00f8re et utmerket foredrag av Kevin Duffy, der han delte sine refleksjoner om La Neyli\u00e8re og pater Jean Claude Colin. Han fokuserte spesielt p\u00e5 betydningen av \"dette b\u00f8nnens hus\" og hvordan pater Colin levde og arbeidet i det etter at han trakk seg tilbake som generalsuperior i 1854 og frem til sin d\u00f8d 15. november 1875.   <\/p>\n\n<p>Han snakket ogs\u00e5 om La Neyli\u00e8res n\u00e5v\u00e6rende tredelte oppdrag: <strong><em>\u00e5 lette tilgangen til maristenes arv; \u00e5 gi muligheter for m\u00f8ter, dannelse og spiritualitet; og \u00e5 tjene lokalsamfunnet. <\/em><\/strong> Etter presentasjonen ble gruppen delt i fire og invitert til \u00e5 bruke tid p\u00e5 \u00e5 reflektere over viktige sitater av pater Colin rundt temaene Enkelhet, viktigheten av konsultasjon i beslutningsprosesser, b\u00f8nn og \u00e5 bygge en ny kirke.  <\/p>\n\n<p>Deretter gikk vi til oratoriet for \u00e5 velsigne et nytt portrett av pater Colin som er plassert ved siden av graven hans. Det var en herlig stemning da vi inntok en herlig lunsj og delte et m\u00e5ltid. Pilegrimsvandringen ble avsluttet med en oppl\u00f8ftende nattverdfeiring p\u00e5 ettermiddagen, ledet av Monsignor Le Gal, hjelpebiskop i Lyon. Han holdt en innsiktsfull preken om pater Colin og maristenes spiritualitet.     <\/p>\n\n<p>Dagen ble avsluttet med et vemodig farvel, da pilegrimene og vennene som hadde blitt velsignet av opplevelsen og delt s\u00e5 mye, sammen med dem som hadde samlet seg for \u00e5 feire denne spesielle anledningen, forlot La Neyli\u00e8re beriket og dypt takknemlige for det spesielle bidraget pater Jean Claude Colin har gitt til deres liv og til verden. Vi er ogs\u00e5 dypt takknemlige overfor Jean-Marie Bloqueau og Sr Teri O'Brien, SM, for deres harde arbeid med \u00e5 gj\u00f8re en slik fantastisk opplevelse mulig. <\/p>\n\n<p><em>Ray Chapman, SM<\/em><\/p>\n\n<p><\/p>\n\n<figure class=\"wp-block-gallery has-nested-images columns-default is-cropped wp-block-gallery-1 is-layout-flex wp-block-gallery-is-layout-flex\">\n<figure class=\"wp-block-image size-large\"><img loading=\"lazy\" decoding=\"async\" width=\"1024\" height=\"768\" data-id=\"9177\" src=\"https:\/\/maristeurope.eu\/wp-content\/uploads\/2025\/11\/2-4-1024x768.jpg\" alt=\"\" class=\"wp-image-9177\" srcset=\"https:\/\/maristeurope.eu\/wp-content\/uploads\/2025\/11\/2-4-980x735.jpg 980w, https:\/\/maristeurope.eu\/wp-content\/uploads\/2025\/11\/2-4-480x360.jpg 480w\" sizes=\"(min-width: 0px) and (max-width: 480px) 480px, (min-width: 481px) and (max-width: 980px) 980px, (min-width: 981px) 1024px, 100vw\" \/><\/figure>\n\n\n\n<figure class=\"wp-block-image size-large\"><img loading=\"lazy\" decoding=\"async\" width=\"1024\" height=\"768\" data-id=\"9205\" src=\"https:\/\/maristeurope.eu\/wp-content\/uploads\/2025\/11\/7-1-1024x768.jpg\" alt=\"\" class=\"wp-image-9205\" srcset=\"https:\/\/maristeurope.eu\/wp-content\/uploads\/2025\/11\/7-1-1024x768.jpg 1024w, https:\/\/maristeurope.eu\/wp-content\/uploads\/2025\/11\/7-1-980x735.jpg 980w, https:\/\/maristeurope.eu\/wp-content\/uploads\/2025\/11\/7-1-480x360.jpg 480w\" sizes=\"(min-width: 0px) and (max-width: 480px) 480px, (min-width: 481px) and (max-width: 980px) 980px, (min-width: 981px) 1024px, 100vw\" \/><\/figure>\n\n\n\n<figure class=\"wp-block-image size-large\"><img loading=\"lazy\" decoding=\"async\" width=\"1024\" height=\"768\" data-id=\"9191\" src=\"https:\/\/maristeurope.eu\/wp-content\/uploads\/2025\/11\/6-1-1024x768.jpg\" alt=\"\" class=\"wp-image-9191\" srcset=\"https:\/\/maristeurope.eu\/wp-content\/uploads\/2025\/11\/6-1-980x735.jpg 980w, https:\/\/maristeurope.eu\/wp-content\/uploads\/2025\/11\/6-1-480x360.jpg 480w\" sizes=\"(min-width: 0px) and (max-width: 480px) 480px, (min-width: 481px) and (max-width: 980px) 980px, (min-width: 981px) 1024px, 100vw\" \/><\/figure>\n<\/figure>\n","protected":false},"excerpt":{"rendered":"<p>Vi tilbrakte den siste dagen av v\u00e5r fantastiske pilegrimsreise i La Neyli\u00e8re, maristenes bedehus.  <\/p>\n","protected":false},"author":3,"featured_media":9217,"comment_status":"closed","ping_status":"closed","sticky":false,"template":"","format":"standard","meta":{"footnotes":""},"categories":[71],"tags":[],"class_list":["post-9232","post","type-post","status-publish","format-standard","has-post-thumbnail","hentry","category-uncategorized-no"],"yoast_head":"<!-- This site is optimized with the Yoast SEO plugin v27.5 - https:\/\/yoast.com\/product\/yoast-seo-wordpress\/ -->\n<title>Pilegrimsreise dag 5: La Neyli\u00e8re - Marist Europe<\/title>\n<meta name=\"robots\" content=\"index, follow, max-snippet:-1, max-image-preview:large, max-video-preview:-1\" \/>\n<link rel=\"canonical\" href=\"https:\/\/maristeurope.eu\/no\/pilegrimsreise-dag-5-la-neyliere\/\" \/>\n<meta property=\"og:locale\" content=\"nb_NO\" \/>\n<meta property=\"og:type\" content=\"article\" \/>\n<meta property=\"og:title\" content=\"Pilegrimsreise dag 5: La Neyli\u00e8re - Marist Europe\" \/>\n<meta property=\"og:description\" content=\"Vi tilbrakte den siste dagen av v\u00e5r fantastiske pilegrimsreise i La Neyli\u00e8re, maristenes bedehus.\" \/>\n<meta property=\"og:url\" content=\"https:\/\/maristeurope.eu\/no\/pilegrimsreise-dag-5-la-neyliere\/\" \/>\n<meta property=\"og:site_name\" content=\"Marist Europe\" \/>\n<meta property=\"article:published_time\" content=\"2025-11-16T07:04:09+00:00\" \/>\n<meta property=\"article:modified_time\" content=\"2026-02-03T22:45:49+00:00\" \/>\n<meta property=\"og:image\" content=\"https:\/\/maristeurope.eu\/wp-content\/uploads\/2025\/11\/1-3.jpg\" \/>\n\t<meta property=\"og:image:width\" content=\"1536\" \/>\n\t<meta property=\"og:image:height\" content=\"1393\" \/>\n\t<meta property=\"og:image:type\" content=\"image\/jpeg\" \/>\n<meta name=\"author\" content=\"Anne Marie Salgo\" \/>\n<meta name=\"twitter:card\" content=\"summary_large_image\" \/>\n<meta name=\"twitter:label1\" content=\"Skrevet av\" \/>\n\t<meta name=\"twitter:data1\" content=\"Anne Marie Salgo\" \/>\n\t<meta name=\"twitter:label2\" content=\"Ansl. lesetid\" \/>\n\t<meta name=\"twitter:data2\" content=\"1 minutt\" \/>\n<script type=\"application\/ld+json\" class=\"yoast-schema-graph\">{\"@context\":\"https:\\\/\\\/schema.org\",\"@graph\":[{\"@type\":\"Article\",\"@id\":\"https:\\\/\\\/maristeurope.eu\\\/no\\\/pilegrimsreise-dag-5-la-neyliere\\\/#article\",\"isPartOf\":{\"@id\":\"https:\\\/\\\/maristeurope.eu\\\/no\\\/pilegrimsreise-dag-5-la-neyliere\\\/\"},\"author\":{\"name\":\"Anne Marie Salgo\",\"@id\":\"https:\\\/\\\/maristeurope.eu\\\/no\\\/#\\\/schema\\\/person\\\/52ef67935880edd2768565651118bee9\"},\"headline\":\"Pilegrimsreise dag 5: La Neyli\u00e8re\",\"datePublished\":\"2025-11-16T07:04:09+00:00\",\"dateModified\":\"2026-02-03T22:45:49+00:00\",\"mainEntityOfPage\":{\"@id\":\"https:\\\/\\\/maristeurope.eu\\\/no\\\/pilegrimsreise-dag-5-la-neyliere\\\/\"},\"wordCount\":300,\"publisher\":{\"@id\":\"https:\\\/\\\/maristeurope.eu\\\/no\\\/#organization\"},\"image\":{\"@id\":\"https:\\\/\\\/maristeurope.eu\\\/no\\\/pilegrimsreise-dag-5-la-neyliere\\\/#primaryimage\"},\"thumbnailUrl\":\"https:\\\/\\\/maristeurope.eu\\\/wp-content\\\/uploads\\\/2025\\\/11\\\/1-3.jpg\",\"articleSection\":[\"Uncategorized @no\"],\"inLanguage\":\"nb-NO\"},{\"@type\":\"WebPage\",\"@id\":\"https:\\\/\\\/maristeurope.eu\\\/no\\\/pilegrimsreise-dag-5-la-neyliere\\\/\",\"url\":\"https:\\\/\\\/maristeurope.eu\\\/no\\\/pilegrimsreise-dag-5-la-neyliere\\\/\",\"name\":\"Pilegrimsreise dag 5: La Neyli\u00e8re - Marist Europe\",\"isPartOf\":{\"@id\":\"https:\\\/\\\/maristeurope.eu\\\/no\\\/#website\"},\"primaryImageOfPage\":{\"@id\":\"https:\\\/\\\/maristeurope.eu\\\/no\\\/pilegrimsreise-dag-5-la-neyliere\\\/#primaryimage\"},\"image\":{\"@id\":\"https:\\\/\\\/maristeurope.eu\\\/no\\\/pilegrimsreise-dag-5-la-neyliere\\\/#primaryimage\"},\"thumbnailUrl\":\"https:\\\/\\\/maristeurope.eu\\\/wp-content\\\/uploads\\\/2025\\\/11\\\/1-3.jpg\",\"datePublished\":\"2025-11-16T07:04:09+00:00\",\"dateModified\":\"2026-02-03T22:45:49+00:00\",\"breadcrumb\":{\"@id\":\"https:\\\/\\\/maristeurope.eu\\\/no\\\/pilegrimsreise-dag-5-la-neyliere\\\/#breadcrumb\"},\"inLanguage\":\"nb-NO\",\"potentialAction\":[{\"@type\":\"ReadAction\",\"target\":[\"https:\\\/\\\/maristeurope.eu\\\/no\\\/pilegrimsreise-dag-5-la-neyliere\\\/\"]}]},{\"@type\":\"ImageObject\",\"inLanguage\":\"nb-NO\",\"@id\":\"https:\\\/\\\/maristeurope.eu\\\/no\\\/pilegrimsreise-dag-5-la-neyliere\\\/#primaryimage\",\"url\":\"https:\\\/\\\/maristeurope.eu\\\/wp-content\\\/uploads\\\/2025\\\/11\\\/1-3.jpg\",\"contentUrl\":\"https:\\\/\\\/maristeurope.eu\\\/wp-content\\\/uploads\\\/2025\\\/11\\\/1-3.jpg\",\"width\":1536,\"height\":1393},{\"@type\":\"BreadcrumbList\",\"@id\":\"https:\\\/\\\/maristeurope.eu\\\/no\\\/pilegrimsreise-dag-5-la-neyliere\\\/#breadcrumb\",\"itemListElement\":[{\"@type\":\"ListItem\",\"position\":1,\"name\":\"Home\",\"item\":\"https:\\\/\\\/maristeurope.eu\\\/no\\\/marister\\\/\"},{\"@type\":\"ListItem\",\"position\":2,\"name\":\"Pilegrimsreise dag 5: La Neyli\u00e8re\"}]},{\"@type\":\"WebSite\",\"@id\":\"https:\\\/\\\/maristeurope.eu\\\/no\\\/#website\",\"url\":\"https:\\\/\\\/maristeurope.eu\\\/no\\\/\",\"name\":\"Marist Europe\",\"description\":\"\",\"publisher\":{\"@id\":\"https:\\\/\\\/maristeurope.eu\\\/no\\\/#organization\"},\"potentialAction\":[{\"@type\":\"SearchAction\",\"target\":{\"@type\":\"EntryPoint\",\"urlTemplate\":\"https:\\\/\\\/maristeurope.eu\\\/no\\\/?s={search_term_string}\"},\"query-input\":{\"@type\":\"PropertyValueSpecification\",\"valueRequired\":true,\"valueName\":\"search_term_string\"}}],\"inLanguage\":\"nb-NO\"},{\"@type\":\"Organization\",\"@id\":\"https:\\\/\\\/maristeurope.eu\\\/no\\\/#organization\",\"name\":\"Marist Europe\",\"url\":\"https:\\\/\\\/maristeurope.eu\\\/no\\\/\",\"logo\":{\"@type\":\"ImageObject\",\"inLanguage\":\"nb-NO\",\"@id\":\"https:\\\/\\\/maristeurope.eu\\\/no\\\/#\\\/schema\\\/logo\\\/image\\\/\",\"url\":\"https:\\\/\\\/maristeurope.eu\\\/wp-content\\\/uploads\\\/2024\\\/10\\\/EU-SM-Finalogo-02.png\",\"contentUrl\":\"https:\\\/\\\/maristeurope.eu\\\/wp-content\\\/uploads\\\/2024\\\/10\\\/EU-SM-Finalogo-02.png\",\"width\":150,\"height\":156,\"caption\":\"Marist Europe\"},\"image\":{\"@id\":\"https:\\\/\\\/maristeurope.eu\\\/no\\\/#\\\/schema\\\/logo\\\/image\\\/\"}},{\"@type\":\"Person\",\"@id\":\"https:\\\/\\\/maristeurope.eu\\\/no\\\/#\\\/schema\\\/person\\\/52ef67935880edd2768565651118bee9\",\"name\":\"Anne Marie Salgo\",\"image\":{\"@type\":\"ImageObject\",\"inLanguage\":\"nb-NO\",\"@id\":\"https:\\\/\\\/secure.gravatar.com\\\/avatar\\\/63bc5f7f74a90bb8d99eaaf8206d8217d780934d9a9659350347a36f2698fe6b?s=96&d=mm&r=g\",\"url\":\"https:\\\/\\\/secure.gravatar.com\\\/avatar\\\/63bc5f7f74a90bb8d99eaaf8206d8217d780934d9a9659350347a36f2698fe6b?s=96&d=mm&r=g\",\"contentUrl\":\"https:\\\/\\\/secure.gravatar.com\\\/avatar\\\/63bc5f7f74a90bb8d99eaaf8206d8217d780934d9a9659350347a36f2698fe6b?s=96&d=mm&r=g\",\"caption\":\"Anne Marie Salgo\"},\"url\":\"https:\\\/\\\/maristeurope.eu\\\/no\\\/author\\\/anne\\\/\"}]}<\/script>\n<!-- \/ Yoast SEO plugin. -->","yoast_head_json":{"title":"Pilegrimsreise dag 5: La Neyli\u00e8re - Marist Europe","robots":{"index":"index","follow":"follow","max-snippet":"max-snippet:-1","max-image-preview":"max-image-preview:large","max-video-preview":"max-video-preview:-1"},"canonical":"https:\/\/maristeurope.eu\/no\/pilegrimsreise-dag-5-la-neyliere\/","og_locale":"nb_NO","og_type":"article","og_title":"Pilegrimsreise dag 5: La Neyli\u00e8re - Marist Europe","og_description":"Vi tilbrakte den siste dagen av v\u00e5r fantastiske pilegrimsreise i La Neyli\u00e8re, maristenes bedehus.","og_url":"https:\/\/maristeurope.eu\/no\/pilegrimsreise-dag-5-la-neyliere\/","og_site_name":"Marist Europe","article_published_time":"2025-11-16T07:04:09+00:00","article_modified_time":"2026-02-03T22:45:49+00:00","og_image":[{"width":1536,"height":1393,"url":"https:\/\/maristeurope.eu\/wp-content\/uploads\/2025\/11\/1-3.jpg","type":"image\/jpeg"}],"author":"Anne Marie Salgo","twitter_card":"summary_large_image","twitter_misc":{"Skrevet av":"Anne Marie Salgo","Ansl. lesetid":"1 minutt"},"schema":{"@context":"https:\/\/schema.org","@graph":[{"@type":"Article","@id":"https:\/\/maristeurope.eu\/no\/pilegrimsreise-dag-5-la-neyliere\/#article","isPartOf":{"@id":"https:\/\/maristeurope.eu\/no\/pilegrimsreise-dag-5-la-neyliere\/"},"author":{"name":"Anne Marie Salgo","@id":"https:\/\/maristeurope.eu\/no\/#\/schema\/person\/52ef67935880edd2768565651118bee9"},"headline":"Pilegrimsreise dag 5: La Neyli\u00e8re","datePublished":"2025-11-16T07:04:09+00:00","dateModified":"2026-02-03T22:45:49+00:00","mainEntityOfPage":{"@id":"https:\/\/maristeurope.eu\/no\/pilegrimsreise-dag-5-la-neyliere\/"},"wordCount":300,"publisher":{"@id":"https:\/\/maristeurope.eu\/no\/#organization"},"image":{"@id":"https:\/\/maristeurope.eu\/no\/pilegrimsreise-dag-5-la-neyliere\/#primaryimage"},"thumbnailUrl":"https:\/\/maristeurope.eu\/wp-content\/uploads\/2025\/11\/1-3.jpg","articleSection":["Uncategorized @no"],"inLanguage":"nb-NO"},{"@type":"WebPage","@id":"https:\/\/maristeurope.eu\/no\/pilegrimsreise-dag-5-la-neyliere\/","url":"https:\/\/maristeurope.eu\/no\/pilegrimsreise-dag-5-la-neyliere\/","name":"Pilegrimsreise dag 5: La Neyli\u00e8re - Marist Europe","isPartOf":{"@id":"https:\/\/maristeurope.eu\/no\/#website"},"primaryImageOfPage":{"@id":"https:\/\/maristeurope.eu\/no\/pilegrimsreise-dag-5-la-neyliere\/#primaryimage"},"image":{"@id":"https:\/\/maristeurope.eu\/no\/pilegrimsreise-dag-5-la-neyliere\/#primaryimage"},"thumbnailUrl":"https:\/\/maristeurope.eu\/wp-content\/uploads\/2025\/11\/1-3.jpg","datePublished":"2025-11-16T07:04:09+00:00","dateModified":"2026-02-03T22:45:49+00:00","breadcrumb":{"@id":"https:\/\/maristeurope.eu\/no\/pilegrimsreise-dag-5-la-neyliere\/#breadcrumb"},"inLanguage":"nb-NO","potentialAction":[{"@type":"ReadAction","target":["https:\/\/maristeurope.eu\/no\/pilegrimsreise-dag-5-la-neyliere\/"]}]},{"@type":"ImageObject","inLanguage":"nb-NO","@id":"https:\/\/maristeurope.eu\/no\/pilegrimsreise-dag-5-la-neyliere\/#primaryimage","url":"https:\/\/maristeurope.eu\/wp-content\/uploads\/2025\/11\/1-3.jpg","contentUrl":"https:\/\/maristeurope.eu\/wp-content\/uploads\/2025\/11\/1-3.jpg","width":1536,"height":1393},{"@type":"BreadcrumbList","@id":"https:\/\/maristeurope.eu\/no\/pilegrimsreise-dag-5-la-neyliere\/#breadcrumb","itemListElement":[{"@type":"ListItem","position":1,"name":"Home","item":"https:\/\/maristeurope.eu\/no\/marister\/"},{"@type":"ListItem","position":2,"name":"Pilegrimsreise dag 5: La Neyli\u00e8re"}]},{"@type":"WebSite","@id":"https:\/\/maristeurope.eu\/no\/#website","url":"https:\/\/maristeurope.eu\/no\/","name":"Marist Europe","description":"","publisher":{"@id":"https:\/\/maristeurope.eu\/no\/#organization"},"potentialAction":[{"@type":"SearchAction","target":{"@type":"EntryPoint","urlTemplate":"https:\/\/maristeurope.eu\/no\/?s={search_term_string}"},"query-input":{"@type":"PropertyValueSpecification","valueRequired":true,"valueName":"search_term_string"}}],"inLanguage":"nb-NO"},{"@type":"Organization","@id":"https:\/\/maristeurope.eu\/no\/#organization","name":"Marist Europe","url":"https:\/\/maristeurope.eu\/no\/","logo":{"@type":"ImageObject","inLanguage":"nb-NO","@id":"https:\/\/maristeurope.eu\/no\/#\/schema\/logo\/image\/","url":"https:\/\/maristeurope.eu\/wp-content\/uploads\/2024\/10\/EU-SM-Finalogo-02.png","contentUrl":"https:\/\/maristeurope.eu\/wp-content\/uploads\/2024\/10\/EU-SM-Finalogo-02.png","width":150,"height":156,"caption":"Marist Europe"},"image":{"@id":"https:\/\/maristeurope.eu\/no\/#\/schema\/logo\/image\/"}},{"@type":"Person","@id":"https:\/\/maristeurope.eu\/no\/#\/schema\/person\/52ef67935880edd2768565651118bee9","name":"Anne Marie Salgo","image":{"@type":"ImageObject","inLanguage":"nb-NO","@id":"https:\/\/secure.gravatar.com\/avatar\/63bc5f7f74a90bb8d99eaaf8206d8217d780934d9a9659350347a36f2698fe6b?s=96&d=mm&r=g","url":"https:\/\/secure.gravatar.com\/avatar\/63bc5f7f74a90bb8d99eaaf8206d8217d780934d9a9659350347a36f2698fe6b?s=96&d=mm&r=g","contentUrl":"https:\/\/secure.gravatar.com\/avatar\/63bc5f7f74a90bb8d99eaaf8206d8217d780934d9a9659350347a36f2698fe6b?s=96&d=mm&r=g","caption":"Anne Marie Salgo"},"url":"https:\/\/maristeurope.eu\/no\/author\/anne\/"}]}},"_links":{"self":[{"href":"https:\/\/maristeurope.eu\/no\/wp-json\/wp\/v2\/posts\/9232","targetHints":{"allow":["GET"]}}],"collection":[{"href":"https:\/\/maristeurope.eu\/no\/wp-json\/wp\/v2\/posts"}],"about":[{"href":"https:\/\/maristeurope.eu\/no\/wp-json\/wp\/v2\/types\/post"}],"author":[{"embeddable":true,"href":"https:\/\/maristeurope.eu\/no\/wp-json\/wp\/v2\/users\/3"}],"replies":[{"embeddable":true,"href":"https:\/\/maristeurope.eu\/no\/wp-json\/wp\/v2\/comments?post=9232"}],"version-history":[{"count":3,"href":"https:\/\/maristeurope.eu\/no\/wp-json\/wp\/v2\/posts\/9232\/revisions"}],"predecessor-version":[{"id":9237,"href":"https:\/\/maristeurope.eu\/no\/wp-json\/wp\/v2\/posts\/9232\/revisions\/9237"}],"wp:featuredmedia":[{"embeddable":true,"href":"https:\/\/maristeurope.eu\/no\/wp-json\/wp\/v2\/media\/9217"}],"wp:attachment":[{"href":"https:\/\/maristeurope.eu\/no\/wp-json\/wp\/v2\/media?parent=9232"}],"wp:term":[{"taxonomy":"category","embeddable":true,"href":"https:\/\/maristeurope.eu\/no\/wp-json\/wp\/v2\/categories?post=9232"},{"taxonomy":"post_tag","embeddable":true,"href":"https:\/\/maristeurope.eu\/no\/wp-json\/wp\/v2\/tags?post=9232"}],"curies":[{"name":"wp","href":"https:\/\/api.w.org\/{rel}","templated":true}]}}