{"id":8869,"date":"2025-11-15T00:09:32","date_gmt":"2025-11-14T23:09:32","guid":{"rendered":"https:\/\/maristeurope.eu\/?p=8869"},"modified":"2025-11-08T06:41:54","modified_gmt":"2025-11-08T05:41:54","slug":"refleksjon-pater-jean-claudes-drom-for-oss-i-dag","status":"publish","type":"post","link":"https:\/\/maristeurope.eu\/no\/refleksjon-pater-jean-claudes-drom-for-oss-i-dag\/","title":{"rendered":"Refleksjon: Pater Jean-Claudes dr\u00f8m for oss i dag"},"content":{"rendered":"\n<p>Noen liv lager st\u00f8y, andre forandrer verden i stillhet. Jean-Claude Colin ble f\u00f8dt i 1790 i St Bonnet-le-Troncy i Frankrike, under revolusjonen. Han var en sjenert gutt med en sterk tro. Han elsket stillheten midt i skogen, der han kunne finne Gud i stillheten. Da moren d\u00f8de, <strong>ble Maria hans milde mor og veileder.<\/strong>    <\/p>\n\n<p>Under sin tid p\u00e5 presteseminaret i Lyon h\u00f8rte pater Jean-Claude Colin en hvisking - et kall til \u00e5 bli en del av Marias arbeid. Den 23. juli 1816 klatret tolv unge menn opp p\u00e5 Fourvi\u00e8re for \u00e5 <g id=\"gid_0\">love Maria \u00e5 starte hennes selskap<\/g>. For oss er dette fr\u00f8et begynnelsen p\u00e5 et livslangt oppdrag.  <\/p>\n\n<p>I den stille dalen Cerdon begynte han \u00e5 forme hjertet av <em><strong>maristiske \u00e5nd<\/strong><\/em>Han begynte \u00e5 forme hjertet av maristenes \u00e5nd: skjulte og ukjente, tjenende uten \u00e5 s\u00f8ke \u00e6re, barmhjertighetens redskaper, barmhjertighet der andre d\u00f8mmer, \u00e5 leve som Maria, n\u00e6r dem som trenger det. Hans dr\u00f8m var enkel, men enorm: \u00e5 danne gode kristne, gode borgere og gode yrkesut\u00f8vere. Han mente at alle kunne v\u00e6re marister, i stand til \u00e5 ta imot andre slik Maria gjorde.  <\/p>\n\n<p>Det er som et tre med mange grener: prester, br\u00f8dre, s\u00f8stre og lekfolk - alle<em><strong> b\u00e6rer Marias \u00e5nd til de fjerneste steder<\/strong><\/em>. I sine siste \u00e5r p\u00e5 La Neyli\u00e8re skrev han Konstitusjonene. Det var et arbeid preget av stillhet, b\u00f8nn og overgivelse.  <br\/><br\/>Sp\u00f8rsm\u00e5let for oss er ikke: \"Hvem var Jean-Claude Colin?\", men snarere: \"<strong>Hvordan gir vi liv til dr\u00f8mmen hans i dag?<\/strong>\".<\/p>\n\n<p><em>Eduardo Lim\u00f3n Guti\u00e9rrez, SM<\/em><\/p>\n\n<p><\/p>\n\n<p><em><br\/><\/em><\/p>\n\n<figure class=\"wp-block-embed is-type-video is-provider-youtube wp-block-embed-youtube wp-embed-aspect-9-16 wp-has-aspect-ratio\"><div class=\"wp-block-embed__wrapper\">\n<iframe loading=\"lazy\" title=\"Fr Jean-Claude Colin, the inspirational founder of the Society of Mary &amp;our Marist Family. #colin150\" width=\"563\" height=\"1000\" src=\"https:\/\/www.youtube.com\/embed\/Kc4odHwYC3w?feature=oembed\"  allow=\"accelerometer; autoplay; clipboard-write; encrypted-media; gyroscope; picture-in-picture; web-share\" referrerpolicy=\"strict-origin-when-cross-origin\" allowfullscreen><\/iframe>\n<\/div><\/figure>\n","protected":false},"excerpt":{"rendered":"<p>Noen liv lager st\u00f8y, andre forandrer verden i stillhet. Jean-Claude Colin ble f\u00f8dt i 1790 i St Bonnet-le-Troncy i Frankrike, under revolusjonen. Han var en sjenert gutt med en sterk tro. Han elsket stillheten midt i skogen, der han kunne finne Gud i stillheten.   <\/p>\n","protected":false},"author":3,"featured_media":8861,"comment_status":"open","ping_status":"open","sticky":false,"template":"","format":"standard","meta":{"footnotes":""},"categories":[71],"tags":[],"class_list":["post-8869","post","type-post","status-publish","format-standard","has-post-thumbnail","hentry","category-uncategorized-no"],"yoast_head":"<!-- This site is optimized with the Yoast SEO plugin v27.5 - https:\/\/yoast.com\/product\/yoast-seo-wordpress\/ -->\n<title>Refleksjon: Pater Jean-Claudes dr\u00f8m for oss i dag - Marist Europe<\/title>\n<meta name=\"robots\" content=\"index, follow, max-snippet:-1, max-image-preview:large, max-video-preview:-1\" \/>\n<link rel=\"canonical\" href=\"https:\/\/maristeurope.eu\/no\/refleksjon-pater-jean-claudes-drom-for-oss-i-dag\/\" \/>\n<meta property=\"og:locale\" content=\"nb_NO\" \/>\n<meta property=\"og:type\" content=\"article\" \/>\n<meta property=\"og:title\" content=\"Refleksjon: Pater Jean-Claudes dr\u00f8m for oss i dag - Marist Europe\" \/>\n<meta property=\"og:description\" content=\"Noen liv lager st\u00f8y, andre forandrer verden i stillhet. Jean-Claude Colin ble f\u00f8dt i 1790 i St Bonnet-le-Troncy i Frankrike, under revolusjonen. Han var en sjenert gutt med en sterk tro. Han elsket stillheten midt i skogen, der han kunne finne Gud i stillheten.\" \/>\n<meta property=\"og:url\" content=\"https:\/\/maristeurope.eu\/no\/refleksjon-pater-jean-claudes-drom-for-oss-i-dag\/\" \/>\n<meta property=\"og:site_name\" content=\"Marist Europe\" \/>\n<meta property=\"article:published_time\" content=\"2025-11-14T23:09:32+00:00\" \/>\n<meta property=\"og:image\" content=\"https:\/\/maristeurope.eu\/wp-content\/uploads\/2025\/11\/landsc-scaled.jpg\" \/>\n\t<meta property=\"og:image:width\" content=\"2560\" \/>\n\t<meta property=\"og:image:height\" content=\"1707\" \/>\n\t<meta property=\"og:image:type\" content=\"image\/jpeg\" \/>\n<meta name=\"author\" content=\"Anne Marie Salgo\" \/>\n<meta name=\"twitter:card\" content=\"summary_large_image\" \/>\n<meta name=\"twitter:label1\" content=\"Skrevet av\" \/>\n\t<meta name=\"twitter:data1\" content=\"Anne Marie Salgo\" \/>\n\t<meta name=\"twitter:label2\" content=\"Ansl. lesetid\" \/>\n\t<meta name=\"twitter:data2\" content=\"1 minutt\" \/>\n<script type=\"application\/ld+json\" class=\"yoast-schema-graph\">{\"@context\":\"https:\\\/\\\/schema.org\",\"@graph\":[{\"@type\":\"Article\",\"@id\":\"https:\\\/\\\/maristeurope.eu\\\/no\\\/refleksjon-pater-jean-claudes-drom-for-oss-i-dag\\\/#article\",\"isPartOf\":{\"@id\":\"https:\\\/\\\/maristeurope.eu\\\/no\\\/refleksjon-pater-jean-claudes-drom-for-oss-i-dag\\\/\"},\"author\":{\"name\":\"Anne Marie Salgo\",\"@id\":\"https:\\\/\\\/maristeurope.eu\\\/no\\\/#\\\/schema\\\/person\\\/52ef67935880edd2768565651118bee9\"},\"headline\":\"Refleksjon: Pater Jean-Claudes dr\u00f8m for oss i dag\",\"datePublished\":\"2025-11-14T23:09:32+00:00\",\"mainEntityOfPage\":{\"@id\":\"https:\\\/\\\/maristeurope.eu\\\/no\\\/refleksjon-pater-jean-claudes-drom-for-oss-i-dag\\\/\"},\"wordCount\":276,\"commentCount\":0,\"publisher\":{\"@id\":\"https:\\\/\\\/maristeurope.eu\\\/no\\\/#organization\"},\"image\":{\"@id\":\"https:\\\/\\\/maristeurope.eu\\\/no\\\/refleksjon-pater-jean-claudes-drom-for-oss-i-dag\\\/#primaryimage\"},\"thumbnailUrl\":\"https:\\\/\\\/maristeurope.eu\\\/wp-content\\\/uploads\\\/2025\\\/11\\\/landsc-scaled.jpg\",\"articleSection\":[\"Uncategorized @no\"],\"inLanguage\":\"nb-NO\",\"potentialAction\":[{\"@type\":\"CommentAction\",\"name\":\"Comment\",\"target\":[\"https:\\\/\\\/maristeurope.eu\\\/no\\\/refleksjon-pater-jean-claudes-drom-for-oss-i-dag\\\/#respond\"]}]},{\"@type\":\"WebPage\",\"@id\":\"https:\\\/\\\/maristeurope.eu\\\/no\\\/refleksjon-pater-jean-claudes-drom-for-oss-i-dag\\\/\",\"url\":\"https:\\\/\\\/maristeurope.eu\\\/no\\\/refleksjon-pater-jean-claudes-drom-for-oss-i-dag\\\/\",\"name\":\"Refleksjon: Pater Jean-Claudes dr\u00f8m for oss i dag - Marist Europe\",\"isPartOf\":{\"@id\":\"https:\\\/\\\/maristeurope.eu\\\/no\\\/#website\"},\"primaryImageOfPage\":{\"@id\":\"https:\\\/\\\/maristeurope.eu\\\/no\\\/refleksjon-pater-jean-claudes-drom-for-oss-i-dag\\\/#primaryimage\"},\"image\":{\"@id\":\"https:\\\/\\\/maristeurope.eu\\\/no\\\/refleksjon-pater-jean-claudes-drom-for-oss-i-dag\\\/#primaryimage\"},\"thumbnailUrl\":\"https:\\\/\\\/maristeurope.eu\\\/wp-content\\\/uploads\\\/2025\\\/11\\\/landsc-scaled.jpg\",\"datePublished\":\"2025-11-14T23:09:32+00:00\",\"breadcrumb\":{\"@id\":\"https:\\\/\\\/maristeurope.eu\\\/no\\\/refleksjon-pater-jean-claudes-drom-for-oss-i-dag\\\/#breadcrumb\"},\"inLanguage\":\"nb-NO\",\"potentialAction\":[{\"@type\":\"ReadAction\",\"target\":[\"https:\\\/\\\/maristeurope.eu\\\/no\\\/refleksjon-pater-jean-claudes-drom-for-oss-i-dag\\\/\"]}]},{\"@type\":\"ImageObject\",\"inLanguage\":\"nb-NO\",\"@id\":\"https:\\\/\\\/maristeurope.eu\\\/no\\\/refleksjon-pater-jean-claudes-drom-for-oss-i-dag\\\/#primaryimage\",\"url\":\"https:\\\/\\\/maristeurope.eu\\\/wp-content\\\/uploads\\\/2025\\\/11\\\/landsc-scaled.jpg\",\"contentUrl\":\"https:\\\/\\\/maristeurope.eu\\\/wp-content\\\/uploads\\\/2025\\\/11\\\/landsc-scaled.jpg\",\"width\":2560,\"height\":1707},{\"@type\":\"BreadcrumbList\",\"@id\":\"https:\\\/\\\/maristeurope.eu\\\/no\\\/refleksjon-pater-jean-claudes-drom-for-oss-i-dag\\\/#breadcrumb\",\"itemListElement\":[{\"@type\":\"ListItem\",\"position\":1,\"name\":\"Home\",\"item\":\"https:\\\/\\\/maristeurope.eu\\\/no\\\/marister\\\/\"},{\"@type\":\"ListItem\",\"position\":2,\"name\":\"Refleksjon: Pater Jean-Claudes dr\u00f8m for oss i dag\"}]},{\"@type\":\"WebSite\",\"@id\":\"https:\\\/\\\/maristeurope.eu\\\/no\\\/#website\",\"url\":\"https:\\\/\\\/maristeurope.eu\\\/no\\\/\",\"name\":\"Marist Europe\",\"description\":\"\",\"publisher\":{\"@id\":\"https:\\\/\\\/maristeurope.eu\\\/no\\\/#organization\"},\"potentialAction\":[{\"@type\":\"SearchAction\",\"target\":{\"@type\":\"EntryPoint\",\"urlTemplate\":\"https:\\\/\\\/maristeurope.eu\\\/no\\\/?s={search_term_string}\"},\"query-input\":{\"@type\":\"PropertyValueSpecification\",\"valueRequired\":true,\"valueName\":\"search_term_string\"}}],\"inLanguage\":\"nb-NO\"},{\"@type\":\"Organization\",\"@id\":\"https:\\\/\\\/maristeurope.eu\\\/no\\\/#organization\",\"name\":\"Marist Europe\",\"url\":\"https:\\\/\\\/maristeurope.eu\\\/no\\\/\",\"logo\":{\"@type\":\"ImageObject\",\"inLanguage\":\"nb-NO\",\"@id\":\"https:\\\/\\\/maristeurope.eu\\\/no\\\/#\\\/schema\\\/logo\\\/image\\\/\",\"url\":\"https:\\\/\\\/maristeurope.eu\\\/wp-content\\\/uploads\\\/2024\\\/10\\\/EU-SM-Finalogo-02.png\",\"contentUrl\":\"https:\\\/\\\/maristeurope.eu\\\/wp-content\\\/uploads\\\/2024\\\/10\\\/EU-SM-Finalogo-02.png\",\"width\":150,\"height\":156,\"caption\":\"Marist Europe\"},\"image\":{\"@id\":\"https:\\\/\\\/maristeurope.eu\\\/no\\\/#\\\/schema\\\/logo\\\/image\\\/\"}},{\"@type\":\"Person\",\"@id\":\"https:\\\/\\\/maristeurope.eu\\\/no\\\/#\\\/schema\\\/person\\\/52ef67935880edd2768565651118bee9\",\"name\":\"Anne Marie Salgo\",\"image\":{\"@type\":\"ImageObject\",\"inLanguage\":\"nb-NO\",\"@id\":\"https:\\\/\\\/secure.gravatar.com\\\/avatar\\\/63bc5f7f74a90bb8d99eaaf8206d8217d780934d9a9659350347a36f2698fe6b?s=96&d=mm&r=g\",\"url\":\"https:\\\/\\\/secure.gravatar.com\\\/avatar\\\/63bc5f7f74a90bb8d99eaaf8206d8217d780934d9a9659350347a36f2698fe6b?s=96&d=mm&r=g\",\"contentUrl\":\"https:\\\/\\\/secure.gravatar.com\\\/avatar\\\/63bc5f7f74a90bb8d99eaaf8206d8217d780934d9a9659350347a36f2698fe6b?s=96&d=mm&r=g\",\"caption\":\"Anne Marie Salgo\"},\"url\":\"https:\\\/\\\/maristeurope.eu\\\/no\\\/author\\\/anne\\\/\"}]}<\/script>\n<!-- \/ Yoast SEO plugin. -->","yoast_head_json":{"title":"Refleksjon: Pater Jean-Claudes dr\u00f8m for oss i dag - Marist Europe","robots":{"index":"index","follow":"follow","max-snippet":"max-snippet:-1","max-image-preview":"max-image-preview:large","max-video-preview":"max-video-preview:-1"},"canonical":"https:\/\/maristeurope.eu\/no\/refleksjon-pater-jean-claudes-drom-for-oss-i-dag\/","og_locale":"nb_NO","og_type":"article","og_title":"Refleksjon: Pater Jean-Claudes dr\u00f8m for oss i dag - Marist Europe","og_description":"Noen liv lager st\u00f8y, andre forandrer verden i stillhet. Jean-Claude Colin ble f\u00f8dt i 1790 i St Bonnet-le-Troncy i Frankrike, under revolusjonen. Han var en sjenert gutt med en sterk tro. Han elsket stillheten midt i skogen, der han kunne finne Gud i stillheten.","og_url":"https:\/\/maristeurope.eu\/no\/refleksjon-pater-jean-claudes-drom-for-oss-i-dag\/","og_site_name":"Marist Europe","article_published_time":"2025-11-14T23:09:32+00:00","og_image":[{"width":2560,"height":1707,"url":"https:\/\/maristeurope.eu\/wp-content\/uploads\/2025\/11\/landsc-scaled.jpg","type":"image\/jpeg"}],"author":"Anne Marie Salgo","twitter_card":"summary_large_image","twitter_misc":{"Skrevet av":"Anne Marie Salgo","Ansl. lesetid":"1 minutt"},"schema":{"@context":"https:\/\/schema.org","@graph":[{"@type":"Article","@id":"https:\/\/maristeurope.eu\/no\/refleksjon-pater-jean-claudes-drom-for-oss-i-dag\/#article","isPartOf":{"@id":"https:\/\/maristeurope.eu\/no\/refleksjon-pater-jean-claudes-drom-for-oss-i-dag\/"},"author":{"name":"Anne Marie Salgo","@id":"https:\/\/maristeurope.eu\/no\/#\/schema\/person\/52ef67935880edd2768565651118bee9"},"headline":"Refleksjon: Pater Jean-Claudes dr\u00f8m for oss i dag","datePublished":"2025-11-14T23:09:32+00:00","mainEntityOfPage":{"@id":"https:\/\/maristeurope.eu\/no\/refleksjon-pater-jean-claudes-drom-for-oss-i-dag\/"},"wordCount":276,"commentCount":0,"publisher":{"@id":"https:\/\/maristeurope.eu\/no\/#organization"},"image":{"@id":"https:\/\/maristeurope.eu\/no\/refleksjon-pater-jean-claudes-drom-for-oss-i-dag\/#primaryimage"},"thumbnailUrl":"https:\/\/maristeurope.eu\/wp-content\/uploads\/2025\/11\/landsc-scaled.jpg","articleSection":["Uncategorized @no"],"inLanguage":"nb-NO","potentialAction":[{"@type":"CommentAction","name":"Comment","target":["https:\/\/maristeurope.eu\/no\/refleksjon-pater-jean-claudes-drom-for-oss-i-dag\/#respond"]}]},{"@type":"WebPage","@id":"https:\/\/maristeurope.eu\/no\/refleksjon-pater-jean-claudes-drom-for-oss-i-dag\/","url":"https:\/\/maristeurope.eu\/no\/refleksjon-pater-jean-claudes-drom-for-oss-i-dag\/","name":"Refleksjon: Pater Jean-Claudes dr\u00f8m for oss i dag - Marist Europe","isPartOf":{"@id":"https:\/\/maristeurope.eu\/no\/#website"},"primaryImageOfPage":{"@id":"https:\/\/maristeurope.eu\/no\/refleksjon-pater-jean-claudes-drom-for-oss-i-dag\/#primaryimage"},"image":{"@id":"https:\/\/maristeurope.eu\/no\/refleksjon-pater-jean-claudes-drom-for-oss-i-dag\/#primaryimage"},"thumbnailUrl":"https:\/\/maristeurope.eu\/wp-content\/uploads\/2025\/11\/landsc-scaled.jpg","datePublished":"2025-11-14T23:09:32+00:00","breadcrumb":{"@id":"https:\/\/maristeurope.eu\/no\/refleksjon-pater-jean-claudes-drom-for-oss-i-dag\/#breadcrumb"},"inLanguage":"nb-NO","potentialAction":[{"@type":"ReadAction","target":["https:\/\/maristeurope.eu\/no\/refleksjon-pater-jean-claudes-drom-for-oss-i-dag\/"]}]},{"@type":"ImageObject","inLanguage":"nb-NO","@id":"https:\/\/maristeurope.eu\/no\/refleksjon-pater-jean-claudes-drom-for-oss-i-dag\/#primaryimage","url":"https:\/\/maristeurope.eu\/wp-content\/uploads\/2025\/11\/landsc-scaled.jpg","contentUrl":"https:\/\/maristeurope.eu\/wp-content\/uploads\/2025\/11\/landsc-scaled.jpg","width":2560,"height":1707},{"@type":"BreadcrumbList","@id":"https:\/\/maristeurope.eu\/no\/refleksjon-pater-jean-claudes-drom-for-oss-i-dag\/#breadcrumb","itemListElement":[{"@type":"ListItem","position":1,"name":"Home","item":"https:\/\/maristeurope.eu\/no\/marister\/"},{"@type":"ListItem","position":2,"name":"Refleksjon: Pater Jean-Claudes dr\u00f8m for oss i dag"}]},{"@type":"WebSite","@id":"https:\/\/maristeurope.eu\/no\/#website","url":"https:\/\/maristeurope.eu\/no\/","name":"Marist Europe","description":"","publisher":{"@id":"https:\/\/maristeurope.eu\/no\/#organization"},"potentialAction":[{"@type":"SearchAction","target":{"@type":"EntryPoint","urlTemplate":"https:\/\/maristeurope.eu\/no\/?s={search_term_string}"},"query-input":{"@type":"PropertyValueSpecification","valueRequired":true,"valueName":"search_term_string"}}],"inLanguage":"nb-NO"},{"@type":"Organization","@id":"https:\/\/maristeurope.eu\/no\/#organization","name":"Marist Europe","url":"https:\/\/maristeurope.eu\/no\/","logo":{"@type":"ImageObject","inLanguage":"nb-NO","@id":"https:\/\/maristeurope.eu\/no\/#\/schema\/logo\/image\/","url":"https:\/\/maristeurope.eu\/wp-content\/uploads\/2024\/10\/EU-SM-Finalogo-02.png","contentUrl":"https:\/\/maristeurope.eu\/wp-content\/uploads\/2024\/10\/EU-SM-Finalogo-02.png","width":150,"height":156,"caption":"Marist Europe"},"image":{"@id":"https:\/\/maristeurope.eu\/no\/#\/schema\/logo\/image\/"}},{"@type":"Person","@id":"https:\/\/maristeurope.eu\/no\/#\/schema\/person\/52ef67935880edd2768565651118bee9","name":"Anne Marie Salgo","image":{"@type":"ImageObject","inLanguage":"nb-NO","@id":"https:\/\/secure.gravatar.com\/avatar\/63bc5f7f74a90bb8d99eaaf8206d8217d780934d9a9659350347a36f2698fe6b?s=96&d=mm&r=g","url":"https:\/\/secure.gravatar.com\/avatar\/63bc5f7f74a90bb8d99eaaf8206d8217d780934d9a9659350347a36f2698fe6b?s=96&d=mm&r=g","contentUrl":"https:\/\/secure.gravatar.com\/avatar\/63bc5f7f74a90bb8d99eaaf8206d8217d780934d9a9659350347a36f2698fe6b?s=96&d=mm&r=g","caption":"Anne Marie Salgo"},"url":"https:\/\/maristeurope.eu\/no\/author\/anne\/"}]}},"_links":{"self":[{"href":"https:\/\/maristeurope.eu\/no\/wp-json\/wp\/v2\/posts\/8869","targetHints":{"allow":["GET"]}}],"collection":[{"href":"https:\/\/maristeurope.eu\/no\/wp-json\/wp\/v2\/posts"}],"about":[{"href":"https:\/\/maristeurope.eu\/no\/wp-json\/wp\/v2\/types\/post"}],"author":[{"embeddable":true,"href":"https:\/\/maristeurope.eu\/no\/wp-json\/wp\/v2\/users\/3"}],"replies":[{"embeddable":true,"href":"https:\/\/maristeurope.eu\/no\/wp-json\/wp\/v2\/comments?post=8869"}],"version-history":[{"count":3,"href":"https:\/\/maristeurope.eu\/no\/wp-json\/wp\/v2\/posts\/8869\/revisions"}],"predecessor-version":[{"id":8876,"href":"https:\/\/maristeurope.eu\/no\/wp-json\/wp\/v2\/posts\/8869\/revisions\/8876"}],"wp:featuredmedia":[{"embeddable":true,"href":"https:\/\/maristeurope.eu\/no\/wp-json\/wp\/v2\/media\/8861"}],"wp:attachment":[{"href":"https:\/\/maristeurope.eu\/no\/wp-json\/wp\/v2\/media?parent=8869"}],"wp:term":[{"taxonomy":"category","embeddable":true,"href":"https:\/\/maristeurope.eu\/no\/wp-json\/wp\/v2\/categories?post=8869"},{"taxonomy":"post_tag","embeddable":true,"href":"https:\/\/maristeurope.eu\/no\/wp-json\/wp\/v2\/tags?post=8869"}],"curies":[{"name":"wp","href":"https:\/\/api.w.org\/{rel}","templated":true}]}}