{"id":7713,"date":"2025-09-19T17:52:34","date_gmt":"2025-09-19T15:52:34","guid":{"rendered":"https:\/\/maristeurope.eu\/pavelig-audiens-med-kapitulanter-fra-maristkapitlet\/"},"modified":"2025-09-19T17:54:27","modified_gmt":"2025-09-19T15:54:27","slug":"pavelig-audiens-med-kapitulanter-fra-maristkapitlet","status":"publish","type":"post","link":"https:\/\/maristeurope.eu\/no\/pavelig-audiens-med-kapitulanter-fra-maristkapitlet\/","title":{"rendered":"Pavelig audiens med kapitulanter fra Maristkapitlet"},"content":{"rendered":"\n<p>Mariasamfunnets generalkapittel finner sted fra 16. september til 6. oktober i Nemi i Italia. Kapitulantene til generalkapitlet 2025 ble mottatt av pave Leo XIV i Clementine Hall i Vatikanstaten den 18. september. Han henvendte seg til de tilstedev\u00e6rende ordensfolkene med f\u00f8lgende ord:    <\/p>\n\n<p><em>\"Det er en stor glede for meg \u00e5 m\u00f8te dere i anledning deres kapitler og forsamlinger. Jeg hilser de tilstedev\u00e6rende generalsuperiorene, og alle dere som er engasjert i arbeidet med \u00e5 lytte og ta stilling i disse dager. Noen av deres kongregasjoner gjennomf\u00f8rer valg, og ogs\u00e5 dette er en stor gave til Kirken og et stort ansvar, som vi sammen overlater til Herren. Deres institutter er et \"praktfullt og variert vitnesbyrd, som gjenspeiler mangfoldet av gaver som Gud har skjenket stiftere og stifterinner som, i \u00e5penhet for Den hellige \u00e5nds gjerning, med hell har tolket tidens tegn og reagert klokt p\u00e5 nye behov\".     <\/em><\/p>\n\n<p>For mer informasjon:<br\/><a href=\"https:\/\/www.vaticannews.va\/en\/pope\/news\/2025-09\/pope-leo-xiv-audience-religious-men-women-signs-of-times.html\">https:\/\/www.vaticannews.va\/en\/pope\/news\/2025-09\/pope-leo-xiv-audience-religious-men-women-signs-of-times.html<\/a><\/p>\n\n<p><\/p>\n\n<figure class=\"wp-block-gallery has-nested-images columns-default is-cropped wp-block-gallery-1 is-layout-flex wp-block-gallery-is-layout-flex\">\n<figure class=\"wp-block-image size-large\"><img loading=\"lazy\" decoding=\"async\" width=\"800\" height=\"533\" data-id=\"7688\" src=\"https:\/\/maristeurope.eu\/wp-content\/uploads\/2025\/09\/p.jpg\" alt=\"\" class=\"wp-image-7688\" srcset=\"https:\/\/maristeurope.eu\/wp-content\/uploads\/2025\/09\/p.jpg 800w, https:\/\/maristeurope.eu\/wp-content\/uploads\/2025\/09\/p-480x320.jpg 480w\" sizes=\"(min-width: 0px) and (max-width: 480px) 480px, (min-width: 481px) 800px, 100vw\" \/><\/figure>\n\n\n\n<figure class=\"wp-block-image size-large\"><img loading=\"lazy\" decoding=\"async\" width=\"568\" height=\"462\" data-id=\"7695\" src=\"https:\/\/maristeurope.eu\/wp-content\/uploads\/2025\/09\/p2.jpg\" alt=\"\" class=\"wp-image-7695\" srcset=\"https:\/\/maristeurope.eu\/wp-content\/uploads\/2025\/09\/p2.jpg 568w, https:\/\/maristeurope.eu\/wp-content\/uploads\/2025\/09\/p2-480x390.jpg 480w\" sizes=\"(min-width: 0px) and (max-width: 480px) 480px, (min-width: 481px) 568px, 100vw\" \/><\/figure>\n\n\n\n<figure class=\"wp-block-image size-large\"><img loading=\"lazy\" decoding=\"async\" width=\"788\" height=\"519\" data-id=\"7702\" src=\"https:\/\/maristeurope.eu\/wp-content\/uploads\/2025\/09\/p3.jpg\" alt=\"\" class=\"wp-image-7702\" srcset=\"https:\/\/maristeurope.eu\/wp-content\/uploads\/2025\/09\/p3.jpg 788w, https:\/\/maristeurope.eu\/wp-content\/uploads\/2025\/09\/p3-480x316.jpg 480w\" sizes=\"(min-width: 0px) and (max-width: 480px) 480px, (min-width: 481px) 788px, 100vw\" \/><\/figure>\n<\/figure>\n","protected":false},"excerpt":{"rendered":"<p>Kapitulantene i v\u00e5rt generalkapittel 2025 ble mottatt av pave Leo XIV i Clementine-salen i Vatikanet den 18. september.  <\/p>\n","protected":false},"author":3,"featured_media":7684,"comment_status":"open","ping_status":"open","sticky":false,"template":"","format":"standard","meta":{"footnotes":""},"categories":[71],"tags":[],"class_list":["post-7713","post","type-post","status-publish","format-standard","has-post-thumbnail","hentry","category-uncategorized-no"],"yoast_head":"<!-- This site is optimized with the Yoast SEO plugin v27.5 - https:\/\/yoast.com\/product\/yoast-seo-wordpress\/ -->\n<title>Pavelig audiens med kapitulanter fra Maristkapitlet - Marist Europe<\/title>\n<meta name=\"robots\" content=\"index, follow, max-snippet:-1, max-image-preview:large, max-video-preview:-1\" \/>\n<link rel=\"canonical\" href=\"https:\/\/maristeurope.eu\/no\/pavelig-audiens-med-kapitulanter-fra-maristkapitlet\/\" \/>\n<meta property=\"og:locale\" content=\"nb_NO\" \/>\n<meta property=\"og:type\" content=\"article\" \/>\n<meta property=\"og:title\" content=\"Pavelig audiens med kapitulanter fra Maristkapitlet - Marist Europe\" \/>\n<meta property=\"og:description\" content=\"Kapitulantene i v\u00e5rt generalkapittel 2025 ble mottatt av pave Leo XIV i Clementine-salen i Vatikanet den 18. september.\" \/>\n<meta property=\"og:url\" content=\"https:\/\/maristeurope.eu\/no\/pavelig-audiens-med-kapitulanter-fra-maristkapitlet\/\" \/>\n<meta property=\"og:site_name\" content=\"Marist Europe\" \/>\n<meta property=\"article:published_time\" content=\"2025-09-19T15:52:34+00:00\" \/>\n<meta property=\"article:modified_time\" content=\"2025-09-19T15:54:27+00:00\" \/>\n<meta property=\"og:image\" content=\"https:\/\/maristeurope.eu\/wp-content\/uploads\/2025\/09\/GC2025-EU.jpg\" \/>\n\t<meta property=\"og:image:width\" content=\"1600\" \/>\n\t<meta property=\"og:image:height\" content=\"1531\" \/>\n\t<meta property=\"og:image:type\" content=\"image\/jpeg\" \/>\n<meta name=\"author\" content=\"Anne Marie Salgo\" \/>\n<meta name=\"twitter:card\" content=\"summary_large_image\" \/>\n<meta name=\"twitter:label1\" content=\"Skrevet av\" \/>\n\t<meta name=\"twitter:data1\" content=\"Anne Marie Salgo\" \/>\n\t<meta name=\"twitter:label2\" content=\"Ansl. lesetid\" \/>\n\t<meta name=\"twitter:data2\" content=\"1 minutt\" \/>\n<script type=\"application\/ld+json\" class=\"yoast-schema-graph\">{\"@context\":\"https:\\\/\\\/schema.org\",\"@graph\":[{\"@type\":\"Article\",\"@id\":\"https:\\\/\\\/maristeurope.eu\\\/no\\\/pavelig-audiens-med-kapitulanter-fra-maristkapitlet\\\/#article\",\"isPartOf\":{\"@id\":\"https:\\\/\\\/maristeurope.eu\\\/no\\\/pavelig-audiens-med-kapitulanter-fra-maristkapitlet\\\/\"},\"author\":{\"name\":\"Anne Marie Salgo\",\"@id\":\"https:\\\/\\\/maristeurope.eu\\\/no\\\/#\\\/schema\\\/person\\\/52ef67935880edd2768565651118bee9\"},\"headline\":\"Pavelig audiens med kapitulanter fra Maristkapitlet\",\"datePublished\":\"2025-09-19T15:52:34+00:00\",\"dateModified\":\"2025-09-19T15:54:27+00:00\",\"mainEntityOfPage\":{\"@id\":\"https:\\\/\\\/maristeurope.eu\\\/no\\\/pavelig-audiens-med-kapitulanter-fra-maristkapitlet\\\/\"},\"wordCount\":163,\"commentCount\":0,\"publisher\":{\"@id\":\"https:\\\/\\\/maristeurope.eu\\\/no\\\/#organization\"},\"image\":{\"@id\":\"https:\\\/\\\/maristeurope.eu\\\/no\\\/pavelig-audiens-med-kapitulanter-fra-maristkapitlet\\\/#primaryimage\"},\"thumbnailUrl\":\"https:\\\/\\\/maristeurope.eu\\\/wp-content\\\/uploads\\\/2025\\\/09\\\/GC2025-EU.jpg\",\"articleSection\":[\"Uncategorized @no\"],\"inLanguage\":\"nb-NO\",\"potentialAction\":[{\"@type\":\"CommentAction\",\"name\":\"Comment\",\"target\":[\"https:\\\/\\\/maristeurope.eu\\\/no\\\/pavelig-audiens-med-kapitulanter-fra-maristkapitlet\\\/#respond\"]}]},{\"@type\":\"WebPage\",\"@id\":\"https:\\\/\\\/maristeurope.eu\\\/no\\\/pavelig-audiens-med-kapitulanter-fra-maristkapitlet\\\/\",\"url\":\"https:\\\/\\\/maristeurope.eu\\\/no\\\/pavelig-audiens-med-kapitulanter-fra-maristkapitlet\\\/\",\"name\":\"Pavelig audiens med kapitulanter fra Maristkapitlet - Marist Europe\",\"isPartOf\":{\"@id\":\"https:\\\/\\\/maristeurope.eu\\\/no\\\/#website\"},\"primaryImageOfPage\":{\"@id\":\"https:\\\/\\\/maristeurope.eu\\\/no\\\/pavelig-audiens-med-kapitulanter-fra-maristkapitlet\\\/#primaryimage\"},\"image\":{\"@id\":\"https:\\\/\\\/maristeurope.eu\\\/no\\\/pavelig-audiens-med-kapitulanter-fra-maristkapitlet\\\/#primaryimage\"},\"thumbnailUrl\":\"https:\\\/\\\/maristeurope.eu\\\/wp-content\\\/uploads\\\/2025\\\/09\\\/GC2025-EU.jpg\",\"datePublished\":\"2025-09-19T15:52:34+00:00\",\"dateModified\":\"2025-09-19T15:54:27+00:00\",\"breadcrumb\":{\"@id\":\"https:\\\/\\\/maristeurope.eu\\\/no\\\/pavelig-audiens-med-kapitulanter-fra-maristkapitlet\\\/#breadcrumb\"},\"inLanguage\":\"nb-NO\",\"potentialAction\":[{\"@type\":\"ReadAction\",\"target\":[\"https:\\\/\\\/maristeurope.eu\\\/no\\\/pavelig-audiens-med-kapitulanter-fra-maristkapitlet\\\/\"]}]},{\"@type\":\"ImageObject\",\"inLanguage\":\"nb-NO\",\"@id\":\"https:\\\/\\\/maristeurope.eu\\\/no\\\/pavelig-audiens-med-kapitulanter-fra-maristkapitlet\\\/#primaryimage\",\"url\":\"https:\\\/\\\/maristeurope.eu\\\/wp-content\\\/uploads\\\/2025\\\/09\\\/GC2025-EU.jpg\",\"contentUrl\":\"https:\\\/\\\/maristeurope.eu\\\/wp-content\\\/uploads\\\/2025\\\/09\\\/GC2025-EU.jpg\",\"width\":1600,\"height\":1531},{\"@type\":\"BreadcrumbList\",\"@id\":\"https:\\\/\\\/maristeurope.eu\\\/no\\\/pavelig-audiens-med-kapitulanter-fra-maristkapitlet\\\/#breadcrumb\",\"itemListElement\":[{\"@type\":\"ListItem\",\"position\":1,\"name\":\"Home\",\"item\":\"https:\\\/\\\/maristeurope.eu\\\/no\\\/marister\\\/\"},{\"@type\":\"ListItem\",\"position\":2,\"name\":\"Pavelig audiens med kapitulanter fra Maristkapitlet\"}]},{\"@type\":\"WebSite\",\"@id\":\"https:\\\/\\\/maristeurope.eu\\\/no\\\/#website\",\"url\":\"https:\\\/\\\/maristeurope.eu\\\/no\\\/\",\"name\":\"Marist Europe\",\"description\":\"\",\"publisher\":{\"@id\":\"https:\\\/\\\/maristeurope.eu\\\/no\\\/#organization\"},\"potentialAction\":[{\"@type\":\"SearchAction\",\"target\":{\"@type\":\"EntryPoint\",\"urlTemplate\":\"https:\\\/\\\/maristeurope.eu\\\/no\\\/?s={search_term_string}\"},\"query-input\":{\"@type\":\"PropertyValueSpecification\",\"valueRequired\":true,\"valueName\":\"search_term_string\"}}],\"inLanguage\":\"nb-NO\"},{\"@type\":\"Organization\",\"@id\":\"https:\\\/\\\/maristeurope.eu\\\/no\\\/#organization\",\"name\":\"Marist Europe\",\"url\":\"https:\\\/\\\/maristeurope.eu\\\/no\\\/\",\"logo\":{\"@type\":\"ImageObject\",\"inLanguage\":\"nb-NO\",\"@id\":\"https:\\\/\\\/maristeurope.eu\\\/no\\\/#\\\/schema\\\/logo\\\/image\\\/\",\"url\":\"https:\\\/\\\/maristeurope.eu\\\/wp-content\\\/uploads\\\/2024\\\/10\\\/EU-SM-Finalogo-02.png\",\"contentUrl\":\"https:\\\/\\\/maristeurope.eu\\\/wp-content\\\/uploads\\\/2024\\\/10\\\/EU-SM-Finalogo-02.png\",\"width\":150,\"height\":156,\"caption\":\"Marist Europe\"},\"image\":{\"@id\":\"https:\\\/\\\/maristeurope.eu\\\/no\\\/#\\\/schema\\\/logo\\\/image\\\/\"}},{\"@type\":\"Person\",\"@id\":\"https:\\\/\\\/maristeurope.eu\\\/no\\\/#\\\/schema\\\/person\\\/52ef67935880edd2768565651118bee9\",\"name\":\"Anne Marie Salgo\",\"image\":{\"@type\":\"ImageObject\",\"inLanguage\":\"nb-NO\",\"@id\":\"https:\\\/\\\/secure.gravatar.com\\\/avatar\\\/63bc5f7f74a90bb8d99eaaf8206d8217d780934d9a9659350347a36f2698fe6b?s=96&d=mm&r=g\",\"url\":\"https:\\\/\\\/secure.gravatar.com\\\/avatar\\\/63bc5f7f74a90bb8d99eaaf8206d8217d780934d9a9659350347a36f2698fe6b?s=96&d=mm&r=g\",\"contentUrl\":\"https:\\\/\\\/secure.gravatar.com\\\/avatar\\\/63bc5f7f74a90bb8d99eaaf8206d8217d780934d9a9659350347a36f2698fe6b?s=96&d=mm&r=g\",\"caption\":\"Anne Marie Salgo\"},\"url\":\"https:\\\/\\\/maristeurope.eu\\\/no\\\/author\\\/anne\\\/\"}]}<\/script>\n<!-- \/ Yoast SEO plugin. -->","yoast_head_json":{"title":"Pavelig audiens med kapitulanter fra Maristkapitlet - Marist Europe","robots":{"index":"index","follow":"follow","max-snippet":"max-snippet:-1","max-image-preview":"max-image-preview:large","max-video-preview":"max-video-preview:-1"},"canonical":"https:\/\/maristeurope.eu\/no\/pavelig-audiens-med-kapitulanter-fra-maristkapitlet\/","og_locale":"nb_NO","og_type":"article","og_title":"Pavelig audiens med kapitulanter fra Maristkapitlet - Marist Europe","og_description":"Kapitulantene i v\u00e5rt generalkapittel 2025 ble mottatt av pave Leo XIV i Clementine-salen i Vatikanet den 18. september.","og_url":"https:\/\/maristeurope.eu\/no\/pavelig-audiens-med-kapitulanter-fra-maristkapitlet\/","og_site_name":"Marist Europe","article_published_time":"2025-09-19T15:52:34+00:00","article_modified_time":"2025-09-19T15:54:27+00:00","og_image":[{"width":1600,"height":1531,"url":"https:\/\/maristeurope.eu\/wp-content\/uploads\/2025\/09\/GC2025-EU.jpg","type":"image\/jpeg"}],"author":"Anne Marie Salgo","twitter_card":"summary_large_image","twitter_misc":{"Skrevet av":"Anne Marie Salgo","Ansl. lesetid":"1 minutt"},"schema":{"@context":"https:\/\/schema.org","@graph":[{"@type":"Article","@id":"https:\/\/maristeurope.eu\/no\/pavelig-audiens-med-kapitulanter-fra-maristkapitlet\/#article","isPartOf":{"@id":"https:\/\/maristeurope.eu\/no\/pavelig-audiens-med-kapitulanter-fra-maristkapitlet\/"},"author":{"name":"Anne Marie Salgo","@id":"https:\/\/maristeurope.eu\/no\/#\/schema\/person\/52ef67935880edd2768565651118bee9"},"headline":"Pavelig audiens med kapitulanter fra Maristkapitlet","datePublished":"2025-09-19T15:52:34+00:00","dateModified":"2025-09-19T15:54:27+00:00","mainEntityOfPage":{"@id":"https:\/\/maristeurope.eu\/no\/pavelig-audiens-med-kapitulanter-fra-maristkapitlet\/"},"wordCount":163,"commentCount":0,"publisher":{"@id":"https:\/\/maristeurope.eu\/no\/#organization"},"image":{"@id":"https:\/\/maristeurope.eu\/no\/pavelig-audiens-med-kapitulanter-fra-maristkapitlet\/#primaryimage"},"thumbnailUrl":"https:\/\/maristeurope.eu\/wp-content\/uploads\/2025\/09\/GC2025-EU.jpg","articleSection":["Uncategorized @no"],"inLanguage":"nb-NO","potentialAction":[{"@type":"CommentAction","name":"Comment","target":["https:\/\/maristeurope.eu\/no\/pavelig-audiens-med-kapitulanter-fra-maristkapitlet\/#respond"]}]},{"@type":"WebPage","@id":"https:\/\/maristeurope.eu\/no\/pavelig-audiens-med-kapitulanter-fra-maristkapitlet\/","url":"https:\/\/maristeurope.eu\/no\/pavelig-audiens-med-kapitulanter-fra-maristkapitlet\/","name":"Pavelig audiens med kapitulanter fra Maristkapitlet - Marist Europe","isPartOf":{"@id":"https:\/\/maristeurope.eu\/no\/#website"},"primaryImageOfPage":{"@id":"https:\/\/maristeurope.eu\/no\/pavelig-audiens-med-kapitulanter-fra-maristkapitlet\/#primaryimage"},"image":{"@id":"https:\/\/maristeurope.eu\/no\/pavelig-audiens-med-kapitulanter-fra-maristkapitlet\/#primaryimage"},"thumbnailUrl":"https:\/\/maristeurope.eu\/wp-content\/uploads\/2025\/09\/GC2025-EU.jpg","datePublished":"2025-09-19T15:52:34+00:00","dateModified":"2025-09-19T15:54:27+00:00","breadcrumb":{"@id":"https:\/\/maristeurope.eu\/no\/pavelig-audiens-med-kapitulanter-fra-maristkapitlet\/#breadcrumb"},"inLanguage":"nb-NO","potentialAction":[{"@type":"ReadAction","target":["https:\/\/maristeurope.eu\/no\/pavelig-audiens-med-kapitulanter-fra-maristkapitlet\/"]}]},{"@type":"ImageObject","inLanguage":"nb-NO","@id":"https:\/\/maristeurope.eu\/no\/pavelig-audiens-med-kapitulanter-fra-maristkapitlet\/#primaryimage","url":"https:\/\/maristeurope.eu\/wp-content\/uploads\/2025\/09\/GC2025-EU.jpg","contentUrl":"https:\/\/maristeurope.eu\/wp-content\/uploads\/2025\/09\/GC2025-EU.jpg","width":1600,"height":1531},{"@type":"BreadcrumbList","@id":"https:\/\/maristeurope.eu\/no\/pavelig-audiens-med-kapitulanter-fra-maristkapitlet\/#breadcrumb","itemListElement":[{"@type":"ListItem","position":1,"name":"Home","item":"https:\/\/maristeurope.eu\/no\/marister\/"},{"@type":"ListItem","position":2,"name":"Pavelig audiens med kapitulanter fra Maristkapitlet"}]},{"@type":"WebSite","@id":"https:\/\/maristeurope.eu\/no\/#website","url":"https:\/\/maristeurope.eu\/no\/","name":"Marist Europe","description":"","publisher":{"@id":"https:\/\/maristeurope.eu\/no\/#organization"},"potentialAction":[{"@type":"SearchAction","target":{"@type":"EntryPoint","urlTemplate":"https:\/\/maristeurope.eu\/no\/?s={search_term_string}"},"query-input":{"@type":"PropertyValueSpecification","valueRequired":true,"valueName":"search_term_string"}}],"inLanguage":"nb-NO"},{"@type":"Organization","@id":"https:\/\/maristeurope.eu\/no\/#organization","name":"Marist Europe","url":"https:\/\/maristeurope.eu\/no\/","logo":{"@type":"ImageObject","inLanguage":"nb-NO","@id":"https:\/\/maristeurope.eu\/no\/#\/schema\/logo\/image\/","url":"https:\/\/maristeurope.eu\/wp-content\/uploads\/2024\/10\/EU-SM-Finalogo-02.png","contentUrl":"https:\/\/maristeurope.eu\/wp-content\/uploads\/2024\/10\/EU-SM-Finalogo-02.png","width":150,"height":156,"caption":"Marist Europe"},"image":{"@id":"https:\/\/maristeurope.eu\/no\/#\/schema\/logo\/image\/"}},{"@type":"Person","@id":"https:\/\/maristeurope.eu\/no\/#\/schema\/person\/52ef67935880edd2768565651118bee9","name":"Anne Marie Salgo","image":{"@type":"ImageObject","inLanguage":"nb-NO","@id":"https:\/\/secure.gravatar.com\/avatar\/63bc5f7f74a90bb8d99eaaf8206d8217d780934d9a9659350347a36f2698fe6b?s=96&d=mm&r=g","url":"https:\/\/secure.gravatar.com\/avatar\/63bc5f7f74a90bb8d99eaaf8206d8217d780934d9a9659350347a36f2698fe6b?s=96&d=mm&r=g","contentUrl":"https:\/\/secure.gravatar.com\/avatar\/63bc5f7f74a90bb8d99eaaf8206d8217d780934d9a9659350347a36f2698fe6b?s=96&d=mm&r=g","caption":"Anne Marie Salgo"},"url":"https:\/\/maristeurope.eu\/no\/author\/anne\/"}]}},"_links":{"self":[{"href":"https:\/\/maristeurope.eu\/no\/wp-json\/wp\/v2\/posts\/7713","targetHints":{"allow":["GET"]}}],"collection":[{"href":"https:\/\/maristeurope.eu\/no\/wp-json\/wp\/v2\/posts"}],"about":[{"href":"https:\/\/maristeurope.eu\/no\/wp-json\/wp\/v2\/types\/post"}],"author":[{"embeddable":true,"href":"https:\/\/maristeurope.eu\/no\/wp-json\/wp\/v2\/users\/3"}],"replies":[{"embeddable":true,"href":"https:\/\/maristeurope.eu\/no\/wp-json\/wp\/v2\/comments?post=7713"}],"version-history":[{"count":1,"href":"https:\/\/maristeurope.eu\/no\/wp-json\/wp\/v2\/posts\/7713\/revisions"}],"predecessor-version":[{"id":7714,"href":"https:\/\/maristeurope.eu\/no\/wp-json\/wp\/v2\/posts\/7713\/revisions\/7714"}],"wp:featuredmedia":[{"embeddable":true,"href":"https:\/\/maristeurope.eu\/no\/wp-json\/wp\/v2\/media\/7684"}],"wp:attachment":[{"href":"https:\/\/maristeurope.eu\/no\/wp-json\/wp\/v2\/media?parent=7713"}],"wp:term":[{"taxonomy":"category","embeddable":true,"href":"https:\/\/maristeurope.eu\/no\/wp-json\/wp\/v2\/categories?post=7713"},{"taxonomy":"post_tag","embeddable":true,"href":"https:\/\/maristeurope.eu\/no\/wp-json\/wp\/v2\/tags?post=7713"}],"curies":[{"name":"wp","href":"https:\/\/api.w.org\/{rel}","templated":true}]}}