{"id":7664,"date":"2025-09-04T22:15:00","date_gmt":"2025-09-04T20:15:00","guid":{"rendered":"https:\/\/maristeurope.eu\/seks-maneder-i-sahagun\/"},"modified":"2025-09-14T22:19:05","modified_gmt":"2025-09-14T20:19:05","slug":"seks-maneder-i-sahagun","status":"publish","type":"post","link":"https:\/\/maristeurope.eu\/no\/seks-maneder-i-sahagun\/","title":{"rendered":"Seks m\u00e5neder i Sahag\u00fan"},"content":{"rendered":"\n<p><strong><em>Matthew Crawford skriver fra Albergue of Santa Cruz:  <\/em><\/strong><\/p>\n\n<p>F\u00f8r jeg kom til Spania, hadde jeg ogs\u00e5 forestilt meg at solskinn var normen. Jeg ankom Sahag\u00fan i begynnelsen av mars, og ble m\u00f8tt av et lett sn\u00f8fall. Sammenlignet med vintrene p\u00e5 New Zealand gjorde det meg imidlertid ingenting, siden vinden ikke var en s\u00e5 stor faktor. Tidlige morgenvandringer var en god m\u00e5te \u00e5 akklimatisere meg p\u00e5. Fra f\u00f8rste stund har jeg blitt tatt utrolig godt imot av de andre p\u00e5 Albergue of Santa Cruz, selv om spansken min er ganske rusten. Den f\u00f8rste m\u00e5neden var rolig, noe som ga meg sjansen til \u00e5 finne meg til rette og l\u00e6re meg den daglige rytmen p\u00e5 alberguen. N\u00e5r det ikke er fullt, er det mer plass til \u00e5 tilbringe tid sammen med pilegrimene, og i l\u00f8pet av de f\u00f8rste ukene hadde jeg gleden av \u00e5 h\u00f8re mange dypt r\u00f8rende historier om livet, troen og reisene som f\u00f8rte folk til Caminoen.      <\/p>\n\n<p>I \"Semana Santa\" (den hellige uken) hadde str\u00f8mmen av pilegrimer \u00f8kt. I mai og juni var rommene fulle nesten hver eneste natt, og med dem kom travelheten og energien i et hus fullt av reisende. Vi har v\u00e6rt velsignet med mange frivillige og gjestgivere fra hele verden, som alle har brakt med seg sin egen kultur og sine egne erfaringer for \u00e5 berike v\u00e5rt felles arbeid. I juli og august sank antallet gjester i takt med sommervarmen - slik det alltid gj\u00f8r - men vi vet at vi i september kommer til \u00e5 fylle opp stien igjen.   <\/p>\n\n<p>N\u00e5r jeg ser tilbake p\u00e5 disse f\u00f8rste seks m\u00e5nedene, ser jeg en tjeneste som b\u00e5de er repeterende og uendelig variert. Oppgavene er kanskje de samme, men hver dag er ny fordi hver pilegrim er ny. Pilegrimskafeen v\u00e5r, felles middag og den daglige messen markerer Albergue som et sted der kirken er til stede p\u00e5 Caminoen, og der vi fors\u00f8ker \u00e5 dele Marias milde n\u00e6rv\u00e6r med de slitne. I likhet med Maria stoler vi p\u00e5 Guds forsyn - i troen p\u00e5 at Han arbeider i det stille gjennom oss til beste for b\u00e5de pilegrimer og vertskap.   <\/p>\n","protected":false},"excerpt":{"rendered":"<p>Matthew Crawford skriver fra Albergue i Santa Cruz: F\u00f8r jeg kom til Spania, hadde jeg ogs\u00e5 forestilt meg at solskinn var normen. Da jeg ankom Sahag\u00fan i begynnelsen av mars, ble jeg m\u00f8tt av et lett sn\u00f8fall! <\/p>\n","protected":false},"author":3,"featured_media":7639,"comment_status":"open","ping_status":"open","sticky":false,"template":"","format":"standard","meta":{"footnotes":""},"categories":[71],"tags":[],"class_list":["post-7664","post","type-post","status-publish","format-standard","has-post-thumbnail","hentry","category-uncategorized-no"],"yoast_head":"<!-- This site is optimized with the Yoast SEO plugin v27.5 - https:\/\/yoast.com\/product\/yoast-seo-wordpress\/ -->\n<title>Seks m\u00e5neder i Sahag\u00fan - Marist Europe<\/title>\n<meta name=\"robots\" content=\"index, follow, max-snippet:-1, max-image-preview:large, max-video-preview:-1\" \/>\n<link rel=\"canonical\" href=\"https:\/\/maristeurope.eu\/no\/seks-maneder-i-sahagun\/\" \/>\n<meta property=\"og:locale\" content=\"nb_NO\" \/>\n<meta property=\"og:type\" content=\"article\" \/>\n<meta property=\"og:title\" content=\"Seks m\u00e5neder i Sahag\u00fan - Marist Europe\" \/>\n<meta property=\"og:description\" content=\"Matthew Crawford skriver fra Albergue i Santa Cruz: F\u00f8r jeg kom til Spania, hadde jeg ogs\u00e5 forestilt meg at solskinn var normen. Da jeg ankom Sahag\u00fan i begynnelsen av mars, ble jeg m\u00f8tt av et lett sn\u00f8fall!\" \/>\n<meta property=\"og:url\" content=\"https:\/\/maristeurope.eu\/no\/seks-maneder-i-sahagun\/\" \/>\n<meta property=\"og:site_name\" content=\"Marist Europe\" \/>\n<meta property=\"article:published_time\" content=\"2025-09-04T20:15:00+00:00\" \/>\n<meta property=\"article:modified_time\" content=\"2025-09-14T20:19:05+00:00\" \/>\n<meta property=\"og:image\" content=\"https:\/\/maristeurope.eu\/wp-content\/uploads\/2025\/09\/vendredi-saint-2025.jpg\" \/>\n\t<meta property=\"og:image:width\" content=\"1600\" \/>\n\t<meta property=\"og:image:height\" content=\"721\" \/>\n\t<meta property=\"og:image:type\" content=\"image\/jpeg\" \/>\n<meta name=\"author\" content=\"Anne Marie Salgo\" \/>\n<meta name=\"twitter:card\" content=\"summary_large_image\" \/>\n<meta name=\"twitter:label1\" content=\"Skrevet av\" \/>\n\t<meta name=\"twitter:data1\" content=\"Anne Marie Salgo\" \/>\n\t<meta name=\"twitter:label2\" content=\"Ansl. lesetid\" \/>\n\t<meta name=\"twitter:data2\" content=\"2 minutter\" \/>\n<script type=\"application\/ld+json\" class=\"yoast-schema-graph\">{\"@context\":\"https:\\\/\\\/schema.org\",\"@graph\":[{\"@type\":\"Article\",\"@id\":\"https:\\\/\\\/maristeurope.eu\\\/no\\\/seks-maneder-i-sahagun\\\/#article\",\"isPartOf\":{\"@id\":\"https:\\\/\\\/maristeurope.eu\\\/no\\\/seks-maneder-i-sahagun\\\/\"},\"author\":{\"name\":\"Anne Marie Salgo\",\"@id\":\"https:\\\/\\\/maristeurope.eu\\\/no\\\/#\\\/schema\\\/person\\\/52ef67935880edd2768565651118bee9\"},\"headline\":\"Seks m\u00e5neder i Sahag\u00fan\",\"datePublished\":\"2025-09-04T20:15:00+00:00\",\"dateModified\":\"2025-09-14T20:19:05+00:00\",\"mainEntityOfPage\":{\"@id\":\"https:\\\/\\\/maristeurope.eu\\\/no\\\/seks-maneder-i-sahagun\\\/\"},\"wordCount\":376,\"commentCount\":0,\"publisher\":{\"@id\":\"https:\\\/\\\/maristeurope.eu\\\/no\\\/#organization\"},\"image\":{\"@id\":\"https:\\\/\\\/maristeurope.eu\\\/no\\\/seks-maneder-i-sahagun\\\/#primaryimage\"},\"thumbnailUrl\":\"https:\\\/\\\/maristeurope.eu\\\/wp-content\\\/uploads\\\/2025\\\/09\\\/vendredi-saint-2025.jpg\",\"articleSection\":[\"Uncategorized @no\"],\"inLanguage\":\"nb-NO\",\"potentialAction\":[{\"@type\":\"CommentAction\",\"name\":\"Comment\",\"target\":[\"https:\\\/\\\/maristeurope.eu\\\/no\\\/seks-maneder-i-sahagun\\\/#respond\"]}]},{\"@type\":\"WebPage\",\"@id\":\"https:\\\/\\\/maristeurope.eu\\\/no\\\/seks-maneder-i-sahagun\\\/\",\"url\":\"https:\\\/\\\/maristeurope.eu\\\/no\\\/seks-maneder-i-sahagun\\\/\",\"name\":\"Seks m\u00e5neder i Sahag\u00fan - Marist Europe\",\"isPartOf\":{\"@id\":\"https:\\\/\\\/maristeurope.eu\\\/no\\\/#website\"},\"primaryImageOfPage\":{\"@id\":\"https:\\\/\\\/maristeurope.eu\\\/no\\\/seks-maneder-i-sahagun\\\/#primaryimage\"},\"image\":{\"@id\":\"https:\\\/\\\/maristeurope.eu\\\/no\\\/seks-maneder-i-sahagun\\\/#primaryimage\"},\"thumbnailUrl\":\"https:\\\/\\\/maristeurope.eu\\\/wp-content\\\/uploads\\\/2025\\\/09\\\/vendredi-saint-2025.jpg\",\"datePublished\":\"2025-09-04T20:15:00+00:00\",\"dateModified\":\"2025-09-14T20:19:05+00:00\",\"breadcrumb\":{\"@id\":\"https:\\\/\\\/maristeurope.eu\\\/no\\\/seks-maneder-i-sahagun\\\/#breadcrumb\"},\"inLanguage\":\"nb-NO\",\"potentialAction\":[{\"@type\":\"ReadAction\",\"target\":[\"https:\\\/\\\/maristeurope.eu\\\/no\\\/seks-maneder-i-sahagun\\\/\"]}]},{\"@type\":\"ImageObject\",\"inLanguage\":\"nb-NO\",\"@id\":\"https:\\\/\\\/maristeurope.eu\\\/no\\\/seks-maneder-i-sahagun\\\/#primaryimage\",\"url\":\"https:\\\/\\\/maristeurope.eu\\\/wp-content\\\/uploads\\\/2025\\\/09\\\/vendredi-saint-2025.jpg\",\"contentUrl\":\"https:\\\/\\\/maristeurope.eu\\\/wp-content\\\/uploads\\\/2025\\\/09\\\/vendredi-saint-2025.jpg\",\"width\":1600,\"height\":721},{\"@type\":\"BreadcrumbList\",\"@id\":\"https:\\\/\\\/maristeurope.eu\\\/no\\\/seks-maneder-i-sahagun\\\/#breadcrumb\",\"itemListElement\":[{\"@type\":\"ListItem\",\"position\":1,\"name\":\"Home\",\"item\":\"https:\\\/\\\/maristeurope.eu\\\/no\\\/marister\\\/\"},{\"@type\":\"ListItem\",\"position\":2,\"name\":\"Seks m\u00e5neder i Sahag\u00fan\"}]},{\"@type\":\"WebSite\",\"@id\":\"https:\\\/\\\/maristeurope.eu\\\/no\\\/#website\",\"url\":\"https:\\\/\\\/maristeurope.eu\\\/no\\\/\",\"name\":\"Marist Europe\",\"description\":\"\",\"publisher\":{\"@id\":\"https:\\\/\\\/maristeurope.eu\\\/no\\\/#organization\"},\"potentialAction\":[{\"@type\":\"SearchAction\",\"target\":{\"@type\":\"EntryPoint\",\"urlTemplate\":\"https:\\\/\\\/maristeurope.eu\\\/no\\\/?s={search_term_string}\"},\"query-input\":{\"@type\":\"PropertyValueSpecification\",\"valueRequired\":true,\"valueName\":\"search_term_string\"}}],\"inLanguage\":\"nb-NO\"},{\"@type\":\"Organization\",\"@id\":\"https:\\\/\\\/maristeurope.eu\\\/no\\\/#organization\",\"name\":\"Marist Europe\",\"url\":\"https:\\\/\\\/maristeurope.eu\\\/no\\\/\",\"logo\":{\"@type\":\"ImageObject\",\"inLanguage\":\"nb-NO\",\"@id\":\"https:\\\/\\\/maristeurope.eu\\\/no\\\/#\\\/schema\\\/logo\\\/image\\\/\",\"url\":\"https:\\\/\\\/maristeurope.eu\\\/wp-content\\\/uploads\\\/2024\\\/10\\\/EU-SM-Finalogo-02.png\",\"contentUrl\":\"https:\\\/\\\/maristeurope.eu\\\/wp-content\\\/uploads\\\/2024\\\/10\\\/EU-SM-Finalogo-02.png\",\"width\":150,\"height\":156,\"caption\":\"Marist Europe\"},\"image\":{\"@id\":\"https:\\\/\\\/maristeurope.eu\\\/no\\\/#\\\/schema\\\/logo\\\/image\\\/\"}},{\"@type\":\"Person\",\"@id\":\"https:\\\/\\\/maristeurope.eu\\\/no\\\/#\\\/schema\\\/person\\\/52ef67935880edd2768565651118bee9\",\"name\":\"Anne Marie Salgo\",\"image\":{\"@type\":\"ImageObject\",\"inLanguage\":\"nb-NO\",\"@id\":\"https:\\\/\\\/secure.gravatar.com\\\/avatar\\\/63bc5f7f74a90bb8d99eaaf8206d8217d780934d9a9659350347a36f2698fe6b?s=96&d=mm&r=g\",\"url\":\"https:\\\/\\\/secure.gravatar.com\\\/avatar\\\/63bc5f7f74a90bb8d99eaaf8206d8217d780934d9a9659350347a36f2698fe6b?s=96&d=mm&r=g\",\"contentUrl\":\"https:\\\/\\\/secure.gravatar.com\\\/avatar\\\/63bc5f7f74a90bb8d99eaaf8206d8217d780934d9a9659350347a36f2698fe6b?s=96&d=mm&r=g\",\"caption\":\"Anne Marie Salgo\"},\"url\":\"https:\\\/\\\/maristeurope.eu\\\/no\\\/author\\\/anne\\\/\"}]}<\/script>\n<!-- \/ Yoast SEO plugin. -->","yoast_head_json":{"title":"Seks m\u00e5neder i Sahag\u00fan - Marist Europe","robots":{"index":"index","follow":"follow","max-snippet":"max-snippet:-1","max-image-preview":"max-image-preview:large","max-video-preview":"max-video-preview:-1"},"canonical":"https:\/\/maristeurope.eu\/no\/seks-maneder-i-sahagun\/","og_locale":"nb_NO","og_type":"article","og_title":"Seks m\u00e5neder i Sahag\u00fan - Marist Europe","og_description":"Matthew Crawford skriver fra Albergue i Santa Cruz: F\u00f8r jeg kom til Spania, hadde jeg ogs\u00e5 forestilt meg at solskinn var normen. Da jeg ankom Sahag\u00fan i begynnelsen av mars, ble jeg m\u00f8tt av et lett sn\u00f8fall!","og_url":"https:\/\/maristeurope.eu\/no\/seks-maneder-i-sahagun\/","og_site_name":"Marist Europe","article_published_time":"2025-09-04T20:15:00+00:00","article_modified_time":"2025-09-14T20:19:05+00:00","og_image":[{"width":1600,"height":721,"url":"https:\/\/maristeurope.eu\/wp-content\/uploads\/2025\/09\/vendredi-saint-2025.jpg","type":"image\/jpeg"}],"author":"Anne Marie Salgo","twitter_card":"summary_large_image","twitter_misc":{"Skrevet av":"Anne Marie Salgo","Ansl. lesetid":"2 minutter"},"schema":{"@context":"https:\/\/schema.org","@graph":[{"@type":"Article","@id":"https:\/\/maristeurope.eu\/no\/seks-maneder-i-sahagun\/#article","isPartOf":{"@id":"https:\/\/maristeurope.eu\/no\/seks-maneder-i-sahagun\/"},"author":{"name":"Anne Marie Salgo","@id":"https:\/\/maristeurope.eu\/no\/#\/schema\/person\/52ef67935880edd2768565651118bee9"},"headline":"Seks m\u00e5neder i Sahag\u00fan","datePublished":"2025-09-04T20:15:00+00:00","dateModified":"2025-09-14T20:19:05+00:00","mainEntityOfPage":{"@id":"https:\/\/maristeurope.eu\/no\/seks-maneder-i-sahagun\/"},"wordCount":376,"commentCount":0,"publisher":{"@id":"https:\/\/maristeurope.eu\/no\/#organization"},"image":{"@id":"https:\/\/maristeurope.eu\/no\/seks-maneder-i-sahagun\/#primaryimage"},"thumbnailUrl":"https:\/\/maristeurope.eu\/wp-content\/uploads\/2025\/09\/vendredi-saint-2025.jpg","articleSection":["Uncategorized @no"],"inLanguage":"nb-NO","potentialAction":[{"@type":"CommentAction","name":"Comment","target":["https:\/\/maristeurope.eu\/no\/seks-maneder-i-sahagun\/#respond"]}]},{"@type":"WebPage","@id":"https:\/\/maristeurope.eu\/no\/seks-maneder-i-sahagun\/","url":"https:\/\/maristeurope.eu\/no\/seks-maneder-i-sahagun\/","name":"Seks m\u00e5neder i Sahag\u00fan - Marist Europe","isPartOf":{"@id":"https:\/\/maristeurope.eu\/no\/#website"},"primaryImageOfPage":{"@id":"https:\/\/maristeurope.eu\/no\/seks-maneder-i-sahagun\/#primaryimage"},"image":{"@id":"https:\/\/maristeurope.eu\/no\/seks-maneder-i-sahagun\/#primaryimage"},"thumbnailUrl":"https:\/\/maristeurope.eu\/wp-content\/uploads\/2025\/09\/vendredi-saint-2025.jpg","datePublished":"2025-09-04T20:15:00+00:00","dateModified":"2025-09-14T20:19:05+00:00","breadcrumb":{"@id":"https:\/\/maristeurope.eu\/no\/seks-maneder-i-sahagun\/#breadcrumb"},"inLanguage":"nb-NO","potentialAction":[{"@type":"ReadAction","target":["https:\/\/maristeurope.eu\/no\/seks-maneder-i-sahagun\/"]}]},{"@type":"ImageObject","inLanguage":"nb-NO","@id":"https:\/\/maristeurope.eu\/no\/seks-maneder-i-sahagun\/#primaryimage","url":"https:\/\/maristeurope.eu\/wp-content\/uploads\/2025\/09\/vendredi-saint-2025.jpg","contentUrl":"https:\/\/maristeurope.eu\/wp-content\/uploads\/2025\/09\/vendredi-saint-2025.jpg","width":1600,"height":721},{"@type":"BreadcrumbList","@id":"https:\/\/maristeurope.eu\/no\/seks-maneder-i-sahagun\/#breadcrumb","itemListElement":[{"@type":"ListItem","position":1,"name":"Home","item":"https:\/\/maristeurope.eu\/no\/marister\/"},{"@type":"ListItem","position":2,"name":"Seks m\u00e5neder i Sahag\u00fan"}]},{"@type":"WebSite","@id":"https:\/\/maristeurope.eu\/no\/#website","url":"https:\/\/maristeurope.eu\/no\/","name":"Marist Europe","description":"","publisher":{"@id":"https:\/\/maristeurope.eu\/no\/#organization"},"potentialAction":[{"@type":"SearchAction","target":{"@type":"EntryPoint","urlTemplate":"https:\/\/maristeurope.eu\/no\/?s={search_term_string}"},"query-input":{"@type":"PropertyValueSpecification","valueRequired":true,"valueName":"search_term_string"}}],"inLanguage":"nb-NO"},{"@type":"Organization","@id":"https:\/\/maristeurope.eu\/no\/#organization","name":"Marist Europe","url":"https:\/\/maristeurope.eu\/no\/","logo":{"@type":"ImageObject","inLanguage":"nb-NO","@id":"https:\/\/maristeurope.eu\/no\/#\/schema\/logo\/image\/","url":"https:\/\/maristeurope.eu\/wp-content\/uploads\/2024\/10\/EU-SM-Finalogo-02.png","contentUrl":"https:\/\/maristeurope.eu\/wp-content\/uploads\/2024\/10\/EU-SM-Finalogo-02.png","width":150,"height":156,"caption":"Marist Europe"},"image":{"@id":"https:\/\/maristeurope.eu\/no\/#\/schema\/logo\/image\/"}},{"@type":"Person","@id":"https:\/\/maristeurope.eu\/no\/#\/schema\/person\/52ef67935880edd2768565651118bee9","name":"Anne Marie Salgo","image":{"@type":"ImageObject","inLanguage":"nb-NO","@id":"https:\/\/secure.gravatar.com\/avatar\/63bc5f7f74a90bb8d99eaaf8206d8217d780934d9a9659350347a36f2698fe6b?s=96&d=mm&r=g","url":"https:\/\/secure.gravatar.com\/avatar\/63bc5f7f74a90bb8d99eaaf8206d8217d780934d9a9659350347a36f2698fe6b?s=96&d=mm&r=g","contentUrl":"https:\/\/secure.gravatar.com\/avatar\/63bc5f7f74a90bb8d99eaaf8206d8217d780934d9a9659350347a36f2698fe6b?s=96&d=mm&r=g","caption":"Anne Marie Salgo"},"url":"https:\/\/maristeurope.eu\/no\/author\/anne\/"}]}},"_links":{"self":[{"href":"https:\/\/maristeurope.eu\/no\/wp-json\/wp\/v2\/posts\/7664","targetHints":{"allow":["GET"]}}],"collection":[{"href":"https:\/\/maristeurope.eu\/no\/wp-json\/wp\/v2\/posts"}],"about":[{"href":"https:\/\/maristeurope.eu\/no\/wp-json\/wp\/v2\/types\/post"}],"author":[{"embeddable":true,"href":"https:\/\/maristeurope.eu\/no\/wp-json\/wp\/v2\/users\/3"}],"replies":[{"embeddable":true,"href":"https:\/\/maristeurope.eu\/no\/wp-json\/wp\/v2\/comments?post=7664"}],"version-history":[{"count":1,"href":"https:\/\/maristeurope.eu\/no\/wp-json\/wp\/v2\/posts\/7664\/revisions"}],"predecessor-version":[{"id":7665,"href":"https:\/\/maristeurope.eu\/no\/wp-json\/wp\/v2\/posts\/7664\/revisions\/7665"}],"wp:featuredmedia":[{"embeddable":true,"href":"https:\/\/maristeurope.eu\/no\/wp-json\/wp\/v2\/media\/7639"}],"wp:attachment":[{"href":"https:\/\/maristeurope.eu\/no\/wp-json\/wp\/v2\/media?parent=7664"}],"wp:term":[{"taxonomy":"category","embeddable":true,"href":"https:\/\/maristeurope.eu\/no\/wp-json\/wp\/v2\/categories?post=7664"},{"taxonomy":"post_tag","embeddable":true,"href":"https:\/\/maristeurope.eu\/no\/wp-json\/wp\/v2\/tags?post=7664"}],"curies":[{"name":"wp","href":"https:\/\/api.w.org\/{rel}","templated":true}]}}