{"id":7644,"date":"2025-08-24T21:57:00","date_gmt":"2025-08-24T19:57:00","guid":{"rendered":"https:\/\/maristeurope.eu\/marist-summer-studies-roma-2025\/"},"modified":"2025-09-14T22:18:55","modified_gmt":"2025-09-14T20:18:55","slug":"marist-summer-studies-roma-2025","status":"publish","type":"post","link":"https:\/\/maristeurope.eu\/no\/marist-summer-studies-roma-2025\/","title":{"rendered":"Marist Summer Studies, Roma 2025"},"content":{"rendered":"\n<p>Den fjerde Marist Study Summer School p\u00e5 Casa di Maria samlet mennesker med ulik bakgrunn, alder og erfaring: Maristprester, en marists\u00f8ster, to SMSM-s\u00f8stre og lekfolk, og alle kontinenter var representert.<\/p>\n\n<p>Larry Duffy og tre studenter, Alex, Machiu og Zoubair, den siste for tiden en maristbror, \u00f8nsket oss hjertelig velkommen og s\u00f8rget for at vi fikk alt vi trengte. Det m\u00e5 ha v\u00e6rt en betydelig utfordring \u00e5 arbeide med en s\u00e5 internasjonal gruppe i mer enn tre uker, men Larrys erfaring, visdom og lederskap gjorde at vi ble et ekte maristfellesskap, der vi delte b\u00f8nn, m\u00e5ltider og innsikt. Det var mange muligheter p\u00e5 alle niv\u00e5er til \u00e5 utdype v\u00e5r kunnskap om og forst\u00e5else av maristenes karisma: tilgang til biblioteket og nettressurser, foredrag om spiritualitet og historie ledet av Larry, om de ulike grenene av maristfamilien ved de tilstedev\u00e6rende representantene, om \u00f8kologi ved Ben McKenna og om \"skjult og ukjent\" ved Faustino Ferrari, bes\u00f8k til steder i Roma som hadde betydning for pater Colin, og en refleksjon under messen som ble feiret av generalsuperioren. Det ble ogs\u00e5 tid til egen lesning, forskning og skriving, noe som resulterte i 12 helt forskjellige og<br\/>engasjerende presentasjoner. Alle deltakerne satte stor pris p\u00e5 denne muligheten, og var sv\u00e6rt takknemlige overfor Larry for hans harde arbeid, og overfor alle som gjorde det mulig.    <\/p>\n\n<p><em>Wilhelm Tangen, SM, Meppen, Tyskland<br\/>Dilys Wadman, Walsingham - Wells, England<br\/><\/em><\/p>\n\n<p>Dilys Wadman skriver p\u00e5 et mer personlig plan: \"For det f\u00f8rste ga det meg muligheten til \u00e5 fordype meg i maristforskningen, noe jeg fant inspirerende. Jeg tror det er viktig at dette videref\u00f8res i alle de kulturelle kontekstene der maristene er til stede, og at maristenes tenkning trekker veksler p\u00e5 rikdommen i andre kulturelle tradisjoner. For det andre satte jeg pris p\u00e5 opplevelsen av \u00e5 bo en kort tid i et maristfellesskap med medlemmer fra mange forskjellige deler av verden. Det virker som om den internasjonale virkeligheten i kommuniteten b\u00f8r fortsette \u00e5 bli bekreftet, feiret og utforsket. For det tredje fikk jeg en dypere forst\u00e5else av min maristiske identitet ved \u00e5 kunne engasjere meg p\u00e5 ulike m\u00e5ter sammen med marister fra forskjellige bakgrunner og perspektiver. For det fjerde gjorde tilgangen til et piano i Casa di Maria det mulig for meg \u00e5 \u00f8ve og, etter Larrys insistering, spille for gruppen - en herlig mulighet. Til slutt, etter mange \u00e5r, begynte jeg \u00e5 skrive litt akademisk og skrev en artikkel om Synodality and the Society of Mary. Dette bekreftet min oppfatning om at Samfunnet har et viktig bidrag \u00e5 gi til kirken i dag.\"<\/p>\n","protected":false},"excerpt":{"rendered":"<p>Den fjerde Marist Study Summer School p\u00e5 Casa di Maria samlet mennesker med ulik bakgrunn, alder og erfaring: Maristprester, en marists\u00f8ster, to SMSM-s\u00f8stre og lekfolk, og alle kontinenter var representert.<\/p>\n","protected":false},"author":3,"featured_media":7632,"comment_status":"open","ping_status":"open","sticky":false,"template":"","format":"standard","meta":{"footnotes":""},"categories":[71],"tags":[],"class_list":["post-7644","post","type-post","status-publish","format-standard","has-post-thumbnail","hentry","category-uncategorized-no"],"yoast_head":"<!-- This site is optimized with the Yoast SEO plugin v27.5 - https:\/\/yoast.com\/product\/yoast-seo-wordpress\/ -->\n<title>Marist Summer Studies, Roma 2025 - Marist Europe<\/title>\n<meta name=\"robots\" content=\"index, follow, max-snippet:-1, max-image-preview:large, max-video-preview:-1\" \/>\n<link rel=\"canonical\" href=\"https:\/\/maristeurope.eu\/no\/marist-summer-studies-roma-2025\/\" \/>\n<meta property=\"og:locale\" content=\"nb_NO\" \/>\n<meta property=\"og:type\" content=\"article\" \/>\n<meta property=\"og:title\" content=\"Marist Summer Studies, Roma 2025 - Marist Europe\" \/>\n<meta property=\"og:description\" content=\"Den fjerde Marist Study Summer School p\u00e5 Casa di Maria samlet mennesker med ulik bakgrunn, alder og erfaring: Maristprester, en marists\u00f8ster, to SMSM-s\u00f8stre og lekfolk, og alle kontinenter var representert.\" \/>\n<meta property=\"og:url\" content=\"https:\/\/maristeurope.eu\/no\/marist-summer-studies-roma-2025\/\" \/>\n<meta property=\"og:site_name\" content=\"Marist Europe\" \/>\n<meta property=\"article:published_time\" content=\"2025-08-24T19:57:00+00:00\" \/>\n<meta property=\"article:modified_time\" content=\"2025-09-14T20:18:55+00:00\" \/>\n<meta property=\"og:image\" content=\"https:\/\/maristeurope.eu\/wp-content\/uploads\/2025\/09\/522664435_10162269620819107_7310224359349536186_n-scaled.jpg\" \/>\n\t<meta property=\"og:image:width\" content=\"2560\" \/>\n\t<meta property=\"og:image:height\" content=\"1252\" \/>\n\t<meta property=\"og:image:type\" content=\"image\/jpeg\" \/>\n<meta name=\"author\" content=\"Anne Marie Salgo\" \/>\n<meta name=\"twitter:card\" content=\"summary_large_image\" \/>\n<meta name=\"twitter:label1\" content=\"Skrevet av\" \/>\n\t<meta name=\"twitter:data1\" content=\"Anne Marie Salgo\" \/>\n\t<meta name=\"twitter:label2\" content=\"Ansl. lesetid\" \/>\n\t<meta name=\"twitter:data2\" content=\"2 minutter\" \/>\n<script type=\"application\/ld+json\" class=\"yoast-schema-graph\">{\"@context\":\"https:\\\/\\\/schema.org\",\"@graph\":[{\"@type\":\"Article\",\"@id\":\"https:\\\/\\\/maristeurope.eu\\\/no\\\/marist-summer-studies-roma-2025\\\/#article\",\"isPartOf\":{\"@id\":\"https:\\\/\\\/maristeurope.eu\\\/no\\\/marist-summer-studies-roma-2025\\\/\"},\"author\":{\"name\":\"Anne Marie Salgo\",\"@id\":\"https:\\\/\\\/maristeurope.eu\\\/no\\\/#\\\/schema\\\/person\\\/52ef67935880edd2768565651118bee9\"},\"headline\":\"Marist Summer Studies, Roma 2025\",\"datePublished\":\"2025-08-24T19:57:00+00:00\",\"dateModified\":\"2025-09-14T20:18:55+00:00\",\"mainEntityOfPage\":{\"@id\":\"https:\\\/\\\/maristeurope.eu\\\/no\\\/marist-summer-studies-roma-2025\\\/\"},\"wordCount\":430,\"commentCount\":0,\"publisher\":{\"@id\":\"https:\\\/\\\/maristeurope.eu\\\/no\\\/#organization\"},\"image\":{\"@id\":\"https:\\\/\\\/maristeurope.eu\\\/no\\\/marist-summer-studies-roma-2025\\\/#primaryimage\"},\"thumbnailUrl\":\"https:\\\/\\\/maristeurope.eu\\\/wp-content\\\/uploads\\\/2025\\\/09\\\/522664435_10162269620819107_7310224359349536186_n-scaled.jpg\",\"articleSection\":[\"Uncategorized @no\"],\"inLanguage\":\"nb-NO\",\"potentialAction\":[{\"@type\":\"CommentAction\",\"name\":\"Comment\",\"target\":[\"https:\\\/\\\/maristeurope.eu\\\/no\\\/marist-summer-studies-roma-2025\\\/#respond\"]}]},{\"@type\":\"WebPage\",\"@id\":\"https:\\\/\\\/maristeurope.eu\\\/no\\\/marist-summer-studies-roma-2025\\\/\",\"url\":\"https:\\\/\\\/maristeurope.eu\\\/no\\\/marist-summer-studies-roma-2025\\\/\",\"name\":\"Marist Summer Studies, Roma 2025 - Marist Europe\",\"isPartOf\":{\"@id\":\"https:\\\/\\\/maristeurope.eu\\\/no\\\/#website\"},\"primaryImageOfPage\":{\"@id\":\"https:\\\/\\\/maristeurope.eu\\\/no\\\/marist-summer-studies-roma-2025\\\/#primaryimage\"},\"image\":{\"@id\":\"https:\\\/\\\/maristeurope.eu\\\/no\\\/marist-summer-studies-roma-2025\\\/#primaryimage\"},\"thumbnailUrl\":\"https:\\\/\\\/maristeurope.eu\\\/wp-content\\\/uploads\\\/2025\\\/09\\\/522664435_10162269620819107_7310224359349536186_n-scaled.jpg\",\"datePublished\":\"2025-08-24T19:57:00+00:00\",\"dateModified\":\"2025-09-14T20:18:55+00:00\",\"breadcrumb\":{\"@id\":\"https:\\\/\\\/maristeurope.eu\\\/no\\\/marist-summer-studies-roma-2025\\\/#breadcrumb\"},\"inLanguage\":\"nb-NO\",\"potentialAction\":[{\"@type\":\"ReadAction\",\"target\":[\"https:\\\/\\\/maristeurope.eu\\\/no\\\/marist-summer-studies-roma-2025\\\/\"]}]},{\"@type\":\"ImageObject\",\"inLanguage\":\"nb-NO\",\"@id\":\"https:\\\/\\\/maristeurope.eu\\\/no\\\/marist-summer-studies-roma-2025\\\/#primaryimage\",\"url\":\"https:\\\/\\\/maristeurope.eu\\\/wp-content\\\/uploads\\\/2025\\\/09\\\/522664435_10162269620819107_7310224359349536186_n-scaled.jpg\",\"contentUrl\":\"https:\\\/\\\/maristeurope.eu\\\/wp-content\\\/uploads\\\/2025\\\/09\\\/522664435_10162269620819107_7310224359349536186_n-scaled.jpg\",\"width\":2560,\"height\":1252},{\"@type\":\"BreadcrumbList\",\"@id\":\"https:\\\/\\\/maristeurope.eu\\\/no\\\/marist-summer-studies-roma-2025\\\/#breadcrumb\",\"itemListElement\":[{\"@type\":\"ListItem\",\"position\":1,\"name\":\"Home\",\"item\":\"https:\\\/\\\/maristeurope.eu\\\/no\\\/marister\\\/\"},{\"@type\":\"ListItem\",\"position\":2,\"name\":\"Marist Summer Studies, Roma 2025\"}]},{\"@type\":\"WebSite\",\"@id\":\"https:\\\/\\\/maristeurope.eu\\\/no\\\/#website\",\"url\":\"https:\\\/\\\/maristeurope.eu\\\/no\\\/\",\"name\":\"Marist Europe\",\"description\":\"\",\"publisher\":{\"@id\":\"https:\\\/\\\/maristeurope.eu\\\/no\\\/#organization\"},\"potentialAction\":[{\"@type\":\"SearchAction\",\"target\":{\"@type\":\"EntryPoint\",\"urlTemplate\":\"https:\\\/\\\/maristeurope.eu\\\/no\\\/?s={search_term_string}\"},\"query-input\":{\"@type\":\"PropertyValueSpecification\",\"valueRequired\":true,\"valueName\":\"search_term_string\"}}],\"inLanguage\":\"nb-NO\"},{\"@type\":\"Organization\",\"@id\":\"https:\\\/\\\/maristeurope.eu\\\/no\\\/#organization\",\"name\":\"Marist Europe\",\"url\":\"https:\\\/\\\/maristeurope.eu\\\/no\\\/\",\"logo\":{\"@type\":\"ImageObject\",\"inLanguage\":\"nb-NO\",\"@id\":\"https:\\\/\\\/maristeurope.eu\\\/no\\\/#\\\/schema\\\/logo\\\/image\\\/\",\"url\":\"https:\\\/\\\/maristeurope.eu\\\/wp-content\\\/uploads\\\/2024\\\/10\\\/EU-SM-Finalogo-02.png\",\"contentUrl\":\"https:\\\/\\\/maristeurope.eu\\\/wp-content\\\/uploads\\\/2024\\\/10\\\/EU-SM-Finalogo-02.png\",\"width\":150,\"height\":156,\"caption\":\"Marist Europe\"},\"image\":{\"@id\":\"https:\\\/\\\/maristeurope.eu\\\/no\\\/#\\\/schema\\\/logo\\\/image\\\/\"}},{\"@type\":\"Person\",\"@id\":\"https:\\\/\\\/maristeurope.eu\\\/no\\\/#\\\/schema\\\/person\\\/52ef67935880edd2768565651118bee9\",\"name\":\"Anne Marie Salgo\",\"image\":{\"@type\":\"ImageObject\",\"inLanguage\":\"nb-NO\",\"@id\":\"https:\\\/\\\/secure.gravatar.com\\\/avatar\\\/63bc5f7f74a90bb8d99eaaf8206d8217d780934d9a9659350347a36f2698fe6b?s=96&d=mm&r=g\",\"url\":\"https:\\\/\\\/secure.gravatar.com\\\/avatar\\\/63bc5f7f74a90bb8d99eaaf8206d8217d780934d9a9659350347a36f2698fe6b?s=96&d=mm&r=g\",\"contentUrl\":\"https:\\\/\\\/secure.gravatar.com\\\/avatar\\\/63bc5f7f74a90bb8d99eaaf8206d8217d780934d9a9659350347a36f2698fe6b?s=96&d=mm&r=g\",\"caption\":\"Anne Marie Salgo\"},\"url\":\"https:\\\/\\\/maristeurope.eu\\\/no\\\/author\\\/anne\\\/\"}]}<\/script>\n<!-- \/ Yoast SEO plugin. -->","yoast_head_json":{"title":"Marist Summer Studies, Roma 2025 - Marist Europe","robots":{"index":"index","follow":"follow","max-snippet":"max-snippet:-1","max-image-preview":"max-image-preview:large","max-video-preview":"max-video-preview:-1"},"canonical":"https:\/\/maristeurope.eu\/no\/marist-summer-studies-roma-2025\/","og_locale":"nb_NO","og_type":"article","og_title":"Marist Summer Studies, Roma 2025 - Marist Europe","og_description":"Den fjerde Marist Study Summer School p\u00e5 Casa di Maria samlet mennesker med ulik bakgrunn, alder og erfaring: Maristprester, en marists\u00f8ster, to SMSM-s\u00f8stre og lekfolk, og alle kontinenter var representert.","og_url":"https:\/\/maristeurope.eu\/no\/marist-summer-studies-roma-2025\/","og_site_name":"Marist Europe","article_published_time":"2025-08-24T19:57:00+00:00","article_modified_time":"2025-09-14T20:18:55+00:00","og_image":[{"width":2560,"height":1252,"url":"https:\/\/maristeurope.eu\/wp-content\/uploads\/2025\/09\/522664435_10162269620819107_7310224359349536186_n-scaled.jpg","type":"image\/jpeg"}],"author":"Anne Marie Salgo","twitter_card":"summary_large_image","twitter_misc":{"Skrevet av":"Anne Marie Salgo","Ansl. lesetid":"2 minutter"},"schema":{"@context":"https:\/\/schema.org","@graph":[{"@type":"Article","@id":"https:\/\/maristeurope.eu\/no\/marist-summer-studies-roma-2025\/#article","isPartOf":{"@id":"https:\/\/maristeurope.eu\/no\/marist-summer-studies-roma-2025\/"},"author":{"name":"Anne Marie Salgo","@id":"https:\/\/maristeurope.eu\/no\/#\/schema\/person\/52ef67935880edd2768565651118bee9"},"headline":"Marist Summer Studies, Roma 2025","datePublished":"2025-08-24T19:57:00+00:00","dateModified":"2025-09-14T20:18:55+00:00","mainEntityOfPage":{"@id":"https:\/\/maristeurope.eu\/no\/marist-summer-studies-roma-2025\/"},"wordCount":430,"commentCount":0,"publisher":{"@id":"https:\/\/maristeurope.eu\/no\/#organization"},"image":{"@id":"https:\/\/maristeurope.eu\/no\/marist-summer-studies-roma-2025\/#primaryimage"},"thumbnailUrl":"https:\/\/maristeurope.eu\/wp-content\/uploads\/2025\/09\/522664435_10162269620819107_7310224359349536186_n-scaled.jpg","articleSection":["Uncategorized @no"],"inLanguage":"nb-NO","potentialAction":[{"@type":"CommentAction","name":"Comment","target":["https:\/\/maristeurope.eu\/no\/marist-summer-studies-roma-2025\/#respond"]}]},{"@type":"WebPage","@id":"https:\/\/maristeurope.eu\/no\/marist-summer-studies-roma-2025\/","url":"https:\/\/maristeurope.eu\/no\/marist-summer-studies-roma-2025\/","name":"Marist Summer Studies, Roma 2025 - Marist Europe","isPartOf":{"@id":"https:\/\/maristeurope.eu\/no\/#website"},"primaryImageOfPage":{"@id":"https:\/\/maristeurope.eu\/no\/marist-summer-studies-roma-2025\/#primaryimage"},"image":{"@id":"https:\/\/maristeurope.eu\/no\/marist-summer-studies-roma-2025\/#primaryimage"},"thumbnailUrl":"https:\/\/maristeurope.eu\/wp-content\/uploads\/2025\/09\/522664435_10162269620819107_7310224359349536186_n-scaled.jpg","datePublished":"2025-08-24T19:57:00+00:00","dateModified":"2025-09-14T20:18:55+00:00","breadcrumb":{"@id":"https:\/\/maristeurope.eu\/no\/marist-summer-studies-roma-2025\/#breadcrumb"},"inLanguage":"nb-NO","potentialAction":[{"@type":"ReadAction","target":["https:\/\/maristeurope.eu\/no\/marist-summer-studies-roma-2025\/"]}]},{"@type":"ImageObject","inLanguage":"nb-NO","@id":"https:\/\/maristeurope.eu\/no\/marist-summer-studies-roma-2025\/#primaryimage","url":"https:\/\/maristeurope.eu\/wp-content\/uploads\/2025\/09\/522664435_10162269620819107_7310224359349536186_n-scaled.jpg","contentUrl":"https:\/\/maristeurope.eu\/wp-content\/uploads\/2025\/09\/522664435_10162269620819107_7310224359349536186_n-scaled.jpg","width":2560,"height":1252},{"@type":"BreadcrumbList","@id":"https:\/\/maristeurope.eu\/no\/marist-summer-studies-roma-2025\/#breadcrumb","itemListElement":[{"@type":"ListItem","position":1,"name":"Home","item":"https:\/\/maristeurope.eu\/no\/marister\/"},{"@type":"ListItem","position":2,"name":"Marist Summer Studies, Roma 2025"}]},{"@type":"WebSite","@id":"https:\/\/maristeurope.eu\/no\/#website","url":"https:\/\/maristeurope.eu\/no\/","name":"Marist Europe","description":"","publisher":{"@id":"https:\/\/maristeurope.eu\/no\/#organization"},"potentialAction":[{"@type":"SearchAction","target":{"@type":"EntryPoint","urlTemplate":"https:\/\/maristeurope.eu\/no\/?s={search_term_string}"},"query-input":{"@type":"PropertyValueSpecification","valueRequired":true,"valueName":"search_term_string"}}],"inLanguage":"nb-NO"},{"@type":"Organization","@id":"https:\/\/maristeurope.eu\/no\/#organization","name":"Marist Europe","url":"https:\/\/maristeurope.eu\/no\/","logo":{"@type":"ImageObject","inLanguage":"nb-NO","@id":"https:\/\/maristeurope.eu\/no\/#\/schema\/logo\/image\/","url":"https:\/\/maristeurope.eu\/wp-content\/uploads\/2024\/10\/EU-SM-Finalogo-02.png","contentUrl":"https:\/\/maristeurope.eu\/wp-content\/uploads\/2024\/10\/EU-SM-Finalogo-02.png","width":150,"height":156,"caption":"Marist Europe"},"image":{"@id":"https:\/\/maristeurope.eu\/no\/#\/schema\/logo\/image\/"}},{"@type":"Person","@id":"https:\/\/maristeurope.eu\/no\/#\/schema\/person\/52ef67935880edd2768565651118bee9","name":"Anne Marie Salgo","image":{"@type":"ImageObject","inLanguage":"nb-NO","@id":"https:\/\/secure.gravatar.com\/avatar\/63bc5f7f74a90bb8d99eaaf8206d8217d780934d9a9659350347a36f2698fe6b?s=96&d=mm&r=g","url":"https:\/\/secure.gravatar.com\/avatar\/63bc5f7f74a90bb8d99eaaf8206d8217d780934d9a9659350347a36f2698fe6b?s=96&d=mm&r=g","contentUrl":"https:\/\/secure.gravatar.com\/avatar\/63bc5f7f74a90bb8d99eaaf8206d8217d780934d9a9659350347a36f2698fe6b?s=96&d=mm&r=g","caption":"Anne Marie Salgo"},"url":"https:\/\/maristeurope.eu\/no\/author\/anne\/"}]}},"_links":{"self":[{"href":"https:\/\/maristeurope.eu\/no\/wp-json\/wp\/v2\/posts\/7644","targetHints":{"allow":["GET"]}}],"collection":[{"href":"https:\/\/maristeurope.eu\/no\/wp-json\/wp\/v2\/posts"}],"about":[{"href":"https:\/\/maristeurope.eu\/no\/wp-json\/wp\/v2\/types\/post"}],"author":[{"embeddable":true,"href":"https:\/\/maristeurope.eu\/no\/wp-json\/wp\/v2\/users\/3"}],"replies":[{"embeddable":true,"href":"https:\/\/maristeurope.eu\/no\/wp-json\/wp\/v2\/comments?post=7644"}],"version-history":[{"count":1,"href":"https:\/\/maristeurope.eu\/no\/wp-json\/wp\/v2\/posts\/7644\/revisions"}],"predecessor-version":[{"id":7645,"href":"https:\/\/maristeurope.eu\/no\/wp-json\/wp\/v2\/posts\/7644\/revisions\/7645"}],"wp:featuredmedia":[{"embeddable":true,"href":"https:\/\/maristeurope.eu\/no\/wp-json\/wp\/v2\/media\/7632"}],"wp:attachment":[{"href":"https:\/\/maristeurope.eu\/no\/wp-json\/wp\/v2\/media?parent=7644"}],"wp:term":[{"taxonomy":"category","embeddable":true,"href":"https:\/\/maristeurope.eu\/no\/wp-json\/wp\/v2\/categories?post=7644"},{"taxonomy":"post_tag","embeddable":true,"href":"https:\/\/maristeurope.eu\/no\/wp-json\/wp\/v2\/tags?post=7644"}],"curies":[{"name":"wp","href":"https:\/\/api.w.org\/{rel}","templated":true}]}}