{"id":5003,"date":"2025-03-14T11:21:52","date_gmt":"2025-03-14T10:21:52","guid":{"rendered":"https:\/\/marist.sjdigitaldemo.ovh\/montering-av-den-italienske-enheten\/"},"modified":"2025-06-18T00:02:58","modified_gmt":"2025-06-17T22:02:58","slug":"montering-av-den-italienske-enheten","status":"publish","type":"post","link":"https:\/\/maristeurope.eu\/no\/montering-av-den-italienske-enheten\/","title":{"rendered":"Forsamling av den italienske enheten"},"content":{"rendered":"\n<p>Den 25.-26. februar ble det i Villa Lascaris i Pianezza (Torino) avholdt en <strong>forsamling<\/strong> av italienske marister med temaet: <strong><em>\"Hvordan kan vi gjenopprette broderlige relasjoner i v\u00e5re kommuniteter?<\/em><\/strong>. Initiativet, som var sterkt \u00f8nsket av superiorene og provinsialen, fikk en vanskelig start, men det store antallet deltakere (18 av 26 medbr\u00f8dre) gjorde det umiddelbart klart at saken var dyptf\u00f8lt og forventningene h\u00f8ye. <\/p>\n\n<p>Denne samlingen var ikke ment \u00e5 handle om oppgaver, men snarere om \u00e5 gjenoppdage meningen med \u00e5 v\u00e6re sammen. I en atmosf\u00e6re av \u00e5penhet fors\u00f8kte vi \u00e5 overvinne de spenningene og den pessimismen som i den senere tid har frar\u00f8vet oss h\u00e5pet og gleden ved \u00e5 arbeide sammen i Marias verk. Alle deltakerne fikk anledning til \u00e5 gi uttrykk for sin tvil, sine problemer og h\u00e5p. Denne samlingen, som fant sted p\u00e5 slutten av provinsialens bes\u00f8k i de enkelte kommunitetene, skapte en \u00e5nd av ro hos deltakerne.   <\/p>\n\n<p>Forsamlingen overlater det til de enkelte og til kommunitetene \u00e5 bygge et broderlig fellesskap i hverdagslivet i en synodal stil: alltid en utfordrende oppgave, men \"mulig\" i henhold til Guds og Marias logikk. Forsamlingen ga oss fornyet tillit til at det er verdt \u00e5 begynne \u00e5 reise sammen igjen. <\/p>\n\n<p>Samarbeidet med lekfolket rundt oss har helt sikkert ogs\u00e5 bidratt til dette resultatet. De svarte konstruktivt p\u00e5 v\u00e5re problemer og h\u00e5p. En spesiell takk til Silvia (tilretteleggeren) og Carla (tolken) for den dyktige organiseringen av m\u00f8tet og den tryggheten de veiledet oss med. Gjennom dem f\u00f8lte vi mer enn noen gang Marias feminine n\u00e6rv\u00e6r i kirken p\u00e5 pinsedag og ved bryllupsfesten i Kana. Takk ogs\u00e5 til Kevin, for hans diskrete, men viktige tilstedev\u00e6relse. Sammen gjenoppdaget vi at vi til tross for v\u00e5re begrensninger, med Guds hjelp, fortsatt har mye \u00e5 tilby til Marias selskap i Italia i fremtiden.     <\/p>\n","protected":false},"excerpt":{"rendered":"<p>Den 25.-26. februar ble det i Villa Lascaris i Pianezza (Torino) avholdt et m\u00f8te for italienske marister med temaet: \"Hvordan kan vi gjenopprette broderlige relasjoner i v\u00e5re kommuniteter?\"<\/p>\n","protected":false},"author":3,"featured_media":4996,"comment_status":"open","ping_status":"open","sticky":false,"template":"","format":"standard","meta":{"footnotes":""},"categories":[71],"tags":[],"class_list":["post-5003","post","type-post","status-publish","format-standard","has-post-thumbnail","hentry","category-uncategorized-no"],"yoast_head":"<!-- This site is optimized with the Yoast SEO plugin v27.5 - https:\/\/yoast.com\/product\/yoast-seo-wordpress\/ -->\n<title>Forsamling av den italienske enheten - Marist Europe<\/title>\n<meta name=\"robots\" content=\"index, follow, max-snippet:-1, max-image-preview:large, max-video-preview:-1\" \/>\n<link rel=\"canonical\" href=\"https:\/\/maristeurope.eu\/no\/montering-av-den-italienske-enheten\/\" \/>\n<meta property=\"og:locale\" content=\"nb_NO\" \/>\n<meta property=\"og:type\" content=\"article\" \/>\n<meta property=\"og:title\" content=\"Forsamling av den italienske enheten - Marist Europe\" \/>\n<meta property=\"og:description\" content=\"Den 25.-26. februar ble det i Villa Lascaris i Pianezza (Torino) avholdt et m\u00f8te for italienske marister med temaet: &quot;Hvordan kan vi gjenopprette broderlige relasjoner i v\u00e5re kommuniteter?&quot;\" \/>\n<meta property=\"og:url\" content=\"https:\/\/maristeurope.eu\/no\/montering-av-den-italienske-enheten\/\" \/>\n<meta property=\"og:site_name\" content=\"Marist Europe\" \/>\n<meta property=\"article:published_time\" content=\"2025-03-14T10:21:52+00:00\" \/>\n<meta property=\"article:modified_time\" content=\"2025-06-17T22:02:58+00:00\" \/>\n<meta property=\"og:image\" content=\"https:\/\/maristeurope.eu\/wp-content\/uploads\/2025\/03\/IT-Foto-2-I-confratelli-italiani-presenti-allAssemblea-scaled.jpg\" \/>\n\t<meta property=\"og:image:width\" content=\"2560\" \/>\n\t<meta property=\"og:image:height\" content=\"1317\" \/>\n\t<meta property=\"og:image:type\" content=\"image\/jpeg\" \/>\n<meta name=\"author\" content=\"Anne Marie Salgo\" \/>\n<meta name=\"twitter:card\" content=\"summary_large_image\" \/>\n<meta name=\"twitter:label1\" content=\"Skrevet av\" \/>\n\t<meta name=\"twitter:data1\" content=\"Anne Marie Salgo\" \/>\n\t<meta name=\"twitter:label2\" content=\"Ansl. lesetid\" \/>\n\t<meta name=\"twitter:data2\" content=\"2 minutter\" \/>\n<script type=\"application\/ld+json\" class=\"yoast-schema-graph\">{\"@context\":\"https:\\\/\\\/schema.org\",\"@graph\":[{\"@type\":\"Article\",\"@id\":\"https:\\\/\\\/maristeurope.eu\\\/no\\\/montering-av-den-italienske-enheten\\\/#article\",\"isPartOf\":{\"@id\":\"https:\\\/\\\/maristeurope.eu\\\/no\\\/montering-av-den-italienske-enheten\\\/\"},\"author\":{\"name\":\"Anne Marie Salgo\",\"@id\":\"https:\\\/\\\/maristeurope.eu\\\/no\\\/#\\\/schema\\\/person\\\/52ef67935880edd2768565651118bee9\"},\"headline\":\"Forsamling av den italienske enheten\",\"datePublished\":\"2025-03-14T10:21:52+00:00\",\"dateModified\":\"2025-06-17T22:02:58+00:00\",\"mainEntityOfPage\":{\"@id\":\"https:\\\/\\\/maristeurope.eu\\\/no\\\/montering-av-den-italienske-enheten\\\/\"},\"wordCount\":307,\"commentCount\":0,\"publisher\":{\"@id\":\"https:\\\/\\\/maristeurope.eu\\\/no\\\/#organization\"},\"image\":{\"@id\":\"https:\\\/\\\/maristeurope.eu\\\/no\\\/montering-av-den-italienske-enheten\\\/#primaryimage\"},\"thumbnailUrl\":\"https:\\\/\\\/maristeurope.eu\\\/wp-content\\\/uploads\\\/2025\\\/03\\\/IT-Foto-2-I-confratelli-italiani-presenti-allAssemblea-scaled.jpg\",\"articleSection\":[\"Uncategorized @no\"],\"inLanguage\":\"nb-NO\",\"potentialAction\":[{\"@type\":\"CommentAction\",\"name\":\"Comment\",\"target\":[\"https:\\\/\\\/maristeurope.eu\\\/no\\\/montering-av-den-italienske-enheten\\\/#respond\"]}]},{\"@type\":\"WebPage\",\"@id\":\"https:\\\/\\\/maristeurope.eu\\\/no\\\/montering-av-den-italienske-enheten\\\/\",\"url\":\"https:\\\/\\\/maristeurope.eu\\\/no\\\/montering-av-den-italienske-enheten\\\/\",\"name\":\"Forsamling av den italienske enheten - Marist Europe\",\"isPartOf\":{\"@id\":\"https:\\\/\\\/maristeurope.eu\\\/no\\\/#website\"},\"primaryImageOfPage\":{\"@id\":\"https:\\\/\\\/maristeurope.eu\\\/no\\\/montering-av-den-italienske-enheten\\\/#primaryimage\"},\"image\":{\"@id\":\"https:\\\/\\\/maristeurope.eu\\\/no\\\/montering-av-den-italienske-enheten\\\/#primaryimage\"},\"thumbnailUrl\":\"https:\\\/\\\/maristeurope.eu\\\/wp-content\\\/uploads\\\/2025\\\/03\\\/IT-Foto-2-I-confratelli-italiani-presenti-allAssemblea-scaled.jpg\",\"datePublished\":\"2025-03-14T10:21:52+00:00\",\"dateModified\":\"2025-06-17T22:02:58+00:00\",\"breadcrumb\":{\"@id\":\"https:\\\/\\\/maristeurope.eu\\\/no\\\/montering-av-den-italienske-enheten\\\/#breadcrumb\"},\"inLanguage\":\"nb-NO\",\"potentialAction\":[{\"@type\":\"ReadAction\",\"target\":[\"https:\\\/\\\/maristeurope.eu\\\/no\\\/montering-av-den-italienske-enheten\\\/\"]}]},{\"@type\":\"ImageObject\",\"inLanguage\":\"nb-NO\",\"@id\":\"https:\\\/\\\/maristeurope.eu\\\/no\\\/montering-av-den-italienske-enheten\\\/#primaryimage\",\"url\":\"https:\\\/\\\/maristeurope.eu\\\/wp-content\\\/uploads\\\/2025\\\/03\\\/IT-Foto-2-I-confratelli-italiani-presenti-allAssemblea-scaled.jpg\",\"contentUrl\":\"https:\\\/\\\/maristeurope.eu\\\/wp-content\\\/uploads\\\/2025\\\/03\\\/IT-Foto-2-I-confratelli-italiani-presenti-allAssemblea-scaled.jpg\",\"width\":2560,\"height\":1317},{\"@type\":\"BreadcrumbList\",\"@id\":\"https:\\\/\\\/maristeurope.eu\\\/no\\\/montering-av-den-italienske-enheten\\\/#breadcrumb\",\"itemListElement\":[{\"@type\":\"ListItem\",\"position\":1,\"name\":\"Home\",\"item\":\"https:\\\/\\\/maristeurope.eu\\\/no\\\/marister\\\/\"},{\"@type\":\"ListItem\",\"position\":2,\"name\":\"Forsamling av den italienske enheten\"}]},{\"@type\":\"WebSite\",\"@id\":\"https:\\\/\\\/maristeurope.eu\\\/no\\\/#website\",\"url\":\"https:\\\/\\\/maristeurope.eu\\\/no\\\/\",\"name\":\"Marist Europe\",\"description\":\"\",\"publisher\":{\"@id\":\"https:\\\/\\\/maristeurope.eu\\\/no\\\/#organization\"},\"potentialAction\":[{\"@type\":\"SearchAction\",\"target\":{\"@type\":\"EntryPoint\",\"urlTemplate\":\"https:\\\/\\\/maristeurope.eu\\\/no\\\/?s={search_term_string}\"},\"query-input\":{\"@type\":\"PropertyValueSpecification\",\"valueRequired\":true,\"valueName\":\"search_term_string\"}}],\"inLanguage\":\"nb-NO\"},{\"@type\":\"Organization\",\"@id\":\"https:\\\/\\\/maristeurope.eu\\\/no\\\/#organization\",\"name\":\"Marist Europe\",\"url\":\"https:\\\/\\\/maristeurope.eu\\\/no\\\/\",\"logo\":{\"@type\":\"ImageObject\",\"inLanguage\":\"nb-NO\",\"@id\":\"https:\\\/\\\/maristeurope.eu\\\/no\\\/#\\\/schema\\\/logo\\\/image\\\/\",\"url\":\"https:\\\/\\\/maristeurope.eu\\\/wp-content\\\/uploads\\\/2024\\\/10\\\/EU-SM-Finalogo-02.png\",\"contentUrl\":\"https:\\\/\\\/maristeurope.eu\\\/wp-content\\\/uploads\\\/2024\\\/10\\\/EU-SM-Finalogo-02.png\",\"width\":150,\"height\":156,\"caption\":\"Marist Europe\"},\"image\":{\"@id\":\"https:\\\/\\\/maristeurope.eu\\\/no\\\/#\\\/schema\\\/logo\\\/image\\\/\"}},{\"@type\":\"Person\",\"@id\":\"https:\\\/\\\/maristeurope.eu\\\/no\\\/#\\\/schema\\\/person\\\/52ef67935880edd2768565651118bee9\",\"name\":\"Anne Marie Salgo\",\"image\":{\"@type\":\"ImageObject\",\"inLanguage\":\"nb-NO\",\"@id\":\"https:\\\/\\\/secure.gravatar.com\\\/avatar\\\/63bc5f7f74a90bb8d99eaaf8206d8217d780934d9a9659350347a36f2698fe6b?s=96&d=mm&r=g\",\"url\":\"https:\\\/\\\/secure.gravatar.com\\\/avatar\\\/63bc5f7f74a90bb8d99eaaf8206d8217d780934d9a9659350347a36f2698fe6b?s=96&d=mm&r=g\",\"contentUrl\":\"https:\\\/\\\/secure.gravatar.com\\\/avatar\\\/63bc5f7f74a90bb8d99eaaf8206d8217d780934d9a9659350347a36f2698fe6b?s=96&d=mm&r=g\",\"caption\":\"Anne Marie Salgo\"},\"url\":\"https:\\\/\\\/maristeurope.eu\\\/no\\\/author\\\/anne\\\/\"}]}<\/script>\n<!-- \/ Yoast SEO plugin. -->","yoast_head_json":{"title":"Forsamling av den italienske enheten - Marist Europe","robots":{"index":"index","follow":"follow","max-snippet":"max-snippet:-1","max-image-preview":"max-image-preview:large","max-video-preview":"max-video-preview:-1"},"canonical":"https:\/\/maristeurope.eu\/no\/montering-av-den-italienske-enheten\/","og_locale":"nb_NO","og_type":"article","og_title":"Forsamling av den italienske enheten - Marist Europe","og_description":"Den 25.-26. februar ble det i Villa Lascaris i Pianezza (Torino) avholdt et m\u00f8te for italienske marister med temaet: \"Hvordan kan vi gjenopprette broderlige relasjoner i v\u00e5re kommuniteter?\"","og_url":"https:\/\/maristeurope.eu\/no\/montering-av-den-italienske-enheten\/","og_site_name":"Marist Europe","article_published_time":"2025-03-14T10:21:52+00:00","article_modified_time":"2025-06-17T22:02:58+00:00","og_image":[{"width":2560,"height":1317,"url":"https:\/\/maristeurope.eu\/wp-content\/uploads\/2025\/03\/IT-Foto-2-I-confratelli-italiani-presenti-allAssemblea-scaled.jpg","type":"image\/jpeg"}],"author":"Anne Marie Salgo","twitter_card":"summary_large_image","twitter_misc":{"Skrevet av":"Anne Marie Salgo","Ansl. lesetid":"2 minutter"},"schema":{"@context":"https:\/\/schema.org","@graph":[{"@type":"Article","@id":"https:\/\/maristeurope.eu\/no\/montering-av-den-italienske-enheten\/#article","isPartOf":{"@id":"https:\/\/maristeurope.eu\/no\/montering-av-den-italienske-enheten\/"},"author":{"name":"Anne Marie Salgo","@id":"https:\/\/maristeurope.eu\/no\/#\/schema\/person\/52ef67935880edd2768565651118bee9"},"headline":"Forsamling av den italienske enheten","datePublished":"2025-03-14T10:21:52+00:00","dateModified":"2025-06-17T22:02:58+00:00","mainEntityOfPage":{"@id":"https:\/\/maristeurope.eu\/no\/montering-av-den-italienske-enheten\/"},"wordCount":307,"commentCount":0,"publisher":{"@id":"https:\/\/maristeurope.eu\/no\/#organization"},"image":{"@id":"https:\/\/maristeurope.eu\/no\/montering-av-den-italienske-enheten\/#primaryimage"},"thumbnailUrl":"https:\/\/maristeurope.eu\/wp-content\/uploads\/2025\/03\/IT-Foto-2-I-confratelli-italiani-presenti-allAssemblea-scaled.jpg","articleSection":["Uncategorized @no"],"inLanguage":"nb-NO","potentialAction":[{"@type":"CommentAction","name":"Comment","target":["https:\/\/maristeurope.eu\/no\/montering-av-den-italienske-enheten\/#respond"]}]},{"@type":"WebPage","@id":"https:\/\/maristeurope.eu\/no\/montering-av-den-italienske-enheten\/","url":"https:\/\/maristeurope.eu\/no\/montering-av-den-italienske-enheten\/","name":"Forsamling av den italienske enheten - Marist Europe","isPartOf":{"@id":"https:\/\/maristeurope.eu\/no\/#website"},"primaryImageOfPage":{"@id":"https:\/\/maristeurope.eu\/no\/montering-av-den-italienske-enheten\/#primaryimage"},"image":{"@id":"https:\/\/maristeurope.eu\/no\/montering-av-den-italienske-enheten\/#primaryimage"},"thumbnailUrl":"https:\/\/maristeurope.eu\/wp-content\/uploads\/2025\/03\/IT-Foto-2-I-confratelli-italiani-presenti-allAssemblea-scaled.jpg","datePublished":"2025-03-14T10:21:52+00:00","dateModified":"2025-06-17T22:02:58+00:00","breadcrumb":{"@id":"https:\/\/maristeurope.eu\/no\/montering-av-den-italienske-enheten\/#breadcrumb"},"inLanguage":"nb-NO","potentialAction":[{"@type":"ReadAction","target":["https:\/\/maristeurope.eu\/no\/montering-av-den-italienske-enheten\/"]}]},{"@type":"ImageObject","inLanguage":"nb-NO","@id":"https:\/\/maristeurope.eu\/no\/montering-av-den-italienske-enheten\/#primaryimage","url":"https:\/\/maristeurope.eu\/wp-content\/uploads\/2025\/03\/IT-Foto-2-I-confratelli-italiani-presenti-allAssemblea-scaled.jpg","contentUrl":"https:\/\/maristeurope.eu\/wp-content\/uploads\/2025\/03\/IT-Foto-2-I-confratelli-italiani-presenti-allAssemblea-scaled.jpg","width":2560,"height":1317},{"@type":"BreadcrumbList","@id":"https:\/\/maristeurope.eu\/no\/montering-av-den-italienske-enheten\/#breadcrumb","itemListElement":[{"@type":"ListItem","position":1,"name":"Home","item":"https:\/\/maristeurope.eu\/no\/marister\/"},{"@type":"ListItem","position":2,"name":"Forsamling av den italienske enheten"}]},{"@type":"WebSite","@id":"https:\/\/maristeurope.eu\/no\/#website","url":"https:\/\/maristeurope.eu\/no\/","name":"Marist Europe","description":"","publisher":{"@id":"https:\/\/maristeurope.eu\/no\/#organization"},"potentialAction":[{"@type":"SearchAction","target":{"@type":"EntryPoint","urlTemplate":"https:\/\/maristeurope.eu\/no\/?s={search_term_string}"},"query-input":{"@type":"PropertyValueSpecification","valueRequired":true,"valueName":"search_term_string"}}],"inLanguage":"nb-NO"},{"@type":"Organization","@id":"https:\/\/maristeurope.eu\/no\/#organization","name":"Marist Europe","url":"https:\/\/maristeurope.eu\/no\/","logo":{"@type":"ImageObject","inLanguage":"nb-NO","@id":"https:\/\/maristeurope.eu\/no\/#\/schema\/logo\/image\/","url":"https:\/\/maristeurope.eu\/wp-content\/uploads\/2024\/10\/EU-SM-Finalogo-02.png","contentUrl":"https:\/\/maristeurope.eu\/wp-content\/uploads\/2024\/10\/EU-SM-Finalogo-02.png","width":150,"height":156,"caption":"Marist Europe"},"image":{"@id":"https:\/\/maristeurope.eu\/no\/#\/schema\/logo\/image\/"}},{"@type":"Person","@id":"https:\/\/maristeurope.eu\/no\/#\/schema\/person\/52ef67935880edd2768565651118bee9","name":"Anne Marie Salgo","image":{"@type":"ImageObject","inLanguage":"nb-NO","@id":"https:\/\/secure.gravatar.com\/avatar\/63bc5f7f74a90bb8d99eaaf8206d8217d780934d9a9659350347a36f2698fe6b?s=96&d=mm&r=g","url":"https:\/\/secure.gravatar.com\/avatar\/63bc5f7f74a90bb8d99eaaf8206d8217d780934d9a9659350347a36f2698fe6b?s=96&d=mm&r=g","contentUrl":"https:\/\/secure.gravatar.com\/avatar\/63bc5f7f74a90bb8d99eaaf8206d8217d780934d9a9659350347a36f2698fe6b?s=96&d=mm&r=g","caption":"Anne Marie Salgo"},"url":"https:\/\/maristeurope.eu\/no\/author\/anne\/"}]}},"_links":{"self":[{"href":"https:\/\/maristeurope.eu\/no\/wp-json\/wp\/v2\/posts\/5003","targetHints":{"allow":["GET"]}}],"collection":[{"href":"https:\/\/maristeurope.eu\/no\/wp-json\/wp\/v2\/posts"}],"about":[{"href":"https:\/\/maristeurope.eu\/no\/wp-json\/wp\/v2\/types\/post"}],"author":[{"embeddable":true,"href":"https:\/\/maristeurope.eu\/no\/wp-json\/wp\/v2\/users\/3"}],"replies":[{"embeddable":true,"href":"https:\/\/maristeurope.eu\/no\/wp-json\/wp\/v2\/comments?post=5003"}],"version-history":[{"count":4,"href":"https:\/\/maristeurope.eu\/no\/wp-json\/wp\/v2\/posts\/5003\/revisions"}],"predecessor-version":[{"id":7245,"href":"https:\/\/maristeurope.eu\/no\/wp-json\/wp\/v2\/posts\/5003\/revisions\/7245"}],"wp:featuredmedia":[{"embeddable":true,"href":"https:\/\/maristeurope.eu\/no\/wp-json\/wp\/v2\/media\/4996"}],"wp:attachment":[{"href":"https:\/\/maristeurope.eu\/no\/wp-json\/wp\/v2\/media?parent=5003"}],"wp:term":[{"taxonomy":"category","embeddable":true,"href":"https:\/\/maristeurope.eu\/no\/wp-json\/wp\/v2\/categories?post=5003"},{"taxonomy":"post_tag","embeddable":true,"href":"https:\/\/maristeurope.eu\/no\/wp-json\/wp\/v2\/tags?post=5003"}],"curies":[{"name":"wp","href":"https:\/\/api.w.org\/{rel}","templated":true}]}}