{"id":12244,"date":"2026-09-05T09:38:42","date_gmt":"2026-09-05T07:38:42","guid":{"rendered":"https:\/\/maristeurope.eu\/marist-chanel-college-i-irland-innforer-koedukasjon\/"},"modified":"2026-09-05T09:39:42","modified_gmt":"2026-09-05T07:39:42","slug":"marist-chanel-college-i-irland-innforer-koedukasjon","status":"publish","type":"post","link":"https:\/\/maristeurope.eu\/no\/marist-chanel-college-i-irland-innforer-koedukasjon\/","title":{"rendered":"Marist Chanel College i Irland innf\u00f8rer koedukasjon"},"content":{"rendered":"\n<p class=\"wp-block-paragraph\"><\/p>\n\n<p class=\"wp-block-paragraph\">I mer enn 70 \u00e5r har Chanel College \u2013 en katolsk skole i maristisk tradisjon \u2013 \u00e5pnet d\u00f8rene for generasjoner av unge mennesker fra Coolock-omr\u00e5det og omegn. Selv om skolens grunnleggende form\u00e5l \u2013 \u00e5 tilby utmerket utdanning og tjene lokale familier \u2013 forblir uendret, markerer dette \u00e5ret en historisk milep\u00e6l, da <strong>Chanel College for aller f\u00f8rste gang tar imot jenter p\u00e5 lik linje med gutter<\/strong>. <\/p>\n\n<p class=\"wp-block-paragraph\">Denne overgangen til en skole med fellesundervisning er <strong>ikke et brudd med tradisjonen, men en videreutvikling av den<\/strong>. <em> \u00abDet som endrer seg, er hvem som n\u00e5 f\u00e5r muligheten til \u00e5 v\u00e6re en del av den, og jeg mener det er noe som er verdt \u00e5 feire,<\/em>\u00bb sa rektor Gill i <a href=\"https:\/\/www.chanelcollege.ie\/post\/co-educational-launch\" target=\"_blank\" rel=\"noreferrer noopener\">sin velkomsttale<\/a>.<\/p>\n\n<p class=\"wp-block-paragraph\">For \u00e5 st\u00f8tte denne veksten <strong>har skolen nylig renovert en nyervervet bygning og gitt <\/strong>den <strong>navnet Colin-bygningen<\/strong> til \u00e6re for Jean-Claude Colin, grunnleggeren av Maristordenen. Akkurat som de fysiske lokalene p\u00e5 campus f\u00e5r nytt liv, omfavner Chanel College nye muligheter samtidig som skolen forblir dypt forankret i sin maristiske arv. For avgangsklassen i 2031 er dette begynnelsen p\u00e5 et spennende nytt kapittel.  <\/p>\n\n<p class=\"wp-block-paragraph\">Vi inviterer hele lokalsamfunnet til <strong>\u00e5 holde kontakten mens <\/strong>skolefamilien v\u00e5r vokser. Bes\u00f8k <a href=\"https:\/\/www.chanelcollege.ie\/about-us\" target=\"_blank\" rel=\"noreferrer noopener\">nettsiden til Chanel College<\/a> for \u00e5 lese hele talen til Mr. Gill, utforske det oppussede skoleomr\u00e5det og f\u00f8lg oss p\u00e5 sosiale medier for oppdateringer gjennom hele \u00e5ret! <\/p>\n\n<p class=\"wp-block-paragraph\"><\/p>\n\n<figure class=\"wp-block-gallery has-nested-images columns-default is-cropped wp-block-gallery-1 is-layout-flex wp-block-gallery-is-layout-flex\">\n<figure class=\"wp-block-image size-large\"><img loading=\"lazy\" decoding=\"async\" width=\"1024\" height=\"768\" data-id=\"12208\" src=\"https:\/\/maristeurope.eu\/wp-content\/uploads\/2026\/09\/1e198b_739132632b7547a88a79388f558ca06fmv2.jpg-1024x768.avif\" alt=\"\" class=\"wp-image-12208\" srcset=\"https:\/\/maristeurope.eu\/wp-content\/uploads\/2026\/09\/1e198b_739132632b7547a88a79388f558ca06fmv2.jpg-1024x768.avif 1024w, https:\/\/maristeurope.eu\/wp-content\/uploads\/2026\/09\/1e198b_739132632b7547a88a79388f558ca06fmv2.jpg-300x225.avif 300w, https:\/\/maristeurope.eu\/wp-content\/uploads\/2026\/09\/1e198b_739132632b7547a88a79388f558ca06fmv2.jpg-768x576.avif 768w, https:\/\/maristeurope.eu\/wp-content\/uploads\/2026\/09\/1e198b_739132632b7547a88a79388f558ca06fmv2.jpg-1536x1152.avif 1536w, https:\/\/maristeurope.eu\/wp-content\/uploads\/2026\/09\/1e198b_739132632b7547a88a79388f558ca06fmv2.jpg-2048x1536.avif 2048w, https:\/\/maristeurope.eu\/wp-content\/uploads\/2026\/09\/1e198b_739132632b7547a88a79388f558ca06fmv2.jpg-510x382.avif 510w, https:\/\/maristeurope.eu\/wp-content\/uploads\/2026\/09\/1e198b_739132632b7547a88a79388f558ca06fmv2.jpg-1080x810.avif 1080w, https:\/\/maristeurope.eu\/wp-content\/uploads\/2026\/09\/1e198b_739132632b7547a88a79388f558ca06fmv2.jpg-1280x960.avif 1280w, https:\/\/maristeurope.eu\/wp-content\/uploads\/2026\/09\/1e198b_739132632b7547a88a79388f558ca06fmv2.jpg-980x735.avif 980w, https:\/\/maristeurope.eu\/wp-content\/uploads\/2026\/09\/1e198b_739132632b7547a88a79388f558ca06fmv2.jpg-480x360.avif 480w\" sizes=\"(max-width: 1024px) 100vw, 1024px\" \/><\/figure>\n\n\n\n<figure class=\"wp-block-image size-large\"><img loading=\"lazy\" decoding=\"async\" width=\"1024\" height=\"768\" data-id=\"12207\" src=\"https:\/\/maristeurope.eu\/wp-content\/uploads\/2026\/09\/1e198b_b3776bc28c7f47f5ba28cf80e956cf91mv2.jpg-1024x768.avif\" alt=\"\" class=\"wp-image-12207\" srcset=\"https:\/\/maristeurope.eu\/wp-content\/uploads\/2026\/09\/1e198b_b3776bc28c7f47f5ba28cf80e956cf91mv2.jpg-1024x768.avif 1024w, https:\/\/maristeurope.eu\/wp-content\/uploads\/2026\/09\/1e198b_b3776bc28c7f47f5ba28cf80e956cf91mv2.jpg-300x225.avif 300w, https:\/\/maristeurope.eu\/wp-content\/uploads\/2026\/09\/1e198b_b3776bc28c7f47f5ba28cf80e956cf91mv2.jpg-768x576.avif 768w, https:\/\/maristeurope.eu\/wp-content\/uploads\/2026\/09\/1e198b_b3776bc28c7f47f5ba28cf80e956cf91mv2.jpg-1536x1152.avif 1536w, https:\/\/maristeurope.eu\/wp-content\/uploads\/2026\/09\/1e198b_b3776bc28c7f47f5ba28cf80e956cf91mv2.jpg-2048x1536.avif 2048w, https:\/\/maristeurope.eu\/wp-content\/uploads\/2026\/09\/1e198b_b3776bc28c7f47f5ba28cf80e956cf91mv2.jpg-510x382.avif 510w, https:\/\/maristeurope.eu\/wp-content\/uploads\/2026\/09\/1e198b_b3776bc28c7f47f5ba28cf80e956cf91mv2.jpg-1080x810.avif 1080w, https:\/\/maristeurope.eu\/wp-content\/uploads\/2026\/09\/1e198b_b3776bc28c7f47f5ba28cf80e956cf91mv2.jpg-1280x960.avif 1280w, https:\/\/maristeurope.eu\/wp-content\/uploads\/2026\/09\/1e198b_b3776bc28c7f47f5ba28cf80e956cf91mv2.jpg-980x735.avif 980w, https:\/\/maristeurope.eu\/wp-content\/uploads\/2026\/09\/1e198b_b3776bc28c7f47f5ba28cf80e956cf91mv2.jpg-480x360.avif 480w\" sizes=\"(max-width: 1024px) 100vw, 1024px\" \/><\/figure>\n\n\n\n<figure class=\"wp-block-image size-large\"><img loading=\"lazy\" decoding=\"async\" width=\"1024\" height=\"768\" data-id=\"12214\" src=\"https:\/\/maristeurope.eu\/wp-content\/uploads\/2026\/09\/1e198b_ca5e9cbea3404c7a9f3a515f40f6e922mv2.jpg-1-1024x768.avif\" alt=\"\" class=\"wp-image-12214\" srcset=\"https:\/\/maristeurope.eu\/wp-content\/uploads\/2026\/09\/1e198b_ca5e9cbea3404c7a9f3a515f40f6e922mv2.jpg-1-1024x768.avif 1024w, https:\/\/maristeurope.eu\/wp-content\/uploads\/2026\/09\/1e198b_ca5e9cbea3404c7a9f3a515f40f6e922mv2.jpg-1-300x225.avif 300w, https:\/\/maristeurope.eu\/wp-content\/uploads\/2026\/09\/1e198b_ca5e9cbea3404c7a9f3a515f40f6e922mv2.jpg-1-768x576.avif 768w, https:\/\/maristeurope.eu\/wp-content\/uploads\/2026\/09\/1e198b_ca5e9cbea3404c7a9f3a515f40f6e922mv2.jpg-1-1536x1152.avif 1536w, https:\/\/maristeurope.eu\/wp-content\/uploads\/2026\/09\/1e198b_ca5e9cbea3404c7a9f3a515f40f6e922mv2.jpg-1-510x382.avif 510w, https:\/\/maristeurope.eu\/wp-content\/uploads\/2026\/09\/1e198b_ca5e9cbea3404c7a9f3a515f40f6e922mv2.jpg-1-1080x810.avif 1080w, https:\/\/maristeurope.eu\/wp-content\/uploads\/2026\/09\/1e198b_ca5e9cbea3404c7a9f3a515f40f6e922mv2.jpg-1-1280x960.avif 1280w, https:\/\/maristeurope.eu\/wp-content\/uploads\/2026\/09\/1e198b_ca5e9cbea3404c7a9f3a515f40f6e922mv2.jpg-1-980x735.avif 980w, https:\/\/maristeurope.eu\/wp-content\/uploads\/2026\/09\/1e198b_ca5e9cbea3404c7a9f3a515f40f6e922mv2.jpg-1-480x360.avif 480w, https:\/\/maristeurope.eu\/wp-content\/uploads\/2026\/09\/1e198b_ca5e9cbea3404c7a9f3a515f40f6e922mv2.jpg-1.avif 1920w\" sizes=\"(max-width: 1024px) 100vw, 1024px\" \/><\/figure>\n<\/figure>\n\n<p class=\"wp-block-paragraph\"><\/p>\n","protected":false},"excerpt":{"rendered":"<p>Chanel College, en katolsk skole med r\u00f8tter i den maristiske tradisjonen siden 1955, har offisielt markert et milep\u00e6l i sin 71-\u00e5rige historie ved \u00e5 ta imot sine f\u00f8rste klasser med elever av begge kj\u00f8nn. Samtidig som skolen hedrer denne rike arven, gjenspeiler utviklingen et vedvarende engasjement for \u00e5 im\u00f8tekomme det lokale samfunnets moderne behov. <\/p>\n","protected":false},"author":6,"featured_media":12245,"comment_status":"closed","ping_status":"open","sticky":false,"template":"","format":"standard","meta":{"_acf_changed":false,"footnotes":""},"categories":[71],"tags":[],"class_list":["post-12244","post","type-post","status-publish","format-standard","has-post-thumbnail","hentry","category-uncategorized-no"],"acf":[],"yoast_head":"<!-- This site is optimized with the Yoast SEO plugin v28.4 - https:\/\/yoast.com\/product\/yoast-seo-wordpress\/ -->\n<title>Marist Chanel College i Irland innf\u00f8rer koedukasjon - Marist Europe<\/title>\n<meta name=\"robots\" content=\"index, follow, max-snippet:-1, max-image-preview:large, max-video-preview:-1\" \/>\n<link rel=\"canonical\" href=\"https:\/\/maristeurope.eu\/no\/marist-chanel-college-i-irland-innforer-koedukasjon\/\" \/>\n<meta property=\"og:locale\" content=\"nb_NO\" \/>\n<meta property=\"og:type\" content=\"article\" \/>\n<meta property=\"og:title\" content=\"Marist Chanel College i Irland innf\u00f8rer koedukasjon - Marist Europe\" \/>\n<meta property=\"og:description\" content=\"Chanel College, en katolsk skole med r\u00f8tter i den maristiske tradisjonen siden 1955, har offisielt markert et milep\u00e6l i sin 71-\u00e5rige historie ved \u00e5 ta imot sine f\u00f8rste klasser med elever av begge kj\u00f8nn. Samtidig som skolen hedrer denne rike arven, gjenspeiler utviklingen et vedvarende engasjement for \u00e5 im\u00f8tekomme det lokale samfunnets moderne behov.\" \/>\n<meta property=\"og:url\" content=\"https:\/\/maristeurope.eu\/no\/marist-chanel-college-i-irland-innforer-koedukasjon\/\" \/>\n<meta property=\"og:site_name\" content=\"Marist Europe\" \/>\n<meta property=\"article:published_time\" content=\"2026-09-05T07:38:42+00:00\" \/>\n<meta property=\"article:modified_time\" content=\"2026-09-05T07:39:42+00:00\" \/>\n<meta name=\"author\" content=\"Communication Team\" \/>\n<meta name=\"twitter:card\" content=\"summary_large_image\" \/>\n<meta name=\"twitter:label1\" content=\"Skrevet av\" \/>\n\t<meta name=\"twitter:data1\" content=\"Communication Team\" \/>\n\t<meta name=\"twitter:label2\" content=\"Ansl. lesetid\" \/>\n\t<meta name=\"twitter:data2\" content=\"1 minutt\" \/>\n<script type=\"application\/ld+json\" class=\"yoast-schema-graph\">{\"@context\":\"https:\\\/\\\/schema.org\",\"@graph\":[{\"@type\":\"Article\",\"@id\":\"https:\\\/\\\/maristeurope.eu\\\/no\\\/marist-chanel-college-i-irland-innforer-koedukasjon\\\/#article\",\"isPartOf\":{\"@id\":\"https:\\\/\\\/maristeurope.eu\\\/no\\\/marist-chanel-college-i-irland-innforer-koedukasjon\\\/\"},\"author\":{\"name\":\"Communication Team\",\"@id\":\"https:\\\/\\\/maristeurope.eu\\\/no\\\/#\\\/schema\\\/person\\\/c5c8441475e226a0e23be8da5d028ee5\"},\"headline\":\"Marist Chanel College i Irland innf\u00f8rer koedukasjon\",\"datePublished\":\"2026-09-05T07:38:42+00:00\",\"dateModified\":\"2026-09-05T07:39:42+00:00\",\"mainEntityOfPage\":{\"@id\":\"https:\\\/\\\/maristeurope.eu\\\/no\\\/marist-chanel-college-i-irland-innforer-koedukasjon\\\/\"},\"wordCount\":228,\"publisher\":{\"@id\":\"https:\\\/\\\/maristeurope.eu\\\/no\\\/#organization\"},\"image\":{\"@id\":\"https:\\\/\\\/maristeurope.eu\\\/no\\\/marist-chanel-college-i-irland-innforer-koedukasjon\\\/#primaryimage\"},\"thumbnailUrl\":\"https:\\\/\\\/maristeurope.eu\\\/wp-content\\\/uploads\\\/2026\\\/09\\\/1e198b_f016e472100049f98bb8d549f0b2e18cmv2.jpg.avif\",\"articleSection\":[\"Uncategorized @no\"],\"inLanguage\":\"nb-NO\"},{\"@type\":\"WebPage\",\"@id\":\"https:\\\/\\\/maristeurope.eu\\\/no\\\/marist-chanel-college-i-irland-innforer-koedukasjon\\\/\",\"url\":\"https:\\\/\\\/maristeurope.eu\\\/no\\\/marist-chanel-college-i-irland-innforer-koedukasjon\\\/\",\"name\":\"Marist Chanel College i Irland innf\u00f8rer koedukasjon - Marist Europe\",\"isPartOf\":{\"@id\":\"https:\\\/\\\/maristeurope.eu\\\/no\\\/#website\"},\"primaryImageOfPage\":{\"@id\":\"https:\\\/\\\/maristeurope.eu\\\/no\\\/marist-chanel-college-i-irland-innforer-koedukasjon\\\/#primaryimage\"},\"image\":{\"@id\":\"https:\\\/\\\/maristeurope.eu\\\/no\\\/marist-chanel-college-i-irland-innforer-koedukasjon\\\/#primaryimage\"},\"thumbnailUrl\":\"https:\\\/\\\/maristeurope.eu\\\/wp-content\\\/uploads\\\/2026\\\/09\\\/1e198b_f016e472100049f98bb8d549f0b2e18cmv2.jpg.avif\",\"datePublished\":\"2026-09-05T07:38:42+00:00\",\"dateModified\":\"2026-09-05T07:39:42+00:00\",\"breadcrumb\":{\"@id\":\"https:\\\/\\\/maristeurope.eu\\\/no\\\/marist-chanel-college-i-irland-innforer-koedukasjon\\\/#breadcrumb\"},\"inLanguage\":\"nb-NO\",\"potentialAction\":[{\"@type\":\"ReadAction\",\"target\":[\"https:\\\/\\\/maristeurope.eu\\\/no\\\/marist-chanel-college-i-irland-innforer-koedukasjon\\\/\"]}]},{\"@type\":\"ImageObject\",\"inLanguage\":\"nb-NO\",\"@id\":\"https:\\\/\\\/maristeurope.eu\\\/no\\\/marist-chanel-college-i-irland-innforer-koedukasjon\\\/#primaryimage\",\"url\":\"https:\\\/\\\/maristeurope.eu\\\/wp-content\\\/uploads\\\/2026\\\/09\\\/1e198b_f016e472100049f98bb8d549f0b2e18cmv2.jpg.avif\",\"contentUrl\":\"https:\\\/\\\/maristeurope.eu\\\/wp-content\\\/uploads\\\/2026\\\/09\\\/1e198b_f016e472100049f98bb8d549f0b2e18cmv2.jpg.avif\",\"width\":2560,\"height\":1920},{\"@type\":\"BreadcrumbList\",\"@id\":\"https:\\\/\\\/maristeurope.eu\\\/no\\\/marist-chanel-college-i-irland-innforer-koedukasjon\\\/#breadcrumb\",\"itemListElement\":[{\"@type\":\"ListItem\",\"position\":1,\"name\":\"Home\",\"item\":\"https:\\\/\\\/maristeurope.eu\\\/no\\\/\"},{\"@type\":\"ListItem\",\"position\":2,\"name\":\"Marist Chanel College i Irland innf\u00f8rer koedukasjon\"}]},{\"@type\":\"WebSite\",\"@id\":\"https:\\\/\\\/maristeurope.eu\\\/no\\\/#website\",\"url\":\"https:\\\/\\\/maristeurope.eu\\\/no\\\/\",\"name\":\"Marist Europe\",\"description\":\"\",\"publisher\":{\"@id\":\"https:\\\/\\\/maristeurope.eu\\\/no\\\/#organization\"},\"potentialAction\":[{\"@type\":\"SearchAction\",\"target\":{\"@type\":\"EntryPoint\",\"urlTemplate\":\"https:\\\/\\\/maristeurope.eu\\\/no\\\/?s={search_term_string}\"},\"query-input\":{\"@type\":\"PropertyValueSpecification\",\"valueRequired\":true,\"valueName\":\"search_term_string\"}}],\"inLanguage\":\"nb-NO\"},{\"@type\":\"Organization\",\"@id\":\"https:\\\/\\\/maristeurope.eu\\\/no\\\/#organization\",\"name\":\"Marist Europe\",\"url\":\"https:\\\/\\\/maristeurope.eu\\\/no\\\/\",\"logo\":{\"@type\":\"ImageObject\",\"inLanguage\":\"nb-NO\",\"@id\":\"https:\\\/\\\/maristeurope.eu\\\/no\\\/#\\\/schema\\\/logo\\\/image\\\/\",\"url\":\"https:\\\/\\\/maristeurope.eu\\\/wp-content\\\/uploads\\\/2024\\\/10\\\/EU-SM-Finalogo-02.png\",\"contentUrl\":\"https:\\\/\\\/maristeurope.eu\\\/wp-content\\\/uploads\\\/2024\\\/10\\\/EU-SM-Finalogo-02.png\",\"width\":150,\"height\":156,\"caption\":\"Marist Europe\"},\"image\":{\"@id\":\"https:\\\/\\\/maristeurope.eu\\\/no\\\/#\\\/schema\\\/logo\\\/image\\\/\"}},{\"@type\":\"Person\",\"@id\":\"https:\\\/\\\/maristeurope.eu\\\/no\\\/#\\\/schema\\\/person\\\/c5c8441475e226a0e23be8da5d028ee5\",\"name\":\"Communication Team\",\"image\":{\"@type\":\"ImageObject\",\"inLanguage\":\"nb-NO\",\"@id\":\"https:\\\/\\\/secure.gravatar.com\\\/avatar\\\/7f0a949f44aea4b132078a0f6f9c423ceae6f58e23aec058fb271880e125346e?s=96&d=mm&r=g\",\"url\":\"https:\\\/\\\/secure.gravatar.com\\\/avatar\\\/7f0a949f44aea4b132078a0f6f9c423ceae6f58e23aec058fb271880e125346e?s=96&d=mm&r=g\",\"contentUrl\":\"https:\\\/\\\/secure.gravatar.com\\\/avatar\\\/7f0a949f44aea4b132078a0f6f9c423ceae6f58e23aec058fb271880e125346e?s=96&d=mm&r=g\",\"caption\":\"Communication Team\"},\"url\":\"https:\\\/\\\/maristeurope.eu\\\/no\\\/author\\\/communications\\\/\"}]}<\/script>\n<!-- \/ Yoast SEO plugin. -->","yoast_head_json":{"title":"Marist Chanel College i Irland innf\u00f8rer koedukasjon - Marist Europe","robots":{"index":"index","follow":"follow","max-snippet":"max-snippet:-1","max-image-preview":"max-image-preview:large","max-video-preview":"max-video-preview:-1"},"canonical":"https:\/\/maristeurope.eu\/no\/marist-chanel-college-i-irland-innforer-koedukasjon\/","og_locale":"nb_NO","og_type":"article","og_title":"Marist Chanel College i Irland innf\u00f8rer koedukasjon - Marist Europe","og_description":"Chanel College, en katolsk skole med r\u00f8tter i den maristiske tradisjonen siden 1955, har offisielt markert et milep\u00e6l i sin 71-\u00e5rige historie ved \u00e5 ta imot sine f\u00f8rste klasser med elever av begge kj\u00f8nn. Samtidig som skolen hedrer denne rike arven, gjenspeiler utviklingen et vedvarende engasjement for \u00e5 im\u00f8tekomme det lokale samfunnets moderne behov.","og_url":"https:\/\/maristeurope.eu\/no\/marist-chanel-college-i-irland-innforer-koedukasjon\/","og_site_name":"Marist Europe","article_published_time":"2026-09-05T07:38:42+00:00","article_modified_time":"2026-09-05T07:39:42+00:00","author":"Communication Team","twitter_card":"summary_large_image","twitter_misc":{"Skrevet av":"Communication Team","Ansl. lesetid":"1 minutt"},"schema":{"@context":"https:\/\/schema.org","@graph":[{"@type":"Article","@id":"https:\/\/maristeurope.eu\/no\/marist-chanel-college-i-irland-innforer-koedukasjon\/#article","isPartOf":{"@id":"https:\/\/maristeurope.eu\/no\/marist-chanel-college-i-irland-innforer-koedukasjon\/"},"author":{"name":"Communication Team","@id":"https:\/\/maristeurope.eu\/no\/#\/schema\/person\/c5c8441475e226a0e23be8da5d028ee5"},"headline":"Marist Chanel College i Irland innf\u00f8rer koedukasjon","datePublished":"2026-09-05T07:38:42+00:00","dateModified":"2026-09-05T07:39:42+00:00","mainEntityOfPage":{"@id":"https:\/\/maristeurope.eu\/no\/marist-chanel-college-i-irland-innforer-koedukasjon\/"},"wordCount":228,"publisher":{"@id":"https:\/\/maristeurope.eu\/no\/#organization"},"image":{"@id":"https:\/\/maristeurope.eu\/no\/marist-chanel-college-i-irland-innforer-koedukasjon\/#primaryimage"},"thumbnailUrl":"https:\/\/maristeurope.eu\/wp-content\/uploads\/2026\/09\/1e198b_f016e472100049f98bb8d549f0b2e18cmv2.jpg.avif","articleSection":["Uncategorized @no"],"inLanguage":"nb-NO"},{"@type":"WebPage","@id":"https:\/\/maristeurope.eu\/no\/marist-chanel-college-i-irland-innforer-koedukasjon\/","url":"https:\/\/maristeurope.eu\/no\/marist-chanel-college-i-irland-innforer-koedukasjon\/","name":"Marist Chanel College i Irland innf\u00f8rer koedukasjon - Marist Europe","isPartOf":{"@id":"https:\/\/maristeurope.eu\/no\/#website"},"primaryImageOfPage":{"@id":"https:\/\/maristeurope.eu\/no\/marist-chanel-college-i-irland-innforer-koedukasjon\/#primaryimage"},"image":{"@id":"https:\/\/maristeurope.eu\/no\/marist-chanel-college-i-irland-innforer-koedukasjon\/#primaryimage"},"thumbnailUrl":"https:\/\/maristeurope.eu\/wp-content\/uploads\/2026\/09\/1e198b_f016e472100049f98bb8d549f0b2e18cmv2.jpg.avif","datePublished":"2026-09-05T07:38:42+00:00","dateModified":"2026-09-05T07:39:42+00:00","breadcrumb":{"@id":"https:\/\/maristeurope.eu\/no\/marist-chanel-college-i-irland-innforer-koedukasjon\/#breadcrumb"},"inLanguage":"nb-NO","potentialAction":[{"@type":"ReadAction","target":["https:\/\/maristeurope.eu\/no\/marist-chanel-college-i-irland-innforer-koedukasjon\/"]}]},{"@type":"ImageObject","inLanguage":"nb-NO","@id":"https:\/\/maristeurope.eu\/no\/marist-chanel-college-i-irland-innforer-koedukasjon\/#primaryimage","url":"https:\/\/maristeurope.eu\/wp-content\/uploads\/2026\/09\/1e198b_f016e472100049f98bb8d549f0b2e18cmv2.jpg.avif","contentUrl":"https:\/\/maristeurope.eu\/wp-content\/uploads\/2026\/09\/1e198b_f016e472100049f98bb8d549f0b2e18cmv2.jpg.avif","width":2560,"height":1920},{"@type":"BreadcrumbList","@id":"https:\/\/maristeurope.eu\/no\/marist-chanel-college-i-irland-innforer-koedukasjon\/#breadcrumb","itemListElement":[{"@type":"ListItem","position":1,"name":"Home","item":"https:\/\/maristeurope.eu\/no\/"},{"@type":"ListItem","position":2,"name":"Marist Chanel College i Irland innf\u00f8rer koedukasjon"}]},{"@type":"WebSite","@id":"https:\/\/maristeurope.eu\/no\/#website","url":"https:\/\/maristeurope.eu\/no\/","name":"Marist Europe","description":"","publisher":{"@id":"https:\/\/maristeurope.eu\/no\/#organization"},"potentialAction":[{"@type":"SearchAction","target":{"@type":"EntryPoint","urlTemplate":"https:\/\/maristeurope.eu\/no\/?s={search_term_string}"},"query-input":{"@type":"PropertyValueSpecification","valueRequired":true,"valueName":"search_term_string"}}],"inLanguage":"nb-NO"},{"@type":"Organization","@id":"https:\/\/maristeurope.eu\/no\/#organization","name":"Marist Europe","url":"https:\/\/maristeurope.eu\/no\/","logo":{"@type":"ImageObject","inLanguage":"nb-NO","@id":"https:\/\/maristeurope.eu\/no\/#\/schema\/logo\/image\/","url":"https:\/\/maristeurope.eu\/wp-content\/uploads\/2024\/10\/EU-SM-Finalogo-02.png","contentUrl":"https:\/\/maristeurope.eu\/wp-content\/uploads\/2024\/10\/EU-SM-Finalogo-02.png","width":150,"height":156,"caption":"Marist Europe"},"image":{"@id":"https:\/\/maristeurope.eu\/no\/#\/schema\/logo\/image\/"}},{"@type":"Person","@id":"https:\/\/maristeurope.eu\/no\/#\/schema\/person\/c5c8441475e226a0e23be8da5d028ee5","name":"Communication Team","image":{"@type":"ImageObject","inLanguage":"nb-NO","@id":"https:\/\/secure.gravatar.com\/avatar\/7f0a949f44aea4b132078a0f6f9c423ceae6f58e23aec058fb271880e125346e?s=96&d=mm&r=g","url":"https:\/\/secure.gravatar.com\/avatar\/7f0a949f44aea4b132078a0f6f9c423ceae6f58e23aec058fb271880e125346e?s=96&d=mm&r=g","contentUrl":"https:\/\/secure.gravatar.com\/avatar\/7f0a949f44aea4b132078a0f6f9c423ceae6f58e23aec058fb271880e125346e?s=96&d=mm&r=g","caption":"Communication Team"},"url":"https:\/\/maristeurope.eu\/no\/author\/communications\/"}]}},"_links":{"self":[{"href":"https:\/\/maristeurope.eu\/no\/wp-json\/wp\/v2\/posts\/12244","targetHints":{"allow":["GET"]}}],"collection":[{"href":"https:\/\/maristeurope.eu\/no\/wp-json\/wp\/v2\/posts"}],"about":[{"href":"https:\/\/maristeurope.eu\/no\/wp-json\/wp\/v2\/types\/post"}],"author":[{"embeddable":true,"href":"https:\/\/maristeurope.eu\/no\/wp-json\/wp\/v2\/users\/6"}],"replies":[{"embeddable":true,"href":"https:\/\/maristeurope.eu\/no\/wp-json\/wp\/v2\/comments?post=12244"}],"version-history":[{"count":1,"href":"https:\/\/maristeurope.eu\/no\/wp-json\/wp\/v2\/posts\/12244\/revisions"}],"predecessor-version":[{"id":12247,"href":"https:\/\/maristeurope.eu\/no\/wp-json\/wp\/v2\/posts\/12244\/revisions\/12247"}],"wp:featuredmedia":[{"embeddable":true,"href":"https:\/\/maristeurope.eu\/no\/wp-json\/wp\/v2\/media\/12245"}],"wp:attachment":[{"href":"https:\/\/maristeurope.eu\/no\/wp-json\/wp\/v2\/media?parent=12244"}],"wp:term":[{"taxonomy":"category","embeddable":true,"href":"https:\/\/maristeurope.eu\/no\/wp-json\/wp\/v2\/categories?post=12244"},{"taxonomy":"post_tag","embeddable":true,"href":"https:\/\/maristeurope.eu\/no\/wp-json\/wp\/v2\/tags?post=12244"}],"curies":[{"name":"wp","href":"https:\/\/api.w.org\/{rel}","templated":true}]}}