{"id":10626,"date":"2026-04-29T12:17:43","date_gmt":"2026-04-29T10:17:43","guid":{"rendered":"https:\/\/maristeurope.eu\/maristdagene-deling-om-yrker-i-franske-skoler\/"},"modified":"2026-04-29T16:06:32","modified_gmt":"2026-04-29T14:06:32","slug":"maristdagene-deling-om-yrker-i-franske-skoler","status":"publish","type":"post","link":"https:\/\/maristeurope.eu\/no\/maristdagene-deling-om-yrker-i-franske-skoler\/","title":{"rendered":"Maristdagene: Deling om yrker i franske skoler"},"content":{"rendered":"\n<p>Denne v\u00e5ren feiret flere maristskoler i Frankrike \"<em><strong>Les journ\u00e9es maristes<\/strong><\/em>\" (Maristdagene). Reisen begynte i mars ved <strong>Bury<\/strong> og <strong>Le Rosaire<\/strong> (nord i Paris) og fortsatte etter p\u00e5ske ved v\u00e5re tre skoler i Toulon: <strong>Cours F\u00e9nelon<\/strong>, <strong>Institution Sainte Marie<\/strong> og <strong>Externat Saint Joseph la Cordeille<\/strong>. Et entusiastisk team fra Maristfamilien delte vitnesbyrd med hundrevis av studenter, og fremhevet deres kall og Maristenes globale misjon. <strong>Responsen var positiv<\/strong>; foredragsholderne ble r\u00f8rt av studentenes lydh\u00f8re engasjement, mens mange l\u00e6rere og studenter f\u00f8lte en dyp tilknytning til historiene om maristenes liv i dagens verden, som alle f\u00f8lger i pater Colins fotspor.   <\/p>\n\n<p><\/p>\n\n<p>Maristfamilien var representert ved pater Jimmy McElroy, Rafael Ramila, Constant Amoussouga, Christian Abongbung og Mika Tuilau, de to maristmisjon\u00e6rs\u00f8strene Aqela og H\u00e9l\u00e8ne, og sr Teri O&#8217;Brien sm.<\/p>\n\n<p><\/p>\n\n<p><\/p>\n\n<div class=\"wp-block-columns is-layout-flex wp-container-core-columns-is-layout-9d6595d7 wp-block-columns-is-layout-flex\">\n<div class=\"wp-block-column is-layout-flow wp-block-column-is-layout-flow\" style=\"flex-basis:50%\">\n<figure class=\"wp-block-image size-large\"><img loading=\"lazy\" decoding=\"async\" width=\"1024\" height=\"473\" src=\"https:\/\/maristeurope.eu\/wp-content\/uploads\/2026\/04\/673121111_995512576374440_6960863460866623015_n-1024x473.jpg\" alt=\"\" class=\"wp-image-10590\" style=\"aspect-ratio:3\/2;object-fit:cover\" srcset=\"https:\/\/maristeurope.eu\/wp-content\/uploads\/2026\/04\/673121111_995512576374440_6960863460866623015_n-980x453.jpg 980w, https:\/\/maristeurope.eu\/wp-content\/uploads\/2026\/04\/673121111_995512576374440_6960863460866623015_n-480x222.jpg 480w\" sizes=\"(min-width: 0px) and (max-width: 480px) 480px, (min-width: 481px) and (max-width: 980px) 980px, (min-width: 981px) 1024px, 100vw\" \/><\/figure>\n<\/div>\n\n\n\n<div class=\"wp-block-column is-vertically-aligned-top is-layout-flow wp-block-column-is-layout-flow\" style=\"flex-basis:50%\">\n<figure class=\"wp-block-image size-large\"><img loading=\"lazy\" decoding=\"async\" width=\"1024\" height=\"576\" src=\"https:\/\/maristeurope.eu\/wp-content\/uploads\/2026\/04\/674594046_995512583041106_9171972856718352388_n-1024x576.jpg\" alt=\"\" class=\"wp-image-10597\" style=\"aspect-ratio:3\/2;object-fit:cover\" srcset=\"https:\/\/maristeurope.eu\/wp-content\/uploads\/2026\/04\/674594046_995512583041106_9171972856718352388_n-980x551.jpg 980w, https:\/\/maristeurope.eu\/wp-content\/uploads\/2026\/04\/674594046_995512583041106_9171972856718352388_n-480x270.jpg 480w\" sizes=\"(min-width: 0px) and (max-width: 480px) 480px, (min-width: 481px) and (max-width: 980px) 980px, (min-width: 981px) 1024px, 100vw\" \/><\/figure>\n<\/div>\n<\/div>\n","protected":false},"excerpt":{"rendered":"<p>Denne v\u00e5ren feiret flere maristskoler i Frankrike \"Les journ\u00e9es maristes\" (Maristdagene). Reisen begynte i mars ved Bury og Le Rosaire (nord i Paris) og fortsatte etter p\u00e5ske ved v\u00e5re tre skoler i Toulon: Cours F\u00e9nelon, Institution Sainte Marie og Externat Saint Joseph la Cordeille. <\/p>\n","protected":false},"author":7,"featured_media":10609,"comment_status":"open","ping_status":"open","sticky":false,"template":"","format":"standard","meta":{"_et_pb_use_builder":"off","_et_pb_old_content":"","_et_gb_content_width":"","footnotes":""},"categories":[71],"tags":[],"class_list":["post-10626","post","type-post","status-publish","format-standard","has-post-thumbnail","hentry","category-uncategorized-no"],"yoast_head":"<!-- This site is optimized with the Yoast SEO plugin v27.5 - https:\/\/yoast.com\/product\/yoast-seo-wordpress\/ -->\n<title>Maristdagene: Deling om yrker i franske skoler - Marist Europe<\/title>\n<meta name=\"robots\" content=\"index, follow, max-snippet:-1, max-image-preview:large, max-video-preview:-1\" \/>\n<link rel=\"canonical\" href=\"https:\/\/maristeurope.eu\/no\/maristdagene-deling-om-yrker-i-franske-skoler\/\" \/>\n<meta property=\"og:locale\" content=\"nb_NO\" \/>\n<meta property=\"og:type\" content=\"article\" \/>\n<meta property=\"og:title\" content=\"Maristdagene: Deling om yrker i franske skoler - Marist Europe\" \/>\n<meta property=\"og:description\" content=\"Denne v\u00e5ren feiret flere maristskoler i Frankrike &quot;Les journ\u00e9es maristes&quot; (Maristdagene). Reisen begynte i mars ved Bury og Le Rosaire (nord i Paris) og fortsatte etter p\u00e5ske ved v\u00e5re tre skoler i Toulon: Cours F\u00e9nelon, Institution Sainte Marie og Externat Saint Joseph la Cordeille.\" \/>\n<meta property=\"og:url\" content=\"https:\/\/maristeurope.eu\/no\/maristdagene-deling-om-yrker-i-franske-skoler\/\" \/>\n<meta property=\"og:site_name\" content=\"Marist Europe\" \/>\n<meta property=\"article:published_time\" content=\"2026-04-29T10:17:43+00:00\" \/>\n<meta property=\"article:modified_time\" content=\"2026-04-29T14:06:32+00:00\" \/>\n<meta property=\"og:image\" content=\"https:\/\/maristeurope.eu\/wp-content\/uploads\/2026\/04\/PHOTO-2026-04-22-14-42-39.jpg\" \/>\n\t<meta property=\"og:image:width\" content=\"1294\" \/>\n\t<meta property=\"og:image:height\" content=\"825\" \/>\n\t<meta property=\"og:image:type\" content=\"image\/jpeg\" \/>\n<meta name=\"author\" content=\"Author\" \/>\n<meta name=\"twitter:card\" content=\"summary_large_image\" \/>\n<meta name=\"twitter:label1\" content=\"Skrevet av\" \/>\n\t<meta name=\"twitter:data1\" content=\"Author\" \/>\n\t<meta name=\"twitter:label2\" content=\"Ansl. lesetid\" \/>\n\t<meta name=\"twitter:data2\" content=\"1 minutt\" \/>\n<script type=\"application\/ld+json\" class=\"yoast-schema-graph\">{\"@context\":\"https:\\\/\\\/schema.org\",\"@graph\":[{\"@type\":\"Article\",\"@id\":\"https:\\\/\\\/maristeurope.eu\\\/no\\\/maristdagene-deling-om-yrker-i-franske-skoler\\\/#article\",\"isPartOf\":{\"@id\":\"https:\\\/\\\/maristeurope.eu\\\/no\\\/maristdagene-deling-om-yrker-i-franske-skoler\\\/\"},\"author\":{\"name\":\"Author\",\"@id\":\"https:\\\/\\\/maristeurope.eu\\\/no\\\/#\\\/schema\\\/person\\\/f8e95da2dc077ecf7c73937cbebbd209\"},\"headline\":\"Maristdagene: Deling om yrker i franske skoler\",\"datePublished\":\"2026-04-29T10:17:43+00:00\",\"dateModified\":\"2026-04-29T14:06:32+00:00\",\"mainEntityOfPage\":{\"@id\":\"https:\\\/\\\/maristeurope.eu\\\/no\\\/maristdagene-deling-om-yrker-i-franske-skoler\\\/\"},\"wordCount\":146,\"commentCount\":0,\"publisher\":{\"@id\":\"https:\\\/\\\/maristeurope.eu\\\/no\\\/#organization\"},\"image\":{\"@id\":\"https:\\\/\\\/maristeurope.eu\\\/no\\\/maristdagene-deling-om-yrker-i-franske-skoler\\\/#primaryimage\"},\"thumbnailUrl\":\"https:\\\/\\\/maristeurope.eu\\\/wp-content\\\/uploads\\\/2026\\\/04\\\/PHOTO-2026-04-22-14-42-39.jpg\",\"articleSection\":[\"Uncategorized @no\"],\"inLanguage\":\"nb-NO\",\"potentialAction\":[{\"@type\":\"CommentAction\",\"name\":\"Comment\",\"target\":[\"https:\\\/\\\/maristeurope.eu\\\/no\\\/maristdagene-deling-om-yrker-i-franske-skoler\\\/#respond\"]}]},{\"@type\":\"WebPage\",\"@id\":\"https:\\\/\\\/maristeurope.eu\\\/no\\\/maristdagene-deling-om-yrker-i-franske-skoler\\\/\",\"url\":\"https:\\\/\\\/maristeurope.eu\\\/no\\\/maristdagene-deling-om-yrker-i-franske-skoler\\\/\",\"name\":\"Maristdagene: Deling om yrker i franske skoler - Marist Europe\",\"isPartOf\":{\"@id\":\"https:\\\/\\\/maristeurope.eu\\\/no\\\/#website\"},\"primaryImageOfPage\":{\"@id\":\"https:\\\/\\\/maristeurope.eu\\\/no\\\/maristdagene-deling-om-yrker-i-franske-skoler\\\/#primaryimage\"},\"image\":{\"@id\":\"https:\\\/\\\/maristeurope.eu\\\/no\\\/maristdagene-deling-om-yrker-i-franske-skoler\\\/#primaryimage\"},\"thumbnailUrl\":\"https:\\\/\\\/maristeurope.eu\\\/wp-content\\\/uploads\\\/2026\\\/04\\\/PHOTO-2026-04-22-14-42-39.jpg\",\"datePublished\":\"2026-04-29T10:17:43+00:00\",\"dateModified\":\"2026-04-29T14:06:32+00:00\",\"breadcrumb\":{\"@id\":\"https:\\\/\\\/maristeurope.eu\\\/no\\\/maristdagene-deling-om-yrker-i-franske-skoler\\\/#breadcrumb\"},\"inLanguage\":\"nb-NO\",\"potentialAction\":[{\"@type\":\"ReadAction\",\"target\":[\"https:\\\/\\\/maristeurope.eu\\\/no\\\/maristdagene-deling-om-yrker-i-franske-skoler\\\/\"]}]},{\"@type\":\"ImageObject\",\"inLanguage\":\"nb-NO\",\"@id\":\"https:\\\/\\\/maristeurope.eu\\\/no\\\/maristdagene-deling-om-yrker-i-franske-skoler\\\/#primaryimage\",\"url\":\"https:\\\/\\\/maristeurope.eu\\\/wp-content\\\/uploads\\\/2026\\\/04\\\/PHOTO-2026-04-22-14-42-39.jpg\",\"contentUrl\":\"https:\\\/\\\/maristeurope.eu\\\/wp-content\\\/uploads\\\/2026\\\/04\\\/PHOTO-2026-04-22-14-42-39.jpg\",\"width\":1294,\"height\":825},{\"@type\":\"BreadcrumbList\",\"@id\":\"https:\\\/\\\/maristeurope.eu\\\/no\\\/maristdagene-deling-om-yrker-i-franske-skoler\\\/#breadcrumb\",\"itemListElement\":[{\"@type\":\"ListItem\",\"position\":1,\"name\":\"Home\",\"item\":\"https:\\\/\\\/maristeurope.eu\\\/no\\\/marister\\\/\"},{\"@type\":\"ListItem\",\"position\":2,\"name\":\"Maristdagene: Deling om yrker i franske skoler\"}]},{\"@type\":\"WebSite\",\"@id\":\"https:\\\/\\\/maristeurope.eu\\\/no\\\/#website\",\"url\":\"https:\\\/\\\/maristeurope.eu\\\/no\\\/\",\"name\":\"Marist Europe\",\"description\":\"\",\"publisher\":{\"@id\":\"https:\\\/\\\/maristeurope.eu\\\/no\\\/#organization\"},\"potentialAction\":[{\"@type\":\"SearchAction\",\"target\":{\"@type\":\"EntryPoint\",\"urlTemplate\":\"https:\\\/\\\/maristeurope.eu\\\/no\\\/?s={search_term_string}\"},\"query-input\":{\"@type\":\"PropertyValueSpecification\",\"valueRequired\":true,\"valueName\":\"search_term_string\"}}],\"inLanguage\":\"nb-NO\"},{\"@type\":\"Organization\",\"@id\":\"https:\\\/\\\/maristeurope.eu\\\/no\\\/#organization\",\"name\":\"Marist Europe\",\"url\":\"https:\\\/\\\/maristeurope.eu\\\/no\\\/\",\"logo\":{\"@type\":\"ImageObject\",\"inLanguage\":\"nb-NO\",\"@id\":\"https:\\\/\\\/maristeurope.eu\\\/no\\\/#\\\/schema\\\/logo\\\/image\\\/\",\"url\":\"https:\\\/\\\/maristeurope.eu\\\/wp-content\\\/uploads\\\/2024\\\/10\\\/EU-SM-Finalogo-02.png\",\"contentUrl\":\"https:\\\/\\\/maristeurope.eu\\\/wp-content\\\/uploads\\\/2024\\\/10\\\/EU-SM-Finalogo-02.png\",\"width\":150,\"height\":156,\"caption\":\"Marist Europe\"},\"image\":{\"@id\":\"https:\\\/\\\/maristeurope.eu\\\/no\\\/#\\\/schema\\\/logo\\\/image\\\/\"}},{\"@type\":\"Person\",\"@id\":\"https:\\\/\\\/maristeurope.eu\\\/no\\\/#\\\/schema\\\/person\\\/f8e95da2dc077ecf7c73937cbebbd209\",\"name\":\"Author\",\"image\":{\"@type\":\"ImageObject\",\"inLanguage\":\"nb-NO\",\"@id\":\"https:\\\/\\\/secure.gravatar.com\\\/avatar\\\/6709da64a616dd172f3d90d48d6e09e07dca7fed6f6b3fcdd28c01a385bb51f1?s=96&d=mm&r=g\",\"url\":\"https:\\\/\\\/secure.gravatar.com\\\/avatar\\\/6709da64a616dd172f3d90d48d6e09e07dca7fed6f6b3fcdd28c01a385bb51f1?s=96&d=mm&r=g\",\"contentUrl\":\"https:\\\/\\\/secure.gravatar.com\\\/avatar\\\/6709da64a616dd172f3d90d48d6e09e07dca7fed6f6b3fcdd28c01a385bb51f1?s=96&d=mm&r=g\",\"caption\":\"Author\"},\"url\":\"https:\\\/\\\/maristeurope.eu\\\/no\\\/author\\\/theo\\\/\"}]}<\/script>\n<!-- \/ Yoast SEO plugin. -->","yoast_head_json":{"title":"Maristdagene: Deling om yrker i franske skoler - Marist Europe","robots":{"index":"index","follow":"follow","max-snippet":"max-snippet:-1","max-image-preview":"max-image-preview:large","max-video-preview":"max-video-preview:-1"},"canonical":"https:\/\/maristeurope.eu\/no\/maristdagene-deling-om-yrker-i-franske-skoler\/","og_locale":"nb_NO","og_type":"article","og_title":"Maristdagene: Deling om yrker i franske skoler - Marist Europe","og_description":"Denne v\u00e5ren feiret flere maristskoler i Frankrike \"Les journ\u00e9es maristes\" (Maristdagene). Reisen begynte i mars ved Bury og Le Rosaire (nord i Paris) og fortsatte etter p\u00e5ske ved v\u00e5re tre skoler i Toulon: Cours F\u00e9nelon, Institution Sainte Marie og Externat Saint Joseph la Cordeille.","og_url":"https:\/\/maristeurope.eu\/no\/maristdagene-deling-om-yrker-i-franske-skoler\/","og_site_name":"Marist Europe","article_published_time":"2026-04-29T10:17:43+00:00","article_modified_time":"2026-04-29T14:06:32+00:00","og_image":[{"width":1294,"height":825,"url":"https:\/\/maristeurope.eu\/wp-content\/uploads\/2026\/04\/PHOTO-2026-04-22-14-42-39.jpg","type":"image\/jpeg"}],"author":"Author","twitter_card":"summary_large_image","twitter_misc":{"Skrevet av":"Author","Ansl. lesetid":"1 minutt"},"schema":{"@context":"https:\/\/schema.org","@graph":[{"@type":"Article","@id":"https:\/\/maristeurope.eu\/no\/maristdagene-deling-om-yrker-i-franske-skoler\/#article","isPartOf":{"@id":"https:\/\/maristeurope.eu\/no\/maristdagene-deling-om-yrker-i-franske-skoler\/"},"author":{"name":"Author","@id":"https:\/\/maristeurope.eu\/no\/#\/schema\/person\/f8e95da2dc077ecf7c73937cbebbd209"},"headline":"Maristdagene: Deling om yrker i franske skoler","datePublished":"2026-04-29T10:17:43+00:00","dateModified":"2026-04-29T14:06:32+00:00","mainEntityOfPage":{"@id":"https:\/\/maristeurope.eu\/no\/maristdagene-deling-om-yrker-i-franske-skoler\/"},"wordCount":146,"commentCount":0,"publisher":{"@id":"https:\/\/maristeurope.eu\/no\/#organization"},"image":{"@id":"https:\/\/maristeurope.eu\/no\/maristdagene-deling-om-yrker-i-franske-skoler\/#primaryimage"},"thumbnailUrl":"https:\/\/maristeurope.eu\/wp-content\/uploads\/2026\/04\/PHOTO-2026-04-22-14-42-39.jpg","articleSection":["Uncategorized @no"],"inLanguage":"nb-NO","potentialAction":[{"@type":"CommentAction","name":"Comment","target":["https:\/\/maristeurope.eu\/no\/maristdagene-deling-om-yrker-i-franske-skoler\/#respond"]}]},{"@type":"WebPage","@id":"https:\/\/maristeurope.eu\/no\/maristdagene-deling-om-yrker-i-franske-skoler\/","url":"https:\/\/maristeurope.eu\/no\/maristdagene-deling-om-yrker-i-franske-skoler\/","name":"Maristdagene: Deling om yrker i franske skoler - Marist Europe","isPartOf":{"@id":"https:\/\/maristeurope.eu\/no\/#website"},"primaryImageOfPage":{"@id":"https:\/\/maristeurope.eu\/no\/maristdagene-deling-om-yrker-i-franske-skoler\/#primaryimage"},"image":{"@id":"https:\/\/maristeurope.eu\/no\/maristdagene-deling-om-yrker-i-franske-skoler\/#primaryimage"},"thumbnailUrl":"https:\/\/maristeurope.eu\/wp-content\/uploads\/2026\/04\/PHOTO-2026-04-22-14-42-39.jpg","datePublished":"2026-04-29T10:17:43+00:00","dateModified":"2026-04-29T14:06:32+00:00","breadcrumb":{"@id":"https:\/\/maristeurope.eu\/no\/maristdagene-deling-om-yrker-i-franske-skoler\/#breadcrumb"},"inLanguage":"nb-NO","potentialAction":[{"@type":"ReadAction","target":["https:\/\/maristeurope.eu\/no\/maristdagene-deling-om-yrker-i-franske-skoler\/"]}]},{"@type":"ImageObject","inLanguage":"nb-NO","@id":"https:\/\/maristeurope.eu\/no\/maristdagene-deling-om-yrker-i-franske-skoler\/#primaryimage","url":"https:\/\/maristeurope.eu\/wp-content\/uploads\/2026\/04\/PHOTO-2026-04-22-14-42-39.jpg","contentUrl":"https:\/\/maristeurope.eu\/wp-content\/uploads\/2026\/04\/PHOTO-2026-04-22-14-42-39.jpg","width":1294,"height":825},{"@type":"BreadcrumbList","@id":"https:\/\/maristeurope.eu\/no\/maristdagene-deling-om-yrker-i-franske-skoler\/#breadcrumb","itemListElement":[{"@type":"ListItem","position":1,"name":"Home","item":"https:\/\/maristeurope.eu\/no\/marister\/"},{"@type":"ListItem","position":2,"name":"Maristdagene: Deling om yrker i franske skoler"}]},{"@type":"WebSite","@id":"https:\/\/maristeurope.eu\/no\/#website","url":"https:\/\/maristeurope.eu\/no\/","name":"Marist Europe","description":"","publisher":{"@id":"https:\/\/maristeurope.eu\/no\/#organization"},"potentialAction":[{"@type":"SearchAction","target":{"@type":"EntryPoint","urlTemplate":"https:\/\/maristeurope.eu\/no\/?s={search_term_string}"},"query-input":{"@type":"PropertyValueSpecification","valueRequired":true,"valueName":"search_term_string"}}],"inLanguage":"nb-NO"},{"@type":"Organization","@id":"https:\/\/maristeurope.eu\/no\/#organization","name":"Marist Europe","url":"https:\/\/maristeurope.eu\/no\/","logo":{"@type":"ImageObject","inLanguage":"nb-NO","@id":"https:\/\/maristeurope.eu\/no\/#\/schema\/logo\/image\/","url":"https:\/\/maristeurope.eu\/wp-content\/uploads\/2024\/10\/EU-SM-Finalogo-02.png","contentUrl":"https:\/\/maristeurope.eu\/wp-content\/uploads\/2024\/10\/EU-SM-Finalogo-02.png","width":150,"height":156,"caption":"Marist Europe"},"image":{"@id":"https:\/\/maristeurope.eu\/no\/#\/schema\/logo\/image\/"}},{"@type":"Person","@id":"https:\/\/maristeurope.eu\/no\/#\/schema\/person\/f8e95da2dc077ecf7c73937cbebbd209","name":"Author","image":{"@type":"ImageObject","inLanguage":"nb-NO","@id":"https:\/\/secure.gravatar.com\/avatar\/6709da64a616dd172f3d90d48d6e09e07dca7fed6f6b3fcdd28c01a385bb51f1?s=96&d=mm&r=g","url":"https:\/\/secure.gravatar.com\/avatar\/6709da64a616dd172f3d90d48d6e09e07dca7fed6f6b3fcdd28c01a385bb51f1?s=96&d=mm&r=g","contentUrl":"https:\/\/secure.gravatar.com\/avatar\/6709da64a616dd172f3d90d48d6e09e07dca7fed6f6b3fcdd28c01a385bb51f1?s=96&d=mm&r=g","caption":"Author"},"url":"https:\/\/maristeurope.eu\/no\/author\/theo\/"}]}},"_links":{"self":[{"href":"https:\/\/maristeurope.eu\/no\/wp-json\/wp\/v2\/posts\/10626","targetHints":{"allow":["GET"]}}],"collection":[{"href":"https:\/\/maristeurope.eu\/no\/wp-json\/wp\/v2\/posts"}],"about":[{"href":"https:\/\/maristeurope.eu\/no\/wp-json\/wp\/v2\/types\/post"}],"author":[{"embeddable":true,"href":"https:\/\/maristeurope.eu\/no\/wp-json\/wp\/v2\/users\/7"}],"replies":[{"embeddable":true,"href":"https:\/\/maristeurope.eu\/no\/wp-json\/wp\/v2\/comments?post=10626"}],"version-history":[{"count":2,"href":"https:\/\/maristeurope.eu\/no\/wp-json\/wp\/v2\/posts\/10626\/revisions"}],"predecessor-version":[{"id":10633,"href":"https:\/\/maristeurope.eu\/no\/wp-json\/wp\/v2\/posts\/10626\/revisions\/10633"}],"wp:featuredmedia":[{"embeddable":true,"href":"https:\/\/maristeurope.eu\/no\/wp-json\/wp\/v2\/media\/10609"}],"wp:attachment":[{"href":"https:\/\/maristeurope.eu\/no\/wp-json\/wp\/v2\/media?parent=10626"}],"wp:term":[{"taxonomy":"category","embeddable":true,"href":"https:\/\/maristeurope.eu\/no\/wp-json\/wp\/v2\/categories?post=10626"},{"taxonomy":"post_tag","embeddable":true,"href":"https:\/\/maristeurope.eu\/no\/wp-json\/wp\/v2\/tags?post=10626"}],"curies":[{"name":"wp","href":"https:\/\/api.w.org\/{rel}","templated":true}]}}