{"id":10532,"date":"2026-04-09T07:04:00","date_gmt":"2026-04-09T05:04:00","guid":{"rendered":"https:\/\/maristeurope.eu\/?p=10532"},"modified":"2026-04-07T19:27:33","modified_gmt":"2026-04-07T17:27:33","slug":"32-ar-med-maristmisjon-pa-filippinene","status":"publish","type":"post","link":"https:\/\/maristeurope.eu\/no\/32-ar-med-maristmisjon-pa-filippinene\/","title":{"rendered":"32 \u00e5r med Maristmisjon p\u00e5 Filippinene"},"content":{"rendered":"\n<h2 class=\"wp-block-heading\"><em>Ingen er rik nok til ikke \u00e5 kunne gi - Ingen er fattig nok til ikke \u00e5 kunne dele<\/em><\/h2>\n\n<p><em><strong>Pater Paddy Muckian har nylig vendt tilbake til sitt hjemland Irland. Han skriver om sine \u00e5r som misjon\u00e6r med stor iver og glede:   <\/strong><\/em><\/p>\n\n<p>I over tre ti\u00e5r var Maristmisjonen p\u00e5 Filippinene ikke bare oppdraget mitt - det var livet mitt. Dette er noen av minnene jeg tok med meg hjem. For et spennende sted det var \u00e5 arbeide og tjenestegj\u00f8re sammen med marister fra mange forskjellige steder: Australia, Filippinene, New Zealand, Tonga, Fiji, Storbritannia, USA og Irland.    <\/p>\n\n<p>Selskapets rolle var \u00e5 implantere Mariasamfunnet p\u00e5 Filippinene. For bare noen f\u00e5 \u00e5r siden feiret Filippinene 500-\u00e5rsjubileet for kristendommens ankomst under spansk herred\u00f8mme. Maristbr\u00f8drene hadde kommet til Filippinene tidlig p\u00e5 1950-tallet, og de \u00f8nsket oss velkommen og sponset oss da vi begynte livet p\u00e5 Mindanao. Det var en stor f\u00f8lelse av misjon og begeistring i gruppen.     <\/p>\n\n<p>Det var vel rundt ti medbr\u00f8dre da jeg kom dit. Vi var alle en del av distriktsr\u00e5det, og det var en f\u00f8lelse av at vi var i bevegelse, utforsket nye ideer og omfavnet kirken i alle dens aspekter. Formasjonen hadde begynt noen \u00e5r tidligere med mange filippinere som ble med i v\u00e5rt formasjonsprogram i Cotabato City. Alle medbr\u00f8drene var involvert i oppl\u00e6ringen, enten det var formelt eller ved \u00e5 f\u00f8lge seminaristene n\u00e5r de kom p\u00e5 pastoral utplassering.     <\/p>\n\n<p>Mitt f\u00f8rste oppdrag etter \u00e5 ha fullf\u00f8rt et \u00e5r med spr\u00e5k- og kulturstudier var i gullgruveomr\u00e5det Diwalwal i Davao Del Norte. Jeg kom dit i forbindelse med begynnelsen av Misa de Gallo, den ti dager lange novenaen som filippinerne str\u00f8mmer til i tusentall hver 16. desember. Klokken tre om morgenen gikk jeg sammen med sakristanen og klatret opp det ulendte terrenget med en lommelykt i h\u00e5nden. Det virket s\u00e5 rart, og jeg husker at jeg tenkte: Hva gj\u00f8r jeg her? Men da vi n\u00e6rmet oss kapellet, kunne vi h\u00f8re koret \u00f8ve p\u00e5 julesanger, og all frykt og engstelse syntes \u00e5 forsvinne, og jeg s\u00e5 meg aldri tilbake.    <\/p>\n\n<p>Marister dro over fjellsidene for \u00e5 betjene gruvesamfunnet i fem kapeller. Vi hadde en tendens til \u00e5 arbeide i omr\u00e5der som den lokale biskopen syntes det var vanskelig \u00e5 fylle. Dette var vanligvis i fjellene blant b\u00f8nder, stammefolk og ogs\u00e5 i den politisk betente Cotabato-regionen.    <\/p>\n\n<p>I Davao bodde vi i et okkupert omr\u00e5de i tre \u00e5r og fikk ta del i de fattiges liv. Det var et omr\u00e5de som var velkjent i Davao, der likene ble berget under Marcos-tiden og kastet i havet. Folk bodde under trange forhold. Huset v\u00e5rt var bygget p\u00e5 p\u00e5ler ute i havet, der tidevannet kom inn og ut under oss. Vi n\u00e5dde ut til menneskene og dekket deres behov.      <\/p>\n\n<p>En ettermiddag var mine medbr\u00f8dre bortreist, og f\u00f8r jeg gikk ut p\u00e5 bes\u00f8k i lokalsamfunnet, gjemte jeg m\u00e5nedsbudsjettet v\u00e5rt under matten p\u00e5 sengen min. Senere kom jeg hjem, og f\u00f8r jeg la meg, ristet jeg myggen fra matten ut av vinduet. Tidlig neste morgen ble jeg vekket av opphissede stemmer fra naboene da havet kom inn. De var i ferd med \u00e5 hente pesosedler som var blitt kastet ut av vinduet kvelden f\u00f8r. Folk var s\u00e5 glade at ingen spurte hvor de kom fra. Noen uker senere var den lokale erkebiskopen p\u00e5 bes\u00f8k hos oss, og jeg fortalte historien. Han lo og sa at det var bra for folk \u00e5 vinne i lotto i det minste \u00e9n gang i livet!      <\/p>\n\n<p>Marister gj\u00f8r ogs\u00e5 tjeneste i fengslene. Legmarister arbeider sammen med ordensfolk, vi blir kjent med fangene og familiene deres. Det var familiedager, bibelstudier, trosdeling, b\u00f8nn klokken tre, rosenkransb\u00f8nn i cellene om kvelden. Messen ble feiret hver s\u00f8ndag formiddag, og GKK-ene fra menigheten v\u00e5r byttet p\u00e5 \u00e5 v\u00e6re sammen med de innsatte. Hver l\u00f8rdag formiddag var det kor\u00f8velse og trosdeling. En fremmed som kom inn i gruppen, ville bli overrasket over at trosformidlingen var som i enhver annen trosformidlingsgruppe.     <\/p>\n\n<p>I november i fjor hadde vi en bryllupsfeiring for \u00e5tte par i BJMP-fengselet (750 innsatte). Det var en stor begivenhet, og de innsatte hadde forberedt seg i flere uker. \"Par for Kristus\" og menighetens kateketer forberedte parene. Kjoler, skjorter, blomster, mat og drikke ble sponset av gener\u00f8se givere utenfra. Hele fengselet sto stille i noen timer og n\u00f8t feiringen, og parene uttrykte sin lykke etterp\u00e5.      <\/p>\n\n<p>Endelig har maristene de siste ti \u00e5rene arbeidet i en landlig og urban menighet i Digos City. Den best\u00e5r av 24 GKK (sm\u00e5 kristne samfunn). Hvert kapell best\u00e5r av rundt 80 medlemmer. De har sin egen kapellpresident med st\u00f8ttefunksjon\u00e6rer. Hver GKK er knyttet til menigheten og til bisped\u00f8mmet. Det arbeides bevisst med \u00e5 fornye gruppene gjennom pastorale seminarer og \u00e5ndelig fornyelse. Vi bygger ogs\u00e5 en menighetskirke som forh\u00e5pentligvis vil st\u00e5 ferdig i l\u00f8pet av de n\u00e6rmeste \u00e5rene.        <\/p>\n\n<p>Det er alts\u00e5 ti millioner filippinere som arbeider over hele verden. Bispekonferansen p\u00e5 Filippinene ser p\u00e5 dem som <em><strong>nye asiatiske misjon\u00e6rer<\/strong><\/em> og mange av dem \u00f8nsker \u00e5 spille en slik rolle. For en gave de er!  <\/p>\n\n<p><\/p>\n\n<figure class=\"wp-block-gallery has-nested-images columns-default is-cropped wp-block-gallery-1 is-layout-flex wp-block-gallery-is-layout-flex\">\n<figure class=\"wp-block-image size-large\"><img loading=\"lazy\" decoding=\"async\" width=\"1024\" height=\"768\" data-id=\"10515\" src=\"https:\/\/maristeurope.eu\/wp-content\/uploads\/2026\/04\/IMG-20260225-WA0003-1024x768.jpg\" alt=\"\" class=\"wp-image-10515\" srcset=\"https:\/\/maristeurope.eu\/wp-content\/uploads\/2026\/04\/IMG-20260225-WA0003-1024x768.jpg 1024w, https:\/\/maristeurope.eu\/wp-content\/uploads\/2026\/04\/IMG-20260225-WA0003-980x735.jpg 980w, https:\/\/maristeurope.eu\/wp-content\/uploads\/2026\/04\/IMG-20260225-WA0003-480x360.jpg 480w\" sizes=\"(min-width: 0px) and (max-width: 480px) 480px, (min-width: 481px) and (max-width: 980px) 980px, (min-width: 981px) 1024px, 100vw\" \/><\/figure>\n\n\n\n<figure class=\"wp-block-image size-large\"><img loading=\"lazy\" decoding=\"async\" width=\"766\" height=\"1024\" data-id=\"10508\" src=\"https:\/\/maristeurope.eu\/wp-content\/uploads\/2026\/04\/IMG-20260225-WA0000-766x1024.jpg\" alt=\"\" class=\"wp-image-10508\" srcset=\"https:\/\/maristeurope.eu\/wp-content\/uploads\/2026\/04\/IMG-20260225-WA0000-766x1024.jpg 766w, https:\/\/maristeurope.eu\/wp-content\/uploads\/2026\/04\/IMG-20260225-WA0000-480x641.jpg 480w\" sizes=\"(min-width: 0px) and (max-width: 480px) 480px, (min-width: 481px) 766px, 100vw\" \/><\/figure>\n<\/figure>\n","protected":false},"excerpt":{"rendered":"<p>Pater Paddy Muckian har nylig vendt tilbake til sitt hjemland Irland. Han skriver om sine \u00e5r som misjon\u00e6r med stor iver og glede&#8230; <\/p>\n","protected":false},"author":3,"featured_media":10506,"comment_status":"closed","ping_status":"closed","sticky":false,"template":"","format":"standard","meta":{"footnotes":""},"categories":[71],"tags":[],"class_list":["post-10532","post","type-post","status-publish","format-standard","has-post-thumbnail","hentry","category-uncategorized-no"],"yoast_head":"<!-- This site is optimized with the Yoast SEO plugin v27.5 - https:\/\/yoast.com\/product\/yoast-seo-wordpress\/ -->\n<title>32 \u00e5r med Maristmisjon p\u00e5 Filippinene - Marist Europe<\/title>\n<meta name=\"robots\" content=\"index, follow, max-snippet:-1, max-image-preview:large, max-video-preview:-1\" \/>\n<link rel=\"canonical\" href=\"https:\/\/maristeurope.eu\/no\/32-ar-med-maristmisjon-pa-filippinene\/\" \/>\n<meta property=\"og:locale\" content=\"nb_NO\" \/>\n<meta property=\"og:type\" content=\"article\" \/>\n<meta property=\"og:title\" content=\"32 \u00e5r med Maristmisjon p\u00e5 Filippinene - Marist Europe\" \/>\n<meta property=\"og:description\" content=\"Pater Paddy Muckian har nylig vendt tilbake til sitt hjemland Irland. Han skriver om sine \u00e5r som misjon\u00e6r med stor iver og glede...\" \/>\n<meta property=\"og:url\" content=\"https:\/\/maristeurope.eu\/no\/32-ar-med-maristmisjon-pa-filippinene\/\" \/>\n<meta property=\"og:site_name\" content=\"Marist Europe\" \/>\n<meta property=\"article:published_time\" content=\"2026-04-09T05:04:00+00:00\" \/>\n<meta property=\"og:image\" content=\"https:\/\/maristeurope.eu\/wp-content\/uploads\/2026\/04\/IMG-20260225-WA0006-e1775511047653.jpg\" \/>\n\t<meta property=\"og:image:width\" content=\"1280\" \/>\n\t<meta property=\"og:image:height\" content=\"764\" \/>\n\t<meta property=\"og:image:type\" content=\"image\/jpeg\" \/>\n<meta name=\"author\" content=\"Anne Marie Salgo\" \/>\n<meta name=\"twitter:card\" content=\"summary_large_image\" \/>\n<meta name=\"twitter:label1\" content=\"Skrevet av\" \/>\n\t<meta name=\"twitter:data1\" content=\"Anne Marie Salgo\" \/>\n\t<meta name=\"twitter:label2\" content=\"Ansl. lesetid\" \/>\n\t<meta name=\"twitter:data2\" content=\"4 minutter\" \/>\n<script type=\"application\/ld+json\" class=\"yoast-schema-graph\">{\"@context\":\"https:\\\/\\\/schema.org\",\"@graph\":[{\"@type\":\"Article\",\"@id\":\"https:\\\/\\\/maristeurope.eu\\\/no\\\/32-ar-med-maristmisjon-pa-filippinene\\\/#article\",\"isPartOf\":{\"@id\":\"https:\\\/\\\/maristeurope.eu\\\/no\\\/32-ar-med-maristmisjon-pa-filippinene\\\/\"},\"author\":{\"name\":\"Anne Marie Salgo\",\"@id\":\"https:\\\/\\\/maristeurope.eu\\\/no\\\/#\\\/schema\\\/person\\\/52ef67935880edd2768565651118bee9\"},\"headline\":\"32 \u00e5r med Maristmisjon p\u00e5 Filippinene\",\"datePublished\":\"2026-04-09T05:04:00+00:00\",\"mainEntityOfPage\":{\"@id\":\"https:\\\/\\\/maristeurope.eu\\\/no\\\/32-ar-med-maristmisjon-pa-filippinene\\\/\"},\"wordCount\":870,\"publisher\":{\"@id\":\"https:\\\/\\\/maristeurope.eu\\\/no\\\/#organization\"},\"image\":{\"@id\":\"https:\\\/\\\/maristeurope.eu\\\/no\\\/32-ar-med-maristmisjon-pa-filippinene\\\/#primaryimage\"},\"thumbnailUrl\":\"https:\\\/\\\/maristeurope.eu\\\/wp-content\\\/uploads\\\/2026\\\/04\\\/IMG-20260225-WA0006-e1775511047653.jpg\",\"articleSection\":[\"Uncategorized @no\"],\"inLanguage\":\"nb-NO\"},{\"@type\":\"WebPage\",\"@id\":\"https:\\\/\\\/maristeurope.eu\\\/no\\\/32-ar-med-maristmisjon-pa-filippinene\\\/\",\"url\":\"https:\\\/\\\/maristeurope.eu\\\/no\\\/32-ar-med-maristmisjon-pa-filippinene\\\/\",\"name\":\"32 \u00e5r med Maristmisjon p\u00e5 Filippinene - Marist Europe\",\"isPartOf\":{\"@id\":\"https:\\\/\\\/maristeurope.eu\\\/no\\\/#website\"},\"primaryImageOfPage\":{\"@id\":\"https:\\\/\\\/maristeurope.eu\\\/no\\\/32-ar-med-maristmisjon-pa-filippinene\\\/#primaryimage\"},\"image\":{\"@id\":\"https:\\\/\\\/maristeurope.eu\\\/no\\\/32-ar-med-maristmisjon-pa-filippinene\\\/#primaryimage\"},\"thumbnailUrl\":\"https:\\\/\\\/maristeurope.eu\\\/wp-content\\\/uploads\\\/2026\\\/04\\\/IMG-20260225-WA0006-e1775511047653.jpg\",\"datePublished\":\"2026-04-09T05:04:00+00:00\",\"breadcrumb\":{\"@id\":\"https:\\\/\\\/maristeurope.eu\\\/no\\\/32-ar-med-maristmisjon-pa-filippinene\\\/#breadcrumb\"},\"inLanguage\":\"nb-NO\",\"potentialAction\":[{\"@type\":\"ReadAction\",\"target\":[\"https:\\\/\\\/maristeurope.eu\\\/no\\\/32-ar-med-maristmisjon-pa-filippinene\\\/\"]}]},{\"@type\":\"ImageObject\",\"inLanguage\":\"nb-NO\",\"@id\":\"https:\\\/\\\/maristeurope.eu\\\/no\\\/32-ar-med-maristmisjon-pa-filippinene\\\/#primaryimage\",\"url\":\"https:\\\/\\\/maristeurope.eu\\\/wp-content\\\/uploads\\\/2026\\\/04\\\/IMG-20260225-WA0006-e1775511047653.jpg\",\"contentUrl\":\"https:\\\/\\\/maristeurope.eu\\\/wp-content\\\/uploads\\\/2026\\\/04\\\/IMG-20260225-WA0006-e1775511047653.jpg\",\"width\":1280,\"height\":764},{\"@type\":\"BreadcrumbList\",\"@id\":\"https:\\\/\\\/maristeurope.eu\\\/no\\\/32-ar-med-maristmisjon-pa-filippinene\\\/#breadcrumb\",\"itemListElement\":[{\"@type\":\"ListItem\",\"position\":1,\"name\":\"Home\",\"item\":\"https:\\\/\\\/maristeurope.eu\\\/no\\\/marister\\\/\"},{\"@type\":\"ListItem\",\"position\":2,\"name\":\"32 \u00e5r med Maristmisjon p\u00e5 Filippinene\"}]},{\"@type\":\"WebSite\",\"@id\":\"https:\\\/\\\/maristeurope.eu\\\/no\\\/#website\",\"url\":\"https:\\\/\\\/maristeurope.eu\\\/no\\\/\",\"name\":\"Marist Europe\",\"description\":\"\",\"publisher\":{\"@id\":\"https:\\\/\\\/maristeurope.eu\\\/no\\\/#organization\"},\"potentialAction\":[{\"@type\":\"SearchAction\",\"target\":{\"@type\":\"EntryPoint\",\"urlTemplate\":\"https:\\\/\\\/maristeurope.eu\\\/no\\\/?s={search_term_string}\"},\"query-input\":{\"@type\":\"PropertyValueSpecification\",\"valueRequired\":true,\"valueName\":\"search_term_string\"}}],\"inLanguage\":\"nb-NO\"},{\"@type\":\"Organization\",\"@id\":\"https:\\\/\\\/maristeurope.eu\\\/no\\\/#organization\",\"name\":\"Marist Europe\",\"url\":\"https:\\\/\\\/maristeurope.eu\\\/no\\\/\",\"logo\":{\"@type\":\"ImageObject\",\"inLanguage\":\"nb-NO\",\"@id\":\"https:\\\/\\\/maristeurope.eu\\\/no\\\/#\\\/schema\\\/logo\\\/image\\\/\",\"url\":\"https:\\\/\\\/maristeurope.eu\\\/wp-content\\\/uploads\\\/2024\\\/10\\\/EU-SM-Finalogo-02.png\",\"contentUrl\":\"https:\\\/\\\/maristeurope.eu\\\/wp-content\\\/uploads\\\/2024\\\/10\\\/EU-SM-Finalogo-02.png\",\"width\":150,\"height\":156,\"caption\":\"Marist Europe\"},\"image\":{\"@id\":\"https:\\\/\\\/maristeurope.eu\\\/no\\\/#\\\/schema\\\/logo\\\/image\\\/\"}},{\"@type\":\"Person\",\"@id\":\"https:\\\/\\\/maristeurope.eu\\\/no\\\/#\\\/schema\\\/person\\\/52ef67935880edd2768565651118bee9\",\"name\":\"Anne Marie Salgo\",\"image\":{\"@type\":\"ImageObject\",\"inLanguage\":\"nb-NO\",\"@id\":\"https:\\\/\\\/secure.gravatar.com\\\/avatar\\\/63bc5f7f74a90bb8d99eaaf8206d8217d780934d9a9659350347a36f2698fe6b?s=96&d=mm&r=g\",\"url\":\"https:\\\/\\\/secure.gravatar.com\\\/avatar\\\/63bc5f7f74a90bb8d99eaaf8206d8217d780934d9a9659350347a36f2698fe6b?s=96&d=mm&r=g\",\"contentUrl\":\"https:\\\/\\\/secure.gravatar.com\\\/avatar\\\/63bc5f7f74a90bb8d99eaaf8206d8217d780934d9a9659350347a36f2698fe6b?s=96&d=mm&r=g\",\"caption\":\"Anne Marie Salgo\"},\"url\":\"https:\\\/\\\/maristeurope.eu\\\/no\\\/author\\\/anne\\\/\"}]}<\/script>\n<!-- \/ Yoast SEO plugin. -->","yoast_head_json":{"title":"32 \u00e5r med Maristmisjon p\u00e5 Filippinene - Marist Europe","robots":{"index":"index","follow":"follow","max-snippet":"max-snippet:-1","max-image-preview":"max-image-preview:large","max-video-preview":"max-video-preview:-1"},"canonical":"https:\/\/maristeurope.eu\/no\/32-ar-med-maristmisjon-pa-filippinene\/","og_locale":"nb_NO","og_type":"article","og_title":"32 \u00e5r med Maristmisjon p\u00e5 Filippinene - Marist Europe","og_description":"Pater Paddy Muckian har nylig vendt tilbake til sitt hjemland Irland. Han skriver om sine \u00e5r som misjon\u00e6r med stor iver og glede...","og_url":"https:\/\/maristeurope.eu\/no\/32-ar-med-maristmisjon-pa-filippinene\/","og_site_name":"Marist Europe","article_published_time":"2026-04-09T05:04:00+00:00","og_image":[{"width":1280,"height":764,"url":"https:\/\/maristeurope.eu\/wp-content\/uploads\/2026\/04\/IMG-20260225-WA0006-e1775511047653.jpg","type":"image\/jpeg"}],"author":"Anne Marie Salgo","twitter_card":"summary_large_image","twitter_misc":{"Skrevet av":"Anne Marie Salgo","Ansl. lesetid":"4 minutter"},"schema":{"@context":"https:\/\/schema.org","@graph":[{"@type":"Article","@id":"https:\/\/maristeurope.eu\/no\/32-ar-med-maristmisjon-pa-filippinene\/#article","isPartOf":{"@id":"https:\/\/maristeurope.eu\/no\/32-ar-med-maristmisjon-pa-filippinene\/"},"author":{"name":"Anne Marie Salgo","@id":"https:\/\/maristeurope.eu\/no\/#\/schema\/person\/52ef67935880edd2768565651118bee9"},"headline":"32 \u00e5r med Maristmisjon p\u00e5 Filippinene","datePublished":"2026-04-09T05:04:00+00:00","mainEntityOfPage":{"@id":"https:\/\/maristeurope.eu\/no\/32-ar-med-maristmisjon-pa-filippinene\/"},"wordCount":870,"publisher":{"@id":"https:\/\/maristeurope.eu\/no\/#organization"},"image":{"@id":"https:\/\/maristeurope.eu\/no\/32-ar-med-maristmisjon-pa-filippinene\/#primaryimage"},"thumbnailUrl":"https:\/\/maristeurope.eu\/wp-content\/uploads\/2026\/04\/IMG-20260225-WA0006-e1775511047653.jpg","articleSection":["Uncategorized @no"],"inLanguage":"nb-NO"},{"@type":"WebPage","@id":"https:\/\/maristeurope.eu\/no\/32-ar-med-maristmisjon-pa-filippinene\/","url":"https:\/\/maristeurope.eu\/no\/32-ar-med-maristmisjon-pa-filippinene\/","name":"32 \u00e5r med Maristmisjon p\u00e5 Filippinene - Marist Europe","isPartOf":{"@id":"https:\/\/maristeurope.eu\/no\/#website"},"primaryImageOfPage":{"@id":"https:\/\/maristeurope.eu\/no\/32-ar-med-maristmisjon-pa-filippinene\/#primaryimage"},"image":{"@id":"https:\/\/maristeurope.eu\/no\/32-ar-med-maristmisjon-pa-filippinene\/#primaryimage"},"thumbnailUrl":"https:\/\/maristeurope.eu\/wp-content\/uploads\/2026\/04\/IMG-20260225-WA0006-e1775511047653.jpg","datePublished":"2026-04-09T05:04:00+00:00","breadcrumb":{"@id":"https:\/\/maristeurope.eu\/no\/32-ar-med-maristmisjon-pa-filippinene\/#breadcrumb"},"inLanguage":"nb-NO","potentialAction":[{"@type":"ReadAction","target":["https:\/\/maristeurope.eu\/no\/32-ar-med-maristmisjon-pa-filippinene\/"]}]},{"@type":"ImageObject","inLanguage":"nb-NO","@id":"https:\/\/maristeurope.eu\/no\/32-ar-med-maristmisjon-pa-filippinene\/#primaryimage","url":"https:\/\/maristeurope.eu\/wp-content\/uploads\/2026\/04\/IMG-20260225-WA0006-e1775511047653.jpg","contentUrl":"https:\/\/maristeurope.eu\/wp-content\/uploads\/2026\/04\/IMG-20260225-WA0006-e1775511047653.jpg","width":1280,"height":764},{"@type":"BreadcrumbList","@id":"https:\/\/maristeurope.eu\/no\/32-ar-med-maristmisjon-pa-filippinene\/#breadcrumb","itemListElement":[{"@type":"ListItem","position":1,"name":"Home","item":"https:\/\/maristeurope.eu\/no\/marister\/"},{"@type":"ListItem","position":2,"name":"32 \u00e5r med Maristmisjon p\u00e5 Filippinene"}]},{"@type":"WebSite","@id":"https:\/\/maristeurope.eu\/no\/#website","url":"https:\/\/maristeurope.eu\/no\/","name":"Marist Europe","description":"","publisher":{"@id":"https:\/\/maristeurope.eu\/no\/#organization"},"potentialAction":[{"@type":"SearchAction","target":{"@type":"EntryPoint","urlTemplate":"https:\/\/maristeurope.eu\/no\/?s={search_term_string}"},"query-input":{"@type":"PropertyValueSpecification","valueRequired":true,"valueName":"search_term_string"}}],"inLanguage":"nb-NO"},{"@type":"Organization","@id":"https:\/\/maristeurope.eu\/no\/#organization","name":"Marist Europe","url":"https:\/\/maristeurope.eu\/no\/","logo":{"@type":"ImageObject","inLanguage":"nb-NO","@id":"https:\/\/maristeurope.eu\/no\/#\/schema\/logo\/image\/","url":"https:\/\/maristeurope.eu\/wp-content\/uploads\/2024\/10\/EU-SM-Finalogo-02.png","contentUrl":"https:\/\/maristeurope.eu\/wp-content\/uploads\/2024\/10\/EU-SM-Finalogo-02.png","width":150,"height":156,"caption":"Marist Europe"},"image":{"@id":"https:\/\/maristeurope.eu\/no\/#\/schema\/logo\/image\/"}},{"@type":"Person","@id":"https:\/\/maristeurope.eu\/no\/#\/schema\/person\/52ef67935880edd2768565651118bee9","name":"Anne Marie Salgo","image":{"@type":"ImageObject","inLanguage":"nb-NO","@id":"https:\/\/secure.gravatar.com\/avatar\/63bc5f7f74a90bb8d99eaaf8206d8217d780934d9a9659350347a36f2698fe6b?s=96&d=mm&r=g","url":"https:\/\/secure.gravatar.com\/avatar\/63bc5f7f74a90bb8d99eaaf8206d8217d780934d9a9659350347a36f2698fe6b?s=96&d=mm&r=g","contentUrl":"https:\/\/secure.gravatar.com\/avatar\/63bc5f7f74a90bb8d99eaaf8206d8217d780934d9a9659350347a36f2698fe6b?s=96&d=mm&r=g","caption":"Anne Marie Salgo"},"url":"https:\/\/maristeurope.eu\/no\/author\/anne\/"}]}},"_links":{"self":[{"href":"https:\/\/maristeurope.eu\/no\/wp-json\/wp\/v2\/posts\/10532","targetHints":{"allow":["GET"]}}],"collection":[{"href":"https:\/\/maristeurope.eu\/no\/wp-json\/wp\/v2\/posts"}],"about":[{"href":"https:\/\/maristeurope.eu\/no\/wp-json\/wp\/v2\/types\/post"}],"author":[{"embeddable":true,"href":"https:\/\/maristeurope.eu\/no\/wp-json\/wp\/v2\/users\/3"}],"replies":[{"embeddable":true,"href":"https:\/\/maristeurope.eu\/no\/wp-json\/wp\/v2\/comments?post=10532"}],"version-history":[{"count":1,"href":"https:\/\/maristeurope.eu\/no\/wp-json\/wp\/v2\/posts\/10532\/revisions"}],"predecessor-version":[{"id":10534,"href":"https:\/\/maristeurope.eu\/no\/wp-json\/wp\/v2\/posts\/10532\/revisions\/10534"}],"wp:featuredmedia":[{"embeddable":true,"href":"https:\/\/maristeurope.eu\/no\/wp-json\/wp\/v2\/media\/10506"}],"wp:attachment":[{"href":"https:\/\/maristeurope.eu\/no\/wp-json\/wp\/v2\/media?parent=10532"}],"wp:term":[{"taxonomy":"category","embeddable":true,"href":"https:\/\/maristeurope.eu\/no\/wp-json\/wp\/v2\/categories?post=10532"},{"taxonomy":"post_tag","embeddable":true,"href":"https:\/\/maristeurope.eu\/no\/wp-json\/wp\/v2\/tags?post=10532"}],"curies":[{"name":"wp","href":"https:\/\/api.w.org\/{rel}","templated":true}]}}