{"id":10297,"date":"2026-03-21T11:26:02","date_gmt":"2026-03-21T10:26:02","guid":{"rendered":"https:\/\/maristeurope.eu\/feiring-av-frans-av-assisis-ar\/"},"modified":"2026-03-31T21:00:39","modified_gmt":"2026-03-31T19:00:39","slug":"feiring-av-frans-av-assisis-ar","status":"publish","type":"post","link":"https:\/\/maristeurope.eu\/no\/feiring-av-frans-av-assisis-ar\/","title":{"rendered":"Feiring av Frans av Assisis \u00e5r"},"content":{"rendered":"\n<p class=\"has-medium-font-size\"><strong>Renato Frappi<\/strong> skriver om sin <strong>opplevelse med Frans av Assisi:<\/strong> Den 24. og 25. februar hadde jeg den fantastiske muligheten til \u00e5 bes\u00f8ke Assisi i anledning 800-\u00e5rsjubileet for Frans' d\u00f8d. Jeg opplevde disse to dagene som sv\u00e6rt dyptgripende, s\u00e6rlig \u00e6rb\u00f8digheten av Frans' jordiske levninger. Jeg har alltid betraktet Frans som en mann som gjorde en enorm innsats p\u00e5 mange omr\u00e5der, fra kultur til billedkunst, fra \u00f8kologi til italiensk litteratur. Men denne gangen stoppet jeg ikke ved \"den\" Frans. Mens jeg sto i k\u00f8 sammen med mange andre pilegrimer for \u00e5 se hans jordiske levninger, tenkte jeg p\u00e5 hans liv og hans radikale valg, som var dypt annerledes enn det de fleste av dem som \u00e6rer, verdsetter og elsker ham i dag, meg selv inkludert. Hans tilv\u00e6relse var s\u00e5 n\u00f8ktern og gledesfylt, men samtidig rik p\u00e5 \u00e5nd og relasjoner, at den ofte kan virke uoppn\u00e5elig, uten sidestykke.     <\/p>\n\n<p class=\"has-medium-font-size\">Mens jeg i noen \u00f8yeblikk betraktet de stakkars knoklene som alle n\u00e5 kan \u00e6re, f\u00f8lte jeg en sterk dragning mot denne lille, men store mannen som fornyet kirken og ga tillit og h\u00e5p til de fattigste og mest ulykkelige. Jeg gjenoppdaget hvor viktig det er \u00e5 sette Jesus og evangeliet i sentrum igjen, \u00e5 dyrke et forhold til ham for et liv i tro, \u00e5 kjenne ham gjennom hans ord, \u00e5 v\u00e6re en refleksjon av hans konstante n\u00e6rv\u00e6r i historien, \u00e5 kunne gjenkjenne \u00c5ndens gjerning i hverandre og i skaperverket, som alltid f\u00f8rer til bevaring av et broderlig og universelt fellesskap. Det var en viktig og dyp opplevelse for meg, som ble enda mer gledelig av de andre eksepsjonelle f\u00f8lgesvennene jeg m\u00f8tte i Assisi: Chiara, Frans' s\u00f8te og sterke f\u00f8lgesvenn, og Carlo Acutis, den unge mannen som er forelsket i eukaristien. For en n\u00e5de det er i Assisi!   <\/p>\n\n<p><\/p>\n\n<figure class=\"wp-block-image\"><img loading=\"lazy\" decoding=\"async\" width=\"2560\" height=\"1442\" src=\"https:\/\/maristeurope.eu\/wp-content\/uploads\/2026\/03\/20260225_081634-scaled.jpg\" alt=\"\" class=\"wp-image-10282\" srcset=\"https:\/\/maristeurope.eu\/wp-content\/uploads\/2026\/03\/20260225_081634-scaled.jpg 2560w, https:\/\/maristeurope.eu\/wp-content\/uploads\/2026\/03\/20260225_081634-1280x721.jpg 1280w, https:\/\/maristeurope.eu\/wp-content\/uploads\/2026\/03\/20260225_081634-980x552.jpg 980w, https:\/\/maristeurope.eu\/wp-content\/uploads\/2026\/03\/20260225_081634-480x270.jpg 480w\" sizes=\"(min-width: 0px) and (max-width: 480px) 480px, (min-width: 481px) and (max-width: 980px) 980px, (min-width: 981px) and (max-width: 1280px) 1280px, (min-width: 1281px) 2560px, 100vw\" \/><\/figure>\n","protected":false},"excerpt":{"rendered":"<p>Fra 10. januar 2026 til 10. januar 2027 feirer Assisi et spesielt jubileums\u00e5r for Frans av Assisi, i anledning 800-\u00e5rsjubileet for helgenens d\u00f8d (1226-2026). Dette \"Frans&#8217; \u00e5r\" ble proklamert av pave Leo XIV, og i l\u00f8pet av \u00e5ret vil Frans&#8217; levninger bli utstilt for en sjelden gangs skyld.   <\/p>\n","protected":false},"author":3,"featured_media":10280,"comment_status":"closed","ping_status":"open","sticky":false,"template":"","format":"standard","meta":{"footnotes":""},"categories":[71],"tags":[],"class_list":["post-10297","post","type-post","status-publish","format-standard","has-post-thumbnail","hentry","category-uncategorized-no"],"yoast_head":"<!-- This site is optimized with the Yoast SEO plugin v27.5 - https:\/\/yoast.com\/product\/yoast-seo-wordpress\/ -->\n<title>Feiring av Frans av Assisis \u00e5r - Marist Europe<\/title>\n<meta name=\"robots\" content=\"index, follow, max-snippet:-1, max-image-preview:large, max-video-preview:-1\" \/>\n<link rel=\"canonical\" href=\"https:\/\/maristeurope.eu\/no\/feiring-av-frans-av-assisis-ar\/\" \/>\n<meta property=\"og:locale\" content=\"nb_NO\" \/>\n<meta property=\"og:type\" content=\"article\" \/>\n<meta property=\"og:title\" content=\"Feiring av Frans av Assisis \u00e5r - Marist Europe\" \/>\n<meta property=\"og:description\" content=\"Fra 10. januar 2026 til 10. januar 2027 feirer Assisi et spesielt jubileums\u00e5r for Frans av Assisi, i anledning 800-\u00e5rsjubileet for helgenens d\u00f8d (1226-2026). Dette &quot;Frans&#039; \u00e5r&quot; ble proklamert av pave Leo XIV, og i l\u00f8pet av \u00e5ret vil Frans&#039; levninger bli utstilt for en sjelden gangs skyld.\" \/>\n<meta property=\"og:url\" content=\"https:\/\/maristeurope.eu\/no\/feiring-av-frans-av-assisis-ar\/\" \/>\n<meta property=\"og:site_name\" content=\"Marist Europe\" \/>\n<meta property=\"article:published_time\" content=\"2026-03-21T10:26:02+00:00\" \/>\n<meta property=\"article:modified_time\" content=\"2026-03-31T19:00:39+00:00\" \/>\n<meta property=\"og:image\" content=\"https:\/\/maristeurope.eu\/wp-content\/uploads\/2026\/03\/20260225_124158-scaled.jpg\" \/>\n\t<meta property=\"og:image:width\" content=\"2560\" \/>\n\t<meta property=\"og:image:height\" content=\"1442\" \/>\n\t<meta property=\"og:image:type\" content=\"image\/jpeg\" \/>\n<meta name=\"author\" content=\"Anne Marie Salgo\" \/>\n<meta name=\"twitter:card\" content=\"summary_large_image\" \/>\n<meta name=\"twitter:label1\" content=\"Skrevet av\" \/>\n\t<meta name=\"twitter:data1\" content=\"Anne Marie Salgo\" \/>\n\t<meta name=\"twitter:label2\" content=\"Ansl. lesetid\" \/>\n\t<meta name=\"twitter:data2\" content=\"2 minutter\" \/>\n<script type=\"application\/ld+json\" class=\"yoast-schema-graph\">{\"@context\":\"https:\\\/\\\/schema.org\",\"@graph\":[{\"@type\":\"Article\",\"@id\":\"https:\\\/\\\/maristeurope.eu\\\/no\\\/feiring-av-frans-av-assisis-ar\\\/#article\",\"isPartOf\":{\"@id\":\"https:\\\/\\\/maristeurope.eu\\\/no\\\/feiring-av-frans-av-assisis-ar\\\/\"},\"author\":{\"name\":\"Anne Marie Salgo\",\"@id\":\"https:\\\/\\\/maristeurope.eu\\\/no\\\/#\\\/schema\\\/person\\\/52ef67935880edd2768565651118bee9\"},\"headline\":\"Feiring av Frans av Assisis \u00e5r\",\"datePublished\":\"2026-03-21T10:26:02+00:00\",\"dateModified\":\"2026-03-31T19:00:39+00:00\",\"mainEntityOfPage\":{\"@id\":\"https:\\\/\\\/maristeurope.eu\\\/no\\\/feiring-av-frans-av-assisis-ar\\\/\"},\"wordCount\":312,\"publisher\":{\"@id\":\"https:\\\/\\\/maristeurope.eu\\\/no\\\/#organization\"},\"image\":{\"@id\":\"https:\\\/\\\/maristeurope.eu\\\/no\\\/feiring-av-frans-av-assisis-ar\\\/#primaryimage\"},\"thumbnailUrl\":\"https:\\\/\\\/maristeurope.eu\\\/wp-content\\\/uploads\\\/2026\\\/03\\\/20260225_124158-scaled.jpg\",\"articleSection\":[\"Uncategorized @no\"],\"inLanguage\":\"nb-NO\"},{\"@type\":\"WebPage\",\"@id\":\"https:\\\/\\\/maristeurope.eu\\\/no\\\/feiring-av-frans-av-assisis-ar\\\/\",\"url\":\"https:\\\/\\\/maristeurope.eu\\\/no\\\/feiring-av-frans-av-assisis-ar\\\/\",\"name\":\"Feiring av Frans av Assisis \u00e5r - Marist Europe\",\"isPartOf\":{\"@id\":\"https:\\\/\\\/maristeurope.eu\\\/no\\\/#website\"},\"primaryImageOfPage\":{\"@id\":\"https:\\\/\\\/maristeurope.eu\\\/no\\\/feiring-av-frans-av-assisis-ar\\\/#primaryimage\"},\"image\":{\"@id\":\"https:\\\/\\\/maristeurope.eu\\\/no\\\/feiring-av-frans-av-assisis-ar\\\/#primaryimage\"},\"thumbnailUrl\":\"https:\\\/\\\/maristeurope.eu\\\/wp-content\\\/uploads\\\/2026\\\/03\\\/20260225_124158-scaled.jpg\",\"datePublished\":\"2026-03-21T10:26:02+00:00\",\"dateModified\":\"2026-03-31T19:00:39+00:00\",\"breadcrumb\":{\"@id\":\"https:\\\/\\\/maristeurope.eu\\\/no\\\/feiring-av-frans-av-assisis-ar\\\/#breadcrumb\"},\"inLanguage\":\"nb-NO\",\"potentialAction\":[{\"@type\":\"ReadAction\",\"target\":[\"https:\\\/\\\/maristeurope.eu\\\/no\\\/feiring-av-frans-av-assisis-ar\\\/\"]}]},{\"@type\":\"ImageObject\",\"inLanguage\":\"nb-NO\",\"@id\":\"https:\\\/\\\/maristeurope.eu\\\/no\\\/feiring-av-frans-av-assisis-ar\\\/#primaryimage\",\"url\":\"https:\\\/\\\/maristeurope.eu\\\/wp-content\\\/uploads\\\/2026\\\/03\\\/20260225_124158-scaled.jpg\",\"contentUrl\":\"https:\\\/\\\/maristeurope.eu\\\/wp-content\\\/uploads\\\/2026\\\/03\\\/20260225_124158-scaled.jpg\",\"width\":2560,\"height\":1442},{\"@type\":\"BreadcrumbList\",\"@id\":\"https:\\\/\\\/maristeurope.eu\\\/no\\\/feiring-av-frans-av-assisis-ar\\\/#breadcrumb\",\"itemListElement\":[{\"@type\":\"ListItem\",\"position\":1,\"name\":\"Home\",\"item\":\"https:\\\/\\\/maristeurope.eu\\\/no\\\/marister\\\/\"},{\"@type\":\"ListItem\",\"position\":2,\"name\":\"Feiring av Frans av Assisis \u00e5r\"}]},{\"@type\":\"WebSite\",\"@id\":\"https:\\\/\\\/maristeurope.eu\\\/no\\\/#website\",\"url\":\"https:\\\/\\\/maristeurope.eu\\\/no\\\/\",\"name\":\"Marist Europe\",\"description\":\"\",\"publisher\":{\"@id\":\"https:\\\/\\\/maristeurope.eu\\\/no\\\/#organization\"},\"potentialAction\":[{\"@type\":\"SearchAction\",\"target\":{\"@type\":\"EntryPoint\",\"urlTemplate\":\"https:\\\/\\\/maristeurope.eu\\\/no\\\/?s={search_term_string}\"},\"query-input\":{\"@type\":\"PropertyValueSpecification\",\"valueRequired\":true,\"valueName\":\"search_term_string\"}}],\"inLanguage\":\"nb-NO\"},{\"@type\":\"Organization\",\"@id\":\"https:\\\/\\\/maristeurope.eu\\\/no\\\/#organization\",\"name\":\"Marist Europe\",\"url\":\"https:\\\/\\\/maristeurope.eu\\\/no\\\/\",\"logo\":{\"@type\":\"ImageObject\",\"inLanguage\":\"nb-NO\",\"@id\":\"https:\\\/\\\/maristeurope.eu\\\/no\\\/#\\\/schema\\\/logo\\\/image\\\/\",\"url\":\"https:\\\/\\\/maristeurope.eu\\\/wp-content\\\/uploads\\\/2024\\\/10\\\/EU-SM-Finalogo-02.png\",\"contentUrl\":\"https:\\\/\\\/maristeurope.eu\\\/wp-content\\\/uploads\\\/2024\\\/10\\\/EU-SM-Finalogo-02.png\",\"width\":150,\"height\":156,\"caption\":\"Marist Europe\"},\"image\":{\"@id\":\"https:\\\/\\\/maristeurope.eu\\\/no\\\/#\\\/schema\\\/logo\\\/image\\\/\"}},{\"@type\":\"Person\",\"@id\":\"https:\\\/\\\/maristeurope.eu\\\/no\\\/#\\\/schema\\\/person\\\/52ef67935880edd2768565651118bee9\",\"name\":\"Anne Marie Salgo\",\"image\":{\"@type\":\"ImageObject\",\"inLanguage\":\"nb-NO\",\"@id\":\"https:\\\/\\\/secure.gravatar.com\\\/avatar\\\/63bc5f7f74a90bb8d99eaaf8206d8217d780934d9a9659350347a36f2698fe6b?s=96&d=mm&r=g\",\"url\":\"https:\\\/\\\/secure.gravatar.com\\\/avatar\\\/63bc5f7f74a90bb8d99eaaf8206d8217d780934d9a9659350347a36f2698fe6b?s=96&d=mm&r=g\",\"contentUrl\":\"https:\\\/\\\/secure.gravatar.com\\\/avatar\\\/63bc5f7f74a90bb8d99eaaf8206d8217d780934d9a9659350347a36f2698fe6b?s=96&d=mm&r=g\",\"caption\":\"Anne Marie Salgo\"},\"url\":\"https:\\\/\\\/maristeurope.eu\\\/no\\\/author\\\/anne\\\/\"}]}<\/script>\n<!-- \/ Yoast SEO plugin. -->","yoast_head_json":{"title":"Feiring av Frans av Assisis \u00e5r - Marist Europe","robots":{"index":"index","follow":"follow","max-snippet":"max-snippet:-1","max-image-preview":"max-image-preview:large","max-video-preview":"max-video-preview:-1"},"canonical":"https:\/\/maristeurope.eu\/no\/feiring-av-frans-av-assisis-ar\/","og_locale":"nb_NO","og_type":"article","og_title":"Feiring av Frans av Assisis \u00e5r - Marist Europe","og_description":"Fra 10. januar 2026 til 10. januar 2027 feirer Assisi et spesielt jubileums\u00e5r for Frans av Assisi, i anledning 800-\u00e5rsjubileet for helgenens d\u00f8d (1226-2026). Dette \"Frans' \u00e5r\" ble proklamert av pave Leo XIV, og i l\u00f8pet av \u00e5ret vil Frans' levninger bli utstilt for en sjelden gangs skyld.","og_url":"https:\/\/maristeurope.eu\/no\/feiring-av-frans-av-assisis-ar\/","og_site_name":"Marist Europe","article_published_time":"2026-03-21T10:26:02+00:00","article_modified_time":"2026-03-31T19:00:39+00:00","og_image":[{"width":2560,"height":1442,"url":"https:\/\/maristeurope.eu\/wp-content\/uploads\/2026\/03\/20260225_124158-scaled.jpg","type":"image\/jpeg"}],"author":"Anne Marie Salgo","twitter_card":"summary_large_image","twitter_misc":{"Skrevet av":"Anne Marie Salgo","Ansl. lesetid":"2 minutter"},"schema":{"@context":"https:\/\/schema.org","@graph":[{"@type":"Article","@id":"https:\/\/maristeurope.eu\/no\/feiring-av-frans-av-assisis-ar\/#article","isPartOf":{"@id":"https:\/\/maristeurope.eu\/no\/feiring-av-frans-av-assisis-ar\/"},"author":{"name":"Anne Marie Salgo","@id":"https:\/\/maristeurope.eu\/no\/#\/schema\/person\/52ef67935880edd2768565651118bee9"},"headline":"Feiring av Frans av Assisis \u00e5r","datePublished":"2026-03-21T10:26:02+00:00","dateModified":"2026-03-31T19:00:39+00:00","mainEntityOfPage":{"@id":"https:\/\/maristeurope.eu\/no\/feiring-av-frans-av-assisis-ar\/"},"wordCount":312,"publisher":{"@id":"https:\/\/maristeurope.eu\/no\/#organization"},"image":{"@id":"https:\/\/maristeurope.eu\/no\/feiring-av-frans-av-assisis-ar\/#primaryimage"},"thumbnailUrl":"https:\/\/maristeurope.eu\/wp-content\/uploads\/2026\/03\/20260225_124158-scaled.jpg","articleSection":["Uncategorized @no"],"inLanguage":"nb-NO"},{"@type":"WebPage","@id":"https:\/\/maristeurope.eu\/no\/feiring-av-frans-av-assisis-ar\/","url":"https:\/\/maristeurope.eu\/no\/feiring-av-frans-av-assisis-ar\/","name":"Feiring av Frans av Assisis \u00e5r - Marist Europe","isPartOf":{"@id":"https:\/\/maristeurope.eu\/no\/#website"},"primaryImageOfPage":{"@id":"https:\/\/maristeurope.eu\/no\/feiring-av-frans-av-assisis-ar\/#primaryimage"},"image":{"@id":"https:\/\/maristeurope.eu\/no\/feiring-av-frans-av-assisis-ar\/#primaryimage"},"thumbnailUrl":"https:\/\/maristeurope.eu\/wp-content\/uploads\/2026\/03\/20260225_124158-scaled.jpg","datePublished":"2026-03-21T10:26:02+00:00","dateModified":"2026-03-31T19:00:39+00:00","breadcrumb":{"@id":"https:\/\/maristeurope.eu\/no\/feiring-av-frans-av-assisis-ar\/#breadcrumb"},"inLanguage":"nb-NO","potentialAction":[{"@type":"ReadAction","target":["https:\/\/maristeurope.eu\/no\/feiring-av-frans-av-assisis-ar\/"]}]},{"@type":"ImageObject","inLanguage":"nb-NO","@id":"https:\/\/maristeurope.eu\/no\/feiring-av-frans-av-assisis-ar\/#primaryimage","url":"https:\/\/maristeurope.eu\/wp-content\/uploads\/2026\/03\/20260225_124158-scaled.jpg","contentUrl":"https:\/\/maristeurope.eu\/wp-content\/uploads\/2026\/03\/20260225_124158-scaled.jpg","width":2560,"height":1442},{"@type":"BreadcrumbList","@id":"https:\/\/maristeurope.eu\/no\/feiring-av-frans-av-assisis-ar\/#breadcrumb","itemListElement":[{"@type":"ListItem","position":1,"name":"Home","item":"https:\/\/maristeurope.eu\/no\/marister\/"},{"@type":"ListItem","position":2,"name":"Feiring av Frans av Assisis \u00e5r"}]},{"@type":"WebSite","@id":"https:\/\/maristeurope.eu\/no\/#website","url":"https:\/\/maristeurope.eu\/no\/","name":"Marist Europe","description":"","publisher":{"@id":"https:\/\/maristeurope.eu\/no\/#organization"},"potentialAction":[{"@type":"SearchAction","target":{"@type":"EntryPoint","urlTemplate":"https:\/\/maristeurope.eu\/no\/?s={search_term_string}"},"query-input":{"@type":"PropertyValueSpecification","valueRequired":true,"valueName":"search_term_string"}}],"inLanguage":"nb-NO"},{"@type":"Organization","@id":"https:\/\/maristeurope.eu\/no\/#organization","name":"Marist Europe","url":"https:\/\/maristeurope.eu\/no\/","logo":{"@type":"ImageObject","inLanguage":"nb-NO","@id":"https:\/\/maristeurope.eu\/no\/#\/schema\/logo\/image\/","url":"https:\/\/maristeurope.eu\/wp-content\/uploads\/2024\/10\/EU-SM-Finalogo-02.png","contentUrl":"https:\/\/maristeurope.eu\/wp-content\/uploads\/2024\/10\/EU-SM-Finalogo-02.png","width":150,"height":156,"caption":"Marist Europe"},"image":{"@id":"https:\/\/maristeurope.eu\/no\/#\/schema\/logo\/image\/"}},{"@type":"Person","@id":"https:\/\/maristeurope.eu\/no\/#\/schema\/person\/52ef67935880edd2768565651118bee9","name":"Anne Marie Salgo","image":{"@type":"ImageObject","inLanguage":"nb-NO","@id":"https:\/\/secure.gravatar.com\/avatar\/63bc5f7f74a90bb8d99eaaf8206d8217d780934d9a9659350347a36f2698fe6b?s=96&d=mm&r=g","url":"https:\/\/secure.gravatar.com\/avatar\/63bc5f7f74a90bb8d99eaaf8206d8217d780934d9a9659350347a36f2698fe6b?s=96&d=mm&r=g","contentUrl":"https:\/\/secure.gravatar.com\/avatar\/63bc5f7f74a90bb8d99eaaf8206d8217d780934d9a9659350347a36f2698fe6b?s=96&d=mm&r=g","caption":"Anne Marie Salgo"},"url":"https:\/\/maristeurope.eu\/no\/author\/anne\/"}]}},"_links":{"self":[{"href":"https:\/\/maristeurope.eu\/no\/wp-json\/wp\/v2\/posts\/10297","targetHints":{"allow":["GET"]}}],"collection":[{"href":"https:\/\/maristeurope.eu\/no\/wp-json\/wp\/v2\/posts"}],"about":[{"href":"https:\/\/maristeurope.eu\/no\/wp-json\/wp\/v2\/types\/post"}],"author":[{"embeddable":true,"href":"https:\/\/maristeurope.eu\/no\/wp-json\/wp\/v2\/users\/3"}],"replies":[{"embeddable":true,"href":"https:\/\/maristeurope.eu\/no\/wp-json\/wp\/v2\/comments?post=10297"}],"version-history":[{"count":1,"href":"https:\/\/maristeurope.eu\/no\/wp-json\/wp\/v2\/posts\/10297\/revisions"}],"predecessor-version":[{"id":10298,"href":"https:\/\/maristeurope.eu\/no\/wp-json\/wp\/v2\/posts\/10297\/revisions\/10298"}],"wp:featuredmedia":[{"embeddable":true,"href":"https:\/\/maristeurope.eu\/no\/wp-json\/wp\/v2\/media\/10280"}],"wp:attachment":[{"href":"https:\/\/maristeurope.eu\/no\/wp-json\/wp\/v2\/media?parent=10297"}],"wp:term":[{"taxonomy":"category","embeddable":true,"href":"https:\/\/maristeurope.eu\/no\/wp-json\/wp\/v2\/categories?post=10297"},{"taxonomy":"post_tag","embeddable":true,"href":"https:\/\/maristeurope.eu\/no\/wp-json\/wp\/v2\/tags?post=10297"}],"curies":[{"name":"wp","href":"https:\/\/api.w.org\/{rel}","templated":true}]}}