{"id":10195,"date":"2026-03-15T22:55:30","date_gmt":"2026-03-15T21:55:30","guid":{"rendered":"https:\/\/maristeurope.eu\/maristenes-bonn-for-kallelse\/"},"modified":"2026-03-31T21:06:42","modified_gmt":"2026-03-31T19:06:42","slug":"maristenes-bonn-for-kallelse","status":"publish","type":"post","link":"https:\/\/maristeurope.eu\/no\/maristenes-bonn-for-kallelse\/","title":{"rendered":"Maristenes b\u00f8nn for kall"},"content":{"rendered":"\n<p>P\u00e5 siste m\u00f8tet i provinsialr\u00e5det fikk vi et nytt utkast til b\u00f8nn for kall fra provinsens kallskomiteen. Da jeg leste den, sa jeg til meg selv: \"Det er dette vi trenger.\" Det jeg likte ved den, var at den fokuserte p\u00e5 \u00e5 be for maristiske kall blant unge voksne menn, som er rekrutteringsgruppen for v\u00e5r kongregasjon. Medlemmene i provinsialr\u00e5det \u00f8nsket ogs\u00e5 denne nye b\u00f8nnen velkommen. Vi har justert den litt, og vi anbefaler den gjerne til personlig bruk og til bruk i kommuniteten.    <\/p>\n\n<p><em>Kevin Duffy sm<br\/>Provinsialsuperior i Europa<\/em><\/p>\n\n<p><\/p>\n\n<blockquote class=\"wp-block-quote is-layout-flow wp-block-quote-is-layout-flow\">\n<p><strong>Himmelske Far, <br\/>du slutter aldri \u00e5 kalle ditt folk til \u00e5 tjene deg og din Kirke.<br\/>M\u00e5 vi alltid v\u00e6re takknemlige for v\u00e5rt kall til \u00e5 gj\u00f8re Marias arbeid <br\/>og til \u00e5 bringe ditt evangelium til verden.<br\/><br\/>Gjennom din S\u00f8nn, Jesus Kristus, ber vi deg  <\/strong><br\/><strong>om \u00e5 vekke nye kall til det maristiske ordenslivet.<br\/>Herre, vi ber deg om \u00e5 kalle unge menn <\/strong><br\/><strong>til \u00e5 v\u00e6re prester og br\u00f8dre i v\u00e5rt lille selskap.<br\/><br\/>Send oss menn som vil leve enkelt, <\/strong><br\/><strong>be trofast, og tjene med ydmykhet og glede.<br\/>Send din Hellige \u00c5nd i deres hjerter, <\/strong><br\/><strong>for \u00e5 gi dem klarhet og fred.<br\/><br\/>P\u00e5 forb\u00f8nn av Maria, <\/strong><br\/><strong>v\u00e5r f\u00f8rste og evige superior, <\/strong><br\/><strong>m\u00e5tte de svare p\u00e5 ditt kall med mot og h\u00e5p. <\/strong><br\/><strong>Vi ber denne b\u00f8nnen gjennom Kristus, v\u00e5r Herre. Amen. <br\/><br\/>Maria, selskapets mor, be for oss<br\/>Hellige Peter Chanel, be for oss<br\/>Hellige Marcellin Champagnat, be for oss<br\/>Jean Claude Colin, be for oss.<\/strong><\/p>\n<\/blockquote>\n\n<p><\/p>\n\n<hr class=\"wp-block-separator has-alpha-channel-opacity\"\/>\n\n<p><strong>Du kan laste ned b\u00f8nnen p\u00e5 forskjellige spr\u00e5k:<\/strong><\/p>\n\n<figure class=\"wp-block-table\"><table class=\"has-fixed-layout\"><tbody><tr><td><strong>Engelsk<\/strong><\/td><td><strong>fransk<\/strong><\/td><td><strong>italiano<\/strong><\/td><td><strong>espa\u00f1ol<\/strong><\/td><td><strong>Deutsch<\/strong><\/td><\/tr><tr><td><a href=\"https:\/\/maristeurope.eu\/wp-content\/uploads\/2026\/03\/EN-PRINT-Vocations-Prayer-2026.pdf\">For <\/a><a href=\"https:\/\/maristeurope.eu\/wp-content\/uploads\/2026\/03\/EN-PRINT-Vocations-Prayer-2026.pdf\" target=\"_blank\" rel=\"noreferrer noopener\">Skriv ut<\/a><\/td><td><a href=\"https:\/\/maristeurope.eu\/wp-content\/uploads\/2026\/03\/FR-PRINT-Vocations-Prayer-2026.pdf\" target=\"_blank\" rel=\"noreferrer noopener\">pour impression<\/a><\/td><td><a href=\"https:\/\/maristeurope.eu\/wp-content\/uploads\/2026\/03\/IT-PRINT-Vocations-Prayer-2026.pdf\" target=\"_blank\" rel=\"noreferrer noopener\">per la stampa<\/a><\/td><td><a href=\"https:\/\/maristeurope.eu\/wp-content\/uploads\/2026\/03\/ES-PRINT-Vocations-Prayer-2026.pdf\">para <\/a><a href=\"https:\/\/maristeurope.eu\/wp-content\/uploads\/2026\/03\/ES-PRINT-Vocations-Prayer-2026.pdf\" target=\"_blank\" rel=\"noreferrer noopener\">imprimir<\/a><\/td><td><a href=\"https:\/\/maristeurope.eu\/wp-content\/uploads\/2026\/03\/DE-PRINT-Vocations-Prayer-2026-1.pdf\" target=\"_blank\" rel=\"noreferrer noopener\">zum <\/a><a href=\"https:\/\/maristeurope.eu\/wp-content\/uploads\/2026\/03\/DE-PRINT-Vocations-Prayer-2026.pdf\">Drucken<\/a><\/td><\/tr><tr><td><a href=\"https:\/\/maristeurope.eu\/wp-content\/uploads\/2026\/03\/EN-Voc-Pra-2026.pdf\" target=\"_blank\" rel=\"noreferrer noopener\">DA PDF<\/a><\/td><td><a href=\"https:\/\/maristeurope.eu\/wp-content\/uploads\/2026\/03\/FR-Voc-Pra-2026.pdf\">FR <\/a><a href=\"https:\/\/maristeurope.eu\/wp-content\/uploads\/2026\/03\/FR-Voc-Pra-2026.pdf\" target=\"_blank\" rel=\"noreferrer noopener\">PDF<\/a><\/td><td><a href=\"https:\/\/maristeurope.eu\/wp-content\/uploads\/2026\/03\/IT-Voc-Pra-2026.pdf\">IT<\/a><a href=\"https:\/\/maristeurope.eu\/wp-content\/uploads\/2026\/03\/IT-Voc-Pra-2026.pdf\" target=\"_blank\" rel=\"noreferrer noopener\"> <\/a><a href=\"https:\/\/maristeurope.eu\/wp-content\/uploads\/2026\/03\/IT-Voc-Pra-2026.pdf\">PDF<\/a><\/td><td><a href=\"https:\/\/maristeurope.eu\/wp-content\/uploads\/2026\/03\/ES-Voc-Pra-2026.pdf\">ES <\/a><a href=\"https:\/\/maristeurope.eu\/wp-content\/uploads\/2026\/03\/ES-Voc-Pra-2026.pdf\" target=\"_blank\" rel=\"noreferrer noopener\">PDF<\/a><\/td><td><a href=\"https:\/\/maristeurope.eu\/wp-content\/uploads\/2026\/03\/DE-Voc-Pra-2026-1.pdf\" target=\"_blank\" rel=\"noreferrer noopener\">DE PDF<\/a><\/td><\/tr><tr><td>BILDER <a href=\"https:\/\/maristeurope.eu\/wp-content\/uploads\/2026\/03\/EN-2-scaled.jpg\" target=\"_blank\" rel=\"noreferrer noopener\">1<\/a> <a href=\"https:\/\/maristeurope.eu\/wp-content\/uploads\/2026\/03\/EN-scaled.jpg\" target=\"_blank\" rel=\"noreferrer noopener\">2 <\/a> <\/td><td><a href=\"https:\/\/maristeurope.eu\/wp-content\/uploads\/2026\/03\/FR-2-scaled.jpg\" target=\"_blank\" rel=\"noreferrer noopener\">1 <\/a>    <a href=\"https:\/\/maristeurope.eu\/wp-content\/uploads\/2026\/03\/FR-scaled.jpg\" target=\"_blank\" rel=\"noreferrer noopener\">2<\/a><\/td><td><a href=\"https:\/\/maristeurope.eu\/wp-content\/uploads\/2026\/03\/IT-2-scaled.jpg\" target=\"_blank\" rel=\"noreferrer noopener\">1<\/a>     <a href=\"https:\/\/maristeurope.eu\/wp-content\/uploads\/2026\/03\/IT-scaled.jpg\" target=\"_blank\" rel=\"noreferrer noopener\">2<\/a><\/td><td><a href=\"https:\/\/maristeurope.eu\/wp-content\/uploads\/2026\/03\/ES-2-scaled.jpg\" target=\"_blank\" rel=\"noreferrer noopener\">1<\/a>      <a href=\"https:\/\/maristeurope.eu\/wp-content\/uploads\/2026\/03\/ES-scaled.jpg\" target=\"_blank\" rel=\"noreferrer noopener\">2<\/a><\/td><td><a href=\"https:\/\/maristeurope.eu\/wp-content\/uploads\/2026\/03\/DE-2-scaled.jpg\" target=\"_blank\" rel=\"noreferrer noopener\">1<\/a> <a href=\"https:\/\/maristeurope.eu\/wp-content\/uploads\/2026\/03\/DE-2-1-scaled.jpg\" target=\"_blank\" rel=\"noreferrer noopener\">2<\/a><\/td><\/tr><\/tbody><\/table><\/figure>\n","protected":false},"excerpt":{"rendered":"<p>Last ned den nye kallsb\u00f8nnen som vi oppfordres til \u00e5 dele i provinsen. La oss be om at Den hellige \u00e5nd vil lede de ulike initiativene for kall i provinsen.   <\/p>\n","protected":false},"author":3,"featured_media":10180,"comment_status":"closed","ping_status":"open","sticky":false,"template":"","format":"standard","meta":{"footnotes":""},"categories":[71],"tags":[],"class_list":["post-10195","post","type-post","status-publish","format-standard","has-post-thumbnail","hentry","category-uncategorized-no"],"yoast_head":"<!-- This site is optimized with the Yoast SEO plugin v27.5 - https:\/\/yoast.com\/product\/yoast-seo-wordpress\/ -->\n<title>Maristenes b\u00f8nn for kall - Marist Europe<\/title>\n<meta name=\"robots\" content=\"index, follow, max-snippet:-1, max-image-preview:large, max-video-preview:-1\" \/>\n<link rel=\"canonical\" href=\"https:\/\/maristeurope.eu\/no\/maristenes-bonn-for-kallelse\/\" \/>\n<meta property=\"og:locale\" content=\"nb_NO\" \/>\n<meta property=\"og:type\" content=\"article\" \/>\n<meta property=\"og:title\" content=\"Maristenes b\u00f8nn for kall - Marist Europe\" \/>\n<meta property=\"og:description\" content=\"Last ned den nye kallsb\u00f8nnen som vi oppfordres til \u00e5 dele i provinsen. La oss be om at Den hellige \u00e5nd vil lede de ulike initiativene for kall i provinsen.\" \/>\n<meta property=\"og:url\" content=\"https:\/\/maristeurope.eu\/no\/maristenes-bonn-for-kallelse\/\" \/>\n<meta property=\"og:site_name\" content=\"Marist Europe\" \/>\n<meta property=\"article:published_time\" content=\"2026-03-15T21:55:30+00:00\" \/>\n<meta property=\"article:modified_time\" content=\"2026-03-31T19:06:42+00:00\" \/>\n<meta property=\"og:image\" content=\"https:\/\/maristeurope.eu\/wp-content\/uploads\/2026\/03\/standing-mountain-peak-arms-raised-success-generated-by-ai-scaled-e1773611179222.jpg\" \/>\n\t<meta property=\"og:image:width\" content=\"2560\" \/>\n\t<meta property=\"og:image:height\" content=\"1463\" \/>\n\t<meta property=\"og:image:type\" content=\"image\/jpeg\" \/>\n<meta name=\"author\" content=\"Anne Marie Salgo\" \/>\n<meta name=\"twitter:card\" content=\"summary_large_image\" \/>\n<meta name=\"twitter:label1\" content=\"Skrevet av\" \/>\n\t<meta name=\"twitter:data1\" content=\"Anne Marie Salgo\" \/>\n\t<meta name=\"twitter:label2\" content=\"Ansl. lesetid\" \/>\n\t<meta name=\"twitter:data2\" content=\"1 minutt\" \/>\n<script type=\"application\/ld+json\" class=\"yoast-schema-graph\">{\"@context\":\"https:\\\/\\\/schema.org\",\"@graph\":[{\"@type\":\"Article\",\"@id\":\"https:\\\/\\\/maristeurope.eu\\\/no\\\/maristenes-bonn-for-kallelse\\\/#article\",\"isPartOf\":{\"@id\":\"https:\\\/\\\/maristeurope.eu\\\/no\\\/maristenes-bonn-for-kallelse\\\/\"},\"author\":{\"name\":\"Anne Marie Salgo\",\"@id\":\"https:\\\/\\\/maristeurope.eu\\\/no\\\/#\\\/schema\\\/person\\\/52ef67935880edd2768565651118bee9\"},\"headline\":\"Maristenes b\u00f8nn for kall\",\"datePublished\":\"2026-03-15T21:55:30+00:00\",\"dateModified\":\"2026-03-31T19:06:42+00:00\",\"mainEntityOfPage\":{\"@id\":\"https:\\\/\\\/maristeurope.eu\\\/no\\\/maristenes-bonn-for-kallelse\\\/\"},\"wordCount\":294,\"publisher\":{\"@id\":\"https:\\\/\\\/maristeurope.eu\\\/no\\\/#organization\"},\"image\":{\"@id\":\"https:\\\/\\\/maristeurope.eu\\\/no\\\/maristenes-bonn-for-kallelse\\\/#primaryimage\"},\"thumbnailUrl\":\"https:\\\/\\\/maristeurope.eu\\\/wp-content\\\/uploads\\\/2026\\\/03\\\/standing-mountain-peak-arms-raised-success-generated-by-ai-scaled-e1773611179222.jpg\",\"articleSection\":[\"Uncategorized @no\"],\"inLanguage\":\"nb-NO\"},{\"@type\":\"WebPage\",\"@id\":\"https:\\\/\\\/maristeurope.eu\\\/no\\\/maristenes-bonn-for-kallelse\\\/\",\"url\":\"https:\\\/\\\/maristeurope.eu\\\/no\\\/maristenes-bonn-for-kallelse\\\/\",\"name\":\"Maristenes b\u00f8nn for kall - Marist Europe\",\"isPartOf\":{\"@id\":\"https:\\\/\\\/maristeurope.eu\\\/no\\\/#website\"},\"primaryImageOfPage\":{\"@id\":\"https:\\\/\\\/maristeurope.eu\\\/no\\\/maristenes-bonn-for-kallelse\\\/#primaryimage\"},\"image\":{\"@id\":\"https:\\\/\\\/maristeurope.eu\\\/no\\\/maristenes-bonn-for-kallelse\\\/#primaryimage\"},\"thumbnailUrl\":\"https:\\\/\\\/maristeurope.eu\\\/wp-content\\\/uploads\\\/2026\\\/03\\\/standing-mountain-peak-arms-raised-success-generated-by-ai-scaled-e1773611179222.jpg\",\"datePublished\":\"2026-03-15T21:55:30+00:00\",\"dateModified\":\"2026-03-31T19:06:42+00:00\",\"breadcrumb\":{\"@id\":\"https:\\\/\\\/maristeurope.eu\\\/no\\\/maristenes-bonn-for-kallelse\\\/#breadcrumb\"},\"inLanguage\":\"nb-NO\",\"potentialAction\":[{\"@type\":\"ReadAction\",\"target\":[\"https:\\\/\\\/maristeurope.eu\\\/no\\\/maristenes-bonn-for-kallelse\\\/\"]}]},{\"@type\":\"ImageObject\",\"inLanguage\":\"nb-NO\",\"@id\":\"https:\\\/\\\/maristeurope.eu\\\/no\\\/maristenes-bonn-for-kallelse\\\/#primaryimage\",\"url\":\"https:\\\/\\\/maristeurope.eu\\\/wp-content\\\/uploads\\\/2026\\\/03\\\/standing-mountain-peak-arms-raised-success-generated-by-ai-scaled-e1773611179222.jpg\",\"contentUrl\":\"https:\\\/\\\/maristeurope.eu\\\/wp-content\\\/uploads\\\/2026\\\/03\\\/standing-mountain-peak-arms-raised-success-generated-by-ai-scaled-e1773611179222.jpg\",\"width\":2560,\"height\":1463,\"caption\":\"Standing on mountain peak, arms raised in success generated by artificial intelligence\"},{\"@type\":\"BreadcrumbList\",\"@id\":\"https:\\\/\\\/maristeurope.eu\\\/no\\\/maristenes-bonn-for-kallelse\\\/#breadcrumb\",\"itemListElement\":[{\"@type\":\"ListItem\",\"position\":1,\"name\":\"Home\",\"item\":\"https:\\\/\\\/maristeurope.eu\\\/no\\\/marister\\\/\"},{\"@type\":\"ListItem\",\"position\":2,\"name\":\"Maristenes b\u00f8nn for kall\"}]},{\"@type\":\"WebSite\",\"@id\":\"https:\\\/\\\/maristeurope.eu\\\/no\\\/#website\",\"url\":\"https:\\\/\\\/maristeurope.eu\\\/no\\\/\",\"name\":\"Marist Europe\",\"description\":\"\",\"publisher\":{\"@id\":\"https:\\\/\\\/maristeurope.eu\\\/no\\\/#organization\"},\"potentialAction\":[{\"@type\":\"SearchAction\",\"target\":{\"@type\":\"EntryPoint\",\"urlTemplate\":\"https:\\\/\\\/maristeurope.eu\\\/no\\\/?s={search_term_string}\"},\"query-input\":{\"@type\":\"PropertyValueSpecification\",\"valueRequired\":true,\"valueName\":\"search_term_string\"}}],\"inLanguage\":\"nb-NO\"},{\"@type\":\"Organization\",\"@id\":\"https:\\\/\\\/maristeurope.eu\\\/no\\\/#organization\",\"name\":\"Marist Europe\",\"url\":\"https:\\\/\\\/maristeurope.eu\\\/no\\\/\",\"logo\":{\"@type\":\"ImageObject\",\"inLanguage\":\"nb-NO\",\"@id\":\"https:\\\/\\\/maristeurope.eu\\\/no\\\/#\\\/schema\\\/logo\\\/image\\\/\",\"url\":\"https:\\\/\\\/maristeurope.eu\\\/wp-content\\\/uploads\\\/2024\\\/10\\\/EU-SM-Finalogo-02.png\",\"contentUrl\":\"https:\\\/\\\/maristeurope.eu\\\/wp-content\\\/uploads\\\/2024\\\/10\\\/EU-SM-Finalogo-02.png\",\"width\":150,\"height\":156,\"caption\":\"Marist Europe\"},\"image\":{\"@id\":\"https:\\\/\\\/maristeurope.eu\\\/no\\\/#\\\/schema\\\/logo\\\/image\\\/\"}},{\"@type\":\"Person\",\"@id\":\"https:\\\/\\\/maristeurope.eu\\\/no\\\/#\\\/schema\\\/person\\\/52ef67935880edd2768565651118bee9\",\"name\":\"Anne Marie Salgo\",\"image\":{\"@type\":\"ImageObject\",\"inLanguage\":\"nb-NO\",\"@id\":\"https:\\\/\\\/secure.gravatar.com\\\/avatar\\\/63bc5f7f74a90bb8d99eaaf8206d8217d780934d9a9659350347a36f2698fe6b?s=96&d=mm&r=g\",\"url\":\"https:\\\/\\\/secure.gravatar.com\\\/avatar\\\/63bc5f7f74a90bb8d99eaaf8206d8217d780934d9a9659350347a36f2698fe6b?s=96&d=mm&r=g\",\"contentUrl\":\"https:\\\/\\\/secure.gravatar.com\\\/avatar\\\/63bc5f7f74a90bb8d99eaaf8206d8217d780934d9a9659350347a36f2698fe6b?s=96&d=mm&r=g\",\"caption\":\"Anne Marie Salgo\"},\"url\":\"https:\\\/\\\/maristeurope.eu\\\/no\\\/author\\\/anne\\\/\"}]}<\/script>\n<!-- \/ Yoast SEO plugin. -->","yoast_head_json":{"title":"Maristenes b\u00f8nn for kall - Marist Europe","robots":{"index":"index","follow":"follow","max-snippet":"max-snippet:-1","max-image-preview":"max-image-preview:large","max-video-preview":"max-video-preview:-1"},"canonical":"https:\/\/maristeurope.eu\/no\/maristenes-bonn-for-kallelse\/","og_locale":"nb_NO","og_type":"article","og_title":"Maristenes b\u00f8nn for kall - Marist Europe","og_description":"Last ned den nye kallsb\u00f8nnen som vi oppfordres til \u00e5 dele i provinsen. La oss be om at Den hellige \u00e5nd vil lede de ulike initiativene for kall i provinsen.","og_url":"https:\/\/maristeurope.eu\/no\/maristenes-bonn-for-kallelse\/","og_site_name":"Marist Europe","article_published_time":"2026-03-15T21:55:30+00:00","article_modified_time":"2026-03-31T19:06:42+00:00","og_image":[{"width":2560,"height":1463,"url":"https:\/\/maristeurope.eu\/wp-content\/uploads\/2026\/03\/standing-mountain-peak-arms-raised-success-generated-by-ai-scaled-e1773611179222.jpg","type":"image\/jpeg"}],"author":"Anne Marie Salgo","twitter_card":"summary_large_image","twitter_misc":{"Skrevet av":"Anne Marie Salgo","Ansl. lesetid":"1 minutt"},"schema":{"@context":"https:\/\/schema.org","@graph":[{"@type":"Article","@id":"https:\/\/maristeurope.eu\/no\/maristenes-bonn-for-kallelse\/#article","isPartOf":{"@id":"https:\/\/maristeurope.eu\/no\/maristenes-bonn-for-kallelse\/"},"author":{"name":"Anne Marie Salgo","@id":"https:\/\/maristeurope.eu\/no\/#\/schema\/person\/52ef67935880edd2768565651118bee9"},"headline":"Maristenes b\u00f8nn for kall","datePublished":"2026-03-15T21:55:30+00:00","dateModified":"2026-03-31T19:06:42+00:00","mainEntityOfPage":{"@id":"https:\/\/maristeurope.eu\/no\/maristenes-bonn-for-kallelse\/"},"wordCount":294,"publisher":{"@id":"https:\/\/maristeurope.eu\/no\/#organization"},"image":{"@id":"https:\/\/maristeurope.eu\/no\/maristenes-bonn-for-kallelse\/#primaryimage"},"thumbnailUrl":"https:\/\/maristeurope.eu\/wp-content\/uploads\/2026\/03\/standing-mountain-peak-arms-raised-success-generated-by-ai-scaled-e1773611179222.jpg","articleSection":["Uncategorized @no"],"inLanguage":"nb-NO"},{"@type":"WebPage","@id":"https:\/\/maristeurope.eu\/no\/maristenes-bonn-for-kallelse\/","url":"https:\/\/maristeurope.eu\/no\/maristenes-bonn-for-kallelse\/","name":"Maristenes b\u00f8nn for kall - Marist Europe","isPartOf":{"@id":"https:\/\/maristeurope.eu\/no\/#website"},"primaryImageOfPage":{"@id":"https:\/\/maristeurope.eu\/no\/maristenes-bonn-for-kallelse\/#primaryimage"},"image":{"@id":"https:\/\/maristeurope.eu\/no\/maristenes-bonn-for-kallelse\/#primaryimage"},"thumbnailUrl":"https:\/\/maristeurope.eu\/wp-content\/uploads\/2026\/03\/standing-mountain-peak-arms-raised-success-generated-by-ai-scaled-e1773611179222.jpg","datePublished":"2026-03-15T21:55:30+00:00","dateModified":"2026-03-31T19:06:42+00:00","breadcrumb":{"@id":"https:\/\/maristeurope.eu\/no\/maristenes-bonn-for-kallelse\/#breadcrumb"},"inLanguage":"nb-NO","potentialAction":[{"@type":"ReadAction","target":["https:\/\/maristeurope.eu\/no\/maristenes-bonn-for-kallelse\/"]}]},{"@type":"ImageObject","inLanguage":"nb-NO","@id":"https:\/\/maristeurope.eu\/no\/maristenes-bonn-for-kallelse\/#primaryimage","url":"https:\/\/maristeurope.eu\/wp-content\/uploads\/2026\/03\/standing-mountain-peak-arms-raised-success-generated-by-ai-scaled-e1773611179222.jpg","contentUrl":"https:\/\/maristeurope.eu\/wp-content\/uploads\/2026\/03\/standing-mountain-peak-arms-raised-success-generated-by-ai-scaled-e1773611179222.jpg","width":2560,"height":1463,"caption":"Standing on mountain peak, arms raised in success generated by artificial intelligence"},{"@type":"BreadcrumbList","@id":"https:\/\/maristeurope.eu\/no\/maristenes-bonn-for-kallelse\/#breadcrumb","itemListElement":[{"@type":"ListItem","position":1,"name":"Home","item":"https:\/\/maristeurope.eu\/no\/marister\/"},{"@type":"ListItem","position":2,"name":"Maristenes b\u00f8nn for kall"}]},{"@type":"WebSite","@id":"https:\/\/maristeurope.eu\/no\/#website","url":"https:\/\/maristeurope.eu\/no\/","name":"Marist Europe","description":"","publisher":{"@id":"https:\/\/maristeurope.eu\/no\/#organization"},"potentialAction":[{"@type":"SearchAction","target":{"@type":"EntryPoint","urlTemplate":"https:\/\/maristeurope.eu\/no\/?s={search_term_string}"},"query-input":{"@type":"PropertyValueSpecification","valueRequired":true,"valueName":"search_term_string"}}],"inLanguage":"nb-NO"},{"@type":"Organization","@id":"https:\/\/maristeurope.eu\/no\/#organization","name":"Marist Europe","url":"https:\/\/maristeurope.eu\/no\/","logo":{"@type":"ImageObject","inLanguage":"nb-NO","@id":"https:\/\/maristeurope.eu\/no\/#\/schema\/logo\/image\/","url":"https:\/\/maristeurope.eu\/wp-content\/uploads\/2024\/10\/EU-SM-Finalogo-02.png","contentUrl":"https:\/\/maristeurope.eu\/wp-content\/uploads\/2024\/10\/EU-SM-Finalogo-02.png","width":150,"height":156,"caption":"Marist Europe"},"image":{"@id":"https:\/\/maristeurope.eu\/no\/#\/schema\/logo\/image\/"}},{"@type":"Person","@id":"https:\/\/maristeurope.eu\/no\/#\/schema\/person\/52ef67935880edd2768565651118bee9","name":"Anne Marie Salgo","image":{"@type":"ImageObject","inLanguage":"nb-NO","@id":"https:\/\/secure.gravatar.com\/avatar\/63bc5f7f74a90bb8d99eaaf8206d8217d780934d9a9659350347a36f2698fe6b?s=96&d=mm&r=g","url":"https:\/\/secure.gravatar.com\/avatar\/63bc5f7f74a90bb8d99eaaf8206d8217d780934d9a9659350347a36f2698fe6b?s=96&d=mm&r=g","contentUrl":"https:\/\/secure.gravatar.com\/avatar\/63bc5f7f74a90bb8d99eaaf8206d8217d780934d9a9659350347a36f2698fe6b?s=96&d=mm&r=g","caption":"Anne Marie Salgo"},"url":"https:\/\/maristeurope.eu\/no\/author\/anne\/"}]}},"_links":{"self":[{"href":"https:\/\/maristeurope.eu\/no\/wp-json\/wp\/v2\/posts\/10195","targetHints":{"allow":["GET"]}}],"collection":[{"href":"https:\/\/maristeurope.eu\/no\/wp-json\/wp\/v2\/posts"}],"about":[{"href":"https:\/\/maristeurope.eu\/no\/wp-json\/wp\/v2\/types\/post"}],"author":[{"embeddable":true,"href":"https:\/\/maristeurope.eu\/no\/wp-json\/wp\/v2\/users\/3"}],"replies":[{"embeddable":true,"href":"https:\/\/maristeurope.eu\/no\/wp-json\/wp\/v2\/comments?post=10195"}],"version-history":[{"count":11,"href":"https:\/\/maristeurope.eu\/no\/wp-json\/wp\/v2\/posts\/10195\/revisions"}],"predecessor-version":[{"id":10306,"href":"https:\/\/maristeurope.eu\/no\/wp-json\/wp\/v2\/posts\/10195\/revisions\/10306"}],"wp:featuredmedia":[{"embeddable":true,"href":"https:\/\/maristeurope.eu\/no\/wp-json\/wp\/v2\/media\/10180"}],"wp:attachment":[{"href":"https:\/\/maristeurope.eu\/no\/wp-json\/wp\/v2\/media?parent=10195"}],"wp:term":[{"taxonomy":"category","embeddable":true,"href":"https:\/\/maristeurope.eu\/no\/wp-json\/wp\/v2\/categories?post=10195"},{"taxonomy":"post_tag","embeddable":true,"href":"https:\/\/maristeurope.eu\/no\/wp-json\/wp\/v2\/tags?post=10195"}],"curies":[{"name":"wp","href":"https:\/\/api.w.org\/{rel}","templated":true}]}}