{"id":10002,"date":"2026-03-13T17:13:37","date_gmt":"2026-03-13T16:13:37","guid":{"rendered":"https:\/\/maristeurope.eu\/la-neyliere-organiseerde-een-literaire-prijs\/"},"modified":"2026-03-13T17:23:15","modified_gmt":"2026-03-13T16:23:15","slug":"la-neyliere-organiseerde-een-literaire-prijs","status":"publish","type":"post","link":"https:\/\/maristeurope.eu\/nl\/la-neyliere-organiseerde-een-literaire-prijs\/","title":{"rendered":"La Neyli\u00e8re organiseerde een literaire prijs"},"content":{"rendered":"\n<p>Jean-Marie Bloqueau schrijft:  <\/p>\n\n<p>Om de twee jaar organiseert het mediatheeknetwerk Com'MonLy van de gemeente Monts du Lyonnais een literaire prijs over een thema dat verband houdt met een continent of land. Voor de vijfde editie was de prijs gericht op Oceani\u00eb. Ambroisine, co\u00f6rdinator van het netwerk en de prijs, nam contact op met La Neyli\u00e8re, dat een opmerkelijk museum over Oceani\u00eb heeft dat ook buiten de regio Lyon bekend is. De vrijwilligers die het museum runnen waren meteen ge\u00efnteresseerd in het project en investeerden erin. Op vrijdag 27 februari, van 18.00 tot 22.00 uur, verwelkomde La Neyli\u00e8re tussen de 150 en 200 mensen uit de hele regio om de resultaten van de prijs te horen.    <\/p>\n\n<p>Voor de gelegenheid bundelden vrijwilligers van het Com'MonLy netwerk en La Neyli\u00e8re hun enthousiasme om verschillende workshops aan te bieden aan de vele bezoekers. Daaronder waren: M\u0101ori muziek en liederen door kinderen en volwassenen van de drie muziekscholen in de grote kapel, Oceanische tatoeage workshops, Oceanische boeketten en vlechten maken, museumrondleidingen en speurtochten, Oceani\u00eb ontdekken door middel van verschillende creatieve spellen en verhalen, een tentoonstelling van tapas gepresenteerd door museumgidsen, Ha\u00eftiaanse dansen, en nog veel meer. Het was een nieuw publiek dat onze plek leerde kennen. De meesten waren voor het eerst op bezoek en ze waren veel jonger dan de mensen die we normaal gesproken ontvangen.   <\/p>\n\n<p>Het was een vreugdevolle en vruchtbare samenwerking tussen het vrijwilligersnetwerk van Neyli\u00e8re (Les Amis de la Neyli\u00e8re, de animatiegroep van het Oceania Museum, Neyli\u00e8re-Avenir, de Maristengemeenschap) en het netwerk van vrijwilligers en professionals van de gemeente (bibliotheken en muziekscholen). We hebben elkaar leren kennen tijdens de voorbereiding van dit literaire evenement en we hebben allemaal met veel plezier samengewerkt. Voor de goede orde: de prijs ging naar The White Girl van Tony Birch, een zeer populaire Australische auteur van Aboriginal afkomst.  <\/p>\n\n<p>Ik dacht terug aan de Maristenzending die aan La Neyli\u00e8re is toevertrouwd: \"<em>De raison d'\u00eatre van La Neyli\u00e8re is, ten eerste, de toegang tot het Maristenerfgoed vandaag de dag te vergemakkelijken in een levende gemeenschap en traditie; ten tweede, mogelijkheden te bieden voor ontmoeting, vorming en spiritualiteit; en ten derde, waar nodig, ten dienste te staan van de plaatselijke gemeenschap in het algemeen.\"<\/em> De bijeenkomst op 27 februari voldeed aan deze drie doelstellingen. Voor de Maristen van La Neyli\u00e8re, zowel leken als religieuzen, was het een gelegenheid om hun horizon te verbreden. We hopen dat het veelbelovend zal zijn in termen van lokale netwerken. Bij het weggaan zeiden velen:<em> \"We komen terug naar La Neyli\u00e8re! We zullen weer samenwerken.\"<\/em>   <\/p>\n\n<figure class=\"wp-block-image size-large\"><img loading=\"lazy\" decoding=\"async\" width=\"1024\" height=\"683\" src=\"https:\/\/maristeurope.eu\/wp-content\/uploads\/2026\/03\/Photo-2-1024x683.jpg\" alt=\"\" class=\"wp-image-9984\" srcset=\"https:\/\/maristeurope.eu\/wp-content\/uploads\/2026\/03\/Photo-2-980x653.jpg 980w, https:\/\/maristeurope.eu\/wp-content\/uploads\/2026\/03\/Photo-2-480x320.jpg 480w\" sizes=\"(min-width: 0px) and (max-width: 480px) 480px, (min-width: 481px) and (max-width: 980px) 980px, (min-width: 981px) 1024px, 100vw\" \/><\/figure>\n","protected":false},"excerpt":{"rendered":"<p>Om de twee jaar organiseert het mediatheeknetwerk Com&#8217;MonLy van de gemeente Monts du Lyonnais een literaire prijs over een thema dat verband houdt met een continent of land. Voor de vijfde editie richtte de prijs zich op Oceani\u00eb. <\/p>\n","protected":false},"author":3,"featured_media":9978,"comment_status":"closed","ping_status":"open","sticky":false,"template":"","format":"standard","meta":{"footnotes":""},"categories":[52],"tags":[],"class_list":["post-10002","post","type-post","status-publish","format-standard","has-post-thumbnail","hentry","category-ongecategoriseerd"],"yoast_head":"<!-- This site is optimized with the Yoast SEO plugin v27.5 - https:\/\/yoast.com\/product\/yoast-seo-wordpress\/ -->\n<title>La Neyli\u00e8re organiseerde een literaire prijs - Marist Europe<\/title>\n<meta name=\"robots\" content=\"index, follow, max-snippet:-1, max-image-preview:large, max-video-preview:-1\" \/>\n<link rel=\"canonical\" href=\"https:\/\/maristeurope.eu\/nl\/la-neyliere-organiseerde-een-literaire-prijs\/\" \/>\n<meta property=\"og:locale\" content=\"nl_NL\" \/>\n<meta property=\"og:type\" content=\"article\" \/>\n<meta property=\"og:title\" content=\"La Neyli\u00e8re organiseerde een literaire prijs - Marist Europe\" \/>\n<meta property=\"og:description\" content=\"Om de twee jaar organiseert het mediatheeknetwerk Com&#039;MonLy van de gemeente Monts du Lyonnais een literaire prijs over een thema dat verband houdt met een continent of land. Voor de vijfde editie richtte de prijs zich op Oceani\u00eb.\" \/>\n<meta property=\"og:url\" content=\"https:\/\/maristeurope.eu\/nl\/la-neyliere-organiseerde-een-literaire-prijs\/\" \/>\n<meta property=\"og:site_name\" content=\"Marist Europe\" \/>\n<meta property=\"article:published_time\" content=\"2026-03-13T16:13:37+00:00\" \/>\n<meta property=\"article:modified_time\" content=\"2026-03-13T16:23:15+00:00\" \/>\n<meta property=\"og:image\" content=\"https:\/\/maristeurope.eu\/wp-content\/uploads\/2026\/03\/Photo-1-scaled.jpg\" \/>\n\t<meta property=\"og:image:width\" content=\"2560\" \/>\n\t<meta property=\"og:image:height\" content=\"1920\" \/>\n\t<meta property=\"og:image:type\" content=\"image\/jpeg\" \/>\n<meta name=\"author\" content=\"Anne Marie Salgo\" \/>\n<meta name=\"twitter:card\" content=\"summary_large_image\" \/>\n<meta name=\"twitter:label1\" content=\"Geschreven door\" \/>\n\t<meta name=\"twitter:data1\" content=\"Anne Marie Salgo\" \/>\n\t<meta name=\"twitter:label2\" content=\"Geschatte leestijd\" \/>\n\t<meta name=\"twitter:data2\" content=\"2 minuut\" \/>\n<script type=\"application\/ld+json\" class=\"yoast-schema-graph\">{\"@context\":\"https:\\\/\\\/schema.org\",\"@graph\":[{\"@type\":\"Article\",\"@id\":\"https:\\\/\\\/maristeurope.eu\\\/nl\\\/la-neyliere-organiseerde-een-literaire-prijs\\\/#article\",\"isPartOf\":{\"@id\":\"https:\\\/\\\/maristeurope.eu\\\/nl\\\/la-neyliere-organiseerde-een-literaire-prijs\\\/\"},\"author\":{\"name\":\"Anne Marie Salgo\",\"@id\":\"https:\\\/\\\/maristeurope.eu\\\/nl\\\/#\\\/schema\\\/person\\\/52ef67935880edd2768565651118bee9\"},\"headline\":\"La Neyli\u00e8re organiseerde een literaire prijs\",\"datePublished\":\"2026-03-13T16:13:37+00:00\",\"dateModified\":\"2026-03-13T16:23:15+00:00\",\"mainEntityOfPage\":{\"@id\":\"https:\\\/\\\/maristeurope.eu\\\/nl\\\/la-neyliere-organiseerde-een-literaire-prijs\\\/\"},\"wordCount\":440,\"publisher\":{\"@id\":\"https:\\\/\\\/maristeurope.eu\\\/nl\\\/#organization\"},\"image\":{\"@id\":\"https:\\\/\\\/maristeurope.eu\\\/nl\\\/la-neyliere-organiseerde-een-literaire-prijs\\\/#primaryimage\"},\"thumbnailUrl\":\"https:\\\/\\\/maristeurope.eu\\\/wp-content\\\/uploads\\\/2026\\\/03\\\/Photo-1-scaled.jpg\",\"articleSection\":[\"Ongecategoriseerd\"],\"inLanguage\":\"nl-NL\"},{\"@type\":\"WebPage\",\"@id\":\"https:\\\/\\\/maristeurope.eu\\\/nl\\\/la-neyliere-organiseerde-een-literaire-prijs\\\/\",\"url\":\"https:\\\/\\\/maristeurope.eu\\\/nl\\\/la-neyliere-organiseerde-een-literaire-prijs\\\/\",\"name\":\"La Neyli\u00e8re organiseerde een literaire prijs - Marist Europe\",\"isPartOf\":{\"@id\":\"https:\\\/\\\/maristeurope.eu\\\/nl\\\/#website\"},\"primaryImageOfPage\":{\"@id\":\"https:\\\/\\\/maristeurope.eu\\\/nl\\\/la-neyliere-organiseerde-een-literaire-prijs\\\/#primaryimage\"},\"image\":{\"@id\":\"https:\\\/\\\/maristeurope.eu\\\/nl\\\/la-neyliere-organiseerde-een-literaire-prijs\\\/#primaryimage\"},\"thumbnailUrl\":\"https:\\\/\\\/maristeurope.eu\\\/wp-content\\\/uploads\\\/2026\\\/03\\\/Photo-1-scaled.jpg\",\"datePublished\":\"2026-03-13T16:13:37+00:00\",\"dateModified\":\"2026-03-13T16:23:15+00:00\",\"breadcrumb\":{\"@id\":\"https:\\\/\\\/maristeurope.eu\\\/nl\\\/la-neyliere-organiseerde-een-literaire-prijs\\\/#breadcrumb\"},\"inLanguage\":\"nl-NL\",\"potentialAction\":[{\"@type\":\"ReadAction\",\"target\":[\"https:\\\/\\\/maristeurope.eu\\\/nl\\\/la-neyliere-organiseerde-een-literaire-prijs\\\/\"]}]},{\"@type\":\"ImageObject\",\"inLanguage\":\"nl-NL\",\"@id\":\"https:\\\/\\\/maristeurope.eu\\\/nl\\\/la-neyliere-organiseerde-een-literaire-prijs\\\/#primaryimage\",\"url\":\"https:\\\/\\\/maristeurope.eu\\\/wp-content\\\/uploads\\\/2026\\\/03\\\/Photo-1-scaled.jpg\",\"contentUrl\":\"https:\\\/\\\/maristeurope.eu\\\/wp-content\\\/uploads\\\/2026\\\/03\\\/Photo-1-scaled.jpg\",\"width\":2560,\"height\":1920},{\"@type\":\"BreadcrumbList\",\"@id\":\"https:\\\/\\\/maristeurope.eu\\\/nl\\\/la-neyliere-organiseerde-een-literaire-prijs\\\/#breadcrumb\",\"itemListElement\":[{\"@type\":\"ListItem\",\"position\":1,\"name\":\"Home\",\"item\":\"https:\\\/\\\/maristeurope.eu\\\/nl\\\/maristen\\\/\"},{\"@type\":\"ListItem\",\"position\":2,\"name\":\"La Neyli\u00e8re organiseerde een literaire prijs\"}]},{\"@type\":\"WebSite\",\"@id\":\"https:\\\/\\\/maristeurope.eu\\\/nl\\\/#website\",\"url\":\"https:\\\/\\\/maristeurope.eu\\\/nl\\\/\",\"name\":\"Marist Europe\",\"description\":\"\",\"publisher\":{\"@id\":\"https:\\\/\\\/maristeurope.eu\\\/nl\\\/#organization\"},\"potentialAction\":[{\"@type\":\"SearchAction\",\"target\":{\"@type\":\"EntryPoint\",\"urlTemplate\":\"https:\\\/\\\/maristeurope.eu\\\/nl\\\/?s={search_term_string}\"},\"query-input\":{\"@type\":\"PropertyValueSpecification\",\"valueRequired\":true,\"valueName\":\"search_term_string\"}}],\"inLanguage\":\"nl-NL\"},{\"@type\":\"Organization\",\"@id\":\"https:\\\/\\\/maristeurope.eu\\\/nl\\\/#organization\",\"name\":\"Marist Europe\",\"url\":\"https:\\\/\\\/maristeurope.eu\\\/nl\\\/\",\"logo\":{\"@type\":\"ImageObject\",\"inLanguage\":\"nl-NL\",\"@id\":\"https:\\\/\\\/maristeurope.eu\\\/nl\\\/#\\\/schema\\\/logo\\\/image\\\/\",\"url\":\"https:\\\/\\\/maristeurope.eu\\\/wp-content\\\/uploads\\\/2024\\\/10\\\/EU-SM-Finalogo-02.png\",\"contentUrl\":\"https:\\\/\\\/maristeurope.eu\\\/wp-content\\\/uploads\\\/2024\\\/10\\\/EU-SM-Finalogo-02.png\",\"width\":150,\"height\":156,\"caption\":\"Marist Europe\"},\"image\":{\"@id\":\"https:\\\/\\\/maristeurope.eu\\\/nl\\\/#\\\/schema\\\/logo\\\/image\\\/\"}},{\"@type\":\"Person\",\"@id\":\"https:\\\/\\\/maristeurope.eu\\\/nl\\\/#\\\/schema\\\/person\\\/52ef67935880edd2768565651118bee9\",\"name\":\"Anne Marie Salgo\",\"image\":{\"@type\":\"ImageObject\",\"inLanguage\":\"nl-NL\",\"@id\":\"https:\\\/\\\/secure.gravatar.com\\\/avatar\\\/63bc5f7f74a90bb8d99eaaf8206d8217d780934d9a9659350347a36f2698fe6b?s=96&d=mm&r=g\",\"url\":\"https:\\\/\\\/secure.gravatar.com\\\/avatar\\\/63bc5f7f74a90bb8d99eaaf8206d8217d780934d9a9659350347a36f2698fe6b?s=96&d=mm&r=g\",\"contentUrl\":\"https:\\\/\\\/secure.gravatar.com\\\/avatar\\\/63bc5f7f74a90bb8d99eaaf8206d8217d780934d9a9659350347a36f2698fe6b?s=96&d=mm&r=g\",\"caption\":\"Anne Marie Salgo\"},\"url\":\"https:\\\/\\\/maristeurope.eu\\\/nl\\\/author\\\/anne\\\/\"}]}<\/script>\n<!-- \/ Yoast SEO plugin. -->","yoast_head_json":{"title":"La Neyli\u00e8re organiseerde een literaire prijs - Marist Europe","robots":{"index":"index","follow":"follow","max-snippet":"max-snippet:-1","max-image-preview":"max-image-preview:large","max-video-preview":"max-video-preview:-1"},"canonical":"https:\/\/maristeurope.eu\/nl\/la-neyliere-organiseerde-een-literaire-prijs\/","og_locale":"nl_NL","og_type":"article","og_title":"La Neyli\u00e8re organiseerde een literaire prijs - Marist Europe","og_description":"Om de twee jaar organiseert het mediatheeknetwerk Com'MonLy van de gemeente Monts du Lyonnais een literaire prijs over een thema dat verband houdt met een continent of land. Voor de vijfde editie richtte de prijs zich op Oceani\u00eb.","og_url":"https:\/\/maristeurope.eu\/nl\/la-neyliere-organiseerde-een-literaire-prijs\/","og_site_name":"Marist Europe","article_published_time":"2026-03-13T16:13:37+00:00","article_modified_time":"2026-03-13T16:23:15+00:00","og_image":[{"width":2560,"height":1920,"url":"https:\/\/maristeurope.eu\/wp-content\/uploads\/2026\/03\/Photo-1-scaled.jpg","type":"image\/jpeg"}],"author":"Anne Marie Salgo","twitter_card":"summary_large_image","twitter_misc":{"Geschreven door":"Anne Marie Salgo","Geschatte leestijd":"2 minuut"},"schema":{"@context":"https:\/\/schema.org","@graph":[{"@type":"Article","@id":"https:\/\/maristeurope.eu\/nl\/la-neyliere-organiseerde-een-literaire-prijs\/#article","isPartOf":{"@id":"https:\/\/maristeurope.eu\/nl\/la-neyliere-organiseerde-een-literaire-prijs\/"},"author":{"name":"Anne Marie Salgo","@id":"https:\/\/maristeurope.eu\/nl\/#\/schema\/person\/52ef67935880edd2768565651118bee9"},"headline":"La Neyli\u00e8re organiseerde een literaire prijs","datePublished":"2026-03-13T16:13:37+00:00","dateModified":"2026-03-13T16:23:15+00:00","mainEntityOfPage":{"@id":"https:\/\/maristeurope.eu\/nl\/la-neyliere-organiseerde-een-literaire-prijs\/"},"wordCount":440,"publisher":{"@id":"https:\/\/maristeurope.eu\/nl\/#organization"},"image":{"@id":"https:\/\/maristeurope.eu\/nl\/la-neyliere-organiseerde-een-literaire-prijs\/#primaryimage"},"thumbnailUrl":"https:\/\/maristeurope.eu\/wp-content\/uploads\/2026\/03\/Photo-1-scaled.jpg","articleSection":["Ongecategoriseerd"],"inLanguage":"nl-NL"},{"@type":"WebPage","@id":"https:\/\/maristeurope.eu\/nl\/la-neyliere-organiseerde-een-literaire-prijs\/","url":"https:\/\/maristeurope.eu\/nl\/la-neyliere-organiseerde-een-literaire-prijs\/","name":"La Neyli\u00e8re organiseerde een literaire prijs - Marist Europe","isPartOf":{"@id":"https:\/\/maristeurope.eu\/nl\/#website"},"primaryImageOfPage":{"@id":"https:\/\/maristeurope.eu\/nl\/la-neyliere-organiseerde-een-literaire-prijs\/#primaryimage"},"image":{"@id":"https:\/\/maristeurope.eu\/nl\/la-neyliere-organiseerde-een-literaire-prijs\/#primaryimage"},"thumbnailUrl":"https:\/\/maristeurope.eu\/wp-content\/uploads\/2026\/03\/Photo-1-scaled.jpg","datePublished":"2026-03-13T16:13:37+00:00","dateModified":"2026-03-13T16:23:15+00:00","breadcrumb":{"@id":"https:\/\/maristeurope.eu\/nl\/la-neyliere-organiseerde-een-literaire-prijs\/#breadcrumb"},"inLanguage":"nl-NL","potentialAction":[{"@type":"ReadAction","target":["https:\/\/maristeurope.eu\/nl\/la-neyliere-organiseerde-een-literaire-prijs\/"]}]},{"@type":"ImageObject","inLanguage":"nl-NL","@id":"https:\/\/maristeurope.eu\/nl\/la-neyliere-organiseerde-een-literaire-prijs\/#primaryimage","url":"https:\/\/maristeurope.eu\/wp-content\/uploads\/2026\/03\/Photo-1-scaled.jpg","contentUrl":"https:\/\/maristeurope.eu\/wp-content\/uploads\/2026\/03\/Photo-1-scaled.jpg","width":2560,"height":1920},{"@type":"BreadcrumbList","@id":"https:\/\/maristeurope.eu\/nl\/la-neyliere-organiseerde-een-literaire-prijs\/#breadcrumb","itemListElement":[{"@type":"ListItem","position":1,"name":"Home","item":"https:\/\/maristeurope.eu\/nl\/maristen\/"},{"@type":"ListItem","position":2,"name":"La Neyli\u00e8re organiseerde een literaire prijs"}]},{"@type":"WebSite","@id":"https:\/\/maristeurope.eu\/nl\/#website","url":"https:\/\/maristeurope.eu\/nl\/","name":"Marist Europe","description":"","publisher":{"@id":"https:\/\/maristeurope.eu\/nl\/#organization"},"potentialAction":[{"@type":"SearchAction","target":{"@type":"EntryPoint","urlTemplate":"https:\/\/maristeurope.eu\/nl\/?s={search_term_string}"},"query-input":{"@type":"PropertyValueSpecification","valueRequired":true,"valueName":"search_term_string"}}],"inLanguage":"nl-NL"},{"@type":"Organization","@id":"https:\/\/maristeurope.eu\/nl\/#organization","name":"Marist Europe","url":"https:\/\/maristeurope.eu\/nl\/","logo":{"@type":"ImageObject","inLanguage":"nl-NL","@id":"https:\/\/maristeurope.eu\/nl\/#\/schema\/logo\/image\/","url":"https:\/\/maristeurope.eu\/wp-content\/uploads\/2024\/10\/EU-SM-Finalogo-02.png","contentUrl":"https:\/\/maristeurope.eu\/wp-content\/uploads\/2024\/10\/EU-SM-Finalogo-02.png","width":150,"height":156,"caption":"Marist Europe"},"image":{"@id":"https:\/\/maristeurope.eu\/nl\/#\/schema\/logo\/image\/"}},{"@type":"Person","@id":"https:\/\/maristeurope.eu\/nl\/#\/schema\/person\/52ef67935880edd2768565651118bee9","name":"Anne Marie Salgo","image":{"@type":"ImageObject","inLanguage":"nl-NL","@id":"https:\/\/secure.gravatar.com\/avatar\/63bc5f7f74a90bb8d99eaaf8206d8217d780934d9a9659350347a36f2698fe6b?s=96&d=mm&r=g","url":"https:\/\/secure.gravatar.com\/avatar\/63bc5f7f74a90bb8d99eaaf8206d8217d780934d9a9659350347a36f2698fe6b?s=96&d=mm&r=g","contentUrl":"https:\/\/secure.gravatar.com\/avatar\/63bc5f7f74a90bb8d99eaaf8206d8217d780934d9a9659350347a36f2698fe6b?s=96&d=mm&r=g","caption":"Anne Marie Salgo"},"url":"https:\/\/maristeurope.eu\/nl\/author\/anne\/"}]}},"_links":{"self":[{"href":"https:\/\/maristeurope.eu\/nl\/wp-json\/wp\/v2\/posts\/10002","targetHints":{"allow":["GET"]}}],"collection":[{"href":"https:\/\/maristeurope.eu\/nl\/wp-json\/wp\/v2\/posts"}],"about":[{"href":"https:\/\/maristeurope.eu\/nl\/wp-json\/wp\/v2\/types\/post"}],"author":[{"embeddable":true,"href":"https:\/\/maristeurope.eu\/nl\/wp-json\/wp\/v2\/users\/3"}],"replies":[{"embeddable":true,"href":"https:\/\/maristeurope.eu\/nl\/wp-json\/wp\/v2\/comments?post=10002"}],"version-history":[{"count":2,"href":"https:\/\/maristeurope.eu\/nl\/wp-json\/wp\/v2\/posts\/10002\/revisions"}],"predecessor-version":[{"id":10021,"href":"https:\/\/maristeurope.eu\/nl\/wp-json\/wp\/v2\/posts\/10002\/revisions\/10021"}],"wp:featuredmedia":[{"embeddable":true,"href":"https:\/\/maristeurope.eu\/nl\/wp-json\/wp\/v2\/media\/9978"}],"wp:attachment":[{"href":"https:\/\/maristeurope.eu\/nl\/wp-json\/wp\/v2\/media?parent=10002"}],"wp:term":[{"taxonomy":"category","embeddable":true,"href":"https:\/\/maristeurope.eu\/nl\/wp-json\/wp\/v2\/categories?post=10002"},{"taxonomy":"post_tag","embeddable":true,"href":"https:\/\/maristeurope.eu\/nl\/wp-json\/wp\/v2\/tags?post=10002"}],"curies":[{"name":"wp","href":"https:\/\/api.w.org\/{rel}","templated":true}]}}