{"id":7658,"date":"2025-09-04T22:15:00","date_gmt":"2025-09-04T20:15:00","guid":{"rendered":"https:\/\/maristeurope.eu\/sei-mesi-a-sahagun\/"},"modified":"2025-09-14T22:19:17","modified_gmt":"2025-09-14T20:19:17","slug":"sei-mesi-a-sahagun","status":"publish","type":"post","link":"https:\/\/maristeurope.eu\/it\/sei-mesi-a-sahagun\/","title":{"rendered":"Sei mesi a Sahag\u00fan"},"content":{"rendered":"\n<p><strong><em>Matthew Crawford scrive dall'Albergue di Santa Cruz:  <\/em><\/strong><\/p>\n\n<p>Prima di arrivare in Spagna, mi ero anche immaginato che il sole fosse la norma. Sono arrivata a Sahag\u00fan all'inizio di marzo e sono stata accolta da una leggera nevicata. Tuttavia, rispetto agli inverni neozelandesi, non mi \u00e8 dispiaciuto affatto, perch\u00e9 il vento non era un fattore cos\u00ec importante. Le passeggiate mattutine sono state un buon modo per acclimatarmi. Fin dall'inizio, la mia comunit\u00e0 qui all'Albergue di Santa Cruz \u00e8 stata incredibilmente accogliente, anche se il mio spagnolo \u00e8 piuttosto arrugginito. Il primo mese \u00e8 stato tranquillo, dandomi la possibilit\u00e0 di ambientarmi e di imparare i ritmi quotidiani dell'Albergue. Quando non siamo pieni, c'\u00e8 pi\u00f9 spazio per passare del tempo con i pellegrini e in quelle prime settimane ho avuto il privilegio di ascoltare molte storie profondamente toccanti di vita, di fede e di viaggi che hanno portato le persone al Camino.      <\/p>\n\n<p>Nella \"Semana Santa\" (Settimana Santa), il flusso di pellegrini si era accelerato. Maggio e giugno hanno portato camere piene quasi ogni notte, e con esse l'operosit\u00e0 e l'energia di una casa viva di viaggiatori. Siamo stati benedetti da molti volontari e ospitanti provenienti da tutto il mondo, ognuno dei quali ha portato la propria cultura ed esperienza per arricchire il nostro lavoro comune. Con l'arrivo di luglio e agosto, i numeri si sono ridotti con il caldo estivo, come sempre, ma sappiamo che a settembre il sentiero si riempir\u00e0 di nuovo.   <\/p>\n\n<p>Guardando indietro a questi primi sei mesi, vedo un ministero che \u00e8 allo stesso tempo ripetitivo e infinitamente vario. I compiti possono essere gli stessi, ma ogni giorno \u00e8 nuovo perch\u00e9 ogni pellegrino \u00e8 nuovo. Il nostro caff\u00e8 per pellegrini, la cena condivisa e la Messa quotidiana segnano il nostro Albergue come un luogo in cui la Chiesa \u00e8 presente sul Cammino e in cui cerchiamo di condividere la dolce presenza di Maria con gli stanchi. Qui, proprio come Maria, ci fidiamo della provvidenza di Dio, credendo che Egli operi silenziosamente attraverso di noi per il bene sia dei pellegrini che degli ospiti.   <\/p>\n","protected":false},"excerpt":{"rendered":"<p>Matthew Crawford scrive dall&#8217;Albergue di Santa Cruz: Prima di arrivare in Spagna, mi ero immaginato che il sole fosse la norma. Sono arrivato a Sahag\u00fan all&#8217;inizio di marzo e sono stato accolto da una leggera nevicata! <\/p>\n","protected":false},"author":3,"featured_media":7638,"comment_status":"open","ping_status":"open","sticky":false,"template":"","format":"standard","meta":{"footnotes":""},"categories":[49],"tags":[],"class_list":["post-7658","post","type-post","status-publish","format-standard","has-post-thumbnail","hentry","category-senza-categoria"],"yoast_head":"<!-- This site is optimized with the Yoast SEO plugin v27.5 - https:\/\/yoast.com\/product\/yoast-seo-wordpress\/ -->\n<title>Sei mesi a Sahag\u00fan - Marist Europe<\/title>\n<meta name=\"robots\" content=\"index, follow, max-snippet:-1, max-image-preview:large, max-video-preview:-1\" \/>\n<link rel=\"canonical\" href=\"https:\/\/maristeurope.eu\/it\/sei-mesi-a-sahagun\/\" \/>\n<meta property=\"og:locale\" content=\"it_IT\" \/>\n<meta property=\"og:type\" content=\"article\" \/>\n<meta property=\"og:title\" content=\"Sei mesi a Sahag\u00fan - Marist Europe\" \/>\n<meta property=\"og:description\" content=\"Matthew Crawford scrive dall&#039;Albergue di Santa Cruz: Prima di arrivare in Spagna, mi ero immaginato che il sole fosse la norma. Sono arrivato a Sahag\u00fan all&#039;inizio di marzo e sono stato accolto da una leggera nevicata!\" \/>\n<meta property=\"og:url\" content=\"https:\/\/maristeurope.eu\/it\/sei-mesi-a-sahagun\/\" \/>\n<meta property=\"og:site_name\" content=\"Marist Europe\" \/>\n<meta property=\"article:published_time\" content=\"2025-09-04T20:15:00+00:00\" \/>\n<meta property=\"article:modified_time\" content=\"2025-09-14T20:19:17+00:00\" \/>\n<meta property=\"og:image\" content=\"https:\/\/maristeurope.eu\/wp-content\/uploads\/2025\/09\/vendredi-saint-2025.jpg\" \/>\n\t<meta property=\"og:image:width\" content=\"1600\" \/>\n\t<meta property=\"og:image:height\" content=\"721\" \/>\n\t<meta property=\"og:image:type\" content=\"image\/jpeg\" \/>\n<meta name=\"author\" content=\"Anne Marie Salgo\" \/>\n<meta name=\"twitter:card\" content=\"summary_large_image\" \/>\n<meta name=\"twitter:label1\" content=\"Scritto da\" \/>\n\t<meta name=\"twitter:data1\" content=\"Anne Marie Salgo\" \/>\n\t<meta name=\"twitter:label2\" content=\"Tempo di lettura stimato\" \/>\n\t<meta name=\"twitter:data2\" content=\"2 minuto\" \/>\n<script type=\"application\/ld+json\" class=\"yoast-schema-graph\">{\"@context\":\"https:\\\/\\\/schema.org\",\"@graph\":[{\"@type\":\"Article\",\"@id\":\"https:\\\/\\\/maristeurope.eu\\\/it\\\/sei-mesi-a-sahagun\\\/#article\",\"isPartOf\":{\"@id\":\"https:\\\/\\\/maristeurope.eu\\\/it\\\/sei-mesi-a-sahagun\\\/\"},\"author\":{\"name\":\"Anne Marie Salgo\",\"@id\":\"https:\\\/\\\/maristeurope.eu\\\/it\\\/#\\\/schema\\\/person\\\/52ef67935880edd2768565651118bee9\"},\"headline\":\"Sei mesi a Sahag\u00fan\",\"datePublished\":\"2025-09-04T20:15:00+00:00\",\"dateModified\":\"2025-09-14T20:19:17+00:00\",\"mainEntityOfPage\":{\"@id\":\"https:\\\/\\\/maristeurope.eu\\\/it\\\/sei-mesi-a-sahagun\\\/\"},\"wordCount\":349,\"commentCount\":0,\"publisher\":{\"@id\":\"https:\\\/\\\/maristeurope.eu\\\/it\\\/#organization\"},\"image\":{\"@id\":\"https:\\\/\\\/maristeurope.eu\\\/it\\\/sei-mesi-a-sahagun\\\/#primaryimage\"},\"thumbnailUrl\":\"https:\\\/\\\/maristeurope.eu\\\/wp-content\\\/uploads\\\/2025\\\/09\\\/vendredi-saint-2025.jpg\",\"inLanguage\":\"it-IT\",\"potentialAction\":[{\"@type\":\"CommentAction\",\"name\":\"Comment\",\"target\":[\"https:\\\/\\\/maristeurope.eu\\\/it\\\/sei-mesi-a-sahagun\\\/#respond\"]}]},{\"@type\":\"WebPage\",\"@id\":\"https:\\\/\\\/maristeurope.eu\\\/it\\\/sei-mesi-a-sahagun\\\/\",\"url\":\"https:\\\/\\\/maristeurope.eu\\\/it\\\/sei-mesi-a-sahagun\\\/\",\"name\":\"Sei mesi a Sahag\u00fan - Marist Europe\",\"isPartOf\":{\"@id\":\"https:\\\/\\\/maristeurope.eu\\\/it\\\/#website\"},\"primaryImageOfPage\":{\"@id\":\"https:\\\/\\\/maristeurope.eu\\\/it\\\/sei-mesi-a-sahagun\\\/#primaryimage\"},\"image\":{\"@id\":\"https:\\\/\\\/maristeurope.eu\\\/it\\\/sei-mesi-a-sahagun\\\/#primaryimage\"},\"thumbnailUrl\":\"https:\\\/\\\/maristeurope.eu\\\/wp-content\\\/uploads\\\/2025\\\/09\\\/vendredi-saint-2025.jpg\",\"datePublished\":\"2025-09-04T20:15:00+00:00\",\"dateModified\":\"2025-09-14T20:19:17+00:00\",\"breadcrumb\":{\"@id\":\"https:\\\/\\\/maristeurope.eu\\\/it\\\/sei-mesi-a-sahagun\\\/#breadcrumb\"},\"inLanguage\":\"it-IT\",\"potentialAction\":[{\"@type\":\"ReadAction\",\"target\":[\"https:\\\/\\\/maristeurope.eu\\\/it\\\/sei-mesi-a-sahagun\\\/\"]}]},{\"@type\":\"ImageObject\",\"inLanguage\":\"it-IT\",\"@id\":\"https:\\\/\\\/maristeurope.eu\\\/it\\\/sei-mesi-a-sahagun\\\/#primaryimage\",\"url\":\"https:\\\/\\\/maristeurope.eu\\\/wp-content\\\/uploads\\\/2025\\\/09\\\/vendredi-saint-2025.jpg\",\"contentUrl\":\"https:\\\/\\\/maristeurope.eu\\\/wp-content\\\/uploads\\\/2025\\\/09\\\/vendredi-saint-2025.jpg\",\"width\":1600,\"height\":721},{\"@type\":\"BreadcrumbList\",\"@id\":\"https:\\\/\\\/maristeurope.eu\\\/it\\\/sei-mesi-a-sahagun\\\/#breadcrumb\",\"itemListElement\":[{\"@type\":\"ListItem\",\"position\":1,\"name\":\"Home\",\"item\":\"https:\\\/\\\/maristeurope.eu\\\/it\\\/maristi\\\/\"},{\"@type\":\"ListItem\",\"position\":2,\"name\":\"Sei mesi a Sahag\u00fan\"}]},{\"@type\":\"WebSite\",\"@id\":\"https:\\\/\\\/maristeurope.eu\\\/it\\\/#website\",\"url\":\"https:\\\/\\\/maristeurope.eu\\\/it\\\/\",\"name\":\"Marist Europe\",\"description\":\"\",\"publisher\":{\"@id\":\"https:\\\/\\\/maristeurope.eu\\\/it\\\/#organization\"},\"potentialAction\":[{\"@type\":\"SearchAction\",\"target\":{\"@type\":\"EntryPoint\",\"urlTemplate\":\"https:\\\/\\\/maristeurope.eu\\\/it\\\/?s={search_term_string}\"},\"query-input\":{\"@type\":\"PropertyValueSpecification\",\"valueRequired\":true,\"valueName\":\"search_term_string\"}}],\"inLanguage\":\"it-IT\"},{\"@type\":\"Organization\",\"@id\":\"https:\\\/\\\/maristeurope.eu\\\/it\\\/#organization\",\"name\":\"Marist Europe\",\"url\":\"https:\\\/\\\/maristeurope.eu\\\/it\\\/\",\"logo\":{\"@type\":\"ImageObject\",\"inLanguage\":\"it-IT\",\"@id\":\"https:\\\/\\\/maristeurope.eu\\\/it\\\/#\\\/schema\\\/logo\\\/image\\\/\",\"url\":\"https:\\\/\\\/maristeurope.eu\\\/wp-content\\\/uploads\\\/2024\\\/10\\\/EU-SM-Finalogo-02.png\",\"contentUrl\":\"https:\\\/\\\/maristeurope.eu\\\/wp-content\\\/uploads\\\/2024\\\/10\\\/EU-SM-Finalogo-02.png\",\"width\":150,\"height\":156,\"caption\":\"Marist Europe\"},\"image\":{\"@id\":\"https:\\\/\\\/maristeurope.eu\\\/it\\\/#\\\/schema\\\/logo\\\/image\\\/\"}},{\"@type\":\"Person\",\"@id\":\"https:\\\/\\\/maristeurope.eu\\\/it\\\/#\\\/schema\\\/person\\\/52ef67935880edd2768565651118bee9\",\"name\":\"Anne Marie Salgo\",\"image\":{\"@type\":\"ImageObject\",\"inLanguage\":\"it-IT\",\"@id\":\"https:\\\/\\\/secure.gravatar.com\\\/avatar\\\/63bc5f7f74a90bb8d99eaaf8206d8217d780934d9a9659350347a36f2698fe6b?s=96&d=mm&r=g\",\"url\":\"https:\\\/\\\/secure.gravatar.com\\\/avatar\\\/63bc5f7f74a90bb8d99eaaf8206d8217d780934d9a9659350347a36f2698fe6b?s=96&d=mm&r=g\",\"contentUrl\":\"https:\\\/\\\/secure.gravatar.com\\\/avatar\\\/63bc5f7f74a90bb8d99eaaf8206d8217d780934d9a9659350347a36f2698fe6b?s=96&d=mm&r=g\",\"caption\":\"Anne Marie Salgo\"},\"url\":\"https:\\\/\\\/maristeurope.eu\\\/it\\\/author\\\/anne\\\/\"}]}<\/script>\n<!-- \/ Yoast SEO plugin. -->","yoast_head_json":{"title":"Sei mesi a Sahag\u00fan - Marist Europe","robots":{"index":"index","follow":"follow","max-snippet":"max-snippet:-1","max-image-preview":"max-image-preview:large","max-video-preview":"max-video-preview:-1"},"canonical":"https:\/\/maristeurope.eu\/it\/sei-mesi-a-sahagun\/","og_locale":"it_IT","og_type":"article","og_title":"Sei mesi a Sahag\u00fan - Marist Europe","og_description":"Matthew Crawford scrive dall'Albergue di Santa Cruz: Prima di arrivare in Spagna, mi ero immaginato che il sole fosse la norma. Sono arrivato a Sahag\u00fan all'inizio di marzo e sono stato accolto da una leggera nevicata!","og_url":"https:\/\/maristeurope.eu\/it\/sei-mesi-a-sahagun\/","og_site_name":"Marist Europe","article_published_time":"2025-09-04T20:15:00+00:00","article_modified_time":"2025-09-14T20:19:17+00:00","og_image":[{"width":1600,"height":721,"url":"https:\/\/maristeurope.eu\/wp-content\/uploads\/2025\/09\/vendredi-saint-2025.jpg","type":"image\/jpeg"}],"author":"Anne Marie Salgo","twitter_card":"summary_large_image","twitter_misc":{"Scritto da":"Anne Marie Salgo","Tempo di lettura stimato":"2 minuto"},"schema":{"@context":"https:\/\/schema.org","@graph":[{"@type":"Article","@id":"https:\/\/maristeurope.eu\/it\/sei-mesi-a-sahagun\/#article","isPartOf":{"@id":"https:\/\/maristeurope.eu\/it\/sei-mesi-a-sahagun\/"},"author":{"name":"Anne Marie Salgo","@id":"https:\/\/maristeurope.eu\/it\/#\/schema\/person\/52ef67935880edd2768565651118bee9"},"headline":"Sei mesi a Sahag\u00fan","datePublished":"2025-09-04T20:15:00+00:00","dateModified":"2025-09-14T20:19:17+00:00","mainEntityOfPage":{"@id":"https:\/\/maristeurope.eu\/it\/sei-mesi-a-sahagun\/"},"wordCount":349,"commentCount":0,"publisher":{"@id":"https:\/\/maristeurope.eu\/it\/#organization"},"image":{"@id":"https:\/\/maristeurope.eu\/it\/sei-mesi-a-sahagun\/#primaryimage"},"thumbnailUrl":"https:\/\/maristeurope.eu\/wp-content\/uploads\/2025\/09\/vendredi-saint-2025.jpg","inLanguage":"it-IT","potentialAction":[{"@type":"CommentAction","name":"Comment","target":["https:\/\/maristeurope.eu\/it\/sei-mesi-a-sahagun\/#respond"]}]},{"@type":"WebPage","@id":"https:\/\/maristeurope.eu\/it\/sei-mesi-a-sahagun\/","url":"https:\/\/maristeurope.eu\/it\/sei-mesi-a-sahagun\/","name":"Sei mesi a Sahag\u00fan - Marist Europe","isPartOf":{"@id":"https:\/\/maristeurope.eu\/it\/#website"},"primaryImageOfPage":{"@id":"https:\/\/maristeurope.eu\/it\/sei-mesi-a-sahagun\/#primaryimage"},"image":{"@id":"https:\/\/maristeurope.eu\/it\/sei-mesi-a-sahagun\/#primaryimage"},"thumbnailUrl":"https:\/\/maristeurope.eu\/wp-content\/uploads\/2025\/09\/vendredi-saint-2025.jpg","datePublished":"2025-09-04T20:15:00+00:00","dateModified":"2025-09-14T20:19:17+00:00","breadcrumb":{"@id":"https:\/\/maristeurope.eu\/it\/sei-mesi-a-sahagun\/#breadcrumb"},"inLanguage":"it-IT","potentialAction":[{"@type":"ReadAction","target":["https:\/\/maristeurope.eu\/it\/sei-mesi-a-sahagun\/"]}]},{"@type":"ImageObject","inLanguage":"it-IT","@id":"https:\/\/maristeurope.eu\/it\/sei-mesi-a-sahagun\/#primaryimage","url":"https:\/\/maristeurope.eu\/wp-content\/uploads\/2025\/09\/vendredi-saint-2025.jpg","contentUrl":"https:\/\/maristeurope.eu\/wp-content\/uploads\/2025\/09\/vendredi-saint-2025.jpg","width":1600,"height":721},{"@type":"BreadcrumbList","@id":"https:\/\/maristeurope.eu\/it\/sei-mesi-a-sahagun\/#breadcrumb","itemListElement":[{"@type":"ListItem","position":1,"name":"Home","item":"https:\/\/maristeurope.eu\/it\/maristi\/"},{"@type":"ListItem","position":2,"name":"Sei mesi a Sahag\u00fan"}]},{"@type":"WebSite","@id":"https:\/\/maristeurope.eu\/it\/#website","url":"https:\/\/maristeurope.eu\/it\/","name":"Marist Europe","description":"","publisher":{"@id":"https:\/\/maristeurope.eu\/it\/#organization"},"potentialAction":[{"@type":"SearchAction","target":{"@type":"EntryPoint","urlTemplate":"https:\/\/maristeurope.eu\/it\/?s={search_term_string}"},"query-input":{"@type":"PropertyValueSpecification","valueRequired":true,"valueName":"search_term_string"}}],"inLanguage":"it-IT"},{"@type":"Organization","@id":"https:\/\/maristeurope.eu\/it\/#organization","name":"Marist Europe","url":"https:\/\/maristeurope.eu\/it\/","logo":{"@type":"ImageObject","inLanguage":"it-IT","@id":"https:\/\/maristeurope.eu\/it\/#\/schema\/logo\/image\/","url":"https:\/\/maristeurope.eu\/wp-content\/uploads\/2024\/10\/EU-SM-Finalogo-02.png","contentUrl":"https:\/\/maristeurope.eu\/wp-content\/uploads\/2024\/10\/EU-SM-Finalogo-02.png","width":150,"height":156,"caption":"Marist Europe"},"image":{"@id":"https:\/\/maristeurope.eu\/it\/#\/schema\/logo\/image\/"}},{"@type":"Person","@id":"https:\/\/maristeurope.eu\/it\/#\/schema\/person\/52ef67935880edd2768565651118bee9","name":"Anne Marie Salgo","image":{"@type":"ImageObject","inLanguage":"it-IT","@id":"https:\/\/secure.gravatar.com\/avatar\/63bc5f7f74a90bb8d99eaaf8206d8217d780934d9a9659350347a36f2698fe6b?s=96&d=mm&r=g","url":"https:\/\/secure.gravatar.com\/avatar\/63bc5f7f74a90bb8d99eaaf8206d8217d780934d9a9659350347a36f2698fe6b?s=96&d=mm&r=g","contentUrl":"https:\/\/secure.gravatar.com\/avatar\/63bc5f7f74a90bb8d99eaaf8206d8217d780934d9a9659350347a36f2698fe6b?s=96&d=mm&r=g","caption":"Anne Marie Salgo"},"url":"https:\/\/maristeurope.eu\/it\/author\/anne\/"}]}},"_links":{"self":[{"href":"https:\/\/maristeurope.eu\/it\/wp-json\/wp\/v2\/posts\/7658","targetHints":{"allow":["GET"]}}],"collection":[{"href":"https:\/\/maristeurope.eu\/it\/wp-json\/wp\/v2\/posts"}],"about":[{"href":"https:\/\/maristeurope.eu\/it\/wp-json\/wp\/v2\/types\/post"}],"author":[{"embeddable":true,"href":"https:\/\/maristeurope.eu\/it\/wp-json\/wp\/v2\/users\/3"}],"replies":[{"embeddable":true,"href":"https:\/\/maristeurope.eu\/it\/wp-json\/wp\/v2\/comments?post=7658"}],"version-history":[{"count":3,"href":"https:\/\/maristeurope.eu\/it\/wp-json\/wp\/v2\/posts\/7658\/revisions"}],"predecessor-version":[{"id":7677,"href":"https:\/\/maristeurope.eu\/it\/wp-json\/wp\/v2\/posts\/7658\/revisions\/7677"}],"wp:featuredmedia":[{"embeddable":true,"href":"https:\/\/maristeurope.eu\/it\/wp-json\/wp\/v2\/media\/7638"}],"wp:attachment":[{"href":"https:\/\/maristeurope.eu\/it\/wp-json\/wp\/v2\/media?parent=7658"}],"wp:term":[{"taxonomy":"category","embeddable":true,"href":"https:\/\/maristeurope.eu\/it\/wp-json\/wp\/v2\/categories?post=7658"},{"taxonomy":"post_tag","embeddable":true,"href":"https:\/\/maristeurope.eu\/it\/wp-json\/wp\/v2\/tags?post=7658"}],"curies":[{"name":"wp","href":"https:\/\/api.w.org\/{rel}","templated":true}]}}