{"id":7485,"date":"2025-07-08T13:42:14","date_gmt":"2025-07-08T11:42:14","guid":{"rendered":"https:\/\/maristeurope.eu\/giornata-marista-in-inghilterra\/"},"modified":"2025-07-14T13:47:22","modified_gmt":"2025-07-14T11:47:22","slug":"giornata-marista-in-inghilterra","status":"publish","type":"post","link":"https:\/\/maristeurope.eu\/it\/giornata-marista-in-inghilterra\/","title":{"rendered":"Giornata marista in Inghilterra"},"content":{"rendered":"\n<p class=\"has-medium-font-size\">Sabato 5 luglio 2025 \u00e8 stato il giorno del nostro <strong>pellegrinaggio marista<\/strong> annuale <strong>a Walsingham<\/strong>. Il tennis di Wimbledon \u00e8 stato lasciato alle spalle e la recente ondata di caldo \u00e8 stata messa da parte mentre ci dirigevamo verso il Santuario nazionale di Nostra Signora: in pullman e in auto da varie parti dell'Inghilterra, in tempo per la Messa concelebrata di apertura.   <\/p>\n\n<p class=\"has-medium-font-size\">Quando ci siamo riuniti nella Cappella della Riconciliazione, sono stati evocati i ricordi dei precedenti maristi che erano stati direttori del santuario, in particolare di Clive Birch, che ha contribuito in modo determinante alla sua costruzione. Ma siamo andati avanti e questo \u00e8 stato chiaramente espresso da Kevin Duffy nella sua omelia inclusiva, quando ha dato il benvenuto a tutti noi, maristi e non maristi, alla celebrazione. Ricordandoci di Maria, nostra madre, che ascolta tutte le nostre preghiere.  <\/p>\n\n<p class=\"has-medium-font-size\">Come abbiamo riscontrato ogni anno, i nostri pasti insieme in giardino sono un momento ideale per incontrare gli amici delle varie case mariste in tutta l'Inghilterra e altri che tengono questo appuntamento nel loro calendario.<\/p>\n\n<p class=\"has-medium-font-size\">Uno dei punti focali della giornata, la <strong>passeggiata del Miglio Santo <\/strong>nel villaggio di Walsingham, \u00e8 stata abilmente organizzata da Noel Wynn, prima di riunirci tutti nella chiesa parrocchiale per la preghiera serale, quest'anno arricchita dal rinnovato impegno nel ramo laico della Societ\u00e0 di Maria da parte di un membro di Manchester.<\/p>\n\n<p class=\"has-medium-font-size\">Il tradizionale cream tea alla fragola si \u00e8 rivelato una conclusione appropriata, mentre la maggior parte di noi tornava a casa, dopo un'altra giornata marista di grande successo a Walsingham.<\/p>\n\n<p class=\"has-medium-font-size\"><em>Peter Corcoran, sm<\/em><\/p>\n\n<p><\/p>\n\n<div class=\"wp-block-columns is-layout-flex wp-container-core-columns-is-layout-9d6595d7 wp-block-columns-is-layout-flex\">\n<div class=\"wp-block-column is-vertically-aligned-top is-layout-flow wp-block-column-is-layout-flow\" style=\"flex-basis:100%\"><\/div>\n<\/div>\n\n<div class=\"wp-block-columns is-layout-flex wp-container-core-columns-is-layout-9d6595d7 wp-block-columns-is-layout-flex\">\n<div class=\"wp-block-column is-layout-flow wp-block-column-is-layout-flow\" style=\"flex-basis:100%\">\n<div class=\"wp-block-columns is-layout-flex wp-container-core-columns-is-layout-9d6595d7 wp-block-columns-is-layout-flex\">\n<div class=\"wp-block-column is-layout-flow wp-block-column-is-layout-flow\" style=\"flex-basis:100%\">\n<figure class=\"wp-block-gallery has-nested-images columns-default is-cropped wp-block-gallery-1 is-layout-flex wp-block-gallery-is-layout-flex\">\n<figure class=\"wp-block-image size-large\"><img loading=\"lazy\" decoding=\"async\" width=\"1024\" height=\"768\" data-id=\"7452\" src=\"https:\/\/maristeurope.eu\/wp-content\/uploads\/2025\/07\/IMG20250705130843-1024x768.jpg\" alt=\"\" class=\"wp-image-7452\" srcset=\"https:\/\/maristeurope.eu\/wp-content\/uploads\/2025\/07\/IMG20250705130843-980x735.jpg 980w, https:\/\/maristeurope.eu\/wp-content\/uploads\/2025\/07\/IMG20250705130843-480x360.jpg 480w\" sizes=\"(min-width: 0px) and (max-width: 480px) 480px, (min-width: 481px) and (max-width: 980px) 980px, (min-width: 981px) 1024px, 100vw\" \/><\/figure>\n\n\n\n<figure class=\"wp-block-image size-large\"><img loading=\"lazy\" decoding=\"async\" width=\"1024\" height=\"768\" data-id=\"7459\" src=\"https:\/\/maristeurope.eu\/wp-content\/uploads\/2025\/07\/IMG20250705134054-1024x768.jpg\" alt=\"\" class=\"wp-image-7459\" srcset=\"https:\/\/maristeurope.eu\/wp-content\/uploads\/2025\/07\/IMG20250705134054-980x735.jpg 980w, https:\/\/maristeurope.eu\/wp-content\/uploads\/2025\/07\/IMG20250705134054-480x360.jpg 480w\" sizes=\"(min-width: 0px) and (max-width: 480px) 480px, (min-width: 481px) and (max-width: 980px) 980px, (min-width: 981px) 1024px, 100vw\" \/><\/figure>\n\n\n\n<figure class=\"wp-block-image size-large\"><img loading=\"lazy\" decoding=\"async\" width=\"1024\" height=\"768\" data-id=\"7466\" src=\"https:\/\/maristeurope.eu\/wp-content\/uploads\/2025\/07\/IMG20250705153714-1024x768.jpg\" alt=\"\" class=\"wp-image-7466\" srcset=\"https:\/\/maristeurope.eu\/wp-content\/uploads\/2025\/07\/IMG20250705153714-980x735.jpg 980w, https:\/\/maristeurope.eu\/wp-content\/uploads\/2025\/07\/IMG20250705153714-480x360.jpg 480w\" sizes=\"(min-width: 0px) and (max-width: 480px) 480px, (min-width: 481px) and (max-width: 980px) 980px, (min-width: 981px) 1024px, 100vw\" \/><\/figure>\n<\/figure>\n<\/div>\n<\/div>\n<\/div>\n<\/div>\n","protected":false},"excerpt":{"rendered":"<p>Sabato 5 luglio 2025 \u00e8 stato il giorno del nostro pellegrinaggio marista annuale a Walsingham. Il tennis di Wimbledon \u00e8 stato lasciato alle spalle e la recente ondata di caldo \u00e8 stata messa da parte mentre ci dirigevamo verso il Santuario nazionale di Nostra Signora: in pullman e in auto da varie parti dell&#8217;Inghilterra, in tempo per la Messa concelebrata di apertura.   <\/p>\n","protected":false},"author":3,"featured_media":7449,"comment_status":"open","ping_status":"open","sticky":false,"template":"","format":"standard","meta":{"footnotes":""},"categories":[49],"tags":[],"class_list":["post-7485","post","type-post","status-publish","format-standard","has-post-thumbnail","hentry","category-senza-categoria"],"yoast_head":"<!-- This site is optimized with the Yoast SEO plugin v27.5 - https:\/\/yoast.com\/product\/yoast-seo-wordpress\/ -->\n<title>Giornata marista in Inghilterra - Marist Europe<\/title>\n<meta name=\"robots\" content=\"index, follow, max-snippet:-1, max-image-preview:large, max-video-preview:-1\" \/>\n<link rel=\"canonical\" href=\"https:\/\/maristeurope.eu\/it\/giornata-marista-in-inghilterra\/\" \/>\n<meta property=\"og:locale\" content=\"it_IT\" \/>\n<meta property=\"og:type\" content=\"article\" \/>\n<meta property=\"og:title\" content=\"Giornata marista in Inghilterra - Marist Europe\" \/>\n<meta property=\"og:description\" content=\"Sabato 5 luglio 2025 \u00e8 stato il giorno del nostro pellegrinaggio marista annuale a Walsingham. Il tennis di Wimbledon \u00e8 stato lasciato alle spalle e la recente ondata di caldo \u00e8 stata messa da parte mentre ci dirigevamo verso il Santuario nazionale di Nostra Signora: in pullman e in auto da varie parti dell&#039;Inghilterra, in tempo per la Messa concelebrata di apertura.\" \/>\n<meta property=\"og:url\" content=\"https:\/\/maristeurope.eu\/it\/giornata-marista-in-inghilterra\/\" \/>\n<meta property=\"og:site_name\" content=\"Marist Europe\" \/>\n<meta property=\"article:published_time\" content=\"2025-07-08T11:42:14+00:00\" \/>\n<meta property=\"article:modified_time\" content=\"2025-07-14T11:47:22+00:00\" \/>\n<meta property=\"og:image\" content=\"https:\/\/maristeurope.eu\/wp-content\/uploads\/2025\/07\/IMG20250705155926-scaled.jpg\" \/>\n\t<meta property=\"og:image:width\" content=\"2560\" \/>\n\t<meta property=\"og:image:height\" content=\"1920\" \/>\n\t<meta property=\"og:image:type\" content=\"image\/jpeg\" \/>\n<meta name=\"author\" content=\"Anne Marie Salgo\" \/>\n<meta name=\"twitter:card\" content=\"summary_large_image\" \/>\n<meta name=\"twitter:label1\" content=\"Scritto da\" \/>\n\t<meta name=\"twitter:data1\" content=\"Anne Marie Salgo\" \/>\n\t<meta name=\"twitter:label2\" content=\"Tempo di lettura stimato\" \/>\n\t<meta name=\"twitter:data2\" content=\"1 minuto\" \/>\n<script type=\"application\/ld+json\" class=\"yoast-schema-graph\">{\"@context\":\"https:\\\/\\\/schema.org\",\"@graph\":[{\"@type\":\"Article\",\"@id\":\"https:\\\/\\\/maristeurope.eu\\\/it\\\/giornata-marista-in-inghilterra\\\/#article\",\"isPartOf\":{\"@id\":\"https:\\\/\\\/maristeurope.eu\\\/it\\\/giornata-marista-in-inghilterra\\\/\"},\"author\":{\"name\":\"Anne Marie Salgo\",\"@id\":\"https:\\\/\\\/maristeurope.eu\\\/it\\\/#\\\/schema\\\/person\\\/52ef67935880edd2768565651118bee9\"},\"headline\":\"Giornata marista in Inghilterra\",\"datePublished\":\"2025-07-08T11:42:14+00:00\",\"dateModified\":\"2025-07-14T11:47:22+00:00\",\"mainEntityOfPage\":{\"@id\":\"https:\\\/\\\/maristeurope.eu\\\/it\\\/giornata-marista-in-inghilterra\\\/\"},\"wordCount\":260,\"commentCount\":0,\"publisher\":{\"@id\":\"https:\\\/\\\/maristeurope.eu\\\/it\\\/#organization\"},\"image\":{\"@id\":\"https:\\\/\\\/maristeurope.eu\\\/it\\\/giornata-marista-in-inghilterra\\\/#primaryimage\"},\"thumbnailUrl\":\"https:\\\/\\\/maristeurope.eu\\\/wp-content\\\/uploads\\\/2025\\\/07\\\/IMG20250705155926-scaled.jpg\",\"inLanguage\":\"it-IT\",\"potentialAction\":[{\"@type\":\"CommentAction\",\"name\":\"Comment\",\"target\":[\"https:\\\/\\\/maristeurope.eu\\\/it\\\/giornata-marista-in-inghilterra\\\/#respond\"]}]},{\"@type\":\"WebPage\",\"@id\":\"https:\\\/\\\/maristeurope.eu\\\/it\\\/giornata-marista-in-inghilterra\\\/\",\"url\":\"https:\\\/\\\/maristeurope.eu\\\/it\\\/giornata-marista-in-inghilterra\\\/\",\"name\":\"Giornata marista in Inghilterra - Marist Europe\",\"isPartOf\":{\"@id\":\"https:\\\/\\\/maristeurope.eu\\\/it\\\/#website\"},\"primaryImageOfPage\":{\"@id\":\"https:\\\/\\\/maristeurope.eu\\\/it\\\/giornata-marista-in-inghilterra\\\/#primaryimage\"},\"image\":{\"@id\":\"https:\\\/\\\/maristeurope.eu\\\/it\\\/giornata-marista-in-inghilterra\\\/#primaryimage\"},\"thumbnailUrl\":\"https:\\\/\\\/maristeurope.eu\\\/wp-content\\\/uploads\\\/2025\\\/07\\\/IMG20250705155926-scaled.jpg\",\"datePublished\":\"2025-07-08T11:42:14+00:00\",\"dateModified\":\"2025-07-14T11:47:22+00:00\",\"breadcrumb\":{\"@id\":\"https:\\\/\\\/maristeurope.eu\\\/it\\\/giornata-marista-in-inghilterra\\\/#breadcrumb\"},\"inLanguage\":\"it-IT\",\"potentialAction\":[{\"@type\":\"ReadAction\",\"target\":[\"https:\\\/\\\/maristeurope.eu\\\/it\\\/giornata-marista-in-inghilterra\\\/\"]}]},{\"@type\":\"ImageObject\",\"inLanguage\":\"it-IT\",\"@id\":\"https:\\\/\\\/maristeurope.eu\\\/it\\\/giornata-marista-in-inghilterra\\\/#primaryimage\",\"url\":\"https:\\\/\\\/maristeurope.eu\\\/wp-content\\\/uploads\\\/2025\\\/07\\\/IMG20250705155926-scaled.jpg\",\"contentUrl\":\"https:\\\/\\\/maristeurope.eu\\\/wp-content\\\/uploads\\\/2025\\\/07\\\/IMG20250705155926-scaled.jpg\",\"width\":2560,\"height\":1920,\"caption\":\"oplus_8388608\"},{\"@type\":\"BreadcrumbList\",\"@id\":\"https:\\\/\\\/maristeurope.eu\\\/it\\\/giornata-marista-in-inghilterra\\\/#breadcrumb\",\"itemListElement\":[{\"@type\":\"ListItem\",\"position\":1,\"name\":\"Home\",\"item\":\"https:\\\/\\\/maristeurope.eu\\\/it\\\/maristi\\\/\"},{\"@type\":\"ListItem\",\"position\":2,\"name\":\"Giornata marista in Inghilterra\"}]},{\"@type\":\"WebSite\",\"@id\":\"https:\\\/\\\/maristeurope.eu\\\/it\\\/#website\",\"url\":\"https:\\\/\\\/maristeurope.eu\\\/it\\\/\",\"name\":\"Marist Europe\",\"description\":\"\",\"publisher\":{\"@id\":\"https:\\\/\\\/maristeurope.eu\\\/it\\\/#organization\"},\"potentialAction\":[{\"@type\":\"SearchAction\",\"target\":{\"@type\":\"EntryPoint\",\"urlTemplate\":\"https:\\\/\\\/maristeurope.eu\\\/it\\\/?s={search_term_string}\"},\"query-input\":{\"@type\":\"PropertyValueSpecification\",\"valueRequired\":true,\"valueName\":\"search_term_string\"}}],\"inLanguage\":\"it-IT\"},{\"@type\":\"Organization\",\"@id\":\"https:\\\/\\\/maristeurope.eu\\\/it\\\/#organization\",\"name\":\"Marist Europe\",\"url\":\"https:\\\/\\\/maristeurope.eu\\\/it\\\/\",\"logo\":{\"@type\":\"ImageObject\",\"inLanguage\":\"it-IT\",\"@id\":\"https:\\\/\\\/maristeurope.eu\\\/it\\\/#\\\/schema\\\/logo\\\/image\\\/\",\"url\":\"https:\\\/\\\/maristeurope.eu\\\/wp-content\\\/uploads\\\/2024\\\/10\\\/EU-SM-Finalogo-02.png\",\"contentUrl\":\"https:\\\/\\\/maristeurope.eu\\\/wp-content\\\/uploads\\\/2024\\\/10\\\/EU-SM-Finalogo-02.png\",\"width\":150,\"height\":156,\"caption\":\"Marist Europe\"},\"image\":{\"@id\":\"https:\\\/\\\/maristeurope.eu\\\/it\\\/#\\\/schema\\\/logo\\\/image\\\/\"}},{\"@type\":\"Person\",\"@id\":\"https:\\\/\\\/maristeurope.eu\\\/it\\\/#\\\/schema\\\/person\\\/52ef67935880edd2768565651118bee9\",\"name\":\"Anne Marie Salgo\",\"image\":{\"@type\":\"ImageObject\",\"inLanguage\":\"it-IT\",\"@id\":\"https:\\\/\\\/secure.gravatar.com\\\/avatar\\\/63bc5f7f74a90bb8d99eaaf8206d8217d780934d9a9659350347a36f2698fe6b?s=96&d=mm&r=g\",\"url\":\"https:\\\/\\\/secure.gravatar.com\\\/avatar\\\/63bc5f7f74a90bb8d99eaaf8206d8217d780934d9a9659350347a36f2698fe6b?s=96&d=mm&r=g\",\"contentUrl\":\"https:\\\/\\\/secure.gravatar.com\\\/avatar\\\/63bc5f7f74a90bb8d99eaaf8206d8217d780934d9a9659350347a36f2698fe6b?s=96&d=mm&r=g\",\"caption\":\"Anne Marie Salgo\"},\"url\":\"https:\\\/\\\/maristeurope.eu\\\/it\\\/author\\\/anne\\\/\"}]}<\/script>\n<!-- \/ Yoast SEO plugin. -->","yoast_head_json":{"title":"Giornata marista in Inghilterra - Marist Europe","robots":{"index":"index","follow":"follow","max-snippet":"max-snippet:-1","max-image-preview":"max-image-preview:large","max-video-preview":"max-video-preview:-1"},"canonical":"https:\/\/maristeurope.eu\/it\/giornata-marista-in-inghilterra\/","og_locale":"it_IT","og_type":"article","og_title":"Giornata marista in Inghilterra - Marist Europe","og_description":"Sabato 5 luglio 2025 \u00e8 stato il giorno del nostro pellegrinaggio marista annuale a Walsingham. Il tennis di Wimbledon \u00e8 stato lasciato alle spalle e la recente ondata di caldo \u00e8 stata messa da parte mentre ci dirigevamo verso il Santuario nazionale di Nostra Signora: in pullman e in auto da varie parti dell'Inghilterra, in tempo per la Messa concelebrata di apertura.","og_url":"https:\/\/maristeurope.eu\/it\/giornata-marista-in-inghilterra\/","og_site_name":"Marist Europe","article_published_time":"2025-07-08T11:42:14+00:00","article_modified_time":"2025-07-14T11:47:22+00:00","og_image":[{"width":2560,"height":1920,"url":"https:\/\/maristeurope.eu\/wp-content\/uploads\/2025\/07\/IMG20250705155926-scaled.jpg","type":"image\/jpeg"}],"author":"Anne Marie Salgo","twitter_card":"summary_large_image","twitter_misc":{"Scritto da":"Anne Marie Salgo","Tempo di lettura stimato":"1 minuto"},"schema":{"@context":"https:\/\/schema.org","@graph":[{"@type":"Article","@id":"https:\/\/maristeurope.eu\/it\/giornata-marista-in-inghilterra\/#article","isPartOf":{"@id":"https:\/\/maristeurope.eu\/it\/giornata-marista-in-inghilterra\/"},"author":{"name":"Anne Marie Salgo","@id":"https:\/\/maristeurope.eu\/it\/#\/schema\/person\/52ef67935880edd2768565651118bee9"},"headline":"Giornata marista in Inghilterra","datePublished":"2025-07-08T11:42:14+00:00","dateModified":"2025-07-14T11:47:22+00:00","mainEntityOfPage":{"@id":"https:\/\/maristeurope.eu\/it\/giornata-marista-in-inghilterra\/"},"wordCount":260,"commentCount":0,"publisher":{"@id":"https:\/\/maristeurope.eu\/it\/#organization"},"image":{"@id":"https:\/\/maristeurope.eu\/it\/giornata-marista-in-inghilterra\/#primaryimage"},"thumbnailUrl":"https:\/\/maristeurope.eu\/wp-content\/uploads\/2025\/07\/IMG20250705155926-scaled.jpg","inLanguage":"it-IT","potentialAction":[{"@type":"CommentAction","name":"Comment","target":["https:\/\/maristeurope.eu\/it\/giornata-marista-in-inghilterra\/#respond"]}]},{"@type":"WebPage","@id":"https:\/\/maristeurope.eu\/it\/giornata-marista-in-inghilterra\/","url":"https:\/\/maristeurope.eu\/it\/giornata-marista-in-inghilterra\/","name":"Giornata marista in Inghilterra - Marist Europe","isPartOf":{"@id":"https:\/\/maristeurope.eu\/it\/#website"},"primaryImageOfPage":{"@id":"https:\/\/maristeurope.eu\/it\/giornata-marista-in-inghilterra\/#primaryimage"},"image":{"@id":"https:\/\/maristeurope.eu\/it\/giornata-marista-in-inghilterra\/#primaryimage"},"thumbnailUrl":"https:\/\/maristeurope.eu\/wp-content\/uploads\/2025\/07\/IMG20250705155926-scaled.jpg","datePublished":"2025-07-08T11:42:14+00:00","dateModified":"2025-07-14T11:47:22+00:00","breadcrumb":{"@id":"https:\/\/maristeurope.eu\/it\/giornata-marista-in-inghilterra\/#breadcrumb"},"inLanguage":"it-IT","potentialAction":[{"@type":"ReadAction","target":["https:\/\/maristeurope.eu\/it\/giornata-marista-in-inghilterra\/"]}]},{"@type":"ImageObject","inLanguage":"it-IT","@id":"https:\/\/maristeurope.eu\/it\/giornata-marista-in-inghilterra\/#primaryimage","url":"https:\/\/maristeurope.eu\/wp-content\/uploads\/2025\/07\/IMG20250705155926-scaled.jpg","contentUrl":"https:\/\/maristeurope.eu\/wp-content\/uploads\/2025\/07\/IMG20250705155926-scaled.jpg","width":2560,"height":1920,"caption":"oplus_8388608"},{"@type":"BreadcrumbList","@id":"https:\/\/maristeurope.eu\/it\/giornata-marista-in-inghilterra\/#breadcrumb","itemListElement":[{"@type":"ListItem","position":1,"name":"Home","item":"https:\/\/maristeurope.eu\/it\/maristi\/"},{"@type":"ListItem","position":2,"name":"Giornata marista in Inghilterra"}]},{"@type":"WebSite","@id":"https:\/\/maristeurope.eu\/it\/#website","url":"https:\/\/maristeurope.eu\/it\/","name":"Marist Europe","description":"","publisher":{"@id":"https:\/\/maristeurope.eu\/it\/#organization"},"potentialAction":[{"@type":"SearchAction","target":{"@type":"EntryPoint","urlTemplate":"https:\/\/maristeurope.eu\/it\/?s={search_term_string}"},"query-input":{"@type":"PropertyValueSpecification","valueRequired":true,"valueName":"search_term_string"}}],"inLanguage":"it-IT"},{"@type":"Organization","@id":"https:\/\/maristeurope.eu\/it\/#organization","name":"Marist Europe","url":"https:\/\/maristeurope.eu\/it\/","logo":{"@type":"ImageObject","inLanguage":"it-IT","@id":"https:\/\/maristeurope.eu\/it\/#\/schema\/logo\/image\/","url":"https:\/\/maristeurope.eu\/wp-content\/uploads\/2024\/10\/EU-SM-Finalogo-02.png","contentUrl":"https:\/\/maristeurope.eu\/wp-content\/uploads\/2024\/10\/EU-SM-Finalogo-02.png","width":150,"height":156,"caption":"Marist Europe"},"image":{"@id":"https:\/\/maristeurope.eu\/it\/#\/schema\/logo\/image\/"}},{"@type":"Person","@id":"https:\/\/maristeurope.eu\/it\/#\/schema\/person\/52ef67935880edd2768565651118bee9","name":"Anne Marie Salgo","image":{"@type":"ImageObject","inLanguage":"it-IT","@id":"https:\/\/secure.gravatar.com\/avatar\/63bc5f7f74a90bb8d99eaaf8206d8217d780934d9a9659350347a36f2698fe6b?s=96&d=mm&r=g","url":"https:\/\/secure.gravatar.com\/avatar\/63bc5f7f74a90bb8d99eaaf8206d8217d780934d9a9659350347a36f2698fe6b?s=96&d=mm&r=g","contentUrl":"https:\/\/secure.gravatar.com\/avatar\/63bc5f7f74a90bb8d99eaaf8206d8217d780934d9a9659350347a36f2698fe6b?s=96&d=mm&r=g","caption":"Anne Marie Salgo"},"url":"https:\/\/maristeurope.eu\/it\/author\/anne\/"}]}},"_links":{"self":[{"href":"https:\/\/maristeurope.eu\/it\/wp-json\/wp\/v2\/posts\/7485","targetHints":{"allow":["GET"]}}],"collection":[{"href":"https:\/\/maristeurope.eu\/it\/wp-json\/wp\/v2\/posts"}],"about":[{"href":"https:\/\/maristeurope.eu\/it\/wp-json\/wp\/v2\/types\/post"}],"author":[{"embeddable":true,"href":"https:\/\/maristeurope.eu\/it\/wp-json\/wp\/v2\/users\/3"}],"replies":[{"embeddable":true,"href":"https:\/\/maristeurope.eu\/it\/wp-json\/wp\/v2\/comments?post=7485"}],"version-history":[{"count":1,"href":"https:\/\/maristeurope.eu\/it\/wp-json\/wp\/v2\/posts\/7485\/revisions"}],"predecessor-version":[{"id":7486,"href":"https:\/\/maristeurope.eu\/it\/wp-json\/wp\/v2\/posts\/7485\/revisions\/7486"}],"wp:featuredmedia":[{"embeddable":true,"href":"https:\/\/maristeurope.eu\/it\/wp-json\/wp\/v2\/media\/7449"}],"wp:attachment":[{"href":"https:\/\/maristeurope.eu\/it\/wp-json\/wp\/v2\/media?parent=7485"}],"wp:term":[{"taxonomy":"category","embeddable":true,"href":"https:\/\/maristeurope.eu\/it\/wp-json\/wp\/v2\/categories?post=7485"},{"taxonomy":"post_tag","embeddable":true,"href":"https:\/\/maristeurope.eu\/it\/wp-json\/wp\/v2\/tags?post=7485"}],"curies":[{"name":"wp","href":"https:\/\/api.w.org\/{rel}","templated":true}]}}