{"id":10620,"date":"2026-04-29T12:17:43","date_gmt":"2026-04-29T10:17:43","guid":{"rendered":"https:\/\/maristeurope.eu\/giornate-mariste-condivisione-delle-vocazioni-nelle-scuole-francesi\/"},"modified":"2026-04-29T12:21:32","modified_gmt":"2026-04-29T10:21:32","slug":"giornate-mariste-condivisione-delle-vocazioni-nelle-scuole-francesi","status":"publish","type":"post","link":"https:\/\/maristeurope.eu\/it\/giornate-mariste-condivisione-delle-vocazioni-nelle-scuole-francesi\/","title":{"rendered":"Giornate mariste: condivisione delle vocazioni nelle scuole francesi"},"content":{"rendered":"\n<p>Questa primavera, diverse scuole mariste in Francia hanno celebrato \"<em><strong>Le giornate mariste<\/strong><\/em>\"(Giornate mariste). Il viaggio \u00e8 iniziato a marzo a <strong>Bury<\/strong> e <strong>Le Rosaire<\/strong> (nord di Parigi) ed \u00e8 proseguito dopo Pasqua nelle nostre tre sedi di Tolone: <strong>Cours F\u00e9nelon<\/strong>, <strong>Institution Sainte Marie<\/strong> e <strong>Externat Saint Joseph la Cordeille<\/strong>. Un team entusiasta della Famiglia Marista ha condiviso testimonianze con centinaia di studenti, mettendo in luce le loro vocazioni e la missione marista globale. <strong>La risposta \u00e8 stata positiva<\/strong>; i relatori si sono commossi per l&#8217;attento coinvolgimento degli studenti, mentre molti insegnanti e studenti hanno sentito un profondo legame con le storie di vita marista nel mondo di oggi, tutti seguendo le orme di p. Colin.   <\/p>\n\n<p><\/p>\n\n<p>A rappresentare la famiglia marista c&#8217;erano i padri Jimmy McElroy, Rafael Ramila, Constant Amoussouga, Christian Abongbung e Mika Tuilau, due suore missionarie mariste, Aqela e H\u00e9l\u00e8ne, e suor Teri O&#8217;Brien sm.<\/p>\n\n<p><\/p>\n\n<p><\/p>\n\n<div class=\"wp-block-columns is-layout-flex wp-container-core-columns-is-layout-9d6595d7 wp-block-columns-is-layout-flex\">\n<div class=\"wp-block-column is-layout-flow wp-block-column-is-layout-flow\" style=\"flex-basis:50%\">\n<figure class=\"wp-block-image size-large\"><img loading=\"lazy\" decoding=\"async\" width=\"1024\" height=\"473\" src=\"https:\/\/maristeurope.eu\/wp-content\/uploads\/2026\/04\/673121111_995512576374440_6960863460866623015_n-1024x473.jpg\" alt=\"\" class=\"wp-image-10590\" style=\"aspect-ratio:3\/2;object-fit:cover\" srcset=\"https:\/\/maristeurope.eu\/wp-content\/uploads\/2026\/04\/673121111_995512576374440_6960863460866623015_n-980x453.jpg 980w, https:\/\/maristeurope.eu\/wp-content\/uploads\/2026\/04\/673121111_995512576374440_6960863460866623015_n-480x222.jpg 480w\" sizes=\"(min-width: 0px) and (max-width: 480px) 480px, (min-width: 481px) and (max-width: 980px) 980px, (min-width: 981px) 1024px, 100vw\" \/><\/figure>\n<\/div>\n\n\n\n<div class=\"wp-block-column is-vertically-aligned-top is-layout-flow wp-block-column-is-layout-flow\" style=\"flex-basis:50%\">\n<figure class=\"wp-block-image size-large\"><img loading=\"lazy\" decoding=\"async\" width=\"1024\" height=\"576\" src=\"https:\/\/maristeurope.eu\/wp-content\/uploads\/2026\/04\/674594046_995512583041106_9171972856718352388_n-1024x576.jpg\" alt=\"\" class=\"wp-image-10597\" style=\"aspect-ratio:3\/2;object-fit:cover\" srcset=\"https:\/\/maristeurope.eu\/wp-content\/uploads\/2026\/04\/674594046_995512583041106_9171972856718352388_n-980x551.jpg 980w, https:\/\/maristeurope.eu\/wp-content\/uploads\/2026\/04\/674594046_995512583041106_9171972856718352388_n-480x270.jpg 480w\" sizes=\"(min-width: 0px) and (max-width: 480px) 480px, (min-width: 481px) and (max-width: 980px) 980px, (min-width: 981px) 1024px, 100vw\" \/><\/figure>\n<\/div>\n<\/div>\n","protected":false},"excerpt":{"rendered":"<p>Questa primavera, diverse scuole mariste in Francia hanno celebrato \"Le giornate mariste\"(Giornate mariste). Il viaggio \u00e8 iniziato a marzo a Bury e Le Rosaire (nord di Parigi) ed \u00e8 proseguito dopo Pasqua nelle nostre tre sedi di Tolone: Cours F\u00e9nelon, Institution Sainte Marie e Externat Saint Joseph la Cordeille. Un team entusiasta della Famiglia Marista [&hellip;]<\/p>\n","protected":false},"author":7,"featured_media":10608,"comment_status":"open","ping_status":"open","sticky":false,"template":"","format":"standard","meta":{"_et_pb_use_builder":"off","_et_pb_old_content":"","_et_gb_content_width":"","footnotes":""},"categories":[49],"tags":[],"class_list":["post-10620","post","type-post","status-publish","format-standard","has-post-thumbnail","hentry","category-senza-categoria"],"yoast_head":"<!-- This site is optimized with the Yoast SEO plugin v27.5 - https:\/\/yoast.com\/product\/yoast-seo-wordpress\/ -->\n<title>Giornate mariste: condivisione delle vocazioni nelle scuole francesi - Marist Europe<\/title>\n<meta name=\"robots\" content=\"index, follow, max-snippet:-1, max-image-preview:large, max-video-preview:-1\" \/>\n<link rel=\"canonical\" href=\"https:\/\/maristeurope.eu\/it\/giornate-mariste-condivisione-delle-vocazioni-nelle-scuole-francesi\/\" \/>\n<meta property=\"og:locale\" content=\"it_IT\" \/>\n<meta property=\"og:type\" content=\"article\" \/>\n<meta property=\"og:title\" content=\"Giornate mariste: condivisione delle vocazioni nelle scuole francesi - Marist Europe\" \/>\n<meta property=\"og:description\" content=\"Questa primavera, diverse scuole mariste in Francia hanno celebrato &quot;Le giornate mariste&quot;(Giornate mariste). Il viaggio \u00e8 iniziato a marzo a Bury e Le Rosaire (nord di Parigi) ed \u00e8 proseguito dopo Pasqua nelle nostre tre sedi di Tolone: Cours F\u00e9nelon, Institution Sainte Marie e Externat Saint Joseph la Cordeille. Un team entusiasta della Famiglia Marista [&hellip;]\" \/>\n<meta property=\"og:url\" content=\"https:\/\/maristeurope.eu\/it\/giornate-mariste-condivisione-delle-vocazioni-nelle-scuole-francesi\/\" \/>\n<meta property=\"og:site_name\" content=\"Marist Europe\" \/>\n<meta property=\"article:published_time\" content=\"2026-04-29T10:17:43+00:00\" \/>\n<meta property=\"article:modified_time\" content=\"2026-04-29T10:21:32+00:00\" \/>\n<meta property=\"og:image\" content=\"https:\/\/maristeurope.eu\/wp-content\/uploads\/2026\/04\/PHOTO-2026-04-22-14-42-39.jpg\" \/>\n\t<meta property=\"og:image:width\" content=\"1294\" \/>\n\t<meta property=\"og:image:height\" content=\"825\" \/>\n\t<meta property=\"og:image:type\" content=\"image\/jpeg\" \/>\n<meta name=\"author\" content=\"Author\" \/>\n<meta name=\"twitter:card\" content=\"summary_large_image\" \/>\n<meta name=\"twitter:label1\" content=\"Scritto da\" \/>\n\t<meta name=\"twitter:data1\" content=\"Author\" \/>\n\t<meta name=\"twitter:label2\" content=\"Tempo di lettura stimato\" \/>\n\t<meta name=\"twitter:data2\" content=\"1 minuto\" \/>\n<script type=\"application\/ld+json\" class=\"yoast-schema-graph\">{\"@context\":\"https:\\\/\\\/schema.org\",\"@graph\":[{\"@type\":\"Article\",\"@id\":\"https:\\\/\\\/maristeurope.eu\\\/it\\\/giornate-mariste-condivisione-delle-vocazioni-nelle-scuole-francesi\\\/#article\",\"isPartOf\":{\"@id\":\"https:\\\/\\\/maristeurope.eu\\\/it\\\/giornate-mariste-condivisione-delle-vocazioni-nelle-scuole-francesi\\\/\"},\"author\":{\"name\":\"Author\",\"@id\":\"https:\\\/\\\/maristeurope.eu\\\/it\\\/#\\\/schema\\\/person\\\/f8e95da2dc077ecf7c73937cbebbd209\"},\"headline\":\"Giornate mariste: condivisione delle vocazioni nelle scuole francesi\",\"datePublished\":\"2026-04-29T10:17:43+00:00\",\"dateModified\":\"2026-04-29T10:21:32+00:00\",\"mainEntityOfPage\":{\"@id\":\"https:\\\/\\\/maristeurope.eu\\\/it\\\/giornate-mariste-condivisione-delle-vocazioni-nelle-scuole-francesi\\\/\"},\"wordCount\":158,\"commentCount\":0,\"publisher\":{\"@id\":\"https:\\\/\\\/maristeurope.eu\\\/it\\\/#organization\"},\"image\":{\"@id\":\"https:\\\/\\\/maristeurope.eu\\\/it\\\/giornate-mariste-condivisione-delle-vocazioni-nelle-scuole-francesi\\\/#primaryimage\"},\"thumbnailUrl\":\"https:\\\/\\\/maristeurope.eu\\\/wp-content\\\/uploads\\\/2026\\\/04\\\/PHOTO-2026-04-22-14-42-39.jpg\",\"inLanguage\":\"it-IT\",\"potentialAction\":[{\"@type\":\"CommentAction\",\"name\":\"Comment\",\"target\":[\"https:\\\/\\\/maristeurope.eu\\\/it\\\/giornate-mariste-condivisione-delle-vocazioni-nelle-scuole-francesi\\\/#respond\"]}]},{\"@type\":\"WebPage\",\"@id\":\"https:\\\/\\\/maristeurope.eu\\\/it\\\/giornate-mariste-condivisione-delle-vocazioni-nelle-scuole-francesi\\\/\",\"url\":\"https:\\\/\\\/maristeurope.eu\\\/it\\\/giornate-mariste-condivisione-delle-vocazioni-nelle-scuole-francesi\\\/\",\"name\":\"Giornate mariste: condivisione delle vocazioni nelle scuole francesi - Marist Europe\",\"isPartOf\":{\"@id\":\"https:\\\/\\\/maristeurope.eu\\\/it\\\/#website\"},\"primaryImageOfPage\":{\"@id\":\"https:\\\/\\\/maristeurope.eu\\\/it\\\/giornate-mariste-condivisione-delle-vocazioni-nelle-scuole-francesi\\\/#primaryimage\"},\"image\":{\"@id\":\"https:\\\/\\\/maristeurope.eu\\\/it\\\/giornate-mariste-condivisione-delle-vocazioni-nelle-scuole-francesi\\\/#primaryimage\"},\"thumbnailUrl\":\"https:\\\/\\\/maristeurope.eu\\\/wp-content\\\/uploads\\\/2026\\\/04\\\/PHOTO-2026-04-22-14-42-39.jpg\",\"datePublished\":\"2026-04-29T10:17:43+00:00\",\"dateModified\":\"2026-04-29T10:21:32+00:00\",\"breadcrumb\":{\"@id\":\"https:\\\/\\\/maristeurope.eu\\\/it\\\/giornate-mariste-condivisione-delle-vocazioni-nelle-scuole-francesi\\\/#breadcrumb\"},\"inLanguage\":\"it-IT\",\"potentialAction\":[{\"@type\":\"ReadAction\",\"target\":[\"https:\\\/\\\/maristeurope.eu\\\/it\\\/giornate-mariste-condivisione-delle-vocazioni-nelle-scuole-francesi\\\/\"]}]},{\"@type\":\"ImageObject\",\"inLanguage\":\"it-IT\",\"@id\":\"https:\\\/\\\/maristeurope.eu\\\/it\\\/giornate-mariste-condivisione-delle-vocazioni-nelle-scuole-francesi\\\/#primaryimage\",\"url\":\"https:\\\/\\\/maristeurope.eu\\\/wp-content\\\/uploads\\\/2026\\\/04\\\/PHOTO-2026-04-22-14-42-39.jpg\",\"contentUrl\":\"https:\\\/\\\/maristeurope.eu\\\/wp-content\\\/uploads\\\/2026\\\/04\\\/PHOTO-2026-04-22-14-42-39.jpg\",\"width\":1294,\"height\":825},{\"@type\":\"BreadcrumbList\",\"@id\":\"https:\\\/\\\/maristeurope.eu\\\/it\\\/giornate-mariste-condivisione-delle-vocazioni-nelle-scuole-francesi\\\/#breadcrumb\",\"itemListElement\":[{\"@type\":\"ListItem\",\"position\":1,\"name\":\"Home\",\"item\":\"https:\\\/\\\/maristeurope.eu\\\/it\\\/maristi\\\/\"},{\"@type\":\"ListItem\",\"position\":2,\"name\":\"Giornate mariste: condivisione delle vocazioni nelle scuole francesi\"}]},{\"@type\":\"WebSite\",\"@id\":\"https:\\\/\\\/maristeurope.eu\\\/it\\\/#website\",\"url\":\"https:\\\/\\\/maristeurope.eu\\\/it\\\/\",\"name\":\"Marist Europe\",\"description\":\"\",\"publisher\":{\"@id\":\"https:\\\/\\\/maristeurope.eu\\\/it\\\/#organization\"},\"potentialAction\":[{\"@type\":\"SearchAction\",\"target\":{\"@type\":\"EntryPoint\",\"urlTemplate\":\"https:\\\/\\\/maristeurope.eu\\\/it\\\/?s={search_term_string}\"},\"query-input\":{\"@type\":\"PropertyValueSpecification\",\"valueRequired\":true,\"valueName\":\"search_term_string\"}}],\"inLanguage\":\"it-IT\"},{\"@type\":\"Organization\",\"@id\":\"https:\\\/\\\/maristeurope.eu\\\/it\\\/#organization\",\"name\":\"Marist Europe\",\"url\":\"https:\\\/\\\/maristeurope.eu\\\/it\\\/\",\"logo\":{\"@type\":\"ImageObject\",\"inLanguage\":\"it-IT\",\"@id\":\"https:\\\/\\\/maristeurope.eu\\\/it\\\/#\\\/schema\\\/logo\\\/image\\\/\",\"url\":\"https:\\\/\\\/maristeurope.eu\\\/wp-content\\\/uploads\\\/2024\\\/10\\\/EU-SM-Finalogo-02.png\",\"contentUrl\":\"https:\\\/\\\/maristeurope.eu\\\/wp-content\\\/uploads\\\/2024\\\/10\\\/EU-SM-Finalogo-02.png\",\"width\":150,\"height\":156,\"caption\":\"Marist Europe\"},\"image\":{\"@id\":\"https:\\\/\\\/maristeurope.eu\\\/it\\\/#\\\/schema\\\/logo\\\/image\\\/\"}},{\"@type\":\"Person\",\"@id\":\"https:\\\/\\\/maristeurope.eu\\\/it\\\/#\\\/schema\\\/person\\\/f8e95da2dc077ecf7c73937cbebbd209\",\"name\":\"Author\",\"image\":{\"@type\":\"ImageObject\",\"inLanguage\":\"it-IT\",\"@id\":\"https:\\\/\\\/secure.gravatar.com\\\/avatar\\\/6709da64a616dd172f3d90d48d6e09e07dca7fed6f6b3fcdd28c01a385bb51f1?s=96&d=mm&r=g\",\"url\":\"https:\\\/\\\/secure.gravatar.com\\\/avatar\\\/6709da64a616dd172f3d90d48d6e09e07dca7fed6f6b3fcdd28c01a385bb51f1?s=96&d=mm&r=g\",\"contentUrl\":\"https:\\\/\\\/secure.gravatar.com\\\/avatar\\\/6709da64a616dd172f3d90d48d6e09e07dca7fed6f6b3fcdd28c01a385bb51f1?s=96&d=mm&r=g\",\"caption\":\"Author\"},\"url\":\"https:\\\/\\\/maristeurope.eu\\\/it\\\/author\\\/theo\\\/\"}]}<\/script>\n<!-- \/ Yoast SEO plugin. -->","yoast_head_json":{"title":"Giornate mariste: condivisione delle vocazioni nelle scuole francesi - Marist Europe","robots":{"index":"index","follow":"follow","max-snippet":"max-snippet:-1","max-image-preview":"max-image-preview:large","max-video-preview":"max-video-preview:-1"},"canonical":"https:\/\/maristeurope.eu\/it\/giornate-mariste-condivisione-delle-vocazioni-nelle-scuole-francesi\/","og_locale":"it_IT","og_type":"article","og_title":"Giornate mariste: condivisione delle vocazioni nelle scuole francesi - Marist Europe","og_description":"Questa primavera, diverse scuole mariste in Francia hanno celebrato \"Le giornate mariste\"(Giornate mariste). Il viaggio \u00e8 iniziato a marzo a Bury e Le Rosaire (nord di Parigi) ed \u00e8 proseguito dopo Pasqua nelle nostre tre sedi di Tolone: Cours F\u00e9nelon, Institution Sainte Marie e Externat Saint Joseph la Cordeille. Un team entusiasta della Famiglia Marista [&hellip;]","og_url":"https:\/\/maristeurope.eu\/it\/giornate-mariste-condivisione-delle-vocazioni-nelle-scuole-francesi\/","og_site_name":"Marist Europe","article_published_time":"2026-04-29T10:17:43+00:00","article_modified_time":"2026-04-29T10:21:32+00:00","og_image":[{"width":1294,"height":825,"url":"https:\/\/maristeurope.eu\/wp-content\/uploads\/2026\/04\/PHOTO-2026-04-22-14-42-39.jpg","type":"image\/jpeg"}],"author":"Author","twitter_card":"summary_large_image","twitter_misc":{"Scritto da":"Author","Tempo di lettura stimato":"1 minuto"},"schema":{"@context":"https:\/\/schema.org","@graph":[{"@type":"Article","@id":"https:\/\/maristeurope.eu\/it\/giornate-mariste-condivisione-delle-vocazioni-nelle-scuole-francesi\/#article","isPartOf":{"@id":"https:\/\/maristeurope.eu\/it\/giornate-mariste-condivisione-delle-vocazioni-nelle-scuole-francesi\/"},"author":{"name":"Author","@id":"https:\/\/maristeurope.eu\/it\/#\/schema\/person\/f8e95da2dc077ecf7c73937cbebbd209"},"headline":"Giornate mariste: condivisione delle vocazioni nelle scuole francesi","datePublished":"2026-04-29T10:17:43+00:00","dateModified":"2026-04-29T10:21:32+00:00","mainEntityOfPage":{"@id":"https:\/\/maristeurope.eu\/it\/giornate-mariste-condivisione-delle-vocazioni-nelle-scuole-francesi\/"},"wordCount":158,"commentCount":0,"publisher":{"@id":"https:\/\/maristeurope.eu\/it\/#organization"},"image":{"@id":"https:\/\/maristeurope.eu\/it\/giornate-mariste-condivisione-delle-vocazioni-nelle-scuole-francesi\/#primaryimage"},"thumbnailUrl":"https:\/\/maristeurope.eu\/wp-content\/uploads\/2026\/04\/PHOTO-2026-04-22-14-42-39.jpg","inLanguage":"it-IT","potentialAction":[{"@type":"CommentAction","name":"Comment","target":["https:\/\/maristeurope.eu\/it\/giornate-mariste-condivisione-delle-vocazioni-nelle-scuole-francesi\/#respond"]}]},{"@type":"WebPage","@id":"https:\/\/maristeurope.eu\/it\/giornate-mariste-condivisione-delle-vocazioni-nelle-scuole-francesi\/","url":"https:\/\/maristeurope.eu\/it\/giornate-mariste-condivisione-delle-vocazioni-nelle-scuole-francesi\/","name":"Giornate mariste: condivisione delle vocazioni nelle scuole francesi - Marist Europe","isPartOf":{"@id":"https:\/\/maristeurope.eu\/it\/#website"},"primaryImageOfPage":{"@id":"https:\/\/maristeurope.eu\/it\/giornate-mariste-condivisione-delle-vocazioni-nelle-scuole-francesi\/#primaryimage"},"image":{"@id":"https:\/\/maristeurope.eu\/it\/giornate-mariste-condivisione-delle-vocazioni-nelle-scuole-francesi\/#primaryimage"},"thumbnailUrl":"https:\/\/maristeurope.eu\/wp-content\/uploads\/2026\/04\/PHOTO-2026-04-22-14-42-39.jpg","datePublished":"2026-04-29T10:17:43+00:00","dateModified":"2026-04-29T10:21:32+00:00","breadcrumb":{"@id":"https:\/\/maristeurope.eu\/it\/giornate-mariste-condivisione-delle-vocazioni-nelle-scuole-francesi\/#breadcrumb"},"inLanguage":"it-IT","potentialAction":[{"@type":"ReadAction","target":["https:\/\/maristeurope.eu\/it\/giornate-mariste-condivisione-delle-vocazioni-nelle-scuole-francesi\/"]}]},{"@type":"ImageObject","inLanguage":"it-IT","@id":"https:\/\/maristeurope.eu\/it\/giornate-mariste-condivisione-delle-vocazioni-nelle-scuole-francesi\/#primaryimage","url":"https:\/\/maristeurope.eu\/wp-content\/uploads\/2026\/04\/PHOTO-2026-04-22-14-42-39.jpg","contentUrl":"https:\/\/maristeurope.eu\/wp-content\/uploads\/2026\/04\/PHOTO-2026-04-22-14-42-39.jpg","width":1294,"height":825},{"@type":"BreadcrumbList","@id":"https:\/\/maristeurope.eu\/it\/giornate-mariste-condivisione-delle-vocazioni-nelle-scuole-francesi\/#breadcrumb","itemListElement":[{"@type":"ListItem","position":1,"name":"Home","item":"https:\/\/maristeurope.eu\/it\/maristi\/"},{"@type":"ListItem","position":2,"name":"Giornate mariste: condivisione delle vocazioni nelle scuole francesi"}]},{"@type":"WebSite","@id":"https:\/\/maristeurope.eu\/it\/#website","url":"https:\/\/maristeurope.eu\/it\/","name":"Marist Europe","description":"","publisher":{"@id":"https:\/\/maristeurope.eu\/it\/#organization"},"potentialAction":[{"@type":"SearchAction","target":{"@type":"EntryPoint","urlTemplate":"https:\/\/maristeurope.eu\/it\/?s={search_term_string}"},"query-input":{"@type":"PropertyValueSpecification","valueRequired":true,"valueName":"search_term_string"}}],"inLanguage":"it-IT"},{"@type":"Organization","@id":"https:\/\/maristeurope.eu\/it\/#organization","name":"Marist Europe","url":"https:\/\/maristeurope.eu\/it\/","logo":{"@type":"ImageObject","inLanguage":"it-IT","@id":"https:\/\/maristeurope.eu\/it\/#\/schema\/logo\/image\/","url":"https:\/\/maristeurope.eu\/wp-content\/uploads\/2024\/10\/EU-SM-Finalogo-02.png","contentUrl":"https:\/\/maristeurope.eu\/wp-content\/uploads\/2024\/10\/EU-SM-Finalogo-02.png","width":150,"height":156,"caption":"Marist Europe"},"image":{"@id":"https:\/\/maristeurope.eu\/it\/#\/schema\/logo\/image\/"}},{"@type":"Person","@id":"https:\/\/maristeurope.eu\/it\/#\/schema\/person\/f8e95da2dc077ecf7c73937cbebbd209","name":"Author","image":{"@type":"ImageObject","inLanguage":"it-IT","@id":"https:\/\/secure.gravatar.com\/avatar\/6709da64a616dd172f3d90d48d6e09e07dca7fed6f6b3fcdd28c01a385bb51f1?s=96&d=mm&r=g","url":"https:\/\/secure.gravatar.com\/avatar\/6709da64a616dd172f3d90d48d6e09e07dca7fed6f6b3fcdd28c01a385bb51f1?s=96&d=mm&r=g","contentUrl":"https:\/\/secure.gravatar.com\/avatar\/6709da64a616dd172f3d90d48d6e09e07dca7fed6f6b3fcdd28c01a385bb51f1?s=96&d=mm&r=g","caption":"Author"},"url":"https:\/\/maristeurope.eu\/it\/author\/theo\/"}]}},"_links":{"self":[{"href":"https:\/\/maristeurope.eu\/it\/wp-json\/wp\/v2\/posts\/10620","targetHints":{"allow":["GET"]}}],"collection":[{"href":"https:\/\/maristeurope.eu\/it\/wp-json\/wp\/v2\/posts"}],"about":[{"href":"https:\/\/maristeurope.eu\/it\/wp-json\/wp\/v2\/types\/post"}],"author":[{"embeddable":true,"href":"https:\/\/maristeurope.eu\/it\/wp-json\/wp\/v2\/users\/7"}],"replies":[{"embeddable":true,"href":"https:\/\/maristeurope.eu\/it\/wp-json\/wp\/v2\/comments?post=10620"}],"version-history":[{"count":1,"href":"https:\/\/maristeurope.eu\/it\/wp-json\/wp\/v2\/posts\/10620\/revisions"}],"predecessor-version":[{"id":10621,"href":"https:\/\/maristeurope.eu\/it\/wp-json\/wp\/v2\/posts\/10620\/revisions\/10621"}],"wp:featuredmedia":[{"embeddable":true,"href":"https:\/\/maristeurope.eu\/it\/wp-json\/wp\/v2\/media\/10608"}],"wp:attachment":[{"href":"https:\/\/maristeurope.eu\/it\/wp-json\/wp\/v2\/media?parent=10620"}],"wp:term":[{"taxonomy":"category","embeddable":true,"href":"https:\/\/maristeurope.eu\/it\/wp-json\/wp\/v2\/categories?post=10620"},{"taxonomy":"post_tag","embeddable":true,"href":"https:\/\/maristeurope.eu\/it\/wp-json\/wp\/v2\/tags?post=10620"}],"curies":[{"name":"wp","href":"https:\/\/api.w.org\/{rel}","templated":true}]}}