{"id":10528,"date":"2026-04-09T07:04:00","date_gmt":"2026-04-09T05:04:00","guid":{"rendered":"https:\/\/maristeurope.eu\/?p=10528"},"modified":"2026-04-07T19:27:31","modified_gmt":"2026-04-07T17:27:31","slug":"32-anni-di-missione-marista-nelle-filippine","status":"publish","type":"post","link":"https:\/\/maristeurope.eu\/it\/32-anni-di-missione-marista-nelle-filippine\/","title":{"rendered":"32 anni di missione marista nelle Filippine"},"content":{"rendered":"\n<h2 class=\"wp-block-heading\"><em>Nessuno \u00e8 abbastanza ricco da non poter dare - Nessuno \u00e8 abbastanza povero da non poter condividere<\/em><\/h2>\n\n<p><em><strong>Padre Paddy Muckian \u00e8 recentemente tornato nella sua Irlanda. Scrive degli anni trascorsi in missione con grande zelo e gioia:   <\/strong><\/em><\/p>\n\n<p>Per oltre tre decenni, la Missione Marista nelle Filippine non \u00e8 stata solo il mio incarico, ma la mia vita. Questi sono alcuni dei ricordi che ho portato a casa con me. Che luogo emozionante \u00e8 stato lavorare e ministrare con maristi provenienti da molti luoghi diversi: Australia, Filippine, Nuova Zelanda, Tonga, Figi, Regno Unito, Stati Uniti e Irlanda.    <\/p>\n\n<p>Il ruolo della Societ\u00e0 era quello di impiantare la Societ\u00e0 di Maria nelle Filippine. Solo pochi anni fa le Filippine hanno celebrato i 500 anni dell'arrivo del cristianesimo sotto le regole spagnole. I Fratelli Maristi erano arrivati nelle Filippine all'inizio degli anni '50, ci hanno accolto e sponsorizzato mentre iniziavamo la nostra vita a Mindanao. Nel gruppo c'era un grande senso di missione e di eccitazione.     <\/p>\n\n<p>Quando sono arrivato l\u00ec c'erano probabilmente una decina di confratelli. Facevamo tutti parte del Consiglio di distretto, c'era la sensazione di essere in movimento, di esplorare nuove idee e di abbracciare la Chiesa in tutti i suoi aspetti. La formazione era iniziata qualche anno prima con molti filippini che si erano uniti al nostro programma di formazione a Cotabato City. Tutti i confratelli erano coinvolti nella formazione, sia formalmente che accompagnando i seminaristi quando venivano in Esposizione Pastorale.     <\/p>\n\n<p>Il mio primo incarico, dopo aver completato un anno di studi linguistici e culturali, \u00e8 stato nella zona mineraria di Diwalwal, a Davao Del Norte. Sono arrivato l\u00ec per l'inizio della Misa de Gallo, la novena di dieci giorni a cui i filippini accorrono a migliaia ogni 16 dicembre. Alle 3 del mattino sono andato con il sacrestano, arrampicandomi sul terreno accidentato con una torcia in mano. Sembrava cos\u00ec strano, ricordo di aver pensato: cosa ci faccio qui. Tuttavia, quando ci siamo avvicinati alla cappella, abbiamo potuto sentire il coro che si esercitava in canti natalizi e tutte le paure e le ansie sono sembrate scomparire e non mi sono pi\u00f9 voltato indietro.    <\/p>\n\n<p>I maristi hanno attraversato i pendii delle montagne per prestare il loro servizio alla comunit\u00e0 mineraria in cinque cappelle. Tendevamo a lavorare in aree che il Vescovo locale trovava difficili da occupare. Di solito si trattava di zone montuose, tra i contadini e le popolazioni tribali, e anche nella regione di Cotabato, che \u00e8 molto carica dal punto di vista politico.    <\/p>\n\n<p>A Davao abbiamo vissuto per tre anni in un'area abusiva e abbiamo condiviso la vita dei poveri. Era un'area molto conosciuta a Davao, dove durante l'era Marcos venivano recuperati i corpi e gettati in mare. La gente viveva in condizioni anguste. La nostra casa era costruita su palafitte nel mare, dove le maree entravano e uscivano sotto di noi. Siamo andati incontro alle persone e abbiamo assistito i loro bisogni.      <\/p>\n\n<p>Un pomeriggio in cui i miei confratelli non c'erano e prima di andare a visitare la comunit\u00e0, ho nascosto il nostro budget mensile sotto la stuoia del mio letto. Pi\u00f9 tardi tornai a casa e, prima di andare a letto, scrollai via le zanzare dalla stuoia dalla finestra. Il mattino seguente fui svegliato dalle voci eccitate dei vicini, mentre arrivava il mare. Stavano recuperando le banconote di peso che erano state gettate dalla finestra la sera prima. La gente era cos\u00ec felice che nessuno chiese da dove provenissero. Qualche settimana dopo, l'arcivescovo locale era in visita da noi e ho raccontato la storia. Si mise a ridere e disse che era un bene per la gente vincere alla lotteria almeno una volta nella vita!      <\/p>\n\n<p>I maristi svolgono il loro ministero anche nelle carceri. I maristi laici lavorano con i religiosi, conosciamo i detenuti e le loro famiglie. Ci sono state giornate in famiglia, studio della Bibbia, condivisione della fede, la preghiera delle 3, il rosario nelle celle la sera. La Messa veniva celebrata ogni domenica mattina e i GKK della nostra parrocchia si alternavano ai detenuti. Ogni sabato mattina c'erano le prove del coro e la condivisione della fede. Un estraneo che entrasse nel gruppo sarebbe sorpreso dal fatto che la loro condivisione \u00e8 come quella di qualsiasi altro gruppo di condivisione della fede.     <\/p>\n\n<p>Lo scorso novembre abbiamo celebrato un matrimonio per otto coppie nel carcere di BJMP (750 detenuti). \u00c8 stata un'occasione importante, i detenuti si sono preparati per settimane. Le \"Coppie per Cristo\" e i catechisti della parrocchia hanno preparato le coppie. Abiti, camicie, fiori, cibo e bevande sono stati sponsorizzati da generosi donatori esterni. L'intero carcere si \u00e8 fermato per qualche ora a godersi la celebrazione e le coppie hanno espresso la loro felicit\u00e0 in seguito.      <\/p>\n\n<p>Infine, negli ultimi dieci anni i maristi hanno svolto il loro ministero in una parrocchia urbana rurale a Digos City. \u00c8 composta da 24 GKK (piccole comunit\u00e0 cristiane). Ogni cappella \u00e8 composta da circa 80 membri. Hanno un proprio presidente di cappella e degli ufficiali di supporto. Ogni GKK \u00e8 collegato alla parrocchia e alla diocesi. C'\u00e8 uno sforzo consapevole per rinnovare i gruppi attraverso seminari pastorali e rinnovamento spirituale. Stiamo anche costruendo una chiesa parrocchiale che, si spera, sar\u00e0 completata nei prossimi anni.        <\/p>\n\n<p>In conclusione, sono dieci milioni i filippini che lavorano nel mondo. La Conferenza episcopale delle Filippine li vede come <em><strong>nuovi missionari asiatici<\/strong><\/em> e molti di loro desiderano svolgere questo ruolo. Che dono sono!  <\/p>\n\n<p><\/p>\n\n<figure class=\"wp-block-gallery has-nested-images columns-default is-cropped wp-block-gallery-1 is-layout-flex wp-block-gallery-is-layout-flex\">\n<figure class=\"wp-block-image size-large\"><img loading=\"lazy\" decoding=\"async\" width=\"1024\" height=\"768\" data-id=\"10515\" src=\"https:\/\/maristeurope.eu\/wp-content\/uploads\/2026\/04\/IMG-20260225-WA0003-1024x768.jpg\" alt=\"\" class=\"wp-image-10515\" srcset=\"https:\/\/maristeurope.eu\/wp-content\/uploads\/2026\/04\/IMG-20260225-WA0003-1024x768.jpg 1024w, https:\/\/maristeurope.eu\/wp-content\/uploads\/2026\/04\/IMG-20260225-WA0003-980x735.jpg 980w, https:\/\/maristeurope.eu\/wp-content\/uploads\/2026\/04\/IMG-20260225-WA0003-480x360.jpg 480w\" sizes=\"(min-width: 0px) and (max-width: 480px) 480px, (min-width: 481px) and (max-width: 980px) 980px, (min-width: 981px) 1024px, 100vw\" \/><\/figure>\n\n\n\n<figure class=\"wp-block-image size-large\"><img loading=\"lazy\" decoding=\"async\" width=\"766\" height=\"1024\" data-id=\"10508\" src=\"https:\/\/maristeurope.eu\/wp-content\/uploads\/2026\/04\/IMG-20260225-WA0000-766x1024.jpg\" alt=\"\" class=\"wp-image-10508\" srcset=\"https:\/\/maristeurope.eu\/wp-content\/uploads\/2026\/04\/IMG-20260225-WA0000-766x1024.jpg 766w, https:\/\/maristeurope.eu\/wp-content\/uploads\/2026\/04\/IMG-20260225-WA0000-480x641.jpg 480w\" sizes=\"(min-width: 0px) and (max-width: 480px) 480px, (min-width: 481px) 766px, 100vw\" \/><\/figure>\n<\/figure>\n","protected":false},"excerpt":{"rendered":"<p>Padre Paddy Muckian \u00e8 recentemente tornato nella sua Irlanda. Scrive degli anni trascorsi in missione con grande zelo e gioia&#8230; <\/p>\n","protected":false},"author":3,"featured_media":10505,"comment_status":"closed","ping_status":"closed","sticky":false,"template":"","format":"standard","meta":{"footnotes":""},"categories":[49],"tags":[],"class_list":["post-10528","post","type-post","status-publish","format-standard","has-post-thumbnail","hentry","category-senza-categoria"],"yoast_head":"<!-- This site is optimized with the Yoast SEO plugin v27.5 - https:\/\/yoast.com\/product\/yoast-seo-wordpress\/ -->\n<title>32 anni di missione marista nelle Filippine - Marist Europe<\/title>\n<meta name=\"robots\" content=\"index, follow, max-snippet:-1, max-image-preview:large, max-video-preview:-1\" \/>\n<link rel=\"canonical\" href=\"https:\/\/maristeurope.eu\/it\/32-anni-di-missione-marista-nelle-filippine\/\" \/>\n<meta property=\"og:locale\" content=\"it_IT\" \/>\n<meta property=\"og:type\" content=\"article\" \/>\n<meta property=\"og:title\" content=\"32 anni di missione marista nelle Filippine - Marist Europe\" \/>\n<meta property=\"og:description\" content=\"Padre Paddy Muckian \u00e8 recentemente tornato nella sua Irlanda. Scrive degli anni trascorsi in missione con grande zelo e gioia...\" \/>\n<meta property=\"og:url\" content=\"https:\/\/maristeurope.eu\/it\/32-anni-di-missione-marista-nelle-filippine\/\" \/>\n<meta property=\"og:site_name\" content=\"Marist Europe\" \/>\n<meta property=\"article:published_time\" content=\"2026-04-09T05:04:00+00:00\" \/>\n<meta property=\"og:image\" content=\"https:\/\/maristeurope.eu\/wp-content\/uploads\/2026\/04\/IMG-20260225-WA0006-e1775511047653.jpg\" \/>\n\t<meta property=\"og:image:width\" content=\"1280\" \/>\n\t<meta property=\"og:image:height\" content=\"764\" \/>\n\t<meta property=\"og:image:type\" content=\"image\/jpeg\" \/>\n<meta name=\"author\" content=\"Anne Marie Salgo\" \/>\n<meta name=\"twitter:card\" content=\"summary_large_image\" \/>\n<meta name=\"twitter:label1\" content=\"Scritto da\" \/>\n\t<meta name=\"twitter:data1\" content=\"Anne Marie Salgo\" \/>\n\t<meta name=\"twitter:label2\" content=\"Tempo di lettura stimato\" \/>\n\t<meta name=\"twitter:data2\" content=\"4 minuto\" \/>\n<script type=\"application\/ld+json\" class=\"yoast-schema-graph\">{\"@context\":\"https:\\\/\\\/schema.org\",\"@graph\":[{\"@type\":\"Article\",\"@id\":\"https:\\\/\\\/maristeurope.eu\\\/it\\\/32-anni-di-missione-marista-nelle-filippine\\\/#article\",\"isPartOf\":{\"@id\":\"https:\\\/\\\/maristeurope.eu\\\/it\\\/32-anni-di-missione-marista-nelle-filippine\\\/\"},\"author\":{\"name\":\"Anne Marie Salgo\",\"@id\":\"https:\\\/\\\/maristeurope.eu\\\/it\\\/#\\\/schema\\\/person\\\/52ef67935880edd2768565651118bee9\"},\"headline\":\"32 anni di missione marista nelle Filippine\",\"datePublished\":\"2026-04-09T05:04:00+00:00\",\"mainEntityOfPage\":{\"@id\":\"https:\\\/\\\/maristeurope.eu\\\/it\\\/32-anni-di-missione-marista-nelle-filippine\\\/\"},\"wordCount\":899,\"publisher\":{\"@id\":\"https:\\\/\\\/maristeurope.eu\\\/it\\\/#organization\"},\"image\":{\"@id\":\"https:\\\/\\\/maristeurope.eu\\\/it\\\/32-anni-di-missione-marista-nelle-filippine\\\/#primaryimage\"},\"thumbnailUrl\":\"https:\\\/\\\/maristeurope.eu\\\/wp-content\\\/uploads\\\/2026\\\/04\\\/IMG-20260225-WA0006-e1775511047653.jpg\",\"inLanguage\":\"it-IT\"},{\"@type\":\"WebPage\",\"@id\":\"https:\\\/\\\/maristeurope.eu\\\/it\\\/32-anni-di-missione-marista-nelle-filippine\\\/\",\"url\":\"https:\\\/\\\/maristeurope.eu\\\/it\\\/32-anni-di-missione-marista-nelle-filippine\\\/\",\"name\":\"32 anni di missione marista nelle Filippine - Marist Europe\",\"isPartOf\":{\"@id\":\"https:\\\/\\\/maristeurope.eu\\\/it\\\/#website\"},\"primaryImageOfPage\":{\"@id\":\"https:\\\/\\\/maristeurope.eu\\\/it\\\/32-anni-di-missione-marista-nelle-filippine\\\/#primaryimage\"},\"image\":{\"@id\":\"https:\\\/\\\/maristeurope.eu\\\/it\\\/32-anni-di-missione-marista-nelle-filippine\\\/#primaryimage\"},\"thumbnailUrl\":\"https:\\\/\\\/maristeurope.eu\\\/wp-content\\\/uploads\\\/2026\\\/04\\\/IMG-20260225-WA0006-e1775511047653.jpg\",\"datePublished\":\"2026-04-09T05:04:00+00:00\",\"breadcrumb\":{\"@id\":\"https:\\\/\\\/maristeurope.eu\\\/it\\\/32-anni-di-missione-marista-nelle-filippine\\\/#breadcrumb\"},\"inLanguage\":\"it-IT\",\"potentialAction\":[{\"@type\":\"ReadAction\",\"target\":[\"https:\\\/\\\/maristeurope.eu\\\/it\\\/32-anni-di-missione-marista-nelle-filippine\\\/\"]}]},{\"@type\":\"ImageObject\",\"inLanguage\":\"it-IT\",\"@id\":\"https:\\\/\\\/maristeurope.eu\\\/it\\\/32-anni-di-missione-marista-nelle-filippine\\\/#primaryimage\",\"url\":\"https:\\\/\\\/maristeurope.eu\\\/wp-content\\\/uploads\\\/2026\\\/04\\\/IMG-20260225-WA0006-e1775511047653.jpg\",\"contentUrl\":\"https:\\\/\\\/maristeurope.eu\\\/wp-content\\\/uploads\\\/2026\\\/04\\\/IMG-20260225-WA0006-e1775511047653.jpg\",\"width\":1280,\"height\":764},{\"@type\":\"BreadcrumbList\",\"@id\":\"https:\\\/\\\/maristeurope.eu\\\/it\\\/32-anni-di-missione-marista-nelle-filippine\\\/#breadcrumb\",\"itemListElement\":[{\"@type\":\"ListItem\",\"position\":1,\"name\":\"Home\",\"item\":\"https:\\\/\\\/maristeurope.eu\\\/it\\\/maristi\\\/\"},{\"@type\":\"ListItem\",\"position\":2,\"name\":\"32 anni di missione marista nelle Filippine\"}]},{\"@type\":\"WebSite\",\"@id\":\"https:\\\/\\\/maristeurope.eu\\\/it\\\/#website\",\"url\":\"https:\\\/\\\/maristeurope.eu\\\/it\\\/\",\"name\":\"Marist Europe\",\"description\":\"\",\"publisher\":{\"@id\":\"https:\\\/\\\/maristeurope.eu\\\/it\\\/#organization\"},\"potentialAction\":[{\"@type\":\"SearchAction\",\"target\":{\"@type\":\"EntryPoint\",\"urlTemplate\":\"https:\\\/\\\/maristeurope.eu\\\/it\\\/?s={search_term_string}\"},\"query-input\":{\"@type\":\"PropertyValueSpecification\",\"valueRequired\":true,\"valueName\":\"search_term_string\"}}],\"inLanguage\":\"it-IT\"},{\"@type\":\"Organization\",\"@id\":\"https:\\\/\\\/maristeurope.eu\\\/it\\\/#organization\",\"name\":\"Marist Europe\",\"url\":\"https:\\\/\\\/maristeurope.eu\\\/it\\\/\",\"logo\":{\"@type\":\"ImageObject\",\"inLanguage\":\"it-IT\",\"@id\":\"https:\\\/\\\/maristeurope.eu\\\/it\\\/#\\\/schema\\\/logo\\\/image\\\/\",\"url\":\"https:\\\/\\\/maristeurope.eu\\\/wp-content\\\/uploads\\\/2024\\\/10\\\/EU-SM-Finalogo-02.png\",\"contentUrl\":\"https:\\\/\\\/maristeurope.eu\\\/wp-content\\\/uploads\\\/2024\\\/10\\\/EU-SM-Finalogo-02.png\",\"width\":150,\"height\":156,\"caption\":\"Marist Europe\"},\"image\":{\"@id\":\"https:\\\/\\\/maristeurope.eu\\\/it\\\/#\\\/schema\\\/logo\\\/image\\\/\"}},{\"@type\":\"Person\",\"@id\":\"https:\\\/\\\/maristeurope.eu\\\/it\\\/#\\\/schema\\\/person\\\/52ef67935880edd2768565651118bee9\",\"name\":\"Anne Marie Salgo\",\"image\":{\"@type\":\"ImageObject\",\"inLanguage\":\"it-IT\",\"@id\":\"https:\\\/\\\/secure.gravatar.com\\\/avatar\\\/63bc5f7f74a90bb8d99eaaf8206d8217d780934d9a9659350347a36f2698fe6b?s=96&d=mm&r=g\",\"url\":\"https:\\\/\\\/secure.gravatar.com\\\/avatar\\\/63bc5f7f74a90bb8d99eaaf8206d8217d780934d9a9659350347a36f2698fe6b?s=96&d=mm&r=g\",\"contentUrl\":\"https:\\\/\\\/secure.gravatar.com\\\/avatar\\\/63bc5f7f74a90bb8d99eaaf8206d8217d780934d9a9659350347a36f2698fe6b?s=96&d=mm&r=g\",\"caption\":\"Anne Marie Salgo\"},\"url\":\"https:\\\/\\\/maristeurope.eu\\\/it\\\/author\\\/anne\\\/\"}]}<\/script>\n<!-- \/ Yoast SEO plugin. -->","yoast_head_json":{"title":"32 anni di missione marista nelle Filippine - Marist Europe","robots":{"index":"index","follow":"follow","max-snippet":"max-snippet:-1","max-image-preview":"max-image-preview:large","max-video-preview":"max-video-preview:-1"},"canonical":"https:\/\/maristeurope.eu\/it\/32-anni-di-missione-marista-nelle-filippine\/","og_locale":"it_IT","og_type":"article","og_title":"32 anni di missione marista nelle Filippine - Marist Europe","og_description":"Padre Paddy Muckian \u00e8 recentemente tornato nella sua Irlanda. Scrive degli anni trascorsi in missione con grande zelo e gioia...","og_url":"https:\/\/maristeurope.eu\/it\/32-anni-di-missione-marista-nelle-filippine\/","og_site_name":"Marist Europe","article_published_time":"2026-04-09T05:04:00+00:00","og_image":[{"width":1280,"height":764,"url":"https:\/\/maristeurope.eu\/wp-content\/uploads\/2026\/04\/IMG-20260225-WA0006-e1775511047653.jpg","type":"image\/jpeg"}],"author":"Anne Marie Salgo","twitter_card":"summary_large_image","twitter_misc":{"Scritto da":"Anne Marie Salgo","Tempo di lettura stimato":"4 minuto"},"schema":{"@context":"https:\/\/schema.org","@graph":[{"@type":"Article","@id":"https:\/\/maristeurope.eu\/it\/32-anni-di-missione-marista-nelle-filippine\/#article","isPartOf":{"@id":"https:\/\/maristeurope.eu\/it\/32-anni-di-missione-marista-nelle-filippine\/"},"author":{"name":"Anne Marie Salgo","@id":"https:\/\/maristeurope.eu\/it\/#\/schema\/person\/52ef67935880edd2768565651118bee9"},"headline":"32 anni di missione marista nelle Filippine","datePublished":"2026-04-09T05:04:00+00:00","mainEntityOfPage":{"@id":"https:\/\/maristeurope.eu\/it\/32-anni-di-missione-marista-nelle-filippine\/"},"wordCount":899,"publisher":{"@id":"https:\/\/maristeurope.eu\/it\/#organization"},"image":{"@id":"https:\/\/maristeurope.eu\/it\/32-anni-di-missione-marista-nelle-filippine\/#primaryimage"},"thumbnailUrl":"https:\/\/maristeurope.eu\/wp-content\/uploads\/2026\/04\/IMG-20260225-WA0006-e1775511047653.jpg","inLanguage":"it-IT"},{"@type":"WebPage","@id":"https:\/\/maristeurope.eu\/it\/32-anni-di-missione-marista-nelle-filippine\/","url":"https:\/\/maristeurope.eu\/it\/32-anni-di-missione-marista-nelle-filippine\/","name":"32 anni di missione marista nelle Filippine - Marist Europe","isPartOf":{"@id":"https:\/\/maristeurope.eu\/it\/#website"},"primaryImageOfPage":{"@id":"https:\/\/maristeurope.eu\/it\/32-anni-di-missione-marista-nelle-filippine\/#primaryimage"},"image":{"@id":"https:\/\/maristeurope.eu\/it\/32-anni-di-missione-marista-nelle-filippine\/#primaryimage"},"thumbnailUrl":"https:\/\/maristeurope.eu\/wp-content\/uploads\/2026\/04\/IMG-20260225-WA0006-e1775511047653.jpg","datePublished":"2026-04-09T05:04:00+00:00","breadcrumb":{"@id":"https:\/\/maristeurope.eu\/it\/32-anni-di-missione-marista-nelle-filippine\/#breadcrumb"},"inLanguage":"it-IT","potentialAction":[{"@type":"ReadAction","target":["https:\/\/maristeurope.eu\/it\/32-anni-di-missione-marista-nelle-filippine\/"]}]},{"@type":"ImageObject","inLanguage":"it-IT","@id":"https:\/\/maristeurope.eu\/it\/32-anni-di-missione-marista-nelle-filippine\/#primaryimage","url":"https:\/\/maristeurope.eu\/wp-content\/uploads\/2026\/04\/IMG-20260225-WA0006-e1775511047653.jpg","contentUrl":"https:\/\/maristeurope.eu\/wp-content\/uploads\/2026\/04\/IMG-20260225-WA0006-e1775511047653.jpg","width":1280,"height":764},{"@type":"BreadcrumbList","@id":"https:\/\/maristeurope.eu\/it\/32-anni-di-missione-marista-nelle-filippine\/#breadcrumb","itemListElement":[{"@type":"ListItem","position":1,"name":"Home","item":"https:\/\/maristeurope.eu\/it\/maristi\/"},{"@type":"ListItem","position":2,"name":"32 anni di missione marista nelle Filippine"}]},{"@type":"WebSite","@id":"https:\/\/maristeurope.eu\/it\/#website","url":"https:\/\/maristeurope.eu\/it\/","name":"Marist Europe","description":"","publisher":{"@id":"https:\/\/maristeurope.eu\/it\/#organization"},"potentialAction":[{"@type":"SearchAction","target":{"@type":"EntryPoint","urlTemplate":"https:\/\/maristeurope.eu\/it\/?s={search_term_string}"},"query-input":{"@type":"PropertyValueSpecification","valueRequired":true,"valueName":"search_term_string"}}],"inLanguage":"it-IT"},{"@type":"Organization","@id":"https:\/\/maristeurope.eu\/it\/#organization","name":"Marist Europe","url":"https:\/\/maristeurope.eu\/it\/","logo":{"@type":"ImageObject","inLanguage":"it-IT","@id":"https:\/\/maristeurope.eu\/it\/#\/schema\/logo\/image\/","url":"https:\/\/maristeurope.eu\/wp-content\/uploads\/2024\/10\/EU-SM-Finalogo-02.png","contentUrl":"https:\/\/maristeurope.eu\/wp-content\/uploads\/2024\/10\/EU-SM-Finalogo-02.png","width":150,"height":156,"caption":"Marist Europe"},"image":{"@id":"https:\/\/maristeurope.eu\/it\/#\/schema\/logo\/image\/"}},{"@type":"Person","@id":"https:\/\/maristeurope.eu\/it\/#\/schema\/person\/52ef67935880edd2768565651118bee9","name":"Anne Marie Salgo","image":{"@type":"ImageObject","inLanguage":"it-IT","@id":"https:\/\/secure.gravatar.com\/avatar\/63bc5f7f74a90bb8d99eaaf8206d8217d780934d9a9659350347a36f2698fe6b?s=96&d=mm&r=g","url":"https:\/\/secure.gravatar.com\/avatar\/63bc5f7f74a90bb8d99eaaf8206d8217d780934d9a9659350347a36f2698fe6b?s=96&d=mm&r=g","contentUrl":"https:\/\/secure.gravatar.com\/avatar\/63bc5f7f74a90bb8d99eaaf8206d8217d780934d9a9659350347a36f2698fe6b?s=96&d=mm&r=g","caption":"Anne Marie Salgo"},"url":"https:\/\/maristeurope.eu\/it\/author\/anne\/"}]}},"_links":{"self":[{"href":"https:\/\/maristeurope.eu\/it\/wp-json\/wp\/v2\/posts\/10528","targetHints":{"allow":["GET"]}}],"collection":[{"href":"https:\/\/maristeurope.eu\/it\/wp-json\/wp\/v2\/posts"}],"about":[{"href":"https:\/\/maristeurope.eu\/it\/wp-json\/wp\/v2\/types\/post"}],"author":[{"embeddable":true,"href":"https:\/\/maristeurope.eu\/it\/wp-json\/wp\/v2\/users\/3"}],"replies":[{"embeddable":true,"href":"https:\/\/maristeurope.eu\/it\/wp-json\/wp\/v2\/comments?post=10528"}],"version-history":[{"count":1,"href":"https:\/\/maristeurope.eu\/it\/wp-json\/wp\/v2\/posts\/10528\/revisions"}],"predecessor-version":[{"id":10530,"href":"https:\/\/maristeurope.eu\/it\/wp-json\/wp\/v2\/posts\/10528\/revisions\/10530"}],"wp:featuredmedia":[{"embeddable":true,"href":"https:\/\/maristeurope.eu\/it\/wp-json\/wp\/v2\/media\/10505"}],"wp:attachment":[{"href":"https:\/\/maristeurope.eu\/it\/wp-json\/wp\/v2\/media?parent=10528"}],"wp:term":[{"taxonomy":"category","embeddable":true,"href":"https:\/\/maristeurope.eu\/it\/wp-json\/wp\/v2\/categories?post=10528"},{"taxonomy":"post_tag","embeddable":true,"href":"https:\/\/maristeurope.eu\/it\/wp-json\/wp\/v2\/tags?post=10528"}],"curies":[{"name":"wp","href":"https:\/\/api.w.org\/{rel}","templated":true}]}}