{"id":10351,"date":"2026-04-04T11:35:45","date_gmt":"2026-04-04T09:35:45","guid":{"rendered":"https:\/\/maristeurope.eu\/amare-fino-in-fondo\/"},"modified":"2026-04-04T11:39:20","modified_gmt":"2026-04-04T09:39:20","slug":"amare-fino-in-fondo","status":"publish","type":"post","link":"https:\/\/maristeurope.eu\/it\/amare-fino-in-fondo\/","title":{"rendered":"Amare fino in fondo&#8230;"},"content":{"rendered":"\n<p>L'evangelista Giovanni introduce il racconto dell'Ultima Cena, dove Ges\u00f9 lava i piedi ai suoi discepoli: <em>\"Prima della festa di Pasqua, Ges\u00f9 sapeva che era giunta la sua ora di partire da questo mondo verso il Padre. Avendo amato i suoi che erano nel mondo, li am\u00f2 sino alla fine\".<\/em> Al momento della Passione, nell'ora della prova, Ges\u00f9 continua ad amare. Nei momenti di difficolt\u00e0 o di disagio, spesso si \u00e8 tentati di ritirarsi in se stessi, di soffermarsi sul proprio dolore. Ma Ges\u00f9 ci mostra un'altra strada: quella dell'apertura, quella di una donazione che trascende ogni prova. Questo atteggiamento porta alla salvezza.   <\/p>\n\n<p>Ges\u00f9 ha visto la prova della Passione come un invito ad amare fino in fondo. Si \u00e8 messo al servizio dei suoi amici. Sulla croce si \u00e8 preso cura di sua madre, affidandola al discepolo che amava. Nel mezzo della grande prova, continu\u00f2 ad amare e a vegliare su coloro che gli erano cari. Seguendo l'esempio di Ges\u00f9, rispondere alle avversit\u00e0 con amore non significa negare le difficolt\u00e0. Non \u00e8 debolezza o codardia. \u00c8 accogliere le difficolt\u00e0 senza lasciare che esse definiscano la nostra vita o ci consumino. \u00c8 seguire le orme di Cristo.       <\/p>\n\n<p>Contemplando Ges\u00f9 che lava i piedi ai suoi discepoli - compreso quello che lo avrebbe tradito - e osservando la resistenza di Pietro ad accettare l'umile servizio dell'amico (per Pietro il maestro \u00e8 colui che dirige gli altri, non colui che serve), prendiamo coscienza dei nostri limiti, della nostra difficolt\u00e0 ad amare veramente. Ma possiamo anche scegliere di percorrere il cammino che Cristo ci apre: il cammino dell'amore disinteressato, dalla Passione all'alba della Risurrezione. <\/p>\n\n<hr class=\"wp-block-separator has-alpha-channel-opacity\"\/>\n\n<p>Gli eventi che celebriamo e ricordiamo durante il Triduo Pasquale si sono svolti duemila anni fa a Gerusalemme, ma oggi sono fonte di ispirazione per innumerevoli persone in tutto il mondo. In questi tempi difficili, in cui la guerra imperversa in molti luoghi, molte delle nostre sorelle e dei nostri fratelli stanno vivendo la Passione in modi fin troppo reali. Ricordiamoci che Ges\u00f9 \u00e8 con noi nelle nostre prove. Affidiamo al Signore le nostre difficolt\u00e0, i nostri familiari alle prese con malattie di ogni tipo e tutti coloro per i quali ora preghiamo.   <\/p>\n\n<blockquote class=\"wp-block-quote is-layout-flow wp-block-quote-is-layout-flow\">\n<p>Signore, questa \u00e8 l'ora del tuo abbandono. Guardo mentre sei tradito e consegnato - rinnegato, accusato ingiustamente, interrogato, torturato, condannato ingiustamente. Davanti alla Croce mi sento straziato. Vorrei fuggire da essa, ma l'amore mi tiene vicino. Alzo gli occhi per incontrare il tuo sguardo. Quanto \u00e8 difficile sopportare le sofferenze degli altri, soprattutto di coloro che amiamo. Amare \u00e8 soffrire. Essere vulnerabili significa essere feriti. Signore, tu sei al fianco di ogni vittima innocente nel mondo. Di chi mi chiedi di portare le sofferenze? Aiutami a essere fedele, a perseverare, a fidarmi, a soffrire e ad amare. Signore, fa' che accolga la nuova vita della tua Risurrezione; fa' che non perda la speranza e aiutami a costruire un mondo in cui fiorisca la pace.            Amen.<\/p>\n<\/blockquote>\n\n<p>Pascal Boidin sm<\/p>\n\n<p><\/p>\n\n<div class=\"wp-block-columns is-layout-flex wp-container-core-columns-is-layout-9d6595d7 wp-block-columns-is-layout-flex\">\n<div class=\"wp-block-column is-layout-flow wp-block-column-is-layout-flow\">\n<figure class=\"wp-block-image size-large\"><img loading=\"lazy\" decoding=\"async\" width=\"1024\" height=\"768\" src=\"https:\/\/maristeurope.eu\/wp-content\/uploads\/2026\/04\/IMG20260402203919-1024x768.jpg\" alt=\"\" class=\"wp-image-10317\" srcset=\"https:\/\/maristeurope.eu\/wp-content\/uploads\/2026\/04\/IMG20260402203919-980x735.jpg 980w, https:\/\/maristeurope.eu\/wp-content\/uploads\/2026\/04\/IMG20260402203919-480x360.jpg 480w\" sizes=\"(min-width: 0px) and (max-width: 480px) 480px, (min-width: 481px) and (max-width: 980px) 980px, (min-width: 981px) 1024px, 100vw\" \/><\/figure>\n<\/div>\n\n\n\n<div class=\"wp-block-column is-layout-flow wp-block-column-is-layout-flow\">\n<figure class=\"wp-block-image size-large\"><img loading=\"lazy\" decoding=\"async\" width=\"2000\" height=\"1499\" src=\"https:\/\/maristeurope.eu\/wp-content\/uploads\/2026\/04\/cross-edited.jpg\" alt=\"\" class=\"wp-image-10331\" srcset=\"https:\/\/maristeurope.eu\/wp-content\/uploads\/2026\/04\/cross-edited.jpg 2000w, https:\/\/maristeurope.eu\/wp-content\/uploads\/2026\/04\/cross-edited-1280x959.jpg 1280w, https:\/\/maristeurope.eu\/wp-content\/uploads\/2026\/04\/cross-edited-980x735.jpg 980w, https:\/\/maristeurope.eu\/wp-content\/uploads\/2026\/04\/cross-edited-480x360.jpg 480w\" sizes=\"(min-width: 0px) and (max-width: 480px) 480px, (min-width: 481px) and (max-width: 980px) 980px, (min-width: 981px) and (max-width: 1280px) 1280px, (min-width: 1281px) 2000px, 100vw\" \/><\/figure>\n<\/div>\n<\/div>\n","protected":false},"excerpt":{"rendered":"<p>Gli eventi che celebriamo e ricordiamo durante il Triduo Pasquale si sono svolti duemila anni fa a Gerusalemme, ma oggi sono fonte di ispirazione per innumerevoli persone in tutto il mondo. In questi tempi difficili, in cui la guerra imperversa in molti luoghi, molte delle nostre sorelle e dei nostri fratelli stanno vivendo la Passione in modi che sono fin troppo reali&#8230; <\/p>\n","protected":false},"author":3,"featured_media":10314,"comment_status":"closed","ping_status":"open","sticky":false,"template":"","format":"standard","meta":{"footnotes":""},"categories":[49],"tags":[],"class_list":["post-10351","post","type-post","status-publish","format-standard","has-post-thumbnail","hentry","category-senza-categoria"],"yoast_head":"<!-- This site is optimized with the Yoast SEO plugin v27.5 - https:\/\/yoast.com\/product\/yoast-seo-wordpress\/ -->\n<title>Amare fino in fondo... - Marist Europe<\/title>\n<meta name=\"robots\" content=\"index, follow, max-snippet:-1, max-image-preview:large, max-video-preview:-1\" \/>\n<link rel=\"canonical\" href=\"https:\/\/maristeurope.eu\/it\/amare-fino-in-fondo\/\" \/>\n<meta property=\"og:locale\" content=\"it_IT\" \/>\n<meta property=\"og:type\" content=\"article\" \/>\n<meta property=\"og:title\" content=\"Amare fino in fondo... - Marist Europe\" \/>\n<meta property=\"og:description\" content=\"Gli eventi che celebriamo e ricordiamo durante il Triduo Pasquale si sono svolti duemila anni fa a Gerusalemme, ma oggi sono fonte di ispirazione per innumerevoli persone in tutto il mondo. In questi tempi difficili, in cui la guerra imperversa in molti luoghi, molte delle nostre sorelle e dei nostri fratelli stanno vivendo la Passione in modi che sono fin troppo reali...\" \/>\n<meta property=\"og:url\" content=\"https:\/\/maristeurope.eu\/it\/amare-fino-in-fondo\/\" \/>\n<meta property=\"og:site_name\" content=\"Marist Europe\" \/>\n<meta property=\"article:published_time\" content=\"2026-04-04T09:35:45+00:00\" \/>\n<meta property=\"article:modified_time\" content=\"2026-04-04T09:39:20+00:00\" \/>\n<meta property=\"og:image\" content=\"https:\/\/maristeurope.eu\/wp-content\/uploads\/2026\/04\/IMG20260329111520.jpg\" \/>\n\t<meta property=\"og:image:width\" content=\"2000\" \/>\n\t<meta property=\"og:image:height\" content=\"1500\" \/>\n\t<meta property=\"og:image:type\" content=\"image\/jpeg\" \/>\n<meta name=\"author\" content=\"Anne Marie Salgo\" \/>\n<meta name=\"twitter:card\" content=\"summary_large_image\" \/>\n<meta name=\"twitter:label1\" content=\"Scritto da\" \/>\n\t<meta name=\"twitter:data1\" content=\"Anne Marie Salgo\" \/>\n\t<meta name=\"twitter:label2\" content=\"Tempo di lettura stimato\" \/>\n\t<meta name=\"twitter:data2\" content=\"2 minuto\" \/>\n<script type=\"application\/ld+json\" class=\"yoast-schema-graph\">{\"@context\":\"https:\\\/\\\/schema.org\",\"@graph\":[{\"@type\":\"Article\",\"@id\":\"https:\\\/\\\/maristeurope.eu\\\/it\\\/amare-fino-in-fondo\\\/#article\",\"isPartOf\":{\"@id\":\"https:\\\/\\\/maristeurope.eu\\\/it\\\/amare-fino-in-fondo\\\/\"},\"author\":{\"name\":\"Anne Marie Salgo\",\"@id\":\"https:\\\/\\\/maristeurope.eu\\\/it\\\/#\\\/schema\\\/person\\\/52ef67935880edd2768565651118bee9\"},\"headline\":\"Amare fino in fondo&#8230;\",\"datePublished\":\"2026-04-04T09:35:45+00:00\",\"dateModified\":\"2026-04-04T09:39:20+00:00\",\"mainEntityOfPage\":{\"@id\":\"https:\\\/\\\/maristeurope.eu\\\/it\\\/amare-fino-in-fondo\\\/\"},\"wordCount\":496,\"publisher\":{\"@id\":\"https:\\\/\\\/maristeurope.eu\\\/it\\\/#organization\"},\"image\":{\"@id\":\"https:\\\/\\\/maristeurope.eu\\\/it\\\/amare-fino-in-fondo\\\/#primaryimage\"},\"thumbnailUrl\":\"https:\\\/\\\/maristeurope.eu\\\/wp-content\\\/uploads\\\/2026\\\/04\\\/IMG20260329111520.jpg\",\"inLanguage\":\"it-IT\"},{\"@type\":\"WebPage\",\"@id\":\"https:\\\/\\\/maristeurope.eu\\\/it\\\/amare-fino-in-fondo\\\/\",\"url\":\"https:\\\/\\\/maristeurope.eu\\\/it\\\/amare-fino-in-fondo\\\/\",\"name\":\"Amare fino in fondo... - Marist Europe\",\"isPartOf\":{\"@id\":\"https:\\\/\\\/maristeurope.eu\\\/it\\\/#website\"},\"primaryImageOfPage\":{\"@id\":\"https:\\\/\\\/maristeurope.eu\\\/it\\\/amare-fino-in-fondo\\\/#primaryimage\"},\"image\":{\"@id\":\"https:\\\/\\\/maristeurope.eu\\\/it\\\/amare-fino-in-fondo\\\/#primaryimage\"},\"thumbnailUrl\":\"https:\\\/\\\/maristeurope.eu\\\/wp-content\\\/uploads\\\/2026\\\/04\\\/IMG20260329111520.jpg\",\"datePublished\":\"2026-04-04T09:35:45+00:00\",\"dateModified\":\"2026-04-04T09:39:20+00:00\",\"breadcrumb\":{\"@id\":\"https:\\\/\\\/maristeurope.eu\\\/it\\\/amare-fino-in-fondo\\\/#breadcrumb\"},\"inLanguage\":\"it-IT\",\"potentialAction\":[{\"@type\":\"ReadAction\",\"target\":[\"https:\\\/\\\/maristeurope.eu\\\/it\\\/amare-fino-in-fondo\\\/\"]}]},{\"@type\":\"ImageObject\",\"inLanguage\":\"it-IT\",\"@id\":\"https:\\\/\\\/maristeurope.eu\\\/it\\\/amare-fino-in-fondo\\\/#primaryimage\",\"url\":\"https:\\\/\\\/maristeurope.eu\\\/wp-content\\\/uploads\\\/2026\\\/04\\\/IMG20260329111520.jpg\",\"contentUrl\":\"https:\\\/\\\/maristeurope.eu\\\/wp-content\\\/uploads\\\/2026\\\/04\\\/IMG20260329111520.jpg\",\"width\":2000,\"height\":1500},{\"@type\":\"BreadcrumbList\",\"@id\":\"https:\\\/\\\/maristeurope.eu\\\/it\\\/amare-fino-in-fondo\\\/#breadcrumb\",\"itemListElement\":[{\"@type\":\"ListItem\",\"position\":1,\"name\":\"Home\",\"item\":\"https:\\\/\\\/maristeurope.eu\\\/it\\\/maristi\\\/\"},{\"@type\":\"ListItem\",\"position\":2,\"name\":\"Amare fino in fondo&#8230;\"}]},{\"@type\":\"WebSite\",\"@id\":\"https:\\\/\\\/maristeurope.eu\\\/it\\\/#website\",\"url\":\"https:\\\/\\\/maristeurope.eu\\\/it\\\/\",\"name\":\"Marist Europe\",\"description\":\"\",\"publisher\":{\"@id\":\"https:\\\/\\\/maristeurope.eu\\\/it\\\/#organization\"},\"potentialAction\":[{\"@type\":\"SearchAction\",\"target\":{\"@type\":\"EntryPoint\",\"urlTemplate\":\"https:\\\/\\\/maristeurope.eu\\\/it\\\/?s={search_term_string}\"},\"query-input\":{\"@type\":\"PropertyValueSpecification\",\"valueRequired\":true,\"valueName\":\"search_term_string\"}}],\"inLanguage\":\"it-IT\"},{\"@type\":\"Organization\",\"@id\":\"https:\\\/\\\/maristeurope.eu\\\/it\\\/#organization\",\"name\":\"Marist Europe\",\"url\":\"https:\\\/\\\/maristeurope.eu\\\/it\\\/\",\"logo\":{\"@type\":\"ImageObject\",\"inLanguage\":\"it-IT\",\"@id\":\"https:\\\/\\\/maristeurope.eu\\\/it\\\/#\\\/schema\\\/logo\\\/image\\\/\",\"url\":\"https:\\\/\\\/maristeurope.eu\\\/wp-content\\\/uploads\\\/2024\\\/10\\\/EU-SM-Finalogo-02.png\",\"contentUrl\":\"https:\\\/\\\/maristeurope.eu\\\/wp-content\\\/uploads\\\/2024\\\/10\\\/EU-SM-Finalogo-02.png\",\"width\":150,\"height\":156,\"caption\":\"Marist Europe\"},\"image\":{\"@id\":\"https:\\\/\\\/maristeurope.eu\\\/it\\\/#\\\/schema\\\/logo\\\/image\\\/\"}},{\"@type\":\"Person\",\"@id\":\"https:\\\/\\\/maristeurope.eu\\\/it\\\/#\\\/schema\\\/person\\\/52ef67935880edd2768565651118bee9\",\"name\":\"Anne Marie Salgo\",\"image\":{\"@type\":\"ImageObject\",\"inLanguage\":\"it-IT\",\"@id\":\"https:\\\/\\\/secure.gravatar.com\\\/avatar\\\/63bc5f7f74a90bb8d99eaaf8206d8217d780934d9a9659350347a36f2698fe6b?s=96&d=mm&r=g\",\"url\":\"https:\\\/\\\/secure.gravatar.com\\\/avatar\\\/63bc5f7f74a90bb8d99eaaf8206d8217d780934d9a9659350347a36f2698fe6b?s=96&d=mm&r=g\",\"contentUrl\":\"https:\\\/\\\/secure.gravatar.com\\\/avatar\\\/63bc5f7f74a90bb8d99eaaf8206d8217d780934d9a9659350347a36f2698fe6b?s=96&d=mm&r=g\",\"caption\":\"Anne Marie Salgo\"},\"url\":\"https:\\\/\\\/maristeurope.eu\\\/it\\\/author\\\/anne\\\/\"}]}<\/script>\n<!-- \/ Yoast SEO plugin. -->","yoast_head_json":{"title":"Amare fino in fondo... - Marist Europe","robots":{"index":"index","follow":"follow","max-snippet":"max-snippet:-1","max-image-preview":"max-image-preview:large","max-video-preview":"max-video-preview:-1"},"canonical":"https:\/\/maristeurope.eu\/it\/amare-fino-in-fondo\/","og_locale":"it_IT","og_type":"article","og_title":"Amare fino in fondo... - Marist Europe","og_description":"Gli eventi che celebriamo e ricordiamo durante il Triduo Pasquale si sono svolti duemila anni fa a Gerusalemme, ma oggi sono fonte di ispirazione per innumerevoli persone in tutto il mondo. In questi tempi difficili, in cui la guerra imperversa in molti luoghi, molte delle nostre sorelle e dei nostri fratelli stanno vivendo la Passione in modi che sono fin troppo reali...","og_url":"https:\/\/maristeurope.eu\/it\/amare-fino-in-fondo\/","og_site_name":"Marist Europe","article_published_time":"2026-04-04T09:35:45+00:00","article_modified_time":"2026-04-04T09:39:20+00:00","og_image":[{"width":2000,"height":1500,"url":"https:\/\/maristeurope.eu\/wp-content\/uploads\/2026\/04\/IMG20260329111520.jpg","type":"image\/jpeg"}],"author":"Anne Marie Salgo","twitter_card":"summary_large_image","twitter_misc":{"Scritto da":"Anne Marie Salgo","Tempo di lettura stimato":"2 minuto"},"schema":{"@context":"https:\/\/schema.org","@graph":[{"@type":"Article","@id":"https:\/\/maristeurope.eu\/it\/amare-fino-in-fondo\/#article","isPartOf":{"@id":"https:\/\/maristeurope.eu\/it\/amare-fino-in-fondo\/"},"author":{"name":"Anne Marie Salgo","@id":"https:\/\/maristeurope.eu\/it\/#\/schema\/person\/52ef67935880edd2768565651118bee9"},"headline":"Amare fino in fondo&#8230;","datePublished":"2026-04-04T09:35:45+00:00","dateModified":"2026-04-04T09:39:20+00:00","mainEntityOfPage":{"@id":"https:\/\/maristeurope.eu\/it\/amare-fino-in-fondo\/"},"wordCount":496,"publisher":{"@id":"https:\/\/maristeurope.eu\/it\/#organization"},"image":{"@id":"https:\/\/maristeurope.eu\/it\/amare-fino-in-fondo\/#primaryimage"},"thumbnailUrl":"https:\/\/maristeurope.eu\/wp-content\/uploads\/2026\/04\/IMG20260329111520.jpg","inLanguage":"it-IT"},{"@type":"WebPage","@id":"https:\/\/maristeurope.eu\/it\/amare-fino-in-fondo\/","url":"https:\/\/maristeurope.eu\/it\/amare-fino-in-fondo\/","name":"Amare fino in fondo... - Marist Europe","isPartOf":{"@id":"https:\/\/maristeurope.eu\/it\/#website"},"primaryImageOfPage":{"@id":"https:\/\/maristeurope.eu\/it\/amare-fino-in-fondo\/#primaryimage"},"image":{"@id":"https:\/\/maristeurope.eu\/it\/amare-fino-in-fondo\/#primaryimage"},"thumbnailUrl":"https:\/\/maristeurope.eu\/wp-content\/uploads\/2026\/04\/IMG20260329111520.jpg","datePublished":"2026-04-04T09:35:45+00:00","dateModified":"2026-04-04T09:39:20+00:00","breadcrumb":{"@id":"https:\/\/maristeurope.eu\/it\/amare-fino-in-fondo\/#breadcrumb"},"inLanguage":"it-IT","potentialAction":[{"@type":"ReadAction","target":["https:\/\/maristeurope.eu\/it\/amare-fino-in-fondo\/"]}]},{"@type":"ImageObject","inLanguage":"it-IT","@id":"https:\/\/maristeurope.eu\/it\/amare-fino-in-fondo\/#primaryimage","url":"https:\/\/maristeurope.eu\/wp-content\/uploads\/2026\/04\/IMG20260329111520.jpg","contentUrl":"https:\/\/maristeurope.eu\/wp-content\/uploads\/2026\/04\/IMG20260329111520.jpg","width":2000,"height":1500},{"@type":"BreadcrumbList","@id":"https:\/\/maristeurope.eu\/it\/amare-fino-in-fondo\/#breadcrumb","itemListElement":[{"@type":"ListItem","position":1,"name":"Home","item":"https:\/\/maristeurope.eu\/it\/maristi\/"},{"@type":"ListItem","position":2,"name":"Amare fino in fondo&#8230;"}]},{"@type":"WebSite","@id":"https:\/\/maristeurope.eu\/it\/#website","url":"https:\/\/maristeurope.eu\/it\/","name":"Marist Europe","description":"","publisher":{"@id":"https:\/\/maristeurope.eu\/it\/#organization"},"potentialAction":[{"@type":"SearchAction","target":{"@type":"EntryPoint","urlTemplate":"https:\/\/maristeurope.eu\/it\/?s={search_term_string}"},"query-input":{"@type":"PropertyValueSpecification","valueRequired":true,"valueName":"search_term_string"}}],"inLanguage":"it-IT"},{"@type":"Organization","@id":"https:\/\/maristeurope.eu\/it\/#organization","name":"Marist Europe","url":"https:\/\/maristeurope.eu\/it\/","logo":{"@type":"ImageObject","inLanguage":"it-IT","@id":"https:\/\/maristeurope.eu\/it\/#\/schema\/logo\/image\/","url":"https:\/\/maristeurope.eu\/wp-content\/uploads\/2024\/10\/EU-SM-Finalogo-02.png","contentUrl":"https:\/\/maristeurope.eu\/wp-content\/uploads\/2024\/10\/EU-SM-Finalogo-02.png","width":150,"height":156,"caption":"Marist Europe"},"image":{"@id":"https:\/\/maristeurope.eu\/it\/#\/schema\/logo\/image\/"}},{"@type":"Person","@id":"https:\/\/maristeurope.eu\/it\/#\/schema\/person\/52ef67935880edd2768565651118bee9","name":"Anne Marie Salgo","image":{"@type":"ImageObject","inLanguage":"it-IT","@id":"https:\/\/secure.gravatar.com\/avatar\/63bc5f7f74a90bb8d99eaaf8206d8217d780934d9a9659350347a36f2698fe6b?s=96&d=mm&r=g","url":"https:\/\/secure.gravatar.com\/avatar\/63bc5f7f74a90bb8d99eaaf8206d8217d780934d9a9659350347a36f2698fe6b?s=96&d=mm&r=g","contentUrl":"https:\/\/secure.gravatar.com\/avatar\/63bc5f7f74a90bb8d99eaaf8206d8217d780934d9a9659350347a36f2698fe6b?s=96&d=mm&r=g","caption":"Anne Marie Salgo"},"url":"https:\/\/maristeurope.eu\/it\/author\/anne\/"}]}},"_links":{"self":[{"href":"https:\/\/maristeurope.eu\/it\/wp-json\/wp\/v2\/posts\/10351","targetHints":{"allow":["GET"]}}],"collection":[{"href":"https:\/\/maristeurope.eu\/it\/wp-json\/wp\/v2\/posts"}],"about":[{"href":"https:\/\/maristeurope.eu\/it\/wp-json\/wp\/v2\/types\/post"}],"author":[{"embeddable":true,"href":"https:\/\/maristeurope.eu\/it\/wp-json\/wp\/v2\/users\/3"}],"replies":[{"embeddable":true,"href":"https:\/\/maristeurope.eu\/it\/wp-json\/wp\/v2\/comments?post=10351"}],"version-history":[{"count":1,"href":"https:\/\/maristeurope.eu\/it\/wp-json\/wp\/v2\/posts\/10351\/revisions"}],"predecessor-version":[{"id":10353,"href":"https:\/\/maristeurope.eu\/it\/wp-json\/wp\/v2\/posts\/10351\/revisions\/10353"}],"wp:featuredmedia":[{"embeddable":true,"href":"https:\/\/maristeurope.eu\/it\/wp-json\/wp\/v2\/media\/10314"}],"wp:attachment":[{"href":"https:\/\/maristeurope.eu\/it\/wp-json\/wp\/v2\/media?parent=10351"}],"wp:term":[{"taxonomy":"category","embeddable":true,"href":"https:\/\/maristeurope.eu\/it\/wp-json\/wp\/v2\/categories?post=10351"},{"taxonomy":"post_tag","embeddable":true,"href":"https:\/\/maristeurope.eu\/it\/wp-json\/wp\/v2\/tags?post=10351"}],"curies":[{"name":"wp","href":"https:\/\/api.w.org\/{rel}","templated":true}]}}