{"id":9999,"date":"2026-03-13T17:13:37","date_gmt":"2026-03-13T16:13:37","guid":{"rendered":"https:\/\/maristeurope.eu\/la-neyliere-accueille-un-prix-litteraire\/"},"modified":"2026-03-13T17:23:12","modified_gmt":"2026-03-13T16:23:12","slug":"la-neyliere-accueille-un-prix-litteraire","status":"publish","type":"post","link":"https:\/\/maristeurope.eu\/fr\/la-neyliere-accueille-un-prix-litteraire\/","title":{"rendered":"La Neyli\u00e8re accueille un prix litt\u00e9raire"},"content":{"rendered":"\n<p>P. Jean-Marie Bloqueau \u00e9crit : <\/p>\n\n<p>Le r\u00e9seau des m\u00e9diath\u00e8ques Com\u2019MonLy de la communaut\u00e9 de communes des Monts du Lyonnais organise tous les deux ans un prix litt\u00e9raire sur un th\u00e8me li\u00e9 \u00e0 un continent ou un pays. Pour sa cinqui\u00e8me \u00e9dition, ce Prix \u00e9tait centr\u00e9 sur l\u2019Oc\u00e9anie. Ambroisine, coordinatrice du r\u00e9seau et de ce Prix, a pris contact avec la Neyli\u00e8re qui poss\u00e8de un mus\u00e9e d\u2019Oc\u00e9anie remarquable et connu au-del\u00e0 des fronti\u00e8res de la r\u00e9gion lyonnaise. Aussit\u00f4t les b\u00e9n\u00e9voles de l\u2019association qui animent ce mus\u00e9e se sont int\u00e9ress\u00e9s \u00e0 ce projet et s\u2019y sont investis massivement. C\u2019est La Neyli\u00e8re qui a accueilli le vendredi 27 f\u00e9vrier de 18h et 22h entre 150 et 200 personnes de toute la r\u00e9gion pour entendre les r\u00e9sultats de ce concours.    <\/p>\n\n<p>Pour l\u2019occasion les b\u00e9n\u00e9voles du r\u00e9seau Com\u2019MonLy et les b\u00e9n\u00e9voles de La Neyli\u00e8re ont mis leur enthousiasme en commun pour offrir diff\u00e9rent ateliers aux nombreux visiteurs : musique et chants maoris par les enfants et les adultes des 3 \u00e9coles de musique dans la grande chapelle, ateliers de tatouages oc\u00e9aniens, confection de bouquets et tresses oc\u00e9aniennes, visites du mus\u00e9e et jeu de piste, d\u00e9couverte de l\u2019Oc\u00e9anie par diff\u00e9rents jeux cr\u00e9atifs et des contes, exposition de tapas pr\u00e9sent\u00e9s par les guides du mus\u00e9e, danses ha\u00eftiennes, etc\u2026   <\/p>\n\n<p>C\u2019est un public diff\u00e9rent qui a fait connaissance avec notre maison. La plupart d\u2019entre eux venaient pour la premi\u00e8re fois, un public bien plus jeune que celui que nous avons l\u2019habitude d\u2019accueillir ici. Ce fut une collaboration joyeuse et fructueuse du r\u00e9seau de b\u00e9n\u00e9voles de la Neyli\u00e8re (les Amis de la Neyli\u00e8re, le groupe d\u2019animation du mus\u00e9e d\u2019Oc\u00e9anie, Neyli\u00e8re-Avenir, la communaut\u00e9 des p\u00e8res) et le r\u00e9seau de b\u00e9n\u00e9voles et de professionnels de la Communaut\u00e9 de communes (Biblioth\u00e8ques et \u00e9coles de musiques). Nous avons fait connaissance durant la pr\u00e9paration de cet \u00e9v\u00e8nement litt\u00e9raire et nous avons tous appr\u00e9ci\u00e9 cette collaboration. Pour la petite histoire, le Prix a \u00e9t\u00e9 d\u00e9cern\u00e9 \u00e0 La petite fille blanche de Tony Birch, auteur australien d\u2019origine aborig\u00e8ne tr\u00e8s populaire.  <\/p>\n\n<p>Je repensais \u00e0 la mission mariste confi\u00e9e \u00e0 La Neyli\u00e8re : <em>\u00ab La raison d'\u00eatre de La Neyli\u00e8re est premi\u00e8rement, de faciliter l'acc\u00e8s \u00e0 l'h\u00e9ritage mariste aujourd'hui dans une communaut\u00e9 et une tradition vivantes, deuxi\u00e8mement, d\u2019offrir des opportunit\u00e9s sous le signe de la rencontre, de la formation et de la spiritualit\u00e9 et troisi\u00e8mement, d\u2019\u00eatre au service de la communaut\u00e9 locale au sens large, selon ce qui convient. \u00bb<\/em> Cette rencontre du 27 f\u00e9vrier r\u00e9pondait \u00e0 ces trois objectifs. Ce fut pour les maristes de la Neyli\u00e8re, la\u00efcs et p\u00e8res, une occasion d\u2019\u00e9largir les horizons et nous esp\u00e9rons que ce sera prometteur en termes de mise en relation des r\u00e9seaux associatifs. Beaucoup ont dit, en quittant les lieux, nous reviendrons \u00e0 La Neyli\u00e8re ! <em>Vous allons encore y travailler ensemble.<\/em>   <\/p>\n\n<figure class=\"wp-block-image size-large\"><img loading=\"lazy\" decoding=\"async\" width=\"1024\" height=\"683\" src=\"https:\/\/maristeurope.eu\/wp-content\/uploads\/2026\/03\/Photo-2-1024x683.jpg\" alt=\"\" class=\"wp-image-9984\" srcset=\"https:\/\/maristeurope.eu\/wp-content\/uploads\/2026\/03\/Photo-2-980x653.jpg 980w, https:\/\/maristeurope.eu\/wp-content\/uploads\/2026\/03\/Photo-2-480x320.jpg 480w\" sizes=\"(min-width: 0px) and (max-width: 480px) 480px, (min-width: 481px) and (max-width: 980px) 980px, (min-width: 981px) 1024px, 100vw\" \/><\/figure>\n","protected":false},"excerpt":{"rendered":"<p>Tous les deux ans, le r\u00e9seau des m\u00e9diath\u00e8ques Com&rsquo;MonLy de la Communaut\u00e9 de communes des Monts du Lyonnais organise un prix litt\u00e9raire sur un th\u00e8me li\u00e9 \u00e0 un continent ou \u00e0 un pays. Pour sa cinqui\u00e8me \u00e9dition, le prix a port\u00e9 sur l&rsquo;Oc\u00e9anie. <\/p>\n","protected":false},"author":3,"featured_media":9979,"comment_status":"closed","ping_status":"open","sticky":false,"template":"","format":"standard","meta":{"footnotes":""},"categories":[48],"tags":[],"class_list":["post-9999","post","type-post","status-publish","format-standard","has-post-thumbnail","hentry","category-non-categorise"],"yoast_head":"<!-- This site is optimized with the Yoast SEO plugin v27.5 - https:\/\/yoast.com\/product\/yoast-seo-wordpress\/ -->\n<title>La Neyli\u00e8re accueille un prix litt\u00e9raire - Marist Europe<\/title>\n<meta name=\"robots\" content=\"index, follow, max-snippet:-1, max-image-preview:large, max-video-preview:-1\" \/>\n<link rel=\"canonical\" href=\"https:\/\/maristeurope.eu\/fr\/la-neyliere-accueille-un-prix-litteraire\/\" \/>\n<meta property=\"og:locale\" content=\"fr_FR\" \/>\n<meta property=\"og:type\" content=\"article\" \/>\n<meta property=\"og:title\" content=\"La Neyli\u00e8re accueille un prix litt\u00e9raire - Marist Europe\" \/>\n<meta property=\"og:description\" content=\"Tous les deux ans, le r\u00e9seau des m\u00e9diath\u00e8ques Com&#039;MonLy de la Communaut\u00e9 de communes des Monts du Lyonnais organise un prix litt\u00e9raire sur un th\u00e8me li\u00e9 \u00e0 un continent ou \u00e0 un pays. Pour sa cinqui\u00e8me \u00e9dition, le prix a port\u00e9 sur l&#039;Oc\u00e9anie.\" \/>\n<meta property=\"og:url\" content=\"https:\/\/maristeurope.eu\/fr\/la-neyliere-accueille-un-prix-litteraire\/\" \/>\n<meta property=\"og:site_name\" content=\"Marist Europe\" \/>\n<meta property=\"article:published_time\" content=\"2026-03-13T16:13:37+00:00\" \/>\n<meta property=\"article:modified_time\" content=\"2026-03-13T16:23:12+00:00\" \/>\n<meta property=\"og:image\" content=\"https:\/\/maristeurope.eu\/wp-content\/uploads\/2026\/03\/Photo-1-scaled.jpg\" \/>\n\t<meta property=\"og:image:width\" content=\"2560\" \/>\n\t<meta property=\"og:image:height\" content=\"1920\" \/>\n\t<meta property=\"og:image:type\" content=\"image\/jpeg\" \/>\n<meta name=\"author\" content=\"Anne Marie Salgo\" \/>\n<meta name=\"twitter:card\" content=\"summary_large_image\" \/>\n<meta name=\"twitter:label1\" content=\"\u00c9crit par\" \/>\n\t<meta name=\"twitter:data1\" content=\"Anne Marie Salgo\" \/>\n\t<meta name=\"twitter:label2\" content=\"Dur\u00e9e de lecture estim\u00e9e\" \/>\n\t<meta name=\"twitter:data2\" content=\"3 minutes\" \/>\n<script type=\"application\/ld+json\" class=\"yoast-schema-graph\">{\"@context\":\"https:\\\/\\\/schema.org\",\"@graph\":[{\"@type\":\"Article\",\"@id\":\"https:\\\/\\\/maristeurope.eu\\\/fr\\\/la-neyliere-accueille-un-prix-litteraire\\\/#article\",\"isPartOf\":{\"@id\":\"https:\\\/\\\/maristeurope.eu\\\/fr\\\/la-neyliere-accueille-un-prix-litteraire\\\/\"},\"author\":{\"name\":\"Anne Marie Salgo\",\"@id\":\"https:\\\/\\\/maristeurope.eu\\\/fr\\\/#\\\/schema\\\/person\\\/52ef67935880edd2768565651118bee9\"},\"headline\":\"La Neyli\u00e8re accueille un prix litt\u00e9raire\",\"datePublished\":\"2026-03-13T16:13:37+00:00\",\"dateModified\":\"2026-03-13T16:23:12+00:00\",\"mainEntityOfPage\":{\"@id\":\"https:\\\/\\\/maristeurope.eu\\\/fr\\\/la-neyliere-accueille-un-prix-litteraire\\\/\"},\"wordCount\":555,\"publisher\":{\"@id\":\"https:\\\/\\\/maristeurope.eu\\\/fr\\\/#organization\"},\"image\":{\"@id\":\"https:\\\/\\\/maristeurope.eu\\\/fr\\\/la-neyliere-accueille-un-prix-litteraire\\\/#primaryimage\"},\"thumbnailUrl\":\"https:\\\/\\\/maristeurope.eu\\\/wp-content\\\/uploads\\\/2026\\\/03\\\/Photo-1-scaled.jpg\",\"articleSection\":[\"Non cat\u00e9goris\u00e9\"],\"inLanguage\":\"fr-FR\"},{\"@type\":\"WebPage\",\"@id\":\"https:\\\/\\\/maristeurope.eu\\\/fr\\\/la-neyliere-accueille-un-prix-litteraire\\\/\",\"url\":\"https:\\\/\\\/maristeurope.eu\\\/fr\\\/la-neyliere-accueille-un-prix-litteraire\\\/\",\"name\":\"La Neyli\u00e8re accueille un prix litt\u00e9raire - Marist Europe\",\"isPartOf\":{\"@id\":\"https:\\\/\\\/maristeurope.eu\\\/fr\\\/#website\"},\"primaryImageOfPage\":{\"@id\":\"https:\\\/\\\/maristeurope.eu\\\/fr\\\/la-neyliere-accueille-un-prix-litteraire\\\/#primaryimage\"},\"image\":{\"@id\":\"https:\\\/\\\/maristeurope.eu\\\/fr\\\/la-neyliere-accueille-un-prix-litteraire\\\/#primaryimage\"},\"thumbnailUrl\":\"https:\\\/\\\/maristeurope.eu\\\/wp-content\\\/uploads\\\/2026\\\/03\\\/Photo-1-scaled.jpg\",\"datePublished\":\"2026-03-13T16:13:37+00:00\",\"dateModified\":\"2026-03-13T16:23:12+00:00\",\"breadcrumb\":{\"@id\":\"https:\\\/\\\/maristeurope.eu\\\/fr\\\/la-neyliere-accueille-un-prix-litteraire\\\/#breadcrumb\"},\"inLanguage\":\"fr-FR\",\"potentialAction\":[{\"@type\":\"ReadAction\",\"target\":[\"https:\\\/\\\/maristeurope.eu\\\/fr\\\/la-neyliere-accueille-un-prix-litteraire\\\/\"]}]},{\"@type\":\"ImageObject\",\"inLanguage\":\"fr-FR\",\"@id\":\"https:\\\/\\\/maristeurope.eu\\\/fr\\\/la-neyliere-accueille-un-prix-litteraire\\\/#primaryimage\",\"url\":\"https:\\\/\\\/maristeurope.eu\\\/wp-content\\\/uploads\\\/2026\\\/03\\\/Photo-1-scaled.jpg\",\"contentUrl\":\"https:\\\/\\\/maristeurope.eu\\\/wp-content\\\/uploads\\\/2026\\\/03\\\/Photo-1-scaled.jpg\",\"width\":2560,\"height\":1920},{\"@type\":\"BreadcrumbList\",\"@id\":\"https:\\\/\\\/maristeurope.eu\\\/fr\\\/la-neyliere-accueille-un-prix-litteraire\\\/#breadcrumb\",\"itemListElement\":[{\"@type\":\"ListItem\",\"position\":1,\"name\":\"Home\",\"item\":\"https:\\\/\\\/maristeurope.eu\\\/fr\\\/maristes\\\/\"},{\"@type\":\"ListItem\",\"position\":2,\"name\":\"La Neyli\u00e8re accueille un prix litt\u00e9raire\"}]},{\"@type\":\"WebSite\",\"@id\":\"https:\\\/\\\/maristeurope.eu\\\/fr\\\/#website\",\"url\":\"https:\\\/\\\/maristeurope.eu\\\/fr\\\/\",\"name\":\"Marist Europe\",\"description\":\"\",\"publisher\":{\"@id\":\"https:\\\/\\\/maristeurope.eu\\\/fr\\\/#organization\"},\"potentialAction\":[{\"@type\":\"SearchAction\",\"target\":{\"@type\":\"EntryPoint\",\"urlTemplate\":\"https:\\\/\\\/maristeurope.eu\\\/fr\\\/?s={search_term_string}\"},\"query-input\":{\"@type\":\"PropertyValueSpecification\",\"valueRequired\":true,\"valueName\":\"search_term_string\"}}],\"inLanguage\":\"fr-FR\"},{\"@type\":\"Organization\",\"@id\":\"https:\\\/\\\/maristeurope.eu\\\/fr\\\/#organization\",\"name\":\"Marist Europe\",\"url\":\"https:\\\/\\\/maristeurope.eu\\\/fr\\\/\",\"logo\":{\"@type\":\"ImageObject\",\"inLanguage\":\"fr-FR\",\"@id\":\"https:\\\/\\\/maristeurope.eu\\\/fr\\\/#\\\/schema\\\/logo\\\/image\\\/\",\"url\":\"https:\\\/\\\/maristeurope.eu\\\/wp-content\\\/uploads\\\/2024\\\/10\\\/EU-SM-Finalogo-02.png\",\"contentUrl\":\"https:\\\/\\\/maristeurope.eu\\\/wp-content\\\/uploads\\\/2024\\\/10\\\/EU-SM-Finalogo-02.png\",\"width\":150,\"height\":156,\"caption\":\"Marist Europe\"},\"image\":{\"@id\":\"https:\\\/\\\/maristeurope.eu\\\/fr\\\/#\\\/schema\\\/logo\\\/image\\\/\"}},{\"@type\":\"Person\",\"@id\":\"https:\\\/\\\/maristeurope.eu\\\/fr\\\/#\\\/schema\\\/person\\\/52ef67935880edd2768565651118bee9\",\"name\":\"Anne Marie Salgo\",\"image\":{\"@type\":\"ImageObject\",\"inLanguage\":\"fr-FR\",\"@id\":\"https:\\\/\\\/secure.gravatar.com\\\/avatar\\\/63bc5f7f74a90bb8d99eaaf8206d8217d780934d9a9659350347a36f2698fe6b?s=96&d=mm&r=g\",\"url\":\"https:\\\/\\\/secure.gravatar.com\\\/avatar\\\/63bc5f7f74a90bb8d99eaaf8206d8217d780934d9a9659350347a36f2698fe6b?s=96&d=mm&r=g\",\"contentUrl\":\"https:\\\/\\\/secure.gravatar.com\\\/avatar\\\/63bc5f7f74a90bb8d99eaaf8206d8217d780934d9a9659350347a36f2698fe6b?s=96&d=mm&r=g\",\"caption\":\"Anne Marie Salgo\"},\"url\":\"https:\\\/\\\/maristeurope.eu\\\/fr\\\/author\\\/anne\\\/\"}]}<\/script>\n<!-- \/ Yoast SEO plugin. -->","yoast_head_json":{"title":"La Neyli\u00e8re accueille un prix litt\u00e9raire - Marist Europe","robots":{"index":"index","follow":"follow","max-snippet":"max-snippet:-1","max-image-preview":"max-image-preview:large","max-video-preview":"max-video-preview:-1"},"canonical":"https:\/\/maristeurope.eu\/fr\/la-neyliere-accueille-un-prix-litteraire\/","og_locale":"fr_FR","og_type":"article","og_title":"La Neyli\u00e8re accueille un prix litt\u00e9raire - Marist Europe","og_description":"Tous les deux ans, le r\u00e9seau des m\u00e9diath\u00e8ques Com'MonLy de la Communaut\u00e9 de communes des Monts du Lyonnais organise un prix litt\u00e9raire sur un th\u00e8me li\u00e9 \u00e0 un continent ou \u00e0 un pays. Pour sa cinqui\u00e8me \u00e9dition, le prix a port\u00e9 sur l'Oc\u00e9anie.","og_url":"https:\/\/maristeurope.eu\/fr\/la-neyliere-accueille-un-prix-litteraire\/","og_site_name":"Marist Europe","article_published_time":"2026-03-13T16:13:37+00:00","article_modified_time":"2026-03-13T16:23:12+00:00","og_image":[{"width":2560,"height":1920,"url":"https:\/\/maristeurope.eu\/wp-content\/uploads\/2026\/03\/Photo-1-scaled.jpg","type":"image\/jpeg"}],"author":"Anne Marie Salgo","twitter_card":"summary_large_image","twitter_misc":{"\u00c9crit par":"Anne Marie Salgo","Dur\u00e9e de lecture estim\u00e9e":"3 minutes"},"schema":{"@context":"https:\/\/schema.org","@graph":[{"@type":"Article","@id":"https:\/\/maristeurope.eu\/fr\/la-neyliere-accueille-un-prix-litteraire\/#article","isPartOf":{"@id":"https:\/\/maristeurope.eu\/fr\/la-neyliere-accueille-un-prix-litteraire\/"},"author":{"name":"Anne Marie Salgo","@id":"https:\/\/maristeurope.eu\/fr\/#\/schema\/person\/52ef67935880edd2768565651118bee9"},"headline":"La Neyli\u00e8re accueille un prix litt\u00e9raire","datePublished":"2026-03-13T16:13:37+00:00","dateModified":"2026-03-13T16:23:12+00:00","mainEntityOfPage":{"@id":"https:\/\/maristeurope.eu\/fr\/la-neyliere-accueille-un-prix-litteraire\/"},"wordCount":555,"publisher":{"@id":"https:\/\/maristeurope.eu\/fr\/#organization"},"image":{"@id":"https:\/\/maristeurope.eu\/fr\/la-neyliere-accueille-un-prix-litteraire\/#primaryimage"},"thumbnailUrl":"https:\/\/maristeurope.eu\/wp-content\/uploads\/2026\/03\/Photo-1-scaled.jpg","articleSection":["Non cat\u00e9goris\u00e9"],"inLanguage":"fr-FR"},{"@type":"WebPage","@id":"https:\/\/maristeurope.eu\/fr\/la-neyliere-accueille-un-prix-litteraire\/","url":"https:\/\/maristeurope.eu\/fr\/la-neyliere-accueille-un-prix-litteraire\/","name":"La Neyli\u00e8re accueille un prix litt\u00e9raire - Marist Europe","isPartOf":{"@id":"https:\/\/maristeurope.eu\/fr\/#website"},"primaryImageOfPage":{"@id":"https:\/\/maristeurope.eu\/fr\/la-neyliere-accueille-un-prix-litteraire\/#primaryimage"},"image":{"@id":"https:\/\/maristeurope.eu\/fr\/la-neyliere-accueille-un-prix-litteraire\/#primaryimage"},"thumbnailUrl":"https:\/\/maristeurope.eu\/wp-content\/uploads\/2026\/03\/Photo-1-scaled.jpg","datePublished":"2026-03-13T16:13:37+00:00","dateModified":"2026-03-13T16:23:12+00:00","breadcrumb":{"@id":"https:\/\/maristeurope.eu\/fr\/la-neyliere-accueille-un-prix-litteraire\/#breadcrumb"},"inLanguage":"fr-FR","potentialAction":[{"@type":"ReadAction","target":["https:\/\/maristeurope.eu\/fr\/la-neyliere-accueille-un-prix-litteraire\/"]}]},{"@type":"ImageObject","inLanguage":"fr-FR","@id":"https:\/\/maristeurope.eu\/fr\/la-neyliere-accueille-un-prix-litteraire\/#primaryimage","url":"https:\/\/maristeurope.eu\/wp-content\/uploads\/2026\/03\/Photo-1-scaled.jpg","contentUrl":"https:\/\/maristeurope.eu\/wp-content\/uploads\/2026\/03\/Photo-1-scaled.jpg","width":2560,"height":1920},{"@type":"BreadcrumbList","@id":"https:\/\/maristeurope.eu\/fr\/la-neyliere-accueille-un-prix-litteraire\/#breadcrumb","itemListElement":[{"@type":"ListItem","position":1,"name":"Home","item":"https:\/\/maristeurope.eu\/fr\/maristes\/"},{"@type":"ListItem","position":2,"name":"La Neyli\u00e8re accueille un prix litt\u00e9raire"}]},{"@type":"WebSite","@id":"https:\/\/maristeurope.eu\/fr\/#website","url":"https:\/\/maristeurope.eu\/fr\/","name":"Marist Europe","description":"","publisher":{"@id":"https:\/\/maristeurope.eu\/fr\/#organization"},"potentialAction":[{"@type":"SearchAction","target":{"@type":"EntryPoint","urlTemplate":"https:\/\/maristeurope.eu\/fr\/?s={search_term_string}"},"query-input":{"@type":"PropertyValueSpecification","valueRequired":true,"valueName":"search_term_string"}}],"inLanguage":"fr-FR"},{"@type":"Organization","@id":"https:\/\/maristeurope.eu\/fr\/#organization","name":"Marist Europe","url":"https:\/\/maristeurope.eu\/fr\/","logo":{"@type":"ImageObject","inLanguage":"fr-FR","@id":"https:\/\/maristeurope.eu\/fr\/#\/schema\/logo\/image\/","url":"https:\/\/maristeurope.eu\/wp-content\/uploads\/2024\/10\/EU-SM-Finalogo-02.png","contentUrl":"https:\/\/maristeurope.eu\/wp-content\/uploads\/2024\/10\/EU-SM-Finalogo-02.png","width":150,"height":156,"caption":"Marist Europe"},"image":{"@id":"https:\/\/maristeurope.eu\/fr\/#\/schema\/logo\/image\/"}},{"@type":"Person","@id":"https:\/\/maristeurope.eu\/fr\/#\/schema\/person\/52ef67935880edd2768565651118bee9","name":"Anne Marie Salgo","image":{"@type":"ImageObject","inLanguage":"fr-FR","@id":"https:\/\/secure.gravatar.com\/avatar\/63bc5f7f74a90bb8d99eaaf8206d8217d780934d9a9659350347a36f2698fe6b?s=96&d=mm&r=g","url":"https:\/\/secure.gravatar.com\/avatar\/63bc5f7f74a90bb8d99eaaf8206d8217d780934d9a9659350347a36f2698fe6b?s=96&d=mm&r=g","contentUrl":"https:\/\/secure.gravatar.com\/avatar\/63bc5f7f74a90bb8d99eaaf8206d8217d780934d9a9659350347a36f2698fe6b?s=96&d=mm&r=g","caption":"Anne Marie Salgo"},"url":"https:\/\/maristeurope.eu\/fr\/author\/anne\/"}]}},"_links":{"self":[{"href":"https:\/\/maristeurope.eu\/fr\/wp-json\/wp\/v2\/posts\/9999","targetHints":{"allow":["GET"]}}],"collection":[{"href":"https:\/\/maristeurope.eu\/fr\/wp-json\/wp\/v2\/posts"}],"about":[{"href":"https:\/\/maristeurope.eu\/fr\/wp-json\/wp\/v2\/types\/post"}],"author":[{"embeddable":true,"href":"https:\/\/maristeurope.eu\/fr\/wp-json\/wp\/v2\/users\/3"}],"replies":[{"embeddable":true,"href":"https:\/\/maristeurope.eu\/fr\/wp-json\/wp\/v2\/comments?post=9999"}],"version-history":[{"count":2,"href":"https:\/\/maristeurope.eu\/fr\/wp-json\/wp\/v2\/posts\/9999\/revisions"}],"predecessor-version":[{"id":10020,"href":"https:\/\/maristeurope.eu\/fr\/wp-json\/wp\/v2\/posts\/9999\/revisions\/10020"}],"wp:featuredmedia":[{"embeddable":true,"href":"https:\/\/maristeurope.eu\/fr\/wp-json\/wp\/v2\/media\/9979"}],"wp:attachment":[{"href":"https:\/\/maristeurope.eu\/fr\/wp-json\/wp\/v2\/media?parent=9999"}],"wp:term":[{"taxonomy":"category","embeddable":true,"href":"https:\/\/maristeurope.eu\/fr\/wp-json\/wp\/v2\/categories?post=9999"},{"taxonomy":"post_tag","embeddable":true,"href":"https:\/\/maristeurope.eu\/fr\/wp-json\/wp\/v2\/tags?post=9999"}],"curies":[{"name":"wp","href":"https:\/\/api.w.org\/{rel}","templated":true}]}}