{"id":9970,"date":"2026-03-05T00:44:09","date_gmt":"2026-03-04T23:44:09","guid":{"rendered":"https:\/\/maristeurope.eu\/la-predication-pour-les-missions\/"},"modified":"2026-03-05T00:45:46","modified_gmt":"2026-03-04T23:45:46","slug":"la-predication-pour-les-missions","status":"publish","type":"post","link":"https:\/\/maristeurope.eu\/fr\/la-predication-pour-les-missions\/","title":{"rendered":"La pr\u00e9dication pour les missions"},"content":{"rendered":"\n<p class=\"has-medium-font-size\"><em>Damien Diouf de la communaut\u00e9 de Hull (Angleterre) parle de son minist\u00e8re<\/em>:  <\/p>\n\n<p class=\"has-medium-font-size\">Depuis 2023, je pr\u00eache pour les missions en Angleterre. Les dioc\u00e8ses et les doyenn\u00e9s sont assign\u00e9s \u00e0 des congr\u00e9gations chaque ann\u00e9e par l'Union Missionnaire Catholique et cela me permet de visiter diverses paroisses et de parler du charisme mariste et de nos apostolats missionnaires. A la fin de la messe, je me tiens \u00e0 la porte avec un panier et des enveloppes pour collecter des fonds qui sont ensuite distribu\u00e9s par l'Administration g\u00e9n\u00e9rale \u00e0 Rome.  <\/p>\n\n<p class=\"has-medium-font-size\">Mon exp\u00e9rience en Afrique ainsi que nos documents historiques, tels que les lettres \u00e9dit\u00e9es des missionnaires, m'ont \u00e9t\u00e9 d'une grande aide. <strong><em>Malgr\u00e9 leur petite taille et leur \u00e2ge avanc\u00e9, les communaut\u00e9s paroissiales manifestent un r\u00e9el int\u00e9r\u00eat pour les missions<\/em><\/strong>Cela donne l'occasion de rencontrer et de partager avec les communaut\u00e9s paroissiales et leurs pasteurs, qui sont souvent seuls, pas loin de la retraite et avec des probl\u00e8mes de sant\u00e9.<\/p>\n\n<p class=\"has-medium-font-size\">En avril dernier, le P\u00e8re Kevin, notre Provincial, m'a demand\u00e9 de m'impliquer dans le domaine des vocations en Angleterre. En ao\u00fbt, j'ai particip\u00e9 \u00e0 un festival de jeunes \u00e0 Ampleforth, dans le nord de l'Angleterre, et j'ai rencontr\u00e9 le coordinateur du Bureau national des vocations de la Conf\u00e9rence des \u00e9v\u00eaques catholiques d'Angleterre et du Pays de Galles. Cela m'a permis de participer, en novembre 2025, \u00e0 une r\u00e9union nationale des <strong><em>promoteurs de vocations <\/em><\/strong>qu'il a organis\u00e9e, avec une pr\u00e9sentation int\u00e9ressante d'un clar\u00e9tain espagnol. Lors de cette rencontre, j'ai rejoint le r\u00e9seau du Nord qui r\u00e9fl\u00e9chit r\u00e9guli\u00e8rement sur la pastorale des vocations des religieux accompagnant les jeunes dans les aum\u00f4neries universitaires. J'ai ensuite rejoint notre \u00e9quipe mariste \u00e0 Londres et nous pr\u00e9parons un week-end vocationnel passionnant pour les jeunes hommes qui aura lieu au d\u00e9but du mois de septembre 2026 \u00e0 Notre Dame de France.       <\/p>\n\n<p class=\"has-medium-font-size\"><em>Damien Diouf sm<\/em><\/p>\n","protected":false},"excerpt":{"rendered":"<p>Damien Diouf partage son minist\u00e8re en visitant des paroisses et en parlant du charisme mariste et de nos apostolats missionnaires&#8230;<\/p>\n","protected":false},"author":3,"featured_media":9953,"comment_status":"closed","ping_status":"open","sticky":false,"template":"","format":"standard","meta":{"footnotes":""},"categories":[48],"tags":[],"class_list":["post-9970","post","type-post","status-publish","format-standard","has-post-thumbnail","hentry","category-non-categorise"],"yoast_head":"<!-- This site is optimized with the Yoast SEO plugin v27.5 - https:\/\/yoast.com\/product\/yoast-seo-wordpress\/ -->\n<title>La pr\u00e9dication pour les missions - Marist Europe<\/title>\n<meta name=\"robots\" content=\"index, follow, max-snippet:-1, max-image-preview:large, max-video-preview:-1\" \/>\n<link rel=\"canonical\" href=\"https:\/\/maristeurope.eu\/fr\/la-predication-pour-les-missions\/\" \/>\n<meta property=\"og:locale\" content=\"fr_FR\" \/>\n<meta property=\"og:type\" content=\"article\" \/>\n<meta property=\"og:title\" content=\"La pr\u00e9dication pour les missions - Marist Europe\" \/>\n<meta property=\"og:description\" content=\"Damien Diouf partage son minist\u00e8re en visitant des paroisses et en parlant du charisme mariste et de nos apostolats missionnaires...\" \/>\n<meta property=\"og:url\" content=\"https:\/\/maristeurope.eu\/fr\/la-predication-pour-les-missions\/\" \/>\n<meta property=\"og:site_name\" content=\"Marist Europe\" \/>\n<meta property=\"article:published_time\" content=\"2026-03-04T23:44:09+00:00\" \/>\n<meta property=\"article:modified_time\" content=\"2026-03-04T23:45:46+00:00\" \/>\n<meta property=\"og:image\" content=\"https:\/\/maristeurope.eu\/wp-content\/uploads\/2026\/03\/IMG-20240426-WA0012.jpg\" \/>\n\t<meta property=\"og:image:width\" content=\"2048\" \/>\n\t<meta property=\"og:image:height\" content=\"1536\" \/>\n\t<meta property=\"og:image:type\" content=\"image\/jpeg\" \/>\n<meta name=\"author\" content=\"Anne Marie Salgo\" \/>\n<meta name=\"twitter:card\" content=\"summary_large_image\" \/>\n<meta name=\"twitter:label1\" content=\"\u00c9crit par\" \/>\n\t<meta name=\"twitter:data1\" content=\"Anne Marie Salgo\" \/>\n\t<meta name=\"twitter:label2\" content=\"Dur\u00e9e de lecture estim\u00e9e\" \/>\n\t<meta name=\"twitter:data2\" content=\"2 minutes\" \/>\n<script type=\"application\/ld+json\" class=\"yoast-schema-graph\">{\"@context\":\"https:\\\/\\\/schema.org\",\"@graph\":[{\"@type\":\"Article\",\"@id\":\"https:\\\/\\\/maristeurope.eu\\\/fr\\\/la-predication-pour-les-missions\\\/#article\",\"isPartOf\":{\"@id\":\"https:\\\/\\\/maristeurope.eu\\\/fr\\\/la-predication-pour-les-missions\\\/\"},\"author\":{\"name\":\"Anne Marie Salgo\",\"@id\":\"https:\\\/\\\/maristeurope.eu\\\/fr\\\/#\\\/schema\\\/person\\\/52ef67935880edd2768565651118bee9\"},\"headline\":\"La pr\u00e9dication pour les missions\",\"datePublished\":\"2026-03-04T23:44:09+00:00\",\"dateModified\":\"2026-03-04T23:45:46+00:00\",\"mainEntityOfPage\":{\"@id\":\"https:\\\/\\\/maristeurope.eu\\\/fr\\\/la-predication-pour-les-missions\\\/\"},\"wordCount\":349,\"publisher\":{\"@id\":\"https:\\\/\\\/maristeurope.eu\\\/fr\\\/#organization\"},\"image\":{\"@id\":\"https:\\\/\\\/maristeurope.eu\\\/fr\\\/la-predication-pour-les-missions\\\/#primaryimage\"},\"thumbnailUrl\":\"https:\\\/\\\/maristeurope.eu\\\/wp-content\\\/uploads\\\/2026\\\/03\\\/IMG-20240426-WA0012.jpg\",\"articleSection\":[\"Non cat\u00e9goris\u00e9\"],\"inLanguage\":\"fr-FR\"},{\"@type\":\"WebPage\",\"@id\":\"https:\\\/\\\/maristeurope.eu\\\/fr\\\/la-predication-pour-les-missions\\\/\",\"url\":\"https:\\\/\\\/maristeurope.eu\\\/fr\\\/la-predication-pour-les-missions\\\/\",\"name\":\"La pr\u00e9dication pour les missions - Marist Europe\",\"isPartOf\":{\"@id\":\"https:\\\/\\\/maristeurope.eu\\\/fr\\\/#website\"},\"primaryImageOfPage\":{\"@id\":\"https:\\\/\\\/maristeurope.eu\\\/fr\\\/la-predication-pour-les-missions\\\/#primaryimage\"},\"image\":{\"@id\":\"https:\\\/\\\/maristeurope.eu\\\/fr\\\/la-predication-pour-les-missions\\\/#primaryimage\"},\"thumbnailUrl\":\"https:\\\/\\\/maristeurope.eu\\\/wp-content\\\/uploads\\\/2026\\\/03\\\/IMG-20240426-WA0012.jpg\",\"datePublished\":\"2026-03-04T23:44:09+00:00\",\"dateModified\":\"2026-03-04T23:45:46+00:00\",\"breadcrumb\":{\"@id\":\"https:\\\/\\\/maristeurope.eu\\\/fr\\\/la-predication-pour-les-missions\\\/#breadcrumb\"},\"inLanguage\":\"fr-FR\",\"potentialAction\":[{\"@type\":\"ReadAction\",\"target\":[\"https:\\\/\\\/maristeurope.eu\\\/fr\\\/la-predication-pour-les-missions\\\/\"]}]},{\"@type\":\"ImageObject\",\"inLanguage\":\"fr-FR\",\"@id\":\"https:\\\/\\\/maristeurope.eu\\\/fr\\\/la-predication-pour-les-missions\\\/#primaryimage\",\"url\":\"https:\\\/\\\/maristeurope.eu\\\/wp-content\\\/uploads\\\/2026\\\/03\\\/IMG-20240426-WA0012.jpg\",\"contentUrl\":\"https:\\\/\\\/maristeurope.eu\\\/wp-content\\\/uploads\\\/2026\\\/03\\\/IMG-20240426-WA0012.jpg\",\"width\":2048,\"height\":1536},{\"@type\":\"BreadcrumbList\",\"@id\":\"https:\\\/\\\/maristeurope.eu\\\/fr\\\/la-predication-pour-les-missions\\\/#breadcrumb\",\"itemListElement\":[{\"@type\":\"ListItem\",\"position\":1,\"name\":\"Home\",\"item\":\"https:\\\/\\\/maristeurope.eu\\\/fr\\\/maristes\\\/\"},{\"@type\":\"ListItem\",\"position\":2,\"name\":\"La pr\u00e9dication pour les missions\"}]},{\"@type\":\"WebSite\",\"@id\":\"https:\\\/\\\/maristeurope.eu\\\/fr\\\/#website\",\"url\":\"https:\\\/\\\/maristeurope.eu\\\/fr\\\/\",\"name\":\"Marist Europe\",\"description\":\"\",\"publisher\":{\"@id\":\"https:\\\/\\\/maristeurope.eu\\\/fr\\\/#organization\"},\"potentialAction\":[{\"@type\":\"SearchAction\",\"target\":{\"@type\":\"EntryPoint\",\"urlTemplate\":\"https:\\\/\\\/maristeurope.eu\\\/fr\\\/?s={search_term_string}\"},\"query-input\":{\"@type\":\"PropertyValueSpecification\",\"valueRequired\":true,\"valueName\":\"search_term_string\"}}],\"inLanguage\":\"fr-FR\"},{\"@type\":\"Organization\",\"@id\":\"https:\\\/\\\/maristeurope.eu\\\/fr\\\/#organization\",\"name\":\"Marist Europe\",\"url\":\"https:\\\/\\\/maristeurope.eu\\\/fr\\\/\",\"logo\":{\"@type\":\"ImageObject\",\"inLanguage\":\"fr-FR\",\"@id\":\"https:\\\/\\\/maristeurope.eu\\\/fr\\\/#\\\/schema\\\/logo\\\/image\\\/\",\"url\":\"https:\\\/\\\/maristeurope.eu\\\/wp-content\\\/uploads\\\/2024\\\/10\\\/EU-SM-Finalogo-02.png\",\"contentUrl\":\"https:\\\/\\\/maristeurope.eu\\\/wp-content\\\/uploads\\\/2024\\\/10\\\/EU-SM-Finalogo-02.png\",\"width\":150,\"height\":156,\"caption\":\"Marist Europe\"},\"image\":{\"@id\":\"https:\\\/\\\/maristeurope.eu\\\/fr\\\/#\\\/schema\\\/logo\\\/image\\\/\"}},{\"@type\":\"Person\",\"@id\":\"https:\\\/\\\/maristeurope.eu\\\/fr\\\/#\\\/schema\\\/person\\\/52ef67935880edd2768565651118bee9\",\"name\":\"Anne Marie Salgo\",\"image\":{\"@type\":\"ImageObject\",\"inLanguage\":\"fr-FR\",\"@id\":\"https:\\\/\\\/secure.gravatar.com\\\/avatar\\\/63bc5f7f74a90bb8d99eaaf8206d8217d780934d9a9659350347a36f2698fe6b?s=96&d=mm&r=g\",\"url\":\"https:\\\/\\\/secure.gravatar.com\\\/avatar\\\/63bc5f7f74a90bb8d99eaaf8206d8217d780934d9a9659350347a36f2698fe6b?s=96&d=mm&r=g\",\"contentUrl\":\"https:\\\/\\\/secure.gravatar.com\\\/avatar\\\/63bc5f7f74a90bb8d99eaaf8206d8217d780934d9a9659350347a36f2698fe6b?s=96&d=mm&r=g\",\"caption\":\"Anne Marie Salgo\"},\"url\":\"https:\\\/\\\/maristeurope.eu\\\/fr\\\/author\\\/anne\\\/\"}]}<\/script>\n<!-- \/ Yoast SEO plugin. -->","yoast_head_json":{"title":"La pr\u00e9dication pour les missions - Marist Europe","robots":{"index":"index","follow":"follow","max-snippet":"max-snippet:-1","max-image-preview":"max-image-preview:large","max-video-preview":"max-video-preview:-1"},"canonical":"https:\/\/maristeurope.eu\/fr\/la-predication-pour-les-missions\/","og_locale":"fr_FR","og_type":"article","og_title":"La pr\u00e9dication pour les missions - Marist Europe","og_description":"Damien Diouf partage son minist\u00e8re en visitant des paroisses et en parlant du charisme mariste et de nos apostolats missionnaires...","og_url":"https:\/\/maristeurope.eu\/fr\/la-predication-pour-les-missions\/","og_site_name":"Marist Europe","article_published_time":"2026-03-04T23:44:09+00:00","article_modified_time":"2026-03-04T23:45:46+00:00","og_image":[{"width":2048,"height":1536,"url":"https:\/\/maristeurope.eu\/wp-content\/uploads\/2026\/03\/IMG-20240426-WA0012.jpg","type":"image\/jpeg"}],"author":"Anne Marie Salgo","twitter_card":"summary_large_image","twitter_misc":{"\u00c9crit par":"Anne Marie Salgo","Dur\u00e9e de lecture estim\u00e9e":"2 minutes"},"schema":{"@context":"https:\/\/schema.org","@graph":[{"@type":"Article","@id":"https:\/\/maristeurope.eu\/fr\/la-predication-pour-les-missions\/#article","isPartOf":{"@id":"https:\/\/maristeurope.eu\/fr\/la-predication-pour-les-missions\/"},"author":{"name":"Anne Marie Salgo","@id":"https:\/\/maristeurope.eu\/fr\/#\/schema\/person\/52ef67935880edd2768565651118bee9"},"headline":"La pr\u00e9dication pour les missions","datePublished":"2026-03-04T23:44:09+00:00","dateModified":"2026-03-04T23:45:46+00:00","mainEntityOfPage":{"@id":"https:\/\/maristeurope.eu\/fr\/la-predication-pour-les-missions\/"},"wordCount":349,"publisher":{"@id":"https:\/\/maristeurope.eu\/fr\/#organization"},"image":{"@id":"https:\/\/maristeurope.eu\/fr\/la-predication-pour-les-missions\/#primaryimage"},"thumbnailUrl":"https:\/\/maristeurope.eu\/wp-content\/uploads\/2026\/03\/IMG-20240426-WA0012.jpg","articleSection":["Non cat\u00e9goris\u00e9"],"inLanguage":"fr-FR"},{"@type":"WebPage","@id":"https:\/\/maristeurope.eu\/fr\/la-predication-pour-les-missions\/","url":"https:\/\/maristeurope.eu\/fr\/la-predication-pour-les-missions\/","name":"La pr\u00e9dication pour les missions - Marist Europe","isPartOf":{"@id":"https:\/\/maristeurope.eu\/fr\/#website"},"primaryImageOfPage":{"@id":"https:\/\/maristeurope.eu\/fr\/la-predication-pour-les-missions\/#primaryimage"},"image":{"@id":"https:\/\/maristeurope.eu\/fr\/la-predication-pour-les-missions\/#primaryimage"},"thumbnailUrl":"https:\/\/maristeurope.eu\/wp-content\/uploads\/2026\/03\/IMG-20240426-WA0012.jpg","datePublished":"2026-03-04T23:44:09+00:00","dateModified":"2026-03-04T23:45:46+00:00","breadcrumb":{"@id":"https:\/\/maristeurope.eu\/fr\/la-predication-pour-les-missions\/#breadcrumb"},"inLanguage":"fr-FR","potentialAction":[{"@type":"ReadAction","target":["https:\/\/maristeurope.eu\/fr\/la-predication-pour-les-missions\/"]}]},{"@type":"ImageObject","inLanguage":"fr-FR","@id":"https:\/\/maristeurope.eu\/fr\/la-predication-pour-les-missions\/#primaryimage","url":"https:\/\/maristeurope.eu\/wp-content\/uploads\/2026\/03\/IMG-20240426-WA0012.jpg","contentUrl":"https:\/\/maristeurope.eu\/wp-content\/uploads\/2026\/03\/IMG-20240426-WA0012.jpg","width":2048,"height":1536},{"@type":"BreadcrumbList","@id":"https:\/\/maristeurope.eu\/fr\/la-predication-pour-les-missions\/#breadcrumb","itemListElement":[{"@type":"ListItem","position":1,"name":"Home","item":"https:\/\/maristeurope.eu\/fr\/maristes\/"},{"@type":"ListItem","position":2,"name":"La pr\u00e9dication pour les missions"}]},{"@type":"WebSite","@id":"https:\/\/maristeurope.eu\/fr\/#website","url":"https:\/\/maristeurope.eu\/fr\/","name":"Marist Europe","description":"","publisher":{"@id":"https:\/\/maristeurope.eu\/fr\/#organization"},"potentialAction":[{"@type":"SearchAction","target":{"@type":"EntryPoint","urlTemplate":"https:\/\/maristeurope.eu\/fr\/?s={search_term_string}"},"query-input":{"@type":"PropertyValueSpecification","valueRequired":true,"valueName":"search_term_string"}}],"inLanguage":"fr-FR"},{"@type":"Organization","@id":"https:\/\/maristeurope.eu\/fr\/#organization","name":"Marist Europe","url":"https:\/\/maristeurope.eu\/fr\/","logo":{"@type":"ImageObject","inLanguage":"fr-FR","@id":"https:\/\/maristeurope.eu\/fr\/#\/schema\/logo\/image\/","url":"https:\/\/maristeurope.eu\/wp-content\/uploads\/2024\/10\/EU-SM-Finalogo-02.png","contentUrl":"https:\/\/maristeurope.eu\/wp-content\/uploads\/2024\/10\/EU-SM-Finalogo-02.png","width":150,"height":156,"caption":"Marist Europe"},"image":{"@id":"https:\/\/maristeurope.eu\/fr\/#\/schema\/logo\/image\/"}},{"@type":"Person","@id":"https:\/\/maristeurope.eu\/fr\/#\/schema\/person\/52ef67935880edd2768565651118bee9","name":"Anne Marie Salgo","image":{"@type":"ImageObject","inLanguage":"fr-FR","@id":"https:\/\/secure.gravatar.com\/avatar\/63bc5f7f74a90bb8d99eaaf8206d8217d780934d9a9659350347a36f2698fe6b?s=96&d=mm&r=g","url":"https:\/\/secure.gravatar.com\/avatar\/63bc5f7f74a90bb8d99eaaf8206d8217d780934d9a9659350347a36f2698fe6b?s=96&d=mm&r=g","contentUrl":"https:\/\/secure.gravatar.com\/avatar\/63bc5f7f74a90bb8d99eaaf8206d8217d780934d9a9659350347a36f2698fe6b?s=96&d=mm&r=g","caption":"Anne Marie Salgo"},"url":"https:\/\/maristeurope.eu\/fr\/author\/anne\/"}]}},"_links":{"self":[{"href":"https:\/\/maristeurope.eu\/fr\/wp-json\/wp\/v2\/posts\/9970","targetHints":{"allow":["GET"]}}],"collection":[{"href":"https:\/\/maristeurope.eu\/fr\/wp-json\/wp\/v2\/posts"}],"about":[{"href":"https:\/\/maristeurope.eu\/fr\/wp-json\/wp\/v2\/types\/post"}],"author":[{"embeddable":true,"href":"https:\/\/maristeurope.eu\/fr\/wp-json\/wp\/v2\/users\/3"}],"replies":[{"embeddable":true,"href":"https:\/\/maristeurope.eu\/fr\/wp-json\/wp\/v2\/comments?post=9970"}],"version-history":[{"count":3,"href":"https:\/\/maristeurope.eu\/fr\/wp-json\/wp\/v2\/posts\/9970\/revisions"}],"predecessor-version":[{"id":9973,"href":"https:\/\/maristeurope.eu\/fr\/wp-json\/wp\/v2\/posts\/9970\/revisions\/9973"}],"wp:featuredmedia":[{"embeddable":true,"href":"https:\/\/maristeurope.eu\/fr\/wp-json\/wp\/v2\/media\/9953"}],"wp:attachment":[{"href":"https:\/\/maristeurope.eu\/fr\/wp-json\/wp\/v2\/media?parent=9970"}],"wp:term":[{"taxonomy":"category","embeddable":true,"href":"https:\/\/maristeurope.eu\/fr\/wp-json\/wp\/v2\/categories?post=9970"},{"taxonomy":"post_tag","embeddable":true,"href":"https:\/\/maristeurope.eu\/fr\/wp-json\/wp\/v2\/tags?post=9970"}],"curies":[{"name":"wp","href":"https:\/\/api.w.org\/{rel}","templated":true}]}}