{"id":7719,"date":"2025-09-19T17:52:34","date_gmt":"2025-09-19T15:52:34","guid":{"rendered":"https:\/\/maristeurope.eu\/audience-papale-avec-les-capitulants-du-chapitre-mariste\/"},"modified":"2025-10-29T11:16:30","modified_gmt":"2025-10-29T10:16:30","slug":"audience-papale-avec-les-capitulants-du-chapitre-mariste","status":"publish","type":"post","link":"https:\/\/maristeurope.eu\/fr\/audience-papale-avec-les-capitulants-du-chapitre-mariste\/","title":{"rendered":"Audience papale avec les capitulants du Chapitre mariste"},"content":{"rendered":"\n<p>Le Chapitre g\u00e9n\u00e9ral de la Soci\u00e9t\u00e9 de Marie se tient du 16 septembre au 6 octobre \u00e0 Nemi, en Italie. Les capitulants de notre Chapitre G\u00e9n\u00e9ral 2025 ont \u00e9t\u00e9 re\u00e7us par le Pape L\u00e9on XIV dans la Salle Cl\u00e9mentine, dans la Cit\u00e9 du Vatican, le 18 septembre. Il s'est adress\u00e9 aux religieux pr\u00e9sents avec les mots suivants :    <\/p>\n\n<p><em>\"Je suis tr\u00e8s heureux de vous rencontrer \u00e0 l'occasion de vos chapitres et assembl\u00e9es. Je salue les Sup\u00e9rieurs g\u00e9n\u00e9raux pr\u00e9sents, et tous ceux qui sont engag\u00e9s dans des efforts d'\u00e9coute et de discernement en ces jours. Certaines de vos congr\u00e9gations proc\u00e8dent \u00e0 des \u00e9lections, et cela aussi est un grand don pour l'\u00c9glise et une grande responsabilit\u00e9, que nous confions ensemble au Seigneur. Vos instituts sont un \"t\u00e9moignage splendide et vari\u00e9, refl\u00e9tant la multiplicit\u00e9 des dons accord\u00e9s par Dieu aux fondateurs et fondatrices qui, ouverts \u00e0 l'action de l'Esprit Saint, ont interpr\u00e9t\u00e9 avec succ\u00e8s les signes des temps et r\u00e9pondu avec sagesse aux nouveaux besoins\"    <\/em><\/p>\n\n<p>Pour plus d'informations :<br\/><a href=\"https:\/\/www.vaticannews.va\/en\/pope\/news\/2025-09\/pope-leo-xiv-audience-religious-men-women-signs-of-times.html\">https:\/\/www.vaticannews.va\/en\/pope\/news\/2025-09\/pope-leo-xiv-audience-religious-men-women-signs-of-times.html<\/a><\/p>\n\n<p><\/p>\n\n<figure class=\"wp-block-gallery has-nested-images columns-default is-cropped wp-block-gallery-1 is-layout-flex wp-block-gallery-is-layout-flex\">\n<figure class=\"wp-block-image size-large\"><img loading=\"lazy\" decoding=\"async\" width=\"800\" height=\"533\" data-id=\"7688\" src=\"https:\/\/maristeurope.eu\/wp-content\/uploads\/2025\/09\/p.jpg\" alt=\"\" class=\"wp-image-7688\" srcset=\"https:\/\/maristeurope.eu\/wp-content\/uploads\/2025\/09\/p.jpg 800w, https:\/\/maristeurope.eu\/wp-content\/uploads\/2025\/09\/p-480x320.jpg 480w\" sizes=\"(min-width: 0px) and (max-width: 480px) 480px, (min-width: 481px) 800px, 100vw\" \/><\/figure>\n\n\n\n<figure class=\"wp-block-image size-large\"><img loading=\"lazy\" decoding=\"async\" width=\"568\" height=\"462\" data-id=\"7695\" src=\"https:\/\/maristeurope.eu\/wp-content\/uploads\/2025\/09\/p2.jpg\" alt=\"\" class=\"wp-image-7695\" srcset=\"https:\/\/maristeurope.eu\/wp-content\/uploads\/2025\/09\/p2.jpg 568w, https:\/\/maristeurope.eu\/wp-content\/uploads\/2025\/09\/p2-480x390.jpg 480w\" sizes=\"(min-width: 0px) and (max-width: 480px) 480px, (min-width: 481px) 568px, 100vw\" \/><\/figure>\n\n\n\n<figure class=\"wp-block-image size-large\"><img loading=\"lazy\" decoding=\"async\" width=\"788\" height=\"519\" data-id=\"7702\" src=\"https:\/\/maristeurope.eu\/wp-content\/uploads\/2025\/09\/p3.jpg\" alt=\"\" class=\"wp-image-7702\" srcset=\"https:\/\/maristeurope.eu\/wp-content\/uploads\/2025\/09\/p3.jpg 788w, https:\/\/maristeurope.eu\/wp-content\/uploads\/2025\/09\/p3-480x316.jpg 480w\" sizes=\"(min-width: 0px) and (max-width: 480px) 480px, (min-width: 481px) 788px, 100vw\" \/><\/figure>\n<\/figure>\n","protected":false},"excerpt":{"rendered":"<p>Les capitulants de notre Chapitre g\u00e9n\u00e9ral 2025 ont \u00e9t\u00e9 re\u00e7us par le Pape L\u00e9on XIV dans la salle Cl\u00e9mentine, au Vatican, le 18 septembre. <\/p>\n","protected":false},"author":3,"featured_media":7681,"comment_status":"open","ping_status":"open","sticky":false,"template":"","format":"standard","meta":{"footnotes":""},"categories":[48],"tags":[],"class_list":["post-7719","post","type-post","status-publish","format-standard","has-post-thumbnail","hentry","category-non-categorise"],"yoast_head":"<!-- This site is optimized with the Yoast SEO plugin v27.5 - https:\/\/yoast.com\/product\/yoast-seo-wordpress\/ -->\n<title>Audience papale avec les capitulants du Chapitre mariste - Marist Europe<\/title>\n<meta name=\"robots\" content=\"index, follow, max-snippet:-1, max-image-preview:large, max-video-preview:-1\" \/>\n<link rel=\"canonical\" href=\"https:\/\/maristeurope.eu\/fr\/audience-papale-avec-les-capitulants-du-chapitre-mariste\/\" \/>\n<meta property=\"og:locale\" content=\"fr_FR\" \/>\n<meta property=\"og:type\" content=\"article\" \/>\n<meta property=\"og:title\" content=\"Audience papale avec les capitulants du Chapitre mariste - Marist Europe\" \/>\n<meta property=\"og:description\" content=\"Les capitulants de notre Chapitre g\u00e9n\u00e9ral 2025 ont \u00e9t\u00e9 re\u00e7us par le Pape L\u00e9on XIV dans la salle Cl\u00e9mentine, au Vatican, le 18 septembre.\" \/>\n<meta property=\"og:url\" content=\"https:\/\/maristeurope.eu\/fr\/audience-papale-avec-les-capitulants-du-chapitre-mariste\/\" \/>\n<meta property=\"og:site_name\" content=\"Marist Europe\" \/>\n<meta property=\"article:published_time\" content=\"2025-09-19T15:52:34+00:00\" \/>\n<meta property=\"article:modified_time\" content=\"2025-10-29T10:16:30+00:00\" \/>\n<meta property=\"og:image\" content=\"https:\/\/maristeurope.eu\/wp-content\/uploads\/2025\/09\/GC2025-EU.jpg\" \/>\n\t<meta property=\"og:image:width\" content=\"1600\" \/>\n\t<meta property=\"og:image:height\" content=\"1531\" \/>\n\t<meta property=\"og:image:type\" content=\"image\/jpeg\" \/>\n<meta name=\"author\" content=\"Anne Marie Salgo\" \/>\n<meta name=\"twitter:card\" content=\"summary_large_image\" \/>\n<meta name=\"twitter:label1\" content=\"\u00c9crit par\" \/>\n\t<meta name=\"twitter:data1\" content=\"Anne Marie Salgo\" \/>\n\t<meta name=\"twitter:label2\" content=\"Dur\u00e9e de lecture estim\u00e9e\" \/>\n\t<meta name=\"twitter:data2\" content=\"1 minute\" \/>\n<script type=\"application\/ld+json\" class=\"yoast-schema-graph\">{\"@context\":\"https:\\\/\\\/schema.org\",\"@graph\":[{\"@type\":\"Article\",\"@id\":\"https:\\\/\\\/maristeurope.eu\\\/fr\\\/audience-papale-avec-les-capitulants-du-chapitre-mariste\\\/#article\",\"isPartOf\":{\"@id\":\"https:\\\/\\\/maristeurope.eu\\\/fr\\\/audience-papale-avec-les-capitulants-du-chapitre-mariste\\\/\"},\"author\":{\"name\":\"Anne Marie Salgo\",\"@id\":\"https:\\\/\\\/maristeurope.eu\\\/fr\\\/#\\\/schema\\\/person\\\/52ef67935880edd2768565651118bee9\"},\"headline\":\"Audience papale avec les capitulants du Chapitre mariste\",\"datePublished\":\"2025-09-19T15:52:34+00:00\",\"dateModified\":\"2025-10-29T10:16:30+00:00\",\"mainEntityOfPage\":{\"@id\":\"https:\\\/\\\/maristeurope.eu\\\/fr\\\/audience-papale-avec-les-capitulants-du-chapitre-mariste\\\/\"},\"wordCount\":206,\"commentCount\":0,\"publisher\":{\"@id\":\"https:\\\/\\\/maristeurope.eu\\\/fr\\\/#organization\"},\"image\":{\"@id\":\"https:\\\/\\\/maristeurope.eu\\\/fr\\\/audience-papale-avec-les-capitulants-du-chapitre-mariste\\\/#primaryimage\"},\"thumbnailUrl\":\"https:\\\/\\\/maristeurope.eu\\\/wp-content\\\/uploads\\\/2025\\\/09\\\/GC2025-EU.jpg\",\"articleSection\":[\"Non cat\u00e9goris\u00e9\"],\"inLanguage\":\"fr-FR\",\"potentialAction\":[{\"@type\":\"CommentAction\",\"name\":\"Comment\",\"target\":[\"https:\\\/\\\/maristeurope.eu\\\/fr\\\/audience-papale-avec-les-capitulants-du-chapitre-mariste\\\/#respond\"]}]},{\"@type\":\"WebPage\",\"@id\":\"https:\\\/\\\/maristeurope.eu\\\/fr\\\/audience-papale-avec-les-capitulants-du-chapitre-mariste\\\/\",\"url\":\"https:\\\/\\\/maristeurope.eu\\\/fr\\\/audience-papale-avec-les-capitulants-du-chapitre-mariste\\\/\",\"name\":\"Audience papale avec les capitulants du Chapitre mariste - Marist Europe\",\"isPartOf\":{\"@id\":\"https:\\\/\\\/maristeurope.eu\\\/fr\\\/#website\"},\"primaryImageOfPage\":{\"@id\":\"https:\\\/\\\/maristeurope.eu\\\/fr\\\/audience-papale-avec-les-capitulants-du-chapitre-mariste\\\/#primaryimage\"},\"image\":{\"@id\":\"https:\\\/\\\/maristeurope.eu\\\/fr\\\/audience-papale-avec-les-capitulants-du-chapitre-mariste\\\/#primaryimage\"},\"thumbnailUrl\":\"https:\\\/\\\/maristeurope.eu\\\/wp-content\\\/uploads\\\/2025\\\/09\\\/GC2025-EU.jpg\",\"datePublished\":\"2025-09-19T15:52:34+00:00\",\"dateModified\":\"2025-10-29T10:16:30+00:00\",\"breadcrumb\":{\"@id\":\"https:\\\/\\\/maristeurope.eu\\\/fr\\\/audience-papale-avec-les-capitulants-du-chapitre-mariste\\\/#breadcrumb\"},\"inLanguage\":\"fr-FR\",\"potentialAction\":[{\"@type\":\"ReadAction\",\"target\":[\"https:\\\/\\\/maristeurope.eu\\\/fr\\\/audience-papale-avec-les-capitulants-du-chapitre-mariste\\\/\"]}]},{\"@type\":\"ImageObject\",\"inLanguage\":\"fr-FR\",\"@id\":\"https:\\\/\\\/maristeurope.eu\\\/fr\\\/audience-papale-avec-les-capitulants-du-chapitre-mariste\\\/#primaryimage\",\"url\":\"https:\\\/\\\/maristeurope.eu\\\/wp-content\\\/uploads\\\/2025\\\/09\\\/GC2025-EU.jpg\",\"contentUrl\":\"https:\\\/\\\/maristeurope.eu\\\/wp-content\\\/uploads\\\/2025\\\/09\\\/GC2025-EU.jpg\",\"width\":1600,\"height\":1531},{\"@type\":\"BreadcrumbList\",\"@id\":\"https:\\\/\\\/maristeurope.eu\\\/fr\\\/audience-papale-avec-les-capitulants-du-chapitre-mariste\\\/#breadcrumb\",\"itemListElement\":[{\"@type\":\"ListItem\",\"position\":1,\"name\":\"Home\",\"item\":\"https:\\\/\\\/maristeurope.eu\\\/fr\\\/maristes\\\/\"},{\"@type\":\"ListItem\",\"position\":2,\"name\":\"Audience papale avec les capitulants du Chapitre mariste\"}]},{\"@type\":\"WebSite\",\"@id\":\"https:\\\/\\\/maristeurope.eu\\\/fr\\\/#website\",\"url\":\"https:\\\/\\\/maristeurope.eu\\\/fr\\\/\",\"name\":\"Marist Europe\",\"description\":\"\",\"publisher\":{\"@id\":\"https:\\\/\\\/maristeurope.eu\\\/fr\\\/#organization\"},\"potentialAction\":[{\"@type\":\"SearchAction\",\"target\":{\"@type\":\"EntryPoint\",\"urlTemplate\":\"https:\\\/\\\/maristeurope.eu\\\/fr\\\/?s={search_term_string}\"},\"query-input\":{\"@type\":\"PropertyValueSpecification\",\"valueRequired\":true,\"valueName\":\"search_term_string\"}}],\"inLanguage\":\"fr-FR\"},{\"@type\":\"Organization\",\"@id\":\"https:\\\/\\\/maristeurope.eu\\\/fr\\\/#organization\",\"name\":\"Marist Europe\",\"url\":\"https:\\\/\\\/maristeurope.eu\\\/fr\\\/\",\"logo\":{\"@type\":\"ImageObject\",\"inLanguage\":\"fr-FR\",\"@id\":\"https:\\\/\\\/maristeurope.eu\\\/fr\\\/#\\\/schema\\\/logo\\\/image\\\/\",\"url\":\"https:\\\/\\\/maristeurope.eu\\\/wp-content\\\/uploads\\\/2024\\\/10\\\/EU-SM-Finalogo-02.png\",\"contentUrl\":\"https:\\\/\\\/maristeurope.eu\\\/wp-content\\\/uploads\\\/2024\\\/10\\\/EU-SM-Finalogo-02.png\",\"width\":150,\"height\":156,\"caption\":\"Marist Europe\"},\"image\":{\"@id\":\"https:\\\/\\\/maristeurope.eu\\\/fr\\\/#\\\/schema\\\/logo\\\/image\\\/\"}},{\"@type\":\"Person\",\"@id\":\"https:\\\/\\\/maristeurope.eu\\\/fr\\\/#\\\/schema\\\/person\\\/52ef67935880edd2768565651118bee9\",\"name\":\"Anne Marie Salgo\",\"image\":{\"@type\":\"ImageObject\",\"inLanguage\":\"fr-FR\",\"@id\":\"https:\\\/\\\/secure.gravatar.com\\\/avatar\\\/63bc5f7f74a90bb8d99eaaf8206d8217d780934d9a9659350347a36f2698fe6b?s=96&d=mm&r=g\",\"url\":\"https:\\\/\\\/secure.gravatar.com\\\/avatar\\\/63bc5f7f74a90bb8d99eaaf8206d8217d780934d9a9659350347a36f2698fe6b?s=96&d=mm&r=g\",\"contentUrl\":\"https:\\\/\\\/secure.gravatar.com\\\/avatar\\\/63bc5f7f74a90bb8d99eaaf8206d8217d780934d9a9659350347a36f2698fe6b?s=96&d=mm&r=g\",\"caption\":\"Anne Marie Salgo\"},\"url\":\"https:\\\/\\\/maristeurope.eu\\\/fr\\\/author\\\/anne\\\/\"}]}<\/script>\n<!-- \/ Yoast SEO plugin. -->","yoast_head_json":{"title":"Audience papale avec les capitulants du Chapitre mariste - Marist Europe","robots":{"index":"index","follow":"follow","max-snippet":"max-snippet:-1","max-image-preview":"max-image-preview:large","max-video-preview":"max-video-preview:-1"},"canonical":"https:\/\/maristeurope.eu\/fr\/audience-papale-avec-les-capitulants-du-chapitre-mariste\/","og_locale":"fr_FR","og_type":"article","og_title":"Audience papale avec les capitulants du Chapitre mariste - Marist Europe","og_description":"Les capitulants de notre Chapitre g\u00e9n\u00e9ral 2025 ont \u00e9t\u00e9 re\u00e7us par le Pape L\u00e9on XIV dans la salle Cl\u00e9mentine, au Vatican, le 18 septembre.","og_url":"https:\/\/maristeurope.eu\/fr\/audience-papale-avec-les-capitulants-du-chapitre-mariste\/","og_site_name":"Marist Europe","article_published_time":"2025-09-19T15:52:34+00:00","article_modified_time":"2025-10-29T10:16:30+00:00","og_image":[{"width":1600,"height":1531,"url":"https:\/\/maristeurope.eu\/wp-content\/uploads\/2025\/09\/GC2025-EU.jpg","type":"image\/jpeg"}],"author":"Anne Marie Salgo","twitter_card":"summary_large_image","twitter_misc":{"\u00c9crit par":"Anne Marie Salgo","Dur\u00e9e de lecture estim\u00e9e":"1 minute"},"schema":{"@context":"https:\/\/schema.org","@graph":[{"@type":"Article","@id":"https:\/\/maristeurope.eu\/fr\/audience-papale-avec-les-capitulants-du-chapitre-mariste\/#article","isPartOf":{"@id":"https:\/\/maristeurope.eu\/fr\/audience-papale-avec-les-capitulants-du-chapitre-mariste\/"},"author":{"name":"Anne Marie Salgo","@id":"https:\/\/maristeurope.eu\/fr\/#\/schema\/person\/52ef67935880edd2768565651118bee9"},"headline":"Audience papale avec les capitulants du Chapitre mariste","datePublished":"2025-09-19T15:52:34+00:00","dateModified":"2025-10-29T10:16:30+00:00","mainEntityOfPage":{"@id":"https:\/\/maristeurope.eu\/fr\/audience-papale-avec-les-capitulants-du-chapitre-mariste\/"},"wordCount":206,"commentCount":0,"publisher":{"@id":"https:\/\/maristeurope.eu\/fr\/#organization"},"image":{"@id":"https:\/\/maristeurope.eu\/fr\/audience-papale-avec-les-capitulants-du-chapitre-mariste\/#primaryimage"},"thumbnailUrl":"https:\/\/maristeurope.eu\/wp-content\/uploads\/2025\/09\/GC2025-EU.jpg","articleSection":["Non cat\u00e9goris\u00e9"],"inLanguage":"fr-FR","potentialAction":[{"@type":"CommentAction","name":"Comment","target":["https:\/\/maristeurope.eu\/fr\/audience-papale-avec-les-capitulants-du-chapitre-mariste\/#respond"]}]},{"@type":"WebPage","@id":"https:\/\/maristeurope.eu\/fr\/audience-papale-avec-les-capitulants-du-chapitre-mariste\/","url":"https:\/\/maristeurope.eu\/fr\/audience-papale-avec-les-capitulants-du-chapitre-mariste\/","name":"Audience papale avec les capitulants du Chapitre mariste - Marist Europe","isPartOf":{"@id":"https:\/\/maristeurope.eu\/fr\/#website"},"primaryImageOfPage":{"@id":"https:\/\/maristeurope.eu\/fr\/audience-papale-avec-les-capitulants-du-chapitre-mariste\/#primaryimage"},"image":{"@id":"https:\/\/maristeurope.eu\/fr\/audience-papale-avec-les-capitulants-du-chapitre-mariste\/#primaryimage"},"thumbnailUrl":"https:\/\/maristeurope.eu\/wp-content\/uploads\/2025\/09\/GC2025-EU.jpg","datePublished":"2025-09-19T15:52:34+00:00","dateModified":"2025-10-29T10:16:30+00:00","breadcrumb":{"@id":"https:\/\/maristeurope.eu\/fr\/audience-papale-avec-les-capitulants-du-chapitre-mariste\/#breadcrumb"},"inLanguage":"fr-FR","potentialAction":[{"@type":"ReadAction","target":["https:\/\/maristeurope.eu\/fr\/audience-papale-avec-les-capitulants-du-chapitre-mariste\/"]}]},{"@type":"ImageObject","inLanguage":"fr-FR","@id":"https:\/\/maristeurope.eu\/fr\/audience-papale-avec-les-capitulants-du-chapitre-mariste\/#primaryimage","url":"https:\/\/maristeurope.eu\/wp-content\/uploads\/2025\/09\/GC2025-EU.jpg","contentUrl":"https:\/\/maristeurope.eu\/wp-content\/uploads\/2025\/09\/GC2025-EU.jpg","width":1600,"height":1531},{"@type":"BreadcrumbList","@id":"https:\/\/maristeurope.eu\/fr\/audience-papale-avec-les-capitulants-du-chapitre-mariste\/#breadcrumb","itemListElement":[{"@type":"ListItem","position":1,"name":"Home","item":"https:\/\/maristeurope.eu\/fr\/maristes\/"},{"@type":"ListItem","position":2,"name":"Audience papale avec les capitulants du Chapitre mariste"}]},{"@type":"WebSite","@id":"https:\/\/maristeurope.eu\/fr\/#website","url":"https:\/\/maristeurope.eu\/fr\/","name":"Marist Europe","description":"","publisher":{"@id":"https:\/\/maristeurope.eu\/fr\/#organization"},"potentialAction":[{"@type":"SearchAction","target":{"@type":"EntryPoint","urlTemplate":"https:\/\/maristeurope.eu\/fr\/?s={search_term_string}"},"query-input":{"@type":"PropertyValueSpecification","valueRequired":true,"valueName":"search_term_string"}}],"inLanguage":"fr-FR"},{"@type":"Organization","@id":"https:\/\/maristeurope.eu\/fr\/#organization","name":"Marist Europe","url":"https:\/\/maristeurope.eu\/fr\/","logo":{"@type":"ImageObject","inLanguage":"fr-FR","@id":"https:\/\/maristeurope.eu\/fr\/#\/schema\/logo\/image\/","url":"https:\/\/maristeurope.eu\/wp-content\/uploads\/2024\/10\/EU-SM-Finalogo-02.png","contentUrl":"https:\/\/maristeurope.eu\/wp-content\/uploads\/2024\/10\/EU-SM-Finalogo-02.png","width":150,"height":156,"caption":"Marist Europe"},"image":{"@id":"https:\/\/maristeurope.eu\/fr\/#\/schema\/logo\/image\/"}},{"@type":"Person","@id":"https:\/\/maristeurope.eu\/fr\/#\/schema\/person\/52ef67935880edd2768565651118bee9","name":"Anne Marie Salgo","image":{"@type":"ImageObject","inLanguage":"fr-FR","@id":"https:\/\/secure.gravatar.com\/avatar\/63bc5f7f74a90bb8d99eaaf8206d8217d780934d9a9659350347a36f2698fe6b?s=96&d=mm&r=g","url":"https:\/\/secure.gravatar.com\/avatar\/63bc5f7f74a90bb8d99eaaf8206d8217d780934d9a9659350347a36f2698fe6b?s=96&d=mm&r=g","contentUrl":"https:\/\/secure.gravatar.com\/avatar\/63bc5f7f74a90bb8d99eaaf8206d8217d780934d9a9659350347a36f2698fe6b?s=96&d=mm&r=g","caption":"Anne Marie Salgo"},"url":"https:\/\/maristeurope.eu\/fr\/author\/anne\/"}]}},"_links":{"self":[{"href":"https:\/\/maristeurope.eu\/fr\/wp-json\/wp\/v2\/posts\/7719","targetHints":{"allow":["GET"]}}],"collection":[{"href":"https:\/\/maristeurope.eu\/fr\/wp-json\/wp\/v2\/posts"}],"about":[{"href":"https:\/\/maristeurope.eu\/fr\/wp-json\/wp\/v2\/types\/post"}],"author":[{"embeddable":true,"href":"https:\/\/maristeurope.eu\/fr\/wp-json\/wp\/v2\/users\/3"}],"replies":[{"embeddable":true,"href":"https:\/\/maristeurope.eu\/fr\/wp-json\/wp\/v2\/comments?post=7719"}],"version-history":[{"count":5,"href":"https:\/\/maristeurope.eu\/fr\/wp-json\/wp\/v2\/posts\/7719\/revisions"}],"predecessor-version":[{"id":8742,"href":"https:\/\/maristeurope.eu\/fr\/wp-json\/wp\/v2\/posts\/7719\/revisions\/8742"}],"wp:featuredmedia":[{"embeddable":true,"href":"https:\/\/maristeurope.eu\/fr\/wp-json\/wp\/v2\/media\/7681"}],"wp:attachment":[{"href":"https:\/\/maristeurope.eu\/fr\/wp-json\/wp\/v2\/media?parent=7719"}],"wp:term":[{"taxonomy":"category","embeddable":true,"href":"https:\/\/maristeurope.eu\/fr\/wp-json\/wp\/v2\/categories?post=7719"},{"taxonomy":"post_tag","embeddable":true,"href":"https:\/\/maristeurope.eu\/fr\/wp-json\/wp\/v2\/tags?post=7719"}],"curies":[{"name":"wp","href":"https:\/\/api.w.org\/{rel}","templated":true}]}}