{"id":7662,"date":"2025-09-04T22:15:00","date_gmt":"2025-09-04T20:15:00","guid":{"rendered":"https:\/\/maristeurope.eu\/six-mois-a-sahagun\/"},"modified":"2025-10-29T11:13:15","modified_gmt":"2025-10-29T10:13:15","slug":"six-mois-a-sahagun","status":"publish","type":"post","link":"https:\/\/maristeurope.eu\/fr\/six-mois-a-sahagun\/","title":{"rendered":"Six mois \u00e0 Sahag\u00fan"},"content":{"rendered":"\n<p><strong><em>Matthew Crawford \u00e9crit depuis l'albergue de Santa Cruz : <\/em><\/strong><\/p>\n\n<p>Avant d'arriver en Espagne, j'avais \u00e9galement imagin\u00e9 que le soleil \u00e9tait la norme. Je suis arriv\u00e9e \u00e0 Sahag\u00fan au d\u00e9but du mois de mars et j'ai \u00e9t\u00e9 accueilli par une l\u00e9g\u00e8re chute de neige. Cependant, compar\u00e9 aux hivers n\u00e9o-z\u00e9landais, cela ne m'a pas d\u00e9rang\u00e9, car le vent n'\u00e9tait pas un facteur important. Les promenades matinales ont \u00e9t\u00e9 un bon moyen de m'acclimater. D\u00e8s le d\u00e9but, la communaut\u00e9 de l'albergue de Santa Cruz a \u00e9t\u00e9 incroyablement accueillante, m\u00eame si mon espagnol etait assez rouill\u00e9. Le premier mois a \u00e9t\u00e9 calme, ce qui m'a permis de m'installer et d'apprendre les rythmes quotidiens de l'albergue. Lorsque nous ne sommes pas pleins, il y a plus de moments pour passer du temps avec les p\u00e8lerins, et au cours de ces premi\u00e8res semaines, j'ai eu le privil\u00e8ge d'entendre de nombreuses histoires \u00e9mouvantes sur la vie, la foi et les voyages qui ont amen\u00e9 les gens sur le Camino.      <\/p>\n\n<p>\u00c0 la \"Semana Santa\" (semaine sainte), le flux de p\u00e8lerins s'est acc\u00e9l\u00e9r\u00e9. En mai et juin, les chambres \u00e9taient pleines presque tous les soirs, et avec elles, l'activit\u00e9 et l'\u00e9nergie d'une maison anim\u00e9e par des voyageurs. Nous avons eu la chance d'accueillir de nombreux b\u00e9n\u00e9voles et hospitaliers du monde entier, chacun apportant sa propre culture et ses exp\u00e9riences pour enrichir notre travail commun. En juillet et ao\u00fbt, les chiffres ont baiss\u00e9 avec la chaleur estivale - comme toujours - mais nous savons que le mois de septembre verra le chemin se remplir \u00e0 nouveau.   <\/p>\n\n<p>En repensant \u00e0 ces six premiers mois, je vois un minist\u00e8re \u00e0 la fois r\u00e9p\u00e9titif et infiniment vari\u00e9. Les t\u00e2ches peuvent \u00eatre les m\u00eames, mais chaque jour est nouveau parce que chaque p\u00e8lerin est nouveau. Notre caf\u00e9 du p\u00e8lerin, notre d\u00eener partag\u00e9 et notre messe quotidienne font de notre albergue un lieu o\u00f9 l'\u00c9glise est pr\u00e9sente sur le Camino et o\u00f9 nous cherchons \u00e0 partager la douce pr\u00e9sence de Marie avec les personnes fatigu\u00e9es. Ici, tout comme Marie, nous faisons confiance \u00e0 la providence de Dieu - croyant qu'Il travaille tranquillement \u00e0 travers nous pour le bien des p\u00e8lerins et des h\u00f4tes.   <\/p>\n","protected":false},"excerpt":{"rendered":"<p>Matthew Crawford \u00e9crit depuis l&rsquo;albergue de Santa Cruz : Avant d&rsquo;arriver en Espagne, je m&rsquo;imaginais que le soleil \u00e9tait la norme. Je suis arriv\u00e9 \u00e0 Sahag\u00fan au d\u00e9but du mois de mars et j&rsquo;ai \u00e9t\u00e9 accueilli par une l\u00e9g\u00e8re chute de neige ! <\/p>\n","protected":false},"author":3,"featured_media":7636,"comment_status":"open","ping_status":"open","sticky":false,"template":"","format":"standard","meta":{"footnotes":""},"categories":[48],"tags":[],"class_list":["post-7662","post","type-post","status-publish","format-standard","has-post-thumbnail","hentry","category-non-categorise"],"yoast_head":"<!-- This site is optimized with the Yoast SEO plugin v27.5 - https:\/\/yoast.com\/product\/yoast-seo-wordpress\/ -->\n<title>Six mois \u00e0 Sahag\u00fan - Marist Europe<\/title>\n<meta name=\"robots\" content=\"index, follow, max-snippet:-1, max-image-preview:large, max-video-preview:-1\" \/>\n<link rel=\"canonical\" href=\"https:\/\/maristeurope.eu\/fr\/six-mois-a-sahagun\/\" \/>\n<meta property=\"og:locale\" content=\"fr_FR\" \/>\n<meta property=\"og:type\" content=\"article\" \/>\n<meta property=\"og:title\" content=\"Six mois \u00e0 Sahag\u00fan - Marist Europe\" \/>\n<meta property=\"og:description\" content=\"Matthew Crawford \u00e9crit depuis l&#039;albergue de Santa Cruz : Avant d&#039;arriver en Espagne, je m&#039;imaginais que le soleil \u00e9tait la norme. Je suis arriv\u00e9 \u00e0 Sahag\u00fan au d\u00e9but du mois de mars et j&#039;ai \u00e9t\u00e9 accueilli par une l\u00e9g\u00e8re chute de neige !\" \/>\n<meta property=\"og:url\" content=\"https:\/\/maristeurope.eu\/fr\/six-mois-a-sahagun\/\" \/>\n<meta property=\"og:site_name\" content=\"Marist Europe\" \/>\n<meta property=\"article:published_time\" content=\"2025-09-04T20:15:00+00:00\" \/>\n<meta property=\"article:modified_time\" content=\"2025-10-29T10:13:15+00:00\" \/>\n<meta property=\"og:image\" content=\"https:\/\/maristeurope.eu\/wp-content\/uploads\/2025\/09\/vendredi-saint-2025.jpg\" \/>\n\t<meta property=\"og:image:width\" content=\"1600\" \/>\n\t<meta property=\"og:image:height\" content=\"721\" \/>\n\t<meta property=\"og:image:type\" content=\"image\/jpeg\" \/>\n<meta name=\"author\" content=\"Anne Marie Salgo\" \/>\n<meta name=\"twitter:card\" content=\"summary_large_image\" \/>\n<meta name=\"twitter:label1\" content=\"\u00c9crit par\" \/>\n\t<meta name=\"twitter:data1\" content=\"Anne Marie Salgo\" \/>\n\t<meta name=\"twitter:label2\" content=\"Dur\u00e9e de lecture estim\u00e9e\" \/>\n\t<meta name=\"twitter:data2\" content=\"2 minutes\" \/>\n<script type=\"application\/ld+json\" class=\"yoast-schema-graph\">{\"@context\":\"https:\\\/\\\/schema.org\",\"@graph\":[{\"@type\":\"Article\",\"@id\":\"https:\\\/\\\/maristeurope.eu\\\/fr\\\/six-mois-a-sahagun\\\/#article\",\"isPartOf\":{\"@id\":\"https:\\\/\\\/maristeurope.eu\\\/fr\\\/six-mois-a-sahagun\\\/\"},\"author\":{\"name\":\"Anne Marie Salgo\",\"@id\":\"https:\\\/\\\/maristeurope.eu\\\/fr\\\/#\\\/schema\\\/person\\\/52ef67935880edd2768565651118bee9\"},\"headline\":\"Six mois \u00e0 Sahag\u00fan\",\"datePublished\":\"2025-09-04T20:15:00+00:00\",\"dateModified\":\"2025-10-29T10:13:15+00:00\",\"mainEntityOfPage\":{\"@id\":\"https:\\\/\\\/maristeurope.eu\\\/fr\\\/six-mois-a-sahagun\\\/\"},\"wordCount\":409,\"commentCount\":0,\"publisher\":{\"@id\":\"https:\\\/\\\/maristeurope.eu\\\/fr\\\/#organization\"},\"image\":{\"@id\":\"https:\\\/\\\/maristeurope.eu\\\/fr\\\/six-mois-a-sahagun\\\/#primaryimage\"},\"thumbnailUrl\":\"https:\\\/\\\/maristeurope.eu\\\/wp-content\\\/uploads\\\/2025\\\/09\\\/vendredi-saint-2025.jpg\",\"articleSection\":[\"Non cat\u00e9goris\u00e9\"],\"inLanguage\":\"fr-FR\",\"potentialAction\":[{\"@type\":\"CommentAction\",\"name\":\"Comment\",\"target\":[\"https:\\\/\\\/maristeurope.eu\\\/fr\\\/six-mois-a-sahagun\\\/#respond\"]}]},{\"@type\":\"WebPage\",\"@id\":\"https:\\\/\\\/maristeurope.eu\\\/fr\\\/six-mois-a-sahagun\\\/\",\"url\":\"https:\\\/\\\/maristeurope.eu\\\/fr\\\/six-mois-a-sahagun\\\/\",\"name\":\"Six mois \u00e0 Sahag\u00fan - Marist Europe\",\"isPartOf\":{\"@id\":\"https:\\\/\\\/maristeurope.eu\\\/fr\\\/#website\"},\"primaryImageOfPage\":{\"@id\":\"https:\\\/\\\/maristeurope.eu\\\/fr\\\/six-mois-a-sahagun\\\/#primaryimage\"},\"image\":{\"@id\":\"https:\\\/\\\/maristeurope.eu\\\/fr\\\/six-mois-a-sahagun\\\/#primaryimage\"},\"thumbnailUrl\":\"https:\\\/\\\/maristeurope.eu\\\/wp-content\\\/uploads\\\/2025\\\/09\\\/vendredi-saint-2025.jpg\",\"datePublished\":\"2025-09-04T20:15:00+00:00\",\"dateModified\":\"2025-10-29T10:13:15+00:00\",\"breadcrumb\":{\"@id\":\"https:\\\/\\\/maristeurope.eu\\\/fr\\\/six-mois-a-sahagun\\\/#breadcrumb\"},\"inLanguage\":\"fr-FR\",\"potentialAction\":[{\"@type\":\"ReadAction\",\"target\":[\"https:\\\/\\\/maristeurope.eu\\\/fr\\\/six-mois-a-sahagun\\\/\"]}]},{\"@type\":\"ImageObject\",\"inLanguage\":\"fr-FR\",\"@id\":\"https:\\\/\\\/maristeurope.eu\\\/fr\\\/six-mois-a-sahagun\\\/#primaryimage\",\"url\":\"https:\\\/\\\/maristeurope.eu\\\/wp-content\\\/uploads\\\/2025\\\/09\\\/vendredi-saint-2025.jpg\",\"contentUrl\":\"https:\\\/\\\/maristeurope.eu\\\/wp-content\\\/uploads\\\/2025\\\/09\\\/vendredi-saint-2025.jpg\",\"width\":1600,\"height\":721},{\"@type\":\"BreadcrumbList\",\"@id\":\"https:\\\/\\\/maristeurope.eu\\\/fr\\\/six-mois-a-sahagun\\\/#breadcrumb\",\"itemListElement\":[{\"@type\":\"ListItem\",\"position\":1,\"name\":\"Home\",\"item\":\"https:\\\/\\\/maristeurope.eu\\\/fr\\\/maristes\\\/\"},{\"@type\":\"ListItem\",\"position\":2,\"name\":\"Six mois \u00e0 Sahag\u00fan\"}]},{\"@type\":\"WebSite\",\"@id\":\"https:\\\/\\\/maristeurope.eu\\\/fr\\\/#website\",\"url\":\"https:\\\/\\\/maristeurope.eu\\\/fr\\\/\",\"name\":\"Marist Europe\",\"description\":\"\",\"publisher\":{\"@id\":\"https:\\\/\\\/maristeurope.eu\\\/fr\\\/#organization\"},\"potentialAction\":[{\"@type\":\"SearchAction\",\"target\":{\"@type\":\"EntryPoint\",\"urlTemplate\":\"https:\\\/\\\/maristeurope.eu\\\/fr\\\/?s={search_term_string}\"},\"query-input\":{\"@type\":\"PropertyValueSpecification\",\"valueRequired\":true,\"valueName\":\"search_term_string\"}}],\"inLanguage\":\"fr-FR\"},{\"@type\":\"Organization\",\"@id\":\"https:\\\/\\\/maristeurope.eu\\\/fr\\\/#organization\",\"name\":\"Marist Europe\",\"url\":\"https:\\\/\\\/maristeurope.eu\\\/fr\\\/\",\"logo\":{\"@type\":\"ImageObject\",\"inLanguage\":\"fr-FR\",\"@id\":\"https:\\\/\\\/maristeurope.eu\\\/fr\\\/#\\\/schema\\\/logo\\\/image\\\/\",\"url\":\"https:\\\/\\\/maristeurope.eu\\\/wp-content\\\/uploads\\\/2024\\\/10\\\/EU-SM-Finalogo-02.png\",\"contentUrl\":\"https:\\\/\\\/maristeurope.eu\\\/wp-content\\\/uploads\\\/2024\\\/10\\\/EU-SM-Finalogo-02.png\",\"width\":150,\"height\":156,\"caption\":\"Marist Europe\"},\"image\":{\"@id\":\"https:\\\/\\\/maristeurope.eu\\\/fr\\\/#\\\/schema\\\/logo\\\/image\\\/\"}},{\"@type\":\"Person\",\"@id\":\"https:\\\/\\\/maristeurope.eu\\\/fr\\\/#\\\/schema\\\/person\\\/52ef67935880edd2768565651118bee9\",\"name\":\"Anne Marie Salgo\",\"image\":{\"@type\":\"ImageObject\",\"inLanguage\":\"fr-FR\",\"@id\":\"https:\\\/\\\/secure.gravatar.com\\\/avatar\\\/63bc5f7f74a90bb8d99eaaf8206d8217d780934d9a9659350347a36f2698fe6b?s=96&d=mm&r=g\",\"url\":\"https:\\\/\\\/secure.gravatar.com\\\/avatar\\\/63bc5f7f74a90bb8d99eaaf8206d8217d780934d9a9659350347a36f2698fe6b?s=96&d=mm&r=g\",\"contentUrl\":\"https:\\\/\\\/secure.gravatar.com\\\/avatar\\\/63bc5f7f74a90bb8d99eaaf8206d8217d780934d9a9659350347a36f2698fe6b?s=96&d=mm&r=g\",\"caption\":\"Anne Marie Salgo\"},\"url\":\"https:\\\/\\\/maristeurope.eu\\\/fr\\\/author\\\/anne\\\/\"}]}<\/script>\n<!-- \/ Yoast SEO plugin. -->","yoast_head_json":{"title":"Six mois \u00e0 Sahag\u00fan - Marist Europe","robots":{"index":"index","follow":"follow","max-snippet":"max-snippet:-1","max-image-preview":"max-image-preview:large","max-video-preview":"max-video-preview:-1"},"canonical":"https:\/\/maristeurope.eu\/fr\/six-mois-a-sahagun\/","og_locale":"fr_FR","og_type":"article","og_title":"Six mois \u00e0 Sahag\u00fan - Marist Europe","og_description":"Matthew Crawford \u00e9crit depuis l'albergue de Santa Cruz : Avant d'arriver en Espagne, je m'imaginais que le soleil \u00e9tait la norme. Je suis arriv\u00e9 \u00e0 Sahag\u00fan au d\u00e9but du mois de mars et j'ai \u00e9t\u00e9 accueilli par une l\u00e9g\u00e8re chute de neige !","og_url":"https:\/\/maristeurope.eu\/fr\/six-mois-a-sahagun\/","og_site_name":"Marist Europe","article_published_time":"2025-09-04T20:15:00+00:00","article_modified_time":"2025-10-29T10:13:15+00:00","og_image":[{"width":1600,"height":721,"url":"https:\/\/maristeurope.eu\/wp-content\/uploads\/2025\/09\/vendredi-saint-2025.jpg","type":"image\/jpeg"}],"author":"Anne Marie Salgo","twitter_card":"summary_large_image","twitter_misc":{"\u00c9crit par":"Anne Marie Salgo","Dur\u00e9e de lecture estim\u00e9e":"2 minutes"},"schema":{"@context":"https:\/\/schema.org","@graph":[{"@type":"Article","@id":"https:\/\/maristeurope.eu\/fr\/six-mois-a-sahagun\/#article","isPartOf":{"@id":"https:\/\/maristeurope.eu\/fr\/six-mois-a-sahagun\/"},"author":{"name":"Anne Marie Salgo","@id":"https:\/\/maristeurope.eu\/fr\/#\/schema\/person\/52ef67935880edd2768565651118bee9"},"headline":"Six mois \u00e0 Sahag\u00fan","datePublished":"2025-09-04T20:15:00+00:00","dateModified":"2025-10-29T10:13:15+00:00","mainEntityOfPage":{"@id":"https:\/\/maristeurope.eu\/fr\/six-mois-a-sahagun\/"},"wordCount":409,"commentCount":0,"publisher":{"@id":"https:\/\/maristeurope.eu\/fr\/#organization"},"image":{"@id":"https:\/\/maristeurope.eu\/fr\/six-mois-a-sahagun\/#primaryimage"},"thumbnailUrl":"https:\/\/maristeurope.eu\/wp-content\/uploads\/2025\/09\/vendredi-saint-2025.jpg","articleSection":["Non cat\u00e9goris\u00e9"],"inLanguage":"fr-FR","potentialAction":[{"@type":"CommentAction","name":"Comment","target":["https:\/\/maristeurope.eu\/fr\/six-mois-a-sahagun\/#respond"]}]},{"@type":"WebPage","@id":"https:\/\/maristeurope.eu\/fr\/six-mois-a-sahagun\/","url":"https:\/\/maristeurope.eu\/fr\/six-mois-a-sahagun\/","name":"Six mois \u00e0 Sahag\u00fan - Marist Europe","isPartOf":{"@id":"https:\/\/maristeurope.eu\/fr\/#website"},"primaryImageOfPage":{"@id":"https:\/\/maristeurope.eu\/fr\/six-mois-a-sahagun\/#primaryimage"},"image":{"@id":"https:\/\/maristeurope.eu\/fr\/six-mois-a-sahagun\/#primaryimage"},"thumbnailUrl":"https:\/\/maristeurope.eu\/wp-content\/uploads\/2025\/09\/vendredi-saint-2025.jpg","datePublished":"2025-09-04T20:15:00+00:00","dateModified":"2025-10-29T10:13:15+00:00","breadcrumb":{"@id":"https:\/\/maristeurope.eu\/fr\/six-mois-a-sahagun\/#breadcrumb"},"inLanguage":"fr-FR","potentialAction":[{"@type":"ReadAction","target":["https:\/\/maristeurope.eu\/fr\/six-mois-a-sahagun\/"]}]},{"@type":"ImageObject","inLanguage":"fr-FR","@id":"https:\/\/maristeurope.eu\/fr\/six-mois-a-sahagun\/#primaryimage","url":"https:\/\/maristeurope.eu\/wp-content\/uploads\/2025\/09\/vendredi-saint-2025.jpg","contentUrl":"https:\/\/maristeurope.eu\/wp-content\/uploads\/2025\/09\/vendredi-saint-2025.jpg","width":1600,"height":721},{"@type":"BreadcrumbList","@id":"https:\/\/maristeurope.eu\/fr\/six-mois-a-sahagun\/#breadcrumb","itemListElement":[{"@type":"ListItem","position":1,"name":"Home","item":"https:\/\/maristeurope.eu\/fr\/maristes\/"},{"@type":"ListItem","position":2,"name":"Six mois \u00e0 Sahag\u00fan"}]},{"@type":"WebSite","@id":"https:\/\/maristeurope.eu\/fr\/#website","url":"https:\/\/maristeurope.eu\/fr\/","name":"Marist Europe","description":"","publisher":{"@id":"https:\/\/maristeurope.eu\/fr\/#organization"},"potentialAction":[{"@type":"SearchAction","target":{"@type":"EntryPoint","urlTemplate":"https:\/\/maristeurope.eu\/fr\/?s={search_term_string}"},"query-input":{"@type":"PropertyValueSpecification","valueRequired":true,"valueName":"search_term_string"}}],"inLanguage":"fr-FR"},{"@type":"Organization","@id":"https:\/\/maristeurope.eu\/fr\/#organization","name":"Marist Europe","url":"https:\/\/maristeurope.eu\/fr\/","logo":{"@type":"ImageObject","inLanguage":"fr-FR","@id":"https:\/\/maristeurope.eu\/fr\/#\/schema\/logo\/image\/","url":"https:\/\/maristeurope.eu\/wp-content\/uploads\/2024\/10\/EU-SM-Finalogo-02.png","contentUrl":"https:\/\/maristeurope.eu\/wp-content\/uploads\/2024\/10\/EU-SM-Finalogo-02.png","width":150,"height":156,"caption":"Marist Europe"},"image":{"@id":"https:\/\/maristeurope.eu\/fr\/#\/schema\/logo\/image\/"}},{"@type":"Person","@id":"https:\/\/maristeurope.eu\/fr\/#\/schema\/person\/52ef67935880edd2768565651118bee9","name":"Anne Marie Salgo","image":{"@type":"ImageObject","inLanguage":"fr-FR","@id":"https:\/\/secure.gravatar.com\/avatar\/63bc5f7f74a90bb8d99eaaf8206d8217d780934d9a9659350347a36f2698fe6b?s=96&d=mm&r=g","url":"https:\/\/secure.gravatar.com\/avatar\/63bc5f7f74a90bb8d99eaaf8206d8217d780934d9a9659350347a36f2698fe6b?s=96&d=mm&r=g","contentUrl":"https:\/\/secure.gravatar.com\/avatar\/63bc5f7f74a90bb8d99eaaf8206d8217d780934d9a9659350347a36f2698fe6b?s=96&d=mm&r=g","caption":"Anne Marie Salgo"},"url":"https:\/\/maristeurope.eu\/fr\/author\/anne\/"}]}},"_links":{"self":[{"href":"https:\/\/maristeurope.eu\/fr\/wp-json\/wp\/v2\/posts\/7662","targetHints":{"allow":["GET"]}}],"collection":[{"href":"https:\/\/maristeurope.eu\/fr\/wp-json\/wp\/v2\/posts"}],"about":[{"href":"https:\/\/maristeurope.eu\/fr\/wp-json\/wp\/v2\/types\/post"}],"author":[{"embeddable":true,"href":"https:\/\/maristeurope.eu\/fr\/wp-json\/wp\/v2\/users\/3"}],"replies":[{"embeddable":true,"href":"https:\/\/maristeurope.eu\/fr\/wp-json\/wp\/v2\/comments?post=7662"}],"version-history":[{"count":7,"href":"https:\/\/maristeurope.eu\/fr\/wp-json\/wp\/v2\/posts\/7662\/revisions"}],"predecessor-version":[{"id":8738,"href":"https:\/\/maristeurope.eu\/fr\/wp-json\/wp\/v2\/posts\/7662\/revisions\/8738"}],"wp:featuredmedia":[{"embeddable":true,"href":"https:\/\/maristeurope.eu\/fr\/wp-json\/wp\/v2\/media\/7636"}],"wp:attachment":[{"href":"https:\/\/maristeurope.eu\/fr\/wp-json\/wp\/v2\/media?parent=7662"}],"wp:term":[{"taxonomy":"category","embeddable":true,"href":"https:\/\/maristeurope.eu\/fr\/wp-json\/wp\/v2\/categories?post=7662"},{"taxonomy":"post_tag","embeddable":true,"href":"https:\/\/maristeurope.eu\/fr\/wp-json\/wp\/v2\/tags?post=7662"}],"curies":[{"name":"wp","href":"https:\/\/api.w.org\/{rel}","templated":true}]}}