{"id":5009,"date":"2025-03-14T11:21:52","date_gmt":"2025-03-14T10:21:52","guid":{"rendered":"https:\/\/marist.sjdigitaldemo.ovh\/assemblage-de-lunite-italienne\/"},"modified":"2025-04-03T15:12:07","modified_gmt":"2025-04-03T13:12:07","slug":"assemblage-de-lunite-italienne","status":"publish","type":"post","link":"https:\/\/maristeurope.eu\/fr\/assemblage-de-lunite-italienne\/","title":{"rendered":"Assembl\u00e9e de l&rsquo;unit\u00e9 italienne"},"content":{"rendered":"\n<p>Les 25 et 26 f\u00e9vrier, \u00e0 Villa Lascaris, \u00e0 Pianezza (Turin), s'est tenue <strong>l'assembl\u00e9e <\/strong>des maristes italiens sur le th\u00e8me : <strong><em>\u00ab Comment am\u00e9liorer les relations fraternelles dans nos communaut\u00e9s ? \u00bb<\/em><\/strong> L'initiative, fortement souhait\u00e9e par les Sup\u00e9rieurs et le Provincial, a connu un d\u00e9but difficile, mais le grand nombre de participants (18 sur 26 confr\u00e8res) a tout de suite fait comprendre que la question \u00e9tait profond\u00e9ment ressentie et que les attentes \u00e9taient grandes. <\/p>\n\n<p>Cette assembl\u00e9e n'avait pas pour but de traiter des questions de minist\u00e8re, mais plut\u00f4t de red\u00e9couvrir le sens de notre \u00eatre ensemble. En effet, nous avons tent\u00e9, dans un climat d'ouverture, de d\u00e9passer les tensions et le pessimisme qui, ces derniers temps, nous ont priv\u00e9 de l'esp\u00e9rance et du plaisir de travailler ensemble \u00e0 l'\u0153uvre de Marie. Tous les participants ont eu l'occasion d'exprimer leurs doutes, leurs probl\u00e8mes et leurs espoirs. Cette assembl\u00e9e, qui s'est d\u00e9roul\u00e9e \u00e0 la fin de la visite du Provincial dans les diff\u00e9rentes communaut\u00e9s, a nourri un esprit de s\u00e9r\u00e9nit\u00e9 chez les participants.   <\/p>\n\n<p>L'assembl\u00e9e laisse aux personnes et aux communaut\u00e9s le soin de construire la communion fraternelle dans la vie ordinaire, dans un style de synodalit\u00e9 : une entreprise toujours difficile, mais \u00ab possible \u00bb selon la logique de Dieu et de Marie. L'assembl\u00e9e nous a redonn\u00e9 confiance dans le fait que \u00e7a vaut la peine de recommencer \u00e0 cheminer ensemble. <\/p>\n\n<p>La collaboration avec les la\u00efcs qui nous entourent a certainement aussi contribu\u00e9 \u00e0 ce r\u00e9sultat. Ils ont r\u00e9pondu dans un esprit constructif \u00e0 nos probl\u00e8mes et \u00e0 nos espoirs. Nous remercions tout particuli\u00e8rement Silvia (l'animatrice) et Carla (l'interpr\u00e8te) pour l'organisation habile de la session et la confiance avec laquelle elles nous ont guid\u00e9s. Gr\u00e2ce \u00e0 elles, nous avons ressenti plus que jamais la pr\u00e9sence f\u00e9minine de Marie dans l'\u00c9glise \u00e0 la Pentec\u00f4te et aux noces de Cana. Merci aussi \u00e0 Kevin, pour sa pr\u00e9sence discr\u00e8te mais importante. Ensemble, nous avons red\u00e9couvert que malgr\u00e9 nos limites, avec l'aide de Dieu, nous avons encore beaucoup \u00e0 offrir \u00e0 la Soci\u00e9t\u00e9 de Marie en Italie pour l'avenir.     <\/p>\n","protected":false},"excerpt":{"rendered":"<p>Les 25 et 26 f\u00e9vrier, \u00e0 Villa Lascaris, \u00e0 Pianezza (Turin), s&rsquo;est tenue l&rsquo;assembl\u00e9e des maristes italiens sur le th\u00e8me : \u00ab Comment am\u00e9liorer les relations fraternelles dans nos communaut\u00e9s ? \u00bb L&rsquo;initiative, fortement souhait\u00e9e par les Sup\u00e9rieurs et le Provincial, a connu un d\u00e9but difficile, mais le grand nombre de participants (18 sur 26 confr\u00e8res) a tout de suite fait comprendre que la question \u00e9tait profond\u00e9ment ressentie et que les attentes \u00e9taient grandes.<\/p>\n","protected":false},"author":3,"featured_media":4993,"comment_status":"open","ping_status":"open","sticky":false,"template":"","format":"standard","meta":{"footnotes":""},"categories":[189],"tags":[],"class_list":["post-5009","post","type-post","status-publish","format-standard","has-post-thumbnail","hentry","category-maristes"],"yoast_head":"<!-- This site is optimized with the Yoast SEO plugin v27.5 - https:\/\/yoast.com\/product\/yoast-seo-wordpress\/ -->\n<title>Assembl\u00e9e de l&#039;unit\u00e9 italienne - Marist Europe<\/title>\n<meta name=\"robots\" content=\"index, follow, max-snippet:-1, max-image-preview:large, max-video-preview:-1\" \/>\n<link rel=\"canonical\" href=\"https:\/\/maristeurope.eu\/fr\/assemblage-de-lunite-italienne\/\" \/>\n<meta property=\"og:locale\" content=\"fr_FR\" \/>\n<meta property=\"og:type\" content=\"article\" \/>\n<meta property=\"og:title\" content=\"Assembl\u00e9e de l&#039;unit\u00e9 italienne - Marist Europe\" \/>\n<meta property=\"og:description\" content=\"Les 25 et 26 f\u00e9vrier, \u00e0 Villa Lascaris, \u00e0 Pianezza (Turin), s&#039;est tenue l&#039;assembl\u00e9e des maristes italiens sur le th\u00e8me : \u00ab Comment am\u00e9liorer les relations fraternelles dans nos communaut\u00e9s ? \u00bb L&#039;initiative, fortement souhait\u00e9e par les Sup\u00e9rieurs et le Provincial, a connu un d\u00e9but difficile, mais le grand nombre de participants (18 sur 26 confr\u00e8res) a tout de suite fait comprendre que la question \u00e9tait profond\u00e9ment ressentie et que les attentes \u00e9taient grandes.\" \/>\n<meta property=\"og:url\" content=\"https:\/\/maristeurope.eu\/fr\/assemblage-de-lunite-italienne\/\" \/>\n<meta property=\"og:site_name\" content=\"Marist Europe\" \/>\n<meta property=\"article:published_time\" content=\"2025-03-14T10:21:52+00:00\" \/>\n<meta property=\"article:modified_time\" content=\"2025-04-03T13:12:07+00:00\" \/>\n<meta property=\"og:image\" content=\"https:\/\/maristeurope.eu\/wp-content\/uploads\/2025\/03\/IT-Foto-2-I-confratelli-italiani-presenti-allAssemblea-scaled.jpg\" \/>\n\t<meta property=\"og:image:width\" content=\"2560\" \/>\n\t<meta property=\"og:image:height\" content=\"1317\" \/>\n\t<meta property=\"og:image:type\" content=\"image\/jpeg\" \/>\n<meta name=\"author\" content=\"Anne Marie Salgo\" \/>\n<meta name=\"twitter:card\" content=\"summary_large_image\" \/>\n<meta name=\"twitter:label1\" content=\"\u00c9crit par\" \/>\n\t<meta name=\"twitter:data1\" content=\"Anne Marie Salgo\" \/>\n\t<meta name=\"twitter:label2\" content=\"Dur\u00e9e de lecture estim\u00e9e\" \/>\n\t<meta name=\"twitter:data2\" content=\"2 minutes\" \/>\n<script type=\"application\/ld+json\" class=\"yoast-schema-graph\">{\"@context\":\"https:\\\/\\\/schema.org\",\"@graph\":[{\"@type\":\"Article\",\"@id\":\"https:\\\/\\\/maristeurope.eu\\\/fr\\\/assemblage-de-lunite-italienne\\\/#article\",\"isPartOf\":{\"@id\":\"https:\\\/\\\/maristeurope.eu\\\/fr\\\/assemblage-de-lunite-italienne\\\/\"},\"author\":{\"name\":\"Anne Marie Salgo\",\"@id\":\"https:\\\/\\\/maristeurope.eu\\\/fr\\\/#\\\/schema\\\/person\\\/52ef67935880edd2768565651118bee9\"},\"headline\":\"Assembl\u00e9e de l&rsquo;unit\u00e9 italienne\",\"datePublished\":\"2025-03-14T10:21:52+00:00\",\"dateModified\":\"2025-04-03T13:12:07+00:00\",\"mainEntityOfPage\":{\"@id\":\"https:\\\/\\\/maristeurope.eu\\\/fr\\\/assemblage-de-lunite-italienne\\\/\"},\"wordCount\":385,\"commentCount\":0,\"publisher\":{\"@id\":\"https:\\\/\\\/maristeurope.eu\\\/fr\\\/#organization\"},\"image\":{\"@id\":\"https:\\\/\\\/maristeurope.eu\\\/fr\\\/assemblage-de-lunite-italienne\\\/#primaryimage\"},\"thumbnailUrl\":\"https:\\\/\\\/maristeurope.eu\\\/wp-content\\\/uploads\\\/2025\\\/03\\\/IT-Foto-2-I-confratelli-italiani-presenti-allAssemblea-scaled.jpg\",\"articleSection\":[\"Maristes\"],\"inLanguage\":\"fr-FR\",\"potentialAction\":[{\"@type\":\"CommentAction\",\"name\":\"Comment\",\"target\":[\"https:\\\/\\\/maristeurope.eu\\\/fr\\\/assemblage-de-lunite-italienne\\\/#respond\"]}]},{\"@type\":\"WebPage\",\"@id\":\"https:\\\/\\\/maristeurope.eu\\\/fr\\\/assemblage-de-lunite-italienne\\\/\",\"url\":\"https:\\\/\\\/maristeurope.eu\\\/fr\\\/assemblage-de-lunite-italienne\\\/\",\"name\":\"Assembl\u00e9e de l'unit\u00e9 italienne - Marist Europe\",\"isPartOf\":{\"@id\":\"https:\\\/\\\/maristeurope.eu\\\/fr\\\/#website\"},\"primaryImageOfPage\":{\"@id\":\"https:\\\/\\\/maristeurope.eu\\\/fr\\\/assemblage-de-lunite-italienne\\\/#primaryimage\"},\"image\":{\"@id\":\"https:\\\/\\\/maristeurope.eu\\\/fr\\\/assemblage-de-lunite-italienne\\\/#primaryimage\"},\"thumbnailUrl\":\"https:\\\/\\\/maristeurope.eu\\\/wp-content\\\/uploads\\\/2025\\\/03\\\/IT-Foto-2-I-confratelli-italiani-presenti-allAssemblea-scaled.jpg\",\"datePublished\":\"2025-03-14T10:21:52+00:00\",\"dateModified\":\"2025-04-03T13:12:07+00:00\",\"breadcrumb\":{\"@id\":\"https:\\\/\\\/maristeurope.eu\\\/fr\\\/assemblage-de-lunite-italienne\\\/#breadcrumb\"},\"inLanguage\":\"fr-FR\",\"potentialAction\":[{\"@type\":\"ReadAction\",\"target\":[\"https:\\\/\\\/maristeurope.eu\\\/fr\\\/assemblage-de-lunite-italienne\\\/\"]}]},{\"@type\":\"ImageObject\",\"inLanguage\":\"fr-FR\",\"@id\":\"https:\\\/\\\/maristeurope.eu\\\/fr\\\/assemblage-de-lunite-italienne\\\/#primaryimage\",\"url\":\"https:\\\/\\\/maristeurope.eu\\\/wp-content\\\/uploads\\\/2025\\\/03\\\/IT-Foto-2-I-confratelli-italiani-presenti-allAssemblea-scaled.jpg\",\"contentUrl\":\"https:\\\/\\\/maristeurope.eu\\\/wp-content\\\/uploads\\\/2025\\\/03\\\/IT-Foto-2-I-confratelli-italiani-presenti-allAssemblea-scaled.jpg\",\"width\":2560,\"height\":1317},{\"@type\":\"BreadcrumbList\",\"@id\":\"https:\\\/\\\/maristeurope.eu\\\/fr\\\/assemblage-de-lunite-italienne\\\/#breadcrumb\",\"itemListElement\":[{\"@type\":\"ListItem\",\"position\":1,\"name\":\"Home\",\"item\":\"https:\\\/\\\/maristeurope.eu\\\/fr\\\/maristes\\\/\"},{\"@type\":\"ListItem\",\"position\":2,\"name\":\"Assembl\u00e9e de l&#8217;unit\u00e9 italienne\"}]},{\"@type\":\"WebSite\",\"@id\":\"https:\\\/\\\/maristeurope.eu\\\/fr\\\/#website\",\"url\":\"https:\\\/\\\/maristeurope.eu\\\/fr\\\/\",\"name\":\"Marist Europe\",\"description\":\"\",\"publisher\":{\"@id\":\"https:\\\/\\\/maristeurope.eu\\\/fr\\\/#organization\"},\"potentialAction\":[{\"@type\":\"SearchAction\",\"target\":{\"@type\":\"EntryPoint\",\"urlTemplate\":\"https:\\\/\\\/maristeurope.eu\\\/fr\\\/?s={search_term_string}\"},\"query-input\":{\"@type\":\"PropertyValueSpecification\",\"valueRequired\":true,\"valueName\":\"search_term_string\"}}],\"inLanguage\":\"fr-FR\"},{\"@type\":\"Organization\",\"@id\":\"https:\\\/\\\/maristeurope.eu\\\/fr\\\/#organization\",\"name\":\"Marist Europe\",\"url\":\"https:\\\/\\\/maristeurope.eu\\\/fr\\\/\",\"logo\":{\"@type\":\"ImageObject\",\"inLanguage\":\"fr-FR\",\"@id\":\"https:\\\/\\\/maristeurope.eu\\\/fr\\\/#\\\/schema\\\/logo\\\/image\\\/\",\"url\":\"https:\\\/\\\/maristeurope.eu\\\/wp-content\\\/uploads\\\/2024\\\/10\\\/EU-SM-Finalogo-02.png\",\"contentUrl\":\"https:\\\/\\\/maristeurope.eu\\\/wp-content\\\/uploads\\\/2024\\\/10\\\/EU-SM-Finalogo-02.png\",\"width\":150,\"height\":156,\"caption\":\"Marist Europe\"},\"image\":{\"@id\":\"https:\\\/\\\/maristeurope.eu\\\/fr\\\/#\\\/schema\\\/logo\\\/image\\\/\"}},{\"@type\":\"Person\",\"@id\":\"https:\\\/\\\/maristeurope.eu\\\/fr\\\/#\\\/schema\\\/person\\\/52ef67935880edd2768565651118bee9\",\"name\":\"Anne Marie Salgo\",\"image\":{\"@type\":\"ImageObject\",\"inLanguage\":\"fr-FR\",\"@id\":\"https:\\\/\\\/secure.gravatar.com\\\/avatar\\\/63bc5f7f74a90bb8d99eaaf8206d8217d780934d9a9659350347a36f2698fe6b?s=96&d=mm&r=g\",\"url\":\"https:\\\/\\\/secure.gravatar.com\\\/avatar\\\/63bc5f7f74a90bb8d99eaaf8206d8217d780934d9a9659350347a36f2698fe6b?s=96&d=mm&r=g\",\"contentUrl\":\"https:\\\/\\\/secure.gravatar.com\\\/avatar\\\/63bc5f7f74a90bb8d99eaaf8206d8217d780934d9a9659350347a36f2698fe6b?s=96&d=mm&r=g\",\"caption\":\"Anne Marie Salgo\"},\"url\":\"https:\\\/\\\/maristeurope.eu\\\/fr\\\/author\\\/anne\\\/\"}]}<\/script>\n<!-- \/ Yoast SEO plugin. -->","yoast_head_json":{"title":"Assembl\u00e9e de l'unit\u00e9 italienne - Marist Europe","robots":{"index":"index","follow":"follow","max-snippet":"max-snippet:-1","max-image-preview":"max-image-preview:large","max-video-preview":"max-video-preview:-1"},"canonical":"https:\/\/maristeurope.eu\/fr\/assemblage-de-lunite-italienne\/","og_locale":"fr_FR","og_type":"article","og_title":"Assembl\u00e9e de l'unit\u00e9 italienne - Marist Europe","og_description":"Les 25 et 26 f\u00e9vrier, \u00e0 Villa Lascaris, \u00e0 Pianezza (Turin), s'est tenue l'assembl\u00e9e des maristes italiens sur le th\u00e8me : \u00ab Comment am\u00e9liorer les relations fraternelles dans nos communaut\u00e9s ? \u00bb L'initiative, fortement souhait\u00e9e par les Sup\u00e9rieurs et le Provincial, a connu un d\u00e9but difficile, mais le grand nombre de participants (18 sur 26 confr\u00e8res) a tout de suite fait comprendre que la question \u00e9tait profond\u00e9ment ressentie et que les attentes \u00e9taient grandes.","og_url":"https:\/\/maristeurope.eu\/fr\/assemblage-de-lunite-italienne\/","og_site_name":"Marist Europe","article_published_time":"2025-03-14T10:21:52+00:00","article_modified_time":"2025-04-03T13:12:07+00:00","og_image":[{"width":2560,"height":1317,"url":"https:\/\/maristeurope.eu\/wp-content\/uploads\/2025\/03\/IT-Foto-2-I-confratelli-italiani-presenti-allAssemblea-scaled.jpg","type":"image\/jpeg"}],"author":"Anne Marie Salgo","twitter_card":"summary_large_image","twitter_misc":{"\u00c9crit par":"Anne Marie Salgo","Dur\u00e9e de lecture estim\u00e9e":"2 minutes"},"schema":{"@context":"https:\/\/schema.org","@graph":[{"@type":"Article","@id":"https:\/\/maristeurope.eu\/fr\/assemblage-de-lunite-italienne\/#article","isPartOf":{"@id":"https:\/\/maristeurope.eu\/fr\/assemblage-de-lunite-italienne\/"},"author":{"name":"Anne Marie Salgo","@id":"https:\/\/maristeurope.eu\/fr\/#\/schema\/person\/52ef67935880edd2768565651118bee9"},"headline":"Assembl\u00e9e de l&rsquo;unit\u00e9 italienne","datePublished":"2025-03-14T10:21:52+00:00","dateModified":"2025-04-03T13:12:07+00:00","mainEntityOfPage":{"@id":"https:\/\/maristeurope.eu\/fr\/assemblage-de-lunite-italienne\/"},"wordCount":385,"commentCount":0,"publisher":{"@id":"https:\/\/maristeurope.eu\/fr\/#organization"},"image":{"@id":"https:\/\/maristeurope.eu\/fr\/assemblage-de-lunite-italienne\/#primaryimage"},"thumbnailUrl":"https:\/\/maristeurope.eu\/wp-content\/uploads\/2025\/03\/IT-Foto-2-I-confratelli-italiani-presenti-allAssemblea-scaled.jpg","articleSection":["Maristes"],"inLanguage":"fr-FR","potentialAction":[{"@type":"CommentAction","name":"Comment","target":["https:\/\/maristeurope.eu\/fr\/assemblage-de-lunite-italienne\/#respond"]}]},{"@type":"WebPage","@id":"https:\/\/maristeurope.eu\/fr\/assemblage-de-lunite-italienne\/","url":"https:\/\/maristeurope.eu\/fr\/assemblage-de-lunite-italienne\/","name":"Assembl\u00e9e de l'unit\u00e9 italienne - Marist Europe","isPartOf":{"@id":"https:\/\/maristeurope.eu\/fr\/#website"},"primaryImageOfPage":{"@id":"https:\/\/maristeurope.eu\/fr\/assemblage-de-lunite-italienne\/#primaryimage"},"image":{"@id":"https:\/\/maristeurope.eu\/fr\/assemblage-de-lunite-italienne\/#primaryimage"},"thumbnailUrl":"https:\/\/maristeurope.eu\/wp-content\/uploads\/2025\/03\/IT-Foto-2-I-confratelli-italiani-presenti-allAssemblea-scaled.jpg","datePublished":"2025-03-14T10:21:52+00:00","dateModified":"2025-04-03T13:12:07+00:00","breadcrumb":{"@id":"https:\/\/maristeurope.eu\/fr\/assemblage-de-lunite-italienne\/#breadcrumb"},"inLanguage":"fr-FR","potentialAction":[{"@type":"ReadAction","target":["https:\/\/maristeurope.eu\/fr\/assemblage-de-lunite-italienne\/"]}]},{"@type":"ImageObject","inLanguage":"fr-FR","@id":"https:\/\/maristeurope.eu\/fr\/assemblage-de-lunite-italienne\/#primaryimage","url":"https:\/\/maristeurope.eu\/wp-content\/uploads\/2025\/03\/IT-Foto-2-I-confratelli-italiani-presenti-allAssemblea-scaled.jpg","contentUrl":"https:\/\/maristeurope.eu\/wp-content\/uploads\/2025\/03\/IT-Foto-2-I-confratelli-italiani-presenti-allAssemblea-scaled.jpg","width":2560,"height":1317},{"@type":"BreadcrumbList","@id":"https:\/\/maristeurope.eu\/fr\/assemblage-de-lunite-italienne\/#breadcrumb","itemListElement":[{"@type":"ListItem","position":1,"name":"Home","item":"https:\/\/maristeurope.eu\/fr\/maristes\/"},{"@type":"ListItem","position":2,"name":"Assembl\u00e9e de l&#8217;unit\u00e9 italienne"}]},{"@type":"WebSite","@id":"https:\/\/maristeurope.eu\/fr\/#website","url":"https:\/\/maristeurope.eu\/fr\/","name":"Marist Europe","description":"","publisher":{"@id":"https:\/\/maristeurope.eu\/fr\/#organization"},"potentialAction":[{"@type":"SearchAction","target":{"@type":"EntryPoint","urlTemplate":"https:\/\/maristeurope.eu\/fr\/?s={search_term_string}"},"query-input":{"@type":"PropertyValueSpecification","valueRequired":true,"valueName":"search_term_string"}}],"inLanguage":"fr-FR"},{"@type":"Organization","@id":"https:\/\/maristeurope.eu\/fr\/#organization","name":"Marist Europe","url":"https:\/\/maristeurope.eu\/fr\/","logo":{"@type":"ImageObject","inLanguage":"fr-FR","@id":"https:\/\/maristeurope.eu\/fr\/#\/schema\/logo\/image\/","url":"https:\/\/maristeurope.eu\/wp-content\/uploads\/2024\/10\/EU-SM-Finalogo-02.png","contentUrl":"https:\/\/maristeurope.eu\/wp-content\/uploads\/2024\/10\/EU-SM-Finalogo-02.png","width":150,"height":156,"caption":"Marist Europe"},"image":{"@id":"https:\/\/maristeurope.eu\/fr\/#\/schema\/logo\/image\/"}},{"@type":"Person","@id":"https:\/\/maristeurope.eu\/fr\/#\/schema\/person\/52ef67935880edd2768565651118bee9","name":"Anne Marie Salgo","image":{"@type":"ImageObject","inLanguage":"fr-FR","@id":"https:\/\/secure.gravatar.com\/avatar\/63bc5f7f74a90bb8d99eaaf8206d8217d780934d9a9659350347a36f2698fe6b?s=96&d=mm&r=g","url":"https:\/\/secure.gravatar.com\/avatar\/63bc5f7f74a90bb8d99eaaf8206d8217d780934d9a9659350347a36f2698fe6b?s=96&d=mm&r=g","contentUrl":"https:\/\/secure.gravatar.com\/avatar\/63bc5f7f74a90bb8d99eaaf8206d8217d780934d9a9659350347a36f2698fe6b?s=96&d=mm&r=g","caption":"Anne Marie Salgo"},"url":"https:\/\/maristeurope.eu\/fr\/author\/anne\/"}]}},"_links":{"self":[{"href":"https:\/\/maristeurope.eu\/fr\/wp-json\/wp\/v2\/posts\/5009","targetHints":{"allow":["GET"]}}],"collection":[{"href":"https:\/\/maristeurope.eu\/fr\/wp-json\/wp\/v2\/posts"}],"about":[{"href":"https:\/\/maristeurope.eu\/fr\/wp-json\/wp\/v2\/types\/post"}],"author":[{"embeddable":true,"href":"https:\/\/maristeurope.eu\/fr\/wp-json\/wp\/v2\/users\/3"}],"replies":[{"embeddable":true,"href":"https:\/\/maristeurope.eu\/fr\/wp-json\/wp\/v2\/comments?post=5009"}],"version-history":[{"count":7,"href":"https:\/\/maristeurope.eu\/fr\/wp-json\/wp\/v2\/posts\/5009\/revisions"}],"predecessor-version":[{"id":6829,"href":"https:\/\/maristeurope.eu\/fr\/wp-json\/wp\/v2\/posts\/5009\/revisions\/6829"}],"wp:featuredmedia":[{"embeddable":true,"href":"https:\/\/maristeurope.eu\/fr\/wp-json\/wp\/v2\/media\/4993"}],"wp:attachment":[{"href":"https:\/\/maristeurope.eu\/fr\/wp-json\/wp\/v2\/media?parent=5009"}],"wp:term":[{"taxonomy":"category","embeddable":true,"href":"https:\/\/maristeurope.eu\/fr\/wp-json\/wp\/v2\/categories?post=5009"},{"taxonomy":"post_tag","embeddable":true,"href":"https:\/\/maristeurope.eu\/fr\/wp-json\/wp\/v2\/tags?post=5009"}],"curies":[{"name":"wp","href":"https:\/\/api.w.org\/{rel}","templated":true}]}}