{"id":12232,"date":"2026-09-05T09:38:42","date_gmt":"2026-09-05T07:38:42","guid":{"rendered":"https:\/\/maristeurope.eu\/le-marist-chanel-college-en-irlande-passe-a-la-mixite\/"},"modified":"2026-09-05T09:39:31","modified_gmt":"2026-09-05T07:39:31","slug":"le-marist-chanel-college-en-irlande-passe-a-la-mixite","status":"publish","type":"post","link":"https:\/\/maristeurope.eu\/fr\/le-marist-chanel-college-en-irlande-passe-a-la-mixite\/","title":{"rendered":"Le Marist Chanel College, en Irlande, passe \u00e0 la mixit\u00e9"},"content":{"rendered":"\n<p class=\"wp-block-paragraph\"><\/p>\n\n<p class=\"wp-block-paragraph\">Depuis plus de 70 ans, le Chanel College \u2013 un \u00e9tablissement catholique de tradition mariste \u2013 accueille des g\u00e9n\u00e9rations de jeunes issus de la r\u00e9gion de Coolock et de ses environs. Si sa vocation premi\u00e8re, qui consiste \u00e0 dispenser un enseignement d\u2019excellence et \u00e0 \u00eatre au service des familles locales, reste inchang\u00e9e, cette ann\u00e9e marque une \u00e9tape historique : <strong>pour la toute premi\u00e8re fois, le Chanel College accueille des filles aux c\u00f4t\u00e9s des gar\u00e7ons<\/strong>. <\/p>\n\n<p class=\"wp-block-paragraph\">Cette transition vers la mixit\u00e9 <strong>n'<\/strong>est <strong>pas une rupture avec la tradition, mais une \u00e9volution de celle-ci<\/strong>. <em> \u00ab Ce qui change, c'est qui a d\u00e9sormais la possibilit\u00e9 d'en faire partie, et je pense que cela m\u00e9rite d'\u00eatre c\u00e9l\u00e9br\u00e9<\/em> \u00bb <em>,<\/em> a d\u00e9clar\u00e9 le proviseur, M. Gill, lors de <a href=\"https:\/\/www.chanelcollege.ie\/post\/co-educational-launch\" target=\"_blank\" rel=\"noreferrer noopener\">son discours de bienvenue<\/a>.<\/p>\n\n<p class=\"wp-block-paragraph\">Pour accompagner cette croissance, <strong>l'\u00e9tablissement a r\u00e9cemment r\u00e9am\u00e9nag\u00e9 un b\u00e2timent qu'il a acquis, en <\/strong>le <strong>baptisant <\/strong> <strong>\u00ab Colin Building \u00bb<\/strong> en l'honneur de Jean-Claude Colin, fondateur des P\u00e8res Maristes. Tout comme les espaces physiques du campus prennent un nouvel essor, le Chanel College s'ouvre \u00e0 de nouvelles perspectives tout en restant profond\u00e9ment ancr\u00e9 dans son h\u00e9ritage mariste. Pour la promotion 2031, c'est le d\u00e9but d'un nouveau chapitre passionnant.  <\/p>\n\n<p class=\"wp-block-paragraph\">Nous invitons l'ensemble de notre communaut\u00e9 \u00e0 <strong>rester en contact alors que <\/strong>notre famille scolaire s'agrandit. Rendez-vous sur le <a href=\"https:\/\/www.chanelcollege.ie\/about-us\" target=\"_blank\" rel=\"noreferrer noopener\">site web du Chanel College<\/a> pour lire l'int\u00e9gralit\u00e9 du discours de M. Gill, d\u00e9couvrir le campus r\u00e9am\u00e9nag\u00e9 et suivre nos r\u00e9seaux sociaux pour rester inform\u00e9s tout au long de l'ann\u00e9e ! <\/p>\n\n<p class=\"wp-block-paragraph\"><\/p>\n\n<figure class=\"wp-block-gallery has-nested-images columns-default is-cropped wp-block-gallery-1 is-layout-flex wp-block-gallery-is-layout-flex\">\n<figure class=\"wp-block-image size-large\"><img loading=\"lazy\" decoding=\"async\" width=\"1024\" height=\"768\" data-id=\"12208\" src=\"https:\/\/maristeurope.eu\/wp-content\/uploads\/2026\/09\/1e198b_739132632b7547a88a79388f558ca06fmv2.jpg-1024x768.avif\" alt=\"\" class=\"wp-image-12208\" srcset=\"https:\/\/maristeurope.eu\/wp-content\/uploads\/2026\/09\/1e198b_739132632b7547a88a79388f558ca06fmv2.jpg-1024x768.avif 1024w, https:\/\/maristeurope.eu\/wp-content\/uploads\/2026\/09\/1e198b_739132632b7547a88a79388f558ca06fmv2.jpg-300x225.avif 300w, https:\/\/maristeurope.eu\/wp-content\/uploads\/2026\/09\/1e198b_739132632b7547a88a79388f558ca06fmv2.jpg-768x576.avif 768w, https:\/\/maristeurope.eu\/wp-content\/uploads\/2026\/09\/1e198b_739132632b7547a88a79388f558ca06fmv2.jpg-1536x1152.avif 1536w, https:\/\/maristeurope.eu\/wp-content\/uploads\/2026\/09\/1e198b_739132632b7547a88a79388f558ca06fmv2.jpg-2048x1536.avif 2048w, https:\/\/maristeurope.eu\/wp-content\/uploads\/2026\/09\/1e198b_739132632b7547a88a79388f558ca06fmv2.jpg-510x382.avif 510w, https:\/\/maristeurope.eu\/wp-content\/uploads\/2026\/09\/1e198b_739132632b7547a88a79388f558ca06fmv2.jpg-1080x810.avif 1080w, https:\/\/maristeurope.eu\/wp-content\/uploads\/2026\/09\/1e198b_739132632b7547a88a79388f558ca06fmv2.jpg-1280x960.avif 1280w, https:\/\/maristeurope.eu\/wp-content\/uploads\/2026\/09\/1e198b_739132632b7547a88a79388f558ca06fmv2.jpg-980x735.avif 980w, https:\/\/maristeurope.eu\/wp-content\/uploads\/2026\/09\/1e198b_739132632b7547a88a79388f558ca06fmv2.jpg-480x360.avif 480w\" sizes=\"(max-width: 1024px) 100vw, 1024px\" \/><\/figure>\n\n\n\n<figure class=\"wp-block-image size-large\"><img loading=\"lazy\" decoding=\"async\" width=\"1024\" height=\"768\" data-id=\"12207\" src=\"https:\/\/maristeurope.eu\/wp-content\/uploads\/2026\/09\/1e198b_b3776bc28c7f47f5ba28cf80e956cf91mv2.jpg-1024x768.avif\" alt=\"\" class=\"wp-image-12207\" srcset=\"https:\/\/maristeurope.eu\/wp-content\/uploads\/2026\/09\/1e198b_b3776bc28c7f47f5ba28cf80e956cf91mv2.jpg-1024x768.avif 1024w, https:\/\/maristeurope.eu\/wp-content\/uploads\/2026\/09\/1e198b_b3776bc28c7f47f5ba28cf80e956cf91mv2.jpg-300x225.avif 300w, https:\/\/maristeurope.eu\/wp-content\/uploads\/2026\/09\/1e198b_b3776bc28c7f47f5ba28cf80e956cf91mv2.jpg-768x576.avif 768w, https:\/\/maristeurope.eu\/wp-content\/uploads\/2026\/09\/1e198b_b3776bc28c7f47f5ba28cf80e956cf91mv2.jpg-1536x1152.avif 1536w, https:\/\/maristeurope.eu\/wp-content\/uploads\/2026\/09\/1e198b_b3776bc28c7f47f5ba28cf80e956cf91mv2.jpg-2048x1536.avif 2048w, https:\/\/maristeurope.eu\/wp-content\/uploads\/2026\/09\/1e198b_b3776bc28c7f47f5ba28cf80e956cf91mv2.jpg-510x382.avif 510w, https:\/\/maristeurope.eu\/wp-content\/uploads\/2026\/09\/1e198b_b3776bc28c7f47f5ba28cf80e956cf91mv2.jpg-1080x810.avif 1080w, https:\/\/maristeurope.eu\/wp-content\/uploads\/2026\/09\/1e198b_b3776bc28c7f47f5ba28cf80e956cf91mv2.jpg-1280x960.avif 1280w, https:\/\/maristeurope.eu\/wp-content\/uploads\/2026\/09\/1e198b_b3776bc28c7f47f5ba28cf80e956cf91mv2.jpg-980x735.avif 980w, https:\/\/maristeurope.eu\/wp-content\/uploads\/2026\/09\/1e198b_b3776bc28c7f47f5ba28cf80e956cf91mv2.jpg-480x360.avif 480w\" sizes=\"(max-width: 1024px) 100vw, 1024px\" \/><\/figure>\n\n\n\n<figure class=\"wp-block-image size-large\"><img loading=\"lazy\" decoding=\"async\" width=\"1024\" height=\"768\" data-id=\"12214\" src=\"https:\/\/maristeurope.eu\/wp-content\/uploads\/2026\/09\/1e198b_ca5e9cbea3404c7a9f3a515f40f6e922mv2.jpg-1-1024x768.avif\" alt=\"\" class=\"wp-image-12214\" srcset=\"https:\/\/maristeurope.eu\/wp-content\/uploads\/2026\/09\/1e198b_ca5e9cbea3404c7a9f3a515f40f6e922mv2.jpg-1-1024x768.avif 1024w, https:\/\/maristeurope.eu\/wp-content\/uploads\/2026\/09\/1e198b_ca5e9cbea3404c7a9f3a515f40f6e922mv2.jpg-1-300x225.avif 300w, https:\/\/maristeurope.eu\/wp-content\/uploads\/2026\/09\/1e198b_ca5e9cbea3404c7a9f3a515f40f6e922mv2.jpg-1-768x576.avif 768w, https:\/\/maristeurope.eu\/wp-content\/uploads\/2026\/09\/1e198b_ca5e9cbea3404c7a9f3a515f40f6e922mv2.jpg-1-1536x1152.avif 1536w, https:\/\/maristeurope.eu\/wp-content\/uploads\/2026\/09\/1e198b_ca5e9cbea3404c7a9f3a515f40f6e922mv2.jpg-1-510x382.avif 510w, https:\/\/maristeurope.eu\/wp-content\/uploads\/2026\/09\/1e198b_ca5e9cbea3404c7a9f3a515f40f6e922mv2.jpg-1-1080x810.avif 1080w, https:\/\/maristeurope.eu\/wp-content\/uploads\/2026\/09\/1e198b_ca5e9cbea3404c7a9f3a515f40f6e922mv2.jpg-1-1280x960.avif 1280w, https:\/\/maristeurope.eu\/wp-content\/uploads\/2026\/09\/1e198b_ca5e9cbea3404c7a9f3a515f40f6e922mv2.jpg-1-980x735.avif 980w, https:\/\/maristeurope.eu\/wp-content\/uploads\/2026\/09\/1e198b_ca5e9cbea3404c7a9f3a515f40f6e922mv2.jpg-1-480x360.avif 480w, https:\/\/maristeurope.eu\/wp-content\/uploads\/2026\/09\/1e198b_ca5e9cbea3404c7a9f3a515f40f6e922mv2.jpg-1.avif 1920w\" sizes=\"(max-width: 1024px) 100vw, 1024px\" \/><\/figure>\n<\/figure>\n\n<p class=\"wp-block-paragraph\"><\/p>\n","protected":false},"excerpt":{"rendered":"<p>Le Chanel College, \u00e9tablissement catholique ancr\u00e9 dans la tradition mariste depuis 1955, a officiellement franchi une \u00e9tape marquante de ses 71 ans d&rsquo;histoire en accueillant ses premi\u00e8res classes mixtes. Tout en rendant hommage \u00e0 ce riche h\u00e9ritage, l&rsquo;\u00e9volution de l&rsquo;\u00e9tablissement t\u00e9moigne d&rsquo;un engagement constant \u00e0 r\u00e9pondre aux besoins actuels de la communaut\u00e9 locale. <\/p>\n","protected":false},"author":6,"featured_media":12233,"comment_status":"closed","ping_status":"open","sticky":false,"template":"","format":"standard","meta":{"_acf_changed":false,"footnotes":""},"categories":[48],"tags":[],"class_list":["post-12232","post","type-post","status-publish","format-standard","has-post-thumbnail","hentry","category-non-categorise"],"acf":[],"yoast_head":"<!-- This site is optimized with the Yoast SEO plugin v28.4 - https:\/\/yoast.com\/product\/yoast-seo-wordpress\/ -->\n<title>Le Marist Chanel College, en Irlande, passe \u00e0 la mixit\u00e9 - Marist Europe<\/title>\n<meta name=\"robots\" content=\"index, follow, max-snippet:-1, max-image-preview:large, max-video-preview:-1\" \/>\n<link rel=\"canonical\" href=\"https:\/\/maristeurope.eu\/fr\/le-marist-chanel-college-en-irlande-passe-a-la-mixite\/\" \/>\n<meta property=\"og:locale\" content=\"fr_FR\" \/>\n<meta property=\"og:type\" content=\"article\" \/>\n<meta property=\"og:title\" content=\"Le Marist Chanel College, en Irlande, passe \u00e0 la mixit\u00e9 - Marist Europe\" \/>\n<meta property=\"og:description\" content=\"Le Chanel College, \u00e9tablissement catholique ancr\u00e9 dans la tradition mariste depuis 1955, a officiellement franchi une \u00e9tape marquante de ses 71 ans d&#039;histoire en accueillant ses premi\u00e8res classes mixtes. Tout en rendant hommage \u00e0 ce riche h\u00e9ritage, l&#039;\u00e9volution de l&#039;\u00e9tablissement t\u00e9moigne d&#039;un engagement constant \u00e0 r\u00e9pondre aux besoins actuels de la communaut\u00e9 locale.\" \/>\n<meta property=\"og:url\" content=\"https:\/\/maristeurope.eu\/fr\/le-marist-chanel-college-en-irlande-passe-a-la-mixite\/\" \/>\n<meta property=\"og:site_name\" content=\"Marist Europe\" \/>\n<meta property=\"article:published_time\" content=\"2026-09-05T07:38:42+00:00\" \/>\n<meta property=\"article:modified_time\" content=\"2026-09-05T07:39:31+00:00\" \/>\n<meta name=\"author\" content=\"Communication Team\" \/>\n<meta name=\"twitter:card\" content=\"summary_large_image\" \/>\n<meta name=\"twitter:label1\" content=\"\u00c9crit par\" \/>\n\t<meta name=\"twitter:data1\" content=\"Communication Team\" \/>\n\t<meta name=\"twitter:label2\" content=\"Dur\u00e9e de lecture estim\u00e9e\" \/>\n\t<meta name=\"twitter:data2\" content=\"1 minute\" \/>\n<script type=\"application\/ld+json\" class=\"yoast-schema-graph\">{\"@context\":\"https:\\\/\\\/schema.org\",\"@graph\":[{\"@type\":\"Article\",\"@id\":\"https:\\\/\\\/maristeurope.eu\\\/fr\\\/le-marist-chanel-college-en-irlande-passe-a-la-mixite\\\/#article\",\"isPartOf\":{\"@id\":\"https:\\\/\\\/maristeurope.eu\\\/fr\\\/le-marist-chanel-college-en-irlande-passe-a-la-mixite\\\/\"},\"author\":{\"name\":\"Communication Team\",\"@id\":\"https:\\\/\\\/maristeurope.eu\\\/fr\\\/#\\\/schema\\\/person\\\/c5c8441475e226a0e23be8da5d028ee5\"},\"headline\":\"Le Marist Chanel College, en Irlande, passe \u00e0 la mixit\u00e9\",\"datePublished\":\"2026-09-05T07:38:42+00:00\",\"dateModified\":\"2026-09-05T07:39:31+00:00\",\"mainEntityOfPage\":{\"@id\":\"https:\\\/\\\/maristeurope.eu\\\/fr\\\/le-marist-chanel-college-en-irlande-passe-a-la-mixite\\\/\"},\"wordCount\":283,\"publisher\":{\"@id\":\"https:\\\/\\\/maristeurope.eu\\\/fr\\\/#organization\"},\"image\":{\"@id\":\"https:\\\/\\\/maristeurope.eu\\\/fr\\\/le-marist-chanel-college-en-irlande-passe-a-la-mixite\\\/#primaryimage\"},\"thumbnailUrl\":\"https:\\\/\\\/maristeurope.eu\\\/wp-content\\\/uploads\\\/2026\\\/09\\\/1e198b_f016e472100049f98bb8d549f0b2e18cmv2.jpg.avif\",\"articleSection\":[\"Non cat\u00e9goris\u00e9\"],\"inLanguage\":\"fr-FR\"},{\"@type\":\"WebPage\",\"@id\":\"https:\\\/\\\/maristeurope.eu\\\/fr\\\/le-marist-chanel-college-en-irlande-passe-a-la-mixite\\\/\",\"url\":\"https:\\\/\\\/maristeurope.eu\\\/fr\\\/le-marist-chanel-college-en-irlande-passe-a-la-mixite\\\/\",\"name\":\"Le Marist Chanel College, en Irlande, passe \u00e0 la mixit\u00e9 - Marist Europe\",\"isPartOf\":{\"@id\":\"https:\\\/\\\/maristeurope.eu\\\/fr\\\/#website\"},\"primaryImageOfPage\":{\"@id\":\"https:\\\/\\\/maristeurope.eu\\\/fr\\\/le-marist-chanel-college-en-irlande-passe-a-la-mixite\\\/#primaryimage\"},\"image\":{\"@id\":\"https:\\\/\\\/maristeurope.eu\\\/fr\\\/le-marist-chanel-college-en-irlande-passe-a-la-mixite\\\/#primaryimage\"},\"thumbnailUrl\":\"https:\\\/\\\/maristeurope.eu\\\/wp-content\\\/uploads\\\/2026\\\/09\\\/1e198b_f016e472100049f98bb8d549f0b2e18cmv2.jpg.avif\",\"datePublished\":\"2026-09-05T07:38:42+00:00\",\"dateModified\":\"2026-09-05T07:39:31+00:00\",\"breadcrumb\":{\"@id\":\"https:\\\/\\\/maristeurope.eu\\\/fr\\\/le-marist-chanel-college-en-irlande-passe-a-la-mixite\\\/#breadcrumb\"},\"inLanguage\":\"fr-FR\",\"potentialAction\":[{\"@type\":\"ReadAction\",\"target\":[\"https:\\\/\\\/maristeurope.eu\\\/fr\\\/le-marist-chanel-college-en-irlande-passe-a-la-mixite\\\/\"]}]},{\"@type\":\"ImageObject\",\"inLanguage\":\"fr-FR\",\"@id\":\"https:\\\/\\\/maristeurope.eu\\\/fr\\\/le-marist-chanel-college-en-irlande-passe-a-la-mixite\\\/#primaryimage\",\"url\":\"https:\\\/\\\/maristeurope.eu\\\/wp-content\\\/uploads\\\/2026\\\/09\\\/1e198b_f016e472100049f98bb8d549f0b2e18cmv2.jpg.avif\",\"contentUrl\":\"https:\\\/\\\/maristeurope.eu\\\/wp-content\\\/uploads\\\/2026\\\/09\\\/1e198b_f016e472100049f98bb8d549f0b2e18cmv2.jpg.avif\",\"width\":2560,\"height\":1920},{\"@type\":\"BreadcrumbList\",\"@id\":\"https:\\\/\\\/maristeurope.eu\\\/fr\\\/le-marist-chanel-college-en-irlande-passe-a-la-mixite\\\/#breadcrumb\",\"itemListElement\":[{\"@type\":\"ListItem\",\"position\":1,\"name\":\"Home\",\"item\":\"https:\\\/\\\/maristeurope.eu\\\/fr\\\/\"},{\"@type\":\"ListItem\",\"position\":2,\"name\":\"Le Marist Chanel College, en Irlande, passe \u00e0 la mixit\u00e9\"}]},{\"@type\":\"WebSite\",\"@id\":\"https:\\\/\\\/maristeurope.eu\\\/fr\\\/#website\",\"url\":\"https:\\\/\\\/maristeurope.eu\\\/fr\\\/\",\"name\":\"Marist Europe\",\"description\":\"\",\"publisher\":{\"@id\":\"https:\\\/\\\/maristeurope.eu\\\/fr\\\/#organization\"},\"potentialAction\":[{\"@type\":\"SearchAction\",\"target\":{\"@type\":\"EntryPoint\",\"urlTemplate\":\"https:\\\/\\\/maristeurope.eu\\\/fr\\\/?s={search_term_string}\"},\"query-input\":{\"@type\":\"PropertyValueSpecification\",\"valueRequired\":true,\"valueName\":\"search_term_string\"}}],\"inLanguage\":\"fr-FR\"},{\"@type\":\"Organization\",\"@id\":\"https:\\\/\\\/maristeurope.eu\\\/fr\\\/#organization\",\"name\":\"Marist Europe\",\"url\":\"https:\\\/\\\/maristeurope.eu\\\/fr\\\/\",\"logo\":{\"@type\":\"ImageObject\",\"inLanguage\":\"fr-FR\",\"@id\":\"https:\\\/\\\/maristeurope.eu\\\/fr\\\/#\\\/schema\\\/logo\\\/image\\\/\",\"url\":\"https:\\\/\\\/maristeurope.eu\\\/wp-content\\\/uploads\\\/2024\\\/10\\\/EU-SM-Finalogo-02.png\",\"contentUrl\":\"https:\\\/\\\/maristeurope.eu\\\/wp-content\\\/uploads\\\/2024\\\/10\\\/EU-SM-Finalogo-02.png\",\"width\":150,\"height\":156,\"caption\":\"Marist Europe\"},\"image\":{\"@id\":\"https:\\\/\\\/maristeurope.eu\\\/fr\\\/#\\\/schema\\\/logo\\\/image\\\/\"}},{\"@type\":\"Person\",\"@id\":\"https:\\\/\\\/maristeurope.eu\\\/fr\\\/#\\\/schema\\\/person\\\/c5c8441475e226a0e23be8da5d028ee5\",\"name\":\"Communication Team\",\"image\":{\"@type\":\"ImageObject\",\"inLanguage\":\"fr-FR\",\"@id\":\"https:\\\/\\\/secure.gravatar.com\\\/avatar\\\/7f0a949f44aea4b132078a0f6f9c423ceae6f58e23aec058fb271880e125346e?s=96&d=mm&r=g\",\"url\":\"https:\\\/\\\/secure.gravatar.com\\\/avatar\\\/7f0a949f44aea4b132078a0f6f9c423ceae6f58e23aec058fb271880e125346e?s=96&d=mm&r=g\",\"contentUrl\":\"https:\\\/\\\/secure.gravatar.com\\\/avatar\\\/7f0a949f44aea4b132078a0f6f9c423ceae6f58e23aec058fb271880e125346e?s=96&d=mm&r=g\",\"caption\":\"Communication Team\"},\"url\":\"https:\\\/\\\/maristeurope.eu\\\/fr\\\/author\\\/communications\\\/\"}]}<\/script>\n<!-- \/ Yoast SEO plugin. -->","yoast_head_json":{"title":"Le Marist Chanel College, en Irlande, passe \u00e0 la mixit\u00e9 - Marist Europe","robots":{"index":"index","follow":"follow","max-snippet":"max-snippet:-1","max-image-preview":"max-image-preview:large","max-video-preview":"max-video-preview:-1"},"canonical":"https:\/\/maristeurope.eu\/fr\/le-marist-chanel-college-en-irlande-passe-a-la-mixite\/","og_locale":"fr_FR","og_type":"article","og_title":"Le Marist Chanel College, en Irlande, passe \u00e0 la mixit\u00e9 - Marist Europe","og_description":"Le Chanel College, \u00e9tablissement catholique ancr\u00e9 dans la tradition mariste depuis 1955, a officiellement franchi une \u00e9tape marquante de ses 71 ans d'histoire en accueillant ses premi\u00e8res classes mixtes. Tout en rendant hommage \u00e0 ce riche h\u00e9ritage, l'\u00e9volution de l'\u00e9tablissement t\u00e9moigne d'un engagement constant \u00e0 r\u00e9pondre aux besoins actuels de la communaut\u00e9 locale.","og_url":"https:\/\/maristeurope.eu\/fr\/le-marist-chanel-college-en-irlande-passe-a-la-mixite\/","og_site_name":"Marist Europe","article_published_time":"2026-09-05T07:38:42+00:00","article_modified_time":"2026-09-05T07:39:31+00:00","author":"Communication Team","twitter_card":"summary_large_image","twitter_misc":{"\u00c9crit par":"Communication Team","Dur\u00e9e de lecture estim\u00e9e":"1 minute"},"schema":{"@context":"https:\/\/schema.org","@graph":[{"@type":"Article","@id":"https:\/\/maristeurope.eu\/fr\/le-marist-chanel-college-en-irlande-passe-a-la-mixite\/#article","isPartOf":{"@id":"https:\/\/maristeurope.eu\/fr\/le-marist-chanel-college-en-irlande-passe-a-la-mixite\/"},"author":{"name":"Communication Team","@id":"https:\/\/maristeurope.eu\/fr\/#\/schema\/person\/c5c8441475e226a0e23be8da5d028ee5"},"headline":"Le Marist Chanel College, en Irlande, passe \u00e0 la mixit\u00e9","datePublished":"2026-09-05T07:38:42+00:00","dateModified":"2026-09-05T07:39:31+00:00","mainEntityOfPage":{"@id":"https:\/\/maristeurope.eu\/fr\/le-marist-chanel-college-en-irlande-passe-a-la-mixite\/"},"wordCount":283,"publisher":{"@id":"https:\/\/maristeurope.eu\/fr\/#organization"},"image":{"@id":"https:\/\/maristeurope.eu\/fr\/le-marist-chanel-college-en-irlande-passe-a-la-mixite\/#primaryimage"},"thumbnailUrl":"https:\/\/maristeurope.eu\/wp-content\/uploads\/2026\/09\/1e198b_f016e472100049f98bb8d549f0b2e18cmv2.jpg.avif","articleSection":["Non cat\u00e9goris\u00e9"],"inLanguage":"fr-FR"},{"@type":"WebPage","@id":"https:\/\/maristeurope.eu\/fr\/le-marist-chanel-college-en-irlande-passe-a-la-mixite\/","url":"https:\/\/maristeurope.eu\/fr\/le-marist-chanel-college-en-irlande-passe-a-la-mixite\/","name":"Le Marist Chanel College, en Irlande, passe \u00e0 la mixit\u00e9 - Marist Europe","isPartOf":{"@id":"https:\/\/maristeurope.eu\/fr\/#website"},"primaryImageOfPage":{"@id":"https:\/\/maristeurope.eu\/fr\/le-marist-chanel-college-en-irlande-passe-a-la-mixite\/#primaryimage"},"image":{"@id":"https:\/\/maristeurope.eu\/fr\/le-marist-chanel-college-en-irlande-passe-a-la-mixite\/#primaryimage"},"thumbnailUrl":"https:\/\/maristeurope.eu\/wp-content\/uploads\/2026\/09\/1e198b_f016e472100049f98bb8d549f0b2e18cmv2.jpg.avif","datePublished":"2026-09-05T07:38:42+00:00","dateModified":"2026-09-05T07:39:31+00:00","breadcrumb":{"@id":"https:\/\/maristeurope.eu\/fr\/le-marist-chanel-college-en-irlande-passe-a-la-mixite\/#breadcrumb"},"inLanguage":"fr-FR","potentialAction":[{"@type":"ReadAction","target":["https:\/\/maristeurope.eu\/fr\/le-marist-chanel-college-en-irlande-passe-a-la-mixite\/"]}]},{"@type":"ImageObject","inLanguage":"fr-FR","@id":"https:\/\/maristeurope.eu\/fr\/le-marist-chanel-college-en-irlande-passe-a-la-mixite\/#primaryimage","url":"https:\/\/maristeurope.eu\/wp-content\/uploads\/2026\/09\/1e198b_f016e472100049f98bb8d549f0b2e18cmv2.jpg.avif","contentUrl":"https:\/\/maristeurope.eu\/wp-content\/uploads\/2026\/09\/1e198b_f016e472100049f98bb8d549f0b2e18cmv2.jpg.avif","width":2560,"height":1920},{"@type":"BreadcrumbList","@id":"https:\/\/maristeurope.eu\/fr\/le-marist-chanel-college-en-irlande-passe-a-la-mixite\/#breadcrumb","itemListElement":[{"@type":"ListItem","position":1,"name":"Home","item":"https:\/\/maristeurope.eu\/fr\/"},{"@type":"ListItem","position":2,"name":"Le Marist Chanel College, en Irlande, passe \u00e0 la mixit\u00e9"}]},{"@type":"WebSite","@id":"https:\/\/maristeurope.eu\/fr\/#website","url":"https:\/\/maristeurope.eu\/fr\/","name":"Marist Europe","description":"","publisher":{"@id":"https:\/\/maristeurope.eu\/fr\/#organization"},"potentialAction":[{"@type":"SearchAction","target":{"@type":"EntryPoint","urlTemplate":"https:\/\/maristeurope.eu\/fr\/?s={search_term_string}"},"query-input":{"@type":"PropertyValueSpecification","valueRequired":true,"valueName":"search_term_string"}}],"inLanguage":"fr-FR"},{"@type":"Organization","@id":"https:\/\/maristeurope.eu\/fr\/#organization","name":"Marist Europe","url":"https:\/\/maristeurope.eu\/fr\/","logo":{"@type":"ImageObject","inLanguage":"fr-FR","@id":"https:\/\/maristeurope.eu\/fr\/#\/schema\/logo\/image\/","url":"https:\/\/maristeurope.eu\/wp-content\/uploads\/2024\/10\/EU-SM-Finalogo-02.png","contentUrl":"https:\/\/maristeurope.eu\/wp-content\/uploads\/2024\/10\/EU-SM-Finalogo-02.png","width":150,"height":156,"caption":"Marist Europe"},"image":{"@id":"https:\/\/maristeurope.eu\/fr\/#\/schema\/logo\/image\/"}},{"@type":"Person","@id":"https:\/\/maristeurope.eu\/fr\/#\/schema\/person\/c5c8441475e226a0e23be8da5d028ee5","name":"Communication Team","image":{"@type":"ImageObject","inLanguage":"fr-FR","@id":"https:\/\/secure.gravatar.com\/avatar\/7f0a949f44aea4b132078a0f6f9c423ceae6f58e23aec058fb271880e125346e?s=96&d=mm&r=g","url":"https:\/\/secure.gravatar.com\/avatar\/7f0a949f44aea4b132078a0f6f9c423ceae6f58e23aec058fb271880e125346e?s=96&d=mm&r=g","contentUrl":"https:\/\/secure.gravatar.com\/avatar\/7f0a949f44aea4b132078a0f6f9c423ceae6f58e23aec058fb271880e125346e?s=96&d=mm&r=g","caption":"Communication Team"},"url":"https:\/\/maristeurope.eu\/fr\/author\/communications\/"}]}},"_links":{"self":[{"href":"https:\/\/maristeurope.eu\/fr\/wp-json\/wp\/v2\/posts\/12232","targetHints":{"allow":["GET"]}}],"collection":[{"href":"https:\/\/maristeurope.eu\/fr\/wp-json\/wp\/v2\/posts"}],"about":[{"href":"https:\/\/maristeurope.eu\/fr\/wp-json\/wp\/v2\/types\/post"}],"author":[{"embeddable":true,"href":"https:\/\/maristeurope.eu\/fr\/wp-json\/wp\/v2\/users\/6"}],"replies":[{"embeddable":true,"href":"https:\/\/maristeurope.eu\/fr\/wp-json\/wp\/v2\/comments?post=12232"}],"version-history":[{"count":1,"href":"https:\/\/maristeurope.eu\/fr\/wp-json\/wp\/v2\/posts\/12232\/revisions"}],"predecessor-version":[{"id":12235,"href":"https:\/\/maristeurope.eu\/fr\/wp-json\/wp\/v2\/posts\/12232\/revisions\/12235"}],"wp:featuredmedia":[{"embeddable":true,"href":"https:\/\/maristeurope.eu\/fr\/wp-json\/wp\/v2\/media\/12233"}],"wp:attachment":[{"href":"https:\/\/maristeurope.eu\/fr\/wp-json\/wp\/v2\/media?parent=12232"}],"wp:term":[{"taxonomy":"category","embeddable":true,"href":"https:\/\/maristeurope.eu\/fr\/wp-json\/wp\/v2\/categories?post=12232"},{"taxonomy":"post_tag","embeddable":true,"href":"https:\/\/maristeurope.eu\/fr\/wp-json\/wp\/v2\/tags?post=12232"}],"curies":[{"name":"wp","href":"https:\/\/api.w.org\/{rel}","templated":true}]}}