{"id":10616,"date":"2026-04-29T12:17:43","date_gmt":"2026-04-29T10:17:43","guid":{"rendered":"https:\/\/maristeurope.eu\/journees-maristes-partage-sur-les-vocations-dans-les-ecoles-francaises\/"},"modified":"2026-04-29T15:57:43","modified_gmt":"2026-04-29T13:57:43","slug":"journees-maristes-partage-sur-les-vocations-dans-les-ecoles-francaises","status":"publish","type":"post","link":"https:\/\/maristeurope.eu\/fr\/journees-maristes-partage-sur-les-vocations-dans-les-ecoles-francaises\/","title":{"rendered":"Journ\u00e9es maristes : partage sur les vocations dans les \u00e9coles fran\u00e7aises"},"content":{"rendered":"\n<p>Ce printemps, plusieurs \u00e9coles maristes en France ont c\u00e9l\u00e9br\u00e9 \"<em><strong>Les journ\u00e9es maristes<\/strong><\/em>\" (Journ\u00e9es Maristes). Le voyage a commenc\u00e9 en mars \u00e0 <strong>Bury<\/strong> et au <strong>Rosaire<\/strong> (Paris Nord) et s&rsquo;est poursuivi apr\u00e8s P\u00e2ques dans nos trois \u00e9tablissements de Toulon : <strong>Cours F\u00e9nelon<\/strong>, <strong>Institution Sainte Marie<\/strong> et <strong>Externat Saint Joseph la Cordeille<\/strong>. Une \u00e9quipe enthousiaste de la Famille Mariste a partag\u00e9 des t\u00e9moignages avec des centaines d&rsquo;\u00e9l\u00e8ves, mettant en valeur leurs vocations et la mission mariste globale. La <strong>r\u00e9ponse a \u00e9t\u00e9 positive<\/strong>; les intervenants ont \u00e9t\u00e9 \u00e9mus par l&rsquo;engagement attentif des \u00e9l\u00e8ves, tandis que de nombreux enseignants et \u00e9l\u00e8ves ont ressenti un lien profond avec les r\u00e9cits de la vie mariste dans le monde d&rsquo;aujourd&rsquo;hui, tous suivant les traces du P\u00e8re Colin.   <\/p>\n\n<p><\/p>\n\n<p>La famille mariste \u00e9tait repr\u00e9sent\u00e9e par les P\u00e8res Jimmy McElroy, Rafael Ramila, Constant Amoussouga, Christian Abongbung et Mika Tuilau, deux S\u0153urs Missionnaires Maristes, Aqela et H\u00e9l\u00e8ne, et S\u0153ur Teri O&rsquo;Brien sm.<\/p>\n\n<p><\/p>\n\n<p><\/p>\n\n<div class=\"wp-block-columns is-layout-flex wp-container-core-columns-is-layout-9d6595d7 wp-block-columns-is-layout-flex\">\n<div class=\"wp-block-column is-layout-flow wp-block-column-is-layout-flow\" style=\"flex-basis:50%\">\n<figure class=\"wp-block-image size-large\"><img loading=\"lazy\" decoding=\"async\" width=\"1024\" height=\"473\" src=\"https:\/\/maristeurope.eu\/wp-content\/uploads\/2026\/04\/673121111_995512576374440_6960863460866623015_n-1024x473.jpg\" alt=\"\" class=\"wp-image-10590\" style=\"aspect-ratio:3\/2;object-fit:cover\" srcset=\"https:\/\/maristeurope.eu\/wp-content\/uploads\/2026\/04\/673121111_995512576374440_6960863460866623015_n-980x453.jpg 980w, https:\/\/maristeurope.eu\/wp-content\/uploads\/2026\/04\/673121111_995512576374440_6960863460866623015_n-480x222.jpg 480w\" sizes=\"(min-width: 0px) and (max-width: 480px) 480px, (min-width: 481px) and (max-width: 980px) 980px, (min-width: 981px) 1024px, 100vw\" \/><\/figure>\n<\/div>\n\n\n\n<div class=\"wp-block-column is-vertically-aligned-top is-layout-flow wp-block-column-is-layout-flow\" style=\"flex-basis:50%\">\n<figure class=\"wp-block-image size-large\"><img loading=\"lazy\" decoding=\"async\" width=\"1024\" height=\"576\" src=\"https:\/\/maristeurope.eu\/wp-content\/uploads\/2026\/04\/674594046_995512583041106_9171972856718352388_n-1024x576.jpg\" alt=\"\" class=\"wp-image-10597\" style=\"aspect-ratio:3\/2;object-fit:cover\" srcset=\"https:\/\/maristeurope.eu\/wp-content\/uploads\/2026\/04\/674594046_995512583041106_9171972856718352388_n-980x551.jpg 980w, https:\/\/maristeurope.eu\/wp-content\/uploads\/2026\/04\/674594046_995512583041106_9171972856718352388_n-480x270.jpg 480w\" sizes=\"(min-width: 0px) and (max-width: 480px) 480px, (min-width: 481px) and (max-width: 980px) 980px, (min-width: 981px) 1024px, 100vw\" \/><\/figure>\n<\/div>\n<\/div>\n","protected":false},"excerpt":{"rendered":"<p>Ce printemps, plusieurs \u00e9coles maristes en France ont c\u00e9l\u00e9br\u00e9 \"Les journ\u00e9es maristes\". Le voyage a commenc\u00e9 en mars \u00e0 Bury et au Rosaire (Paris Nord) et s&rsquo;est poursuivi apr\u00e8s P\u00e2ques dans nos trois \u00e9tablissements de Toulon : Cours F\u00e9nelon, Institution Sainte Marie et Externat Saint Joseph la Cordeille. <\/p>\n","protected":false},"author":7,"featured_media":10606,"comment_status":"open","ping_status":"open","sticky":false,"template":"","format":"standard","meta":{"_et_pb_use_builder":"off","_et_pb_old_content":"","_et_gb_content_width":"","footnotes":""},"categories":[48],"tags":[],"class_list":["post-10616","post","type-post","status-publish","format-standard","has-post-thumbnail","hentry","category-non-categorise"],"yoast_head":"<!-- This site is optimized with the Yoast SEO plugin v27.5 - https:\/\/yoast.com\/product\/yoast-seo-wordpress\/ -->\n<title>Journ\u00e9es maristes : partage sur les vocations dans les \u00e9coles fran\u00e7aises - Marist Europe<\/title>\n<meta name=\"robots\" content=\"index, follow, max-snippet:-1, max-image-preview:large, max-video-preview:-1\" \/>\n<link rel=\"canonical\" href=\"https:\/\/maristeurope.eu\/fr\/journees-maristes-partage-sur-les-vocations-dans-les-ecoles-francaises\/\" \/>\n<meta property=\"og:locale\" content=\"fr_FR\" \/>\n<meta property=\"og:type\" content=\"article\" \/>\n<meta property=\"og:title\" content=\"Journ\u00e9es maristes : partage sur les vocations dans les \u00e9coles fran\u00e7aises - Marist Europe\" \/>\n<meta property=\"og:description\" content=\"Ce printemps, plusieurs \u00e9coles maristes en France ont c\u00e9l\u00e9br\u00e9 &quot;Les journ\u00e9es maristes&quot;. Le voyage a commenc\u00e9 en mars \u00e0 Bury et au Rosaire (Paris Nord) et s&#039;est poursuivi apr\u00e8s P\u00e2ques dans nos trois \u00e9tablissements de Toulon : Cours F\u00e9nelon, Institution Sainte Marie et Externat Saint Joseph la Cordeille.\" \/>\n<meta property=\"og:url\" content=\"https:\/\/maristeurope.eu\/fr\/journees-maristes-partage-sur-les-vocations-dans-les-ecoles-francaises\/\" \/>\n<meta property=\"og:site_name\" content=\"Marist Europe\" \/>\n<meta property=\"article:published_time\" content=\"2026-04-29T10:17:43+00:00\" \/>\n<meta property=\"article:modified_time\" content=\"2026-04-29T13:57:43+00:00\" \/>\n<meta property=\"og:image\" content=\"https:\/\/maristeurope.eu\/wp-content\/uploads\/2026\/04\/PHOTO-2026-04-22-14-42-39.jpg\" \/>\n\t<meta property=\"og:image:width\" content=\"1294\" \/>\n\t<meta property=\"og:image:height\" content=\"825\" \/>\n\t<meta property=\"og:image:type\" content=\"image\/jpeg\" \/>\n<meta name=\"author\" content=\"Author\" \/>\n<meta name=\"twitter:card\" content=\"summary_large_image\" \/>\n<meta name=\"twitter:label1\" content=\"\u00c9crit par\" \/>\n\t<meta name=\"twitter:data1\" content=\"Author\" \/>\n\t<meta name=\"twitter:label2\" content=\"Dur\u00e9e de lecture estim\u00e9e\" \/>\n\t<meta name=\"twitter:data2\" content=\"1 minute\" \/>\n<script type=\"application\/ld+json\" class=\"yoast-schema-graph\">{\"@context\":\"https:\\\/\\\/schema.org\",\"@graph\":[{\"@type\":\"Article\",\"@id\":\"https:\\\/\\\/maristeurope.eu\\\/fr\\\/journees-maristes-partage-sur-les-vocations-dans-les-ecoles-francaises\\\/#article\",\"isPartOf\":{\"@id\":\"https:\\\/\\\/maristeurope.eu\\\/fr\\\/journees-maristes-partage-sur-les-vocations-dans-les-ecoles-francaises\\\/\"},\"author\":{\"name\":\"Author\",\"@id\":\"https:\\\/\\\/maristeurope.eu\\\/fr\\\/#\\\/schema\\\/person\\\/f8e95da2dc077ecf7c73937cbebbd209\"},\"headline\":\"Journ\u00e9es maristes : partage sur les vocations dans les \u00e9coles fran\u00e7aises\",\"datePublished\":\"2026-04-29T10:17:43+00:00\",\"dateModified\":\"2026-04-29T13:57:43+00:00\",\"mainEntityOfPage\":{\"@id\":\"https:\\\/\\\/maristeurope.eu\\\/fr\\\/journees-maristes-partage-sur-les-vocations-dans-les-ecoles-francaises\\\/\"},\"wordCount\":188,\"commentCount\":0,\"publisher\":{\"@id\":\"https:\\\/\\\/maristeurope.eu\\\/fr\\\/#organization\"},\"image\":{\"@id\":\"https:\\\/\\\/maristeurope.eu\\\/fr\\\/journees-maristes-partage-sur-les-vocations-dans-les-ecoles-francaises\\\/#primaryimage\"},\"thumbnailUrl\":\"https:\\\/\\\/maristeurope.eu\\\/wp-content\\\/uploads\\\/2026\\\/04\\\/PHOTO-2026-04-22-14-42-39.jpg\",\"articleSection\":[\"Non cat\u00e9goris\u00e9\"],\"inLanguage\":\"fr-FR\",\"potentialAction\":[{\"@type\":\"CommentAction\",\"name\":\"Comment\",\"target\":[\"https:\\\/\\\/maristeurope.eu\\\/fr\\\/journees-maristes-partage-sur-les-vocations-dans-les-ecoles-francaises\\\/#respond\"]}]},{\"@type\":\"WebPage\",\"@id\":\"https:\\\/\\\/maristeurope.eu\\\/fr\\\/journees-maristes-partage-sur-les-vocations-dans-les-ecoles-francaises\\\/\",\"url\":\"https:\\\/\\\/maristeurope.eu\\\/fr\\\/journees-maristes-partage-sur-les-vocations-dans-les-ecoles-francaises\\\/\",\"name\":\"Journ\u00e9es maristes : partage sur les vocations dans les \u00e9coles fran\u00e7aises - Marist Europe\",\"isPartOf\":{\"@id\":\"https:\\\/\\\/maristeurope.eu\\\/fr\\\/#website\"},\"primaryImageOfPage\":{\"@id\":\"https:\\\/\\\/maristeurope.eu\\\/fr\\\/journees-maristes-partage-sur-les-vocations-dans-les-ecoles-francaises\\\/#primaryimage\"},\"image\":{\"@id\":\"https:\\\/\\\/maristeurope.eu\\\/fr\\\/journees-maristes-partage-sur-les-vocations-dans-les-ecoles-francaises\\\/#primaryimage\"},\"thumbnailUrl\":\"https:\\\/\\\/maristeurope.eu\\\/wp-content\\\/uploads\\\/2026\\\/04\\\/PHOTO-2026-04-22-14-42-39.jpg\",\"datePublished\":\"2026-04-29T10:17:43+00:00\",\"dateModified\":\"2026-04-29T13:57:43+00:00\",\"breadcrumb\":{\"@id\":\"https:\\\/\\\/maristeurope.eu\\\/fr\\\/journees-maristes-partage-sur-les-vocations-dans-les-ecoles-francaises\\\/#breadcrumb\"},\"inLanguage\":\"fr-FR\",\"potentialAction\":[{\"@type\":\"ReadAction\",\"target\":[\"https:\\\/\\\/maristeurope.eu\\\/fr\\\/journees-maristes-partage-sur-les-vocations-dans-les-ecoles-francaises\\\/\"]}]},{\"@type\":\"ImageObject\",\"inLanguage\":\"fr-FR\",\"@id\":\"https:\\\/\\\/maristeurope.eu\\\/fr\\\/journees-maristes-partage-sur-les-vocations-dans-les-ecoles-francaises\\\/#primaryimage\",\"url\":\"https:\\\/\\\/maristeurope.eu\\\/wp-content\\\/uploads\\\/2026\\\/04\\\/PHOTO-2026-04-22-14-42-39.jpg\",\"contentUrl\":\"https:\\\/\\\/maristeurope.eu\\\/wp-content\\\/uploads\\\/2026\\\/04\\\/PHOTO-2026-04-22-14-42-39.jpg\",\"width\":1294,\"height\":825},{\"@type\":\"BreadcrumbList\",\"@id\":\"https:\\\/\\\/maristeurope.eu\\\/fr\\\/journees-maristes-partage-sur-les-vocations-dans-les-ecoles-francaises\\\/#breadcrumb\",\"itemListElement\":[{\"@type\":\"ListItem\",\"position\":1,\"name\":\"Home\",\"item\":\"https:\\\/\\\/maristeurope.eu\\\/fr\\\/maristes\\\/\"},{\"@type\":\"ListItem\",\"position\":2,\"name\":\"Journ\u00e9es maristes : partage sur les vocations dans les \u00e9coles fran\u00e7aises\"}]},{\"@type\":\"WebSite\",\"@id\":\"https:\\\/\\\/maristeurope.eu\\\/fr\\\/#website\",\"url\":\"https:\\\/\\\/maristeurope.eu\\\/fr\\\/\",\"name\":\"Marist Europe\",\"description\":\"\",\"publisher\":{\"@id\":\"https:\\\/\\\/maristeurope.eu\\\/fr\\\/#organization\"},\"potentialAction\":[{\"@type\":\"SearchAction\",\"target\":{\"@type\":\"EntryPoint\",\"urlTemplate\":\"https:\\\/\\\/maristeurope.eu\\\/fr\\\/?s={search_term_string}\"},\"query-input\":{\"@type\":\"PropertyValueSpecification\",\"valueRequired\":true,\"valueName\":\"search_term_string\"}}],\"inLanguage\":\"fr-FR\"},{\"@type\":\"Organization\",\"@id\":\"https:\\\/\\\/maristeurope.eu\\\/fr\\\/#organization\",\"name\":\"Marist Europe\",\"url\":\"https:\\\/\\\/maristeurope.eu\\\/fr\\\/\",\"logo\":{\"@type\":\"ImageObject\",\"inLanguage\":\"fr-FR\",\"@id\":\"https:\\\/\\\/maristeurope.eu\\\/fr\\\/#\\\/schema\\\/logo\\\/image\\\/\",\"url\":\"https:\\\/\\\/maristeurope.eu\\\/wp-content\\\/uploads\\\/2024\\\/10\\\/EU-SM-Finalogo-02.png\",\"contentUrl\":\"https:\\\/\\\/maristeurope.eu\\\/wp-content\\\/uploads\\\/2024\\\/10\\\/EU-SM-Finalogo-02.png\",\"width\":150,\"height\":156,\"caption\":\"Marist Europe\"},\"image\":{\"@id\":\"https:\\\/\\\/maristeurope.eu\\\/fr\\\/#\\\/schema\\\/logo\\\/image\\\/\"}},{\"@type\":\"Person\",\"@id\":\"https:\\\/\\\/maristeurope.eu\\\/fr\\\/#\\\/schema\\\/person\\\/f8e95da2dc077ecf7c73937cbebbd209\",\"name\":\"Author\",\"image\":{\"@type\":\"ImageObject\",\"inLanguage\":\"fr-FR\",\"@id\":\"https:\\\/\\\/secure.gravatar.com\\\/avatar\\\/6709da64a616dd172f3d90d48d6e09e07dca7fed6f6b3fcdd28c01a385bb51f1?s=96&d=mm&r=g\",\"url\":\"https:\\\/\\\/secure.gravatar.com\\\/avatar\\\/6709da64a616dd172f3d90d48d6e09e07dca7fed6f6b3fcdd28c01a385bb51f1?s=96&d=mm&r=g\",\"contentUrl\":\"https:\\\/\\\/secure.gravatar.com\\\/avatar\\\/6709da64a616dd172f3d90d48d6e09e07dca7fed6f6b3fcdd28c01a385bb51f1?s=96&d=mm&r=g\",\"caption\":\"Author\"},\"url\":\"https:\\\/\\\/maristeurope.eu\\\/fr\\\/author\\\/theo\\\/\"}]}<\/script>\n<!-- \/ Yoast SEO plugin. -->","yoast_head_json":{"title":"Journ\u00e9es maristes : partage sur les vocations dans les \u00e9coles fran\u00e7aises - Marist Europe","robots":{"index":"index","follow":"follow","max-snippet":"max-snippet:-1","max-image-preview":"max-image-preview:large","max-video-preview":"max-video-preview:-1"},"canonical":"https:\/\/maristeurope.eu\/fr\/journees-maristes-partage-sur-les-vocations-dans-les-ecoles-francaises\/","og_locale":"fr_FR","og_type":"article","og_title":"Journ\u00e9es maristes : partage sur les vocations dans les \u00e9coles fran\u00e7aises - Marist Europe","og_description":"Ce printemps, plusieurs \u00e9coles maristes en France ont c\u00e9l\u00e9br\u00e9 \"Les journ\u00e9es maristes\". Le voyage a commenc\u00e9 en mars \u00e0 Bury et au Rosaire (Paris Nord) et s'est poursuivi apr\u00e8s P\u00e2ques dans nos trois \u00e9tablissements de Toulon : Cours F\u00e9nelon, Institution Sainte Marie et Externat Saint Joseph la Cordeille.","og_url":"https:\/\/maristeurope.eu\/fr\/journees-maristes-partage-sur-les-vocations-dans-les-ecoles-francaises\/","og_site_name":"Marist Europe","article_published_time":"2026-04-29T10:17:43+00:00","article_modified_time":"2026-04-29T13:57:43+00:00","og_image":[{"width":1294,"height":825,"url":"https:\/\/maristeurope.eu\/wp-content\/uploads\/2026\/04\/PHOTO-2026-04-22-14-42-39.jpg","type":"image\/jpeg"}],"author":"Author","twitter_card":"summary_large_image","twitter_misc":{"\u00c9crit par":"Author","Dur\u00e9e de lecture estim\u00e9e":"1 minute"},"schema":{"@context":"https:\/\/schema.org","@graph":[{"@type":"Article","@id":"https:\/\/maristeurope.eu\/fr\/journees-maristes-partage-sur-les-vocations-dans-les-ecoles-francaises\/#article","isPartOf":{"@id":"https:\/\/maristeurope.eu\/fr\/journees-maristes-partage-sur-les-vocations-dans-les-ecoles-francaises\/"},"author":{"name":"Author","@id":"https:\/\/maristeurope.eu\/fr\/#\/schema\/person\/f8e95da2dc077ecf7c73937cbebbd209"},"headline":"Journ\u00e9es maristes : partage sur les vocations dans les \u00e9coles fran\u00e7aises","datePublished":"2026-04-29T10:17:43+00:00","dateModified":"2026-04-29T13:57:43+00:00","mainEntityOfPage":{"@id":"https:\/\/maristeurope.eu\/fr\/journees-maristes-partage-sur-les-vocations-dans-les-ecoles-francaises\/"},"wordCount":188,"commentCount":0,"publisher":{"@id":"https:\/\/maristeurope.eu\/fr\/#organization"},"image":{"@id":"https:\/\/maristeurope.eu\/fr\/journees-maristes-partage-sur-les-vocations-dans-les-ecoles-francaises\/#primaryimage"},"thumbnailUrl":"https:\/\/maristeurope.eu\/wp-content\/uploads\/2026\/04\/PHOTO-2026-04-22-14-42-39.jpg","articleSection":["Non cat\u00e9goris\u00e9"],"inLanguage":"fr-FR","potentialAction":[{"@type":"CommentAction","name":"Comment","target":["https:\/\/maristeurope.eu\/fr\/journees-maristes-partage-sur-les-vocations-dans-les-ecoles-francaises\/#respond"]}]},{"@type":"WebPage","@id":"https:\/\/maristeurope.eu\/fr\/journees-maristes-partage-sur-les-vocations-dans-les-ecoles-francaises\/","url":"https:\/\/maristeurope.eu\/fr\/journees-maristes-partage-sur-les-vocations-dans-les-ecoles-francaises\/","name":"Journ\u00e9es maristes : partage sur les vocations dans les \u00e9coles fran\u00e7aises - Marist Europe","isPartOf":{"@id":"https:\/\/maristeurope.eu\/fr\/#website"},"primaryImageOfPage":{"@id":"https:\/\/maristeurope.eu\/fr\/journees-maristes-partage-sur-les-vocations-dans-les-ecoles-francaises\/#primaryimage"},"image":{"@id":"https:\/\/maristeurope.eu\/fr\/journees-maristes-partage-sur-les-vocations-dans-les-ecoles-francaises\/#primaryimage"},"thumbnailUrl":"https:\/\/maristeurope.eu\/wp-content\/uploads\/2026\/04\/PHOTO-2026-04-22-14-42-39.jpg","datePublished":"2026-04-29T10:17:43+00:00","dateModified":"2026-04-29T13:57:43+00:00","breadcrumb":{"@id":"https:\/\/maristeurope.eu\/fr\/journees-maristes-partage-sur-les-vocations-dans-les-ecoles-francaises\/#breadcrumb"},"inLanguage":"fr-FR","potentialAction":[{"@type":"ReadAction","target":["https:\/\/maristeurope.eu\/fr\/journees-maristes-partage-sur-les-vocations-dans-les-ecoles-francaises\/"]}]},{"@type":"ImageObject","inLanguage":"fr-FR","@id":"https:\/\/maristeurope.eu\/fr\/journees-maristes-partage-sur-les-vocations-dans-les-ecoles-francaises\/#primaryimage","url":"https:\/\/maristeurope.eu\/wp-content\/uploads\/2026\/04\/PHOTO-2026-04-22-14-42-39.jpg","contentUrl":"https:\/\/maristeurope.eu\/wp-content\/uploads\/2026\/04\/PHOTO-2026-04-22-14-42-39.jpg","width":1294,"height":825},{"@type":"BreadcrumbList","@id":"https:\/\/maristeurope.eu\/fr\/journees-maristes-partage-sur-les-vocations-dans-les-ecoles-francaises\/#breadcrumb","itemListElement":[{"@type":"ListItem","position":1,"name":"Home","item":"https:\/\/maristeurope.eu\/fr\/maristes\/"},{"@type":"ListItem","position":2,"name":"Journ\u00e9es maristes : partage sur les vocations dans les \u00e9coles fran\u00e7aises"}]},{"@type":"WebSite","@id":"https:\/\/maristeurope.eu\/fr\/#website","url":"https:\/\/maristeurope.eu\/fr\/","name":"Marist Europe","description":"","publisher":{"@id":"https:\/\/maristeurope.eu\/fr\/#organization"},"potentialAction":[{"@type":"SearchAction","target":{"@type":"EntryPoint","urlTemplate":"https:\/\/maristeurope.eu\/fr\/?s={search_term_string}"},"query-input":{"@type":"PropertyValueSpecification","valueRequired":true,"valueName":"search_term_string"}}],"inLanguage":"fr-FR"},{"@type":"Organization","@id":"https:\/\/maristeurope.eu\/fr\/#organization","name":"Marist Europe","url":"https:\/\/maristeurope.eu\/fr\/","logo":{"@type":"ImageObject","inLanguage":"fr-FR","@id":"https:\/\/maristeurope.eu\/fr\/#\/schema\/logo\/image\/","url":"https:\/\/maristeurope.eu\/wp-content\/uploads\/2024\/10\/EU-SM-Finalogo-02.png","contentUrl":"https:\/\/maristeurope.eu\/wp-content\/uploads\/2024\/10\/EU-SM-Finalogo-02.png","width":150,"height":156,"caption":"Marist Europe"},"image":{"@id":"https:\/\/maristeurope.eu\/fr\/#\/schema\/logo\/image\/"}},{"@type":"Person","@id":"https:\/\/maristeurope.eu\/fr\/#\/schema\/person\/f8e95da2dc077ecf7c73937cbebbd209","name":"Author","image":{"@type":"ImageObject","inLanguage":"fr-FR","@id":"https:\/\/secure.gravatar.com\/avatar\/6709da64a616dd172f3d90d48d6e09e07dca7fed6f6b3fcdd28c01a385bb51f1?s=96&d=mm&r=g","url":"https:\/\/secure.gravatar.com\/avatar\/6709da64a616dd172f3d90d48d6e09e07dca7fed6f6b3fcdd28c01a385bb51f1?s=96&d=mm&r=g","contentUrl":"https:\/\/secure.gravatar.com\/avatar\/6709da64a616dd172f3d90d48d6e09e07dca7fed6f6b3fcdd28c01a385bb51f1?s=96&d=mm&r=g","caption":"Author"},"url":"https:\/\/maristeurope.eu\/fr\/author\/theo\/"}]}},"_links":{"self":[{"href":"https:\/\/maristeurope.eu\/fr\/wp-json\/wp\/v2\/posts\/10616","targetHints":{"allow":["GET"]}}],"collection":[{"href":"https:\/\/maristeurope.eu\/fr\/wp-json\/wp\/v2\/posts"}],"about":[{"href":"https:\/\/maristeurope.eu\/fr\/wp-json\/wp\/v2\/types\/post"}],"author":[{"embeddable":true,"href":"https:\/\/maristeurope.eu\/fr\/wp-json\/wp\/v2\/users\/7"}],"replies":[{"embeddable":true,"href":"https:\/\/maristeurope.eu\/fr\/wp-json\/wp\/v2\/comments?post=10616"}],"version-history":[{"count":2,"href":"https:\/\/maristeurope.eu\/fr\/wp-json\/wp\/v2\/posts\/10616\/revisions"}],"predecessor-version":[{"id":10629,"href":"https:\/\/maristeurope.eu\/fr\/wp-json\/wp\/v2\/posts\/10616\/revisions\/10629"}],"wp:featuredmedia":[{"embeddable":true,"href":"https:\/\/maristeurope.eu\/fr\/wp-json\/wp\/v2\/media\/10606"}],"wp:attachment":[{"href":"https:\/\/maristeurope.eu\/fr\/wp-json\/wp\/v2\/media?parent=10616"}],"wp:term":[{"taxonomy":"category","embeddable":true,"href":"https:\/\/maristeurope.eu\/fr\/wp-json\/wp\/v2\/categories?post=10616"},{"taxonomy":"post_tag","embeddable":true,"href":"https:\/\/maristeurope.eu\/fr\/wp-json\/wp\/v2\/tags?post=10616"}],"curies":[{"name":"wp","href":"https:\/\/api.w.org\/{rel}","templated":true}]}}