{"id":10408,"date":"2026-03-27T17:43:35","date_gmt":"2026-03-27T16:43:35","guid":{"rendered":"https:\/\/maristeurope.eu\/la-grace-de-celebrer-leucharistie\/"},"modified":"2026-04-04T17:52:38","modified_gmt":"2026-04-04T15:52:38","slug":"la-grace-de-celebrer-leucharistie","status":"publish","type":"post","link":"https:\/\/maristeurope.eu\/fr\/la-grace-de-celebrer-leucharistie\/","title":{"rendered":"La gr\u00e2ce de c\u00e9l\u00e9brer l&rsquo;Eucharistie"},"content":{"rendered":"\n<h2 class=\"wp-block-heading\"><strong><em>\"C\u00e9l\u00e9brez chaque messe comme si c'\u00e9tait votre premi\u00e8re messe, votre derni\u00e8re messe, votre seule messe.<\/em><\/strong><\/h2>\n\n<p class=\"has-medium-font-size\">Ces mots sont rest\u00e9s en moi (presque) chaque fois que je c\u00e9l\u00e8bre la messe. Elles m'ont aid\u00e9 \u00e0 prendre conscience de l'immense privil\u00e8ge et de la responsabilit\u00e9 qui accompagnent la c\u00e9l\u00e9bration de l'Eucharistie. Souvent, j'ai \u00e9t\u00e9 profond\u00e9ment \u00e9mu par la gr\u00e2ce du moment, par les personnes pr\u00e9sentes, par les enfants qui crient ou les b\u00e9b\u00e9s qui pleurent, car tout est pr\u00e9sence du Christ - ces hommes et ces femmes, cette \u00e9glise, ces champs, ces montagnes, la pluie qui tombe, chaque c\u0153ur, chaque larme, chaque joie et chaque peine - tous forment le Corps du Christ. 42 ans de c\u00e9l\u00e9bration de l'Eucharistie, des moments inoubliables, merveilleux, tragiques ! Des moments o\u00f9 j'\u00e9tais heureux d'\u00eatre pr\u00eatre et des moments o\u00f9 je voulais faire plus pour ces malades, pour ces enfants handicap\u00e9s, pour ces orphelins ou pour cette veuve ; des moments o\u00f9 je ne comprenais pas que Dieu me demandait CELA et rien d'autre. Des moments o\u00f9 j'ai eu l'impression d'\u00eatre le plus chanceux des hommes, b\u00e9ni mille fois par des amis, par la famille, et m\u00eame par des inconnus. Des moments merveilleux o\u00f9 j'ai essay\u00e9 de rapprocher le Christ des autres.      <\/p>\n\n<p class=\"has-medium-font-size\">Je veux partager avec vous ces messes, ces moments o\u00f9 le Christ s'est vraiment rendu pr\u00e9sent parmi nous. Je les partage avec un c\u0153ur reconnaissant et humble. Je sais que vous pourrez regarder au-del\u00e0 du pr\u00eatre pour voir J\u00e9sus, le Christ, le Seigneur, celui qui m'a aim\u00e9 et s'est livr\u00e9 pour moi.  <\/p>\n\n<p class=\"has-medium-font-size\"><em>Fran\u00e7ois Chauvet sm<\/em><\/p>\n\n<p class=\"has-medium-font-size\"><strong>T\u00e9l\u00e9charger le livre en <a href=\"https:\/\/maristeurope.eu\/wp-content\/uploads\/2026\/04\/40-MASSES.-AND-OTHER-MOMENTS.pdf\" type=\"link\" id=\"https:\/\/maristeurope.eu\/wp-content\/uploads\/2026\/04\/40-MASSES.-AND-OTHER-MOMENTS.pdf\">anglais<\/a>, <a href=\"https:\/\/maristeurope.eu\/wp-content\/uploads\/2026\/04\/40-MESSES-ET-AUTRES-MOMENTS.pdf\">fran\u00e7ais<\/a> ou <a href=\"https:\/\/maristeurope.eu\/wp-content\/uploads\/2026\/04\/40-MISAS.Y-OTRAS-MAS.pdf\">espagnol<\/a>:  <\/strong><\/p>\n\n<p><\/p>\n\n<div class=\"wp-block-columns is-layout-flex wp-container-core-columns-is-layout-9d6595d7 wp-block-columns-is-layout-flex\">\n<div class=\"wp-block-column is-layout-flow wp-block-column-is-layout-flow\">\n<div data-wp-interactive=\"core\/file\" class=\"wp-block-file\"><object data-wp-bind--hidden=\"!state.hasPdfPreview\" hidden class=\"wp-block-file__embed\" data=\"https:\/\/maristeurope.eu\/wp-content\/uploads\/2026\/04\/40-MASSES.-AND-OTHER-MOMENTS.pdf\" type=\"application\/pdf\" style=\"width:100%;height:600px\" aria-label=\"Contenu embarqu\u00e9 40 MASSES.. AND OTHER MOMENTS.\"><\/object><a id=\"wp-block-file--media-7ad13b61-7c69-440d-a4c2-c8079ffd90fb\" href=\"https:\/\/maristeurope.eu\/wp-content\/uploads\/2026\/04\/40-MASSES.-AND-OTHER-MOMENTS.pdf\">40 MASSES . ET AUTRES MOMENTS<\/a><a href=\"https:\/\/maristeurope.eu\/wp-content\/uploads\/2026\/04\/40-MASSES.-AND-OTHER-MOMENTS.pdf\" class=\"wp-block-file__button wp-element-button\" download=\"\" aria-describedby=\"wp-block-file--media-7ad13b61-7c69-440d-a4c2-c8079ffd90fb\">T\u00e9l\u00e9charger<\/a><\/div>\n<\/div>\n\n\n\n<div class=\"wp-block-column is-layout-flow wp-block-column-is-layout-flow\">\n<div data-wp-interactive=\"core\/file\" class=\"wp-block-file\"><object data-wp-bind--hidden=\"!state.hasPdfPreview\" hidden class=\"wp-block-file__embed\" data=\"https:\/\/maristeurope.eu\/wp-content\/uploads\/2026\/04\/40-MESSES-ET-AUTRES-MOMENTS.pdf\" type=\"application\/pdf\" style=\"width:100%;height:600px\" aria-label=\"Contenu embarqu\u00e9 40 MESSES ET AUTRES MOMENTS.\"><\/object><a id=\"wp-block-file--media-d7f84248-f2ec-468d-b48d-1acfc49b20b2\" href=\"https:\/\/maristeurope.eu\/wp-content\/uploads\/2026\/04\/40-MESSES-ET-AUTRES-MOMENTS.pdf\">40 MESSES ET AUTRES MOMENTS<\/a><a href=\"https:\/\/maristeurope.eu\/wp-content\/uploads\/2026\/04\/40-MESSES-ET-AUTRES-MOMENTS.pdf\" class=\"wp-block-file__button wp-element-button\" download=\"\" aria-describedby=\"wp-block-file--media-d7f84248-f2ec-468d-b48d-1acfc49b20b2\">T\u00e9l\u00e9charger<\/a><\/div>\n<\/div>\n\n\n\n<div class=\"wp-block-column is-layout-flow wp-block-column-is-layout-flow\">\n<div data-wp-interactive=\"core\/file\" class=\"wp-block-file\"><object data-wp-bind--hidden=\"!state.hasPdfPreview\" hidden class=\"wp-block-file__embed\" data=\"https:\/\/maristeurope.eu\/wp-content\/uploads\/2026\/04\/40-MISAS.Y-OTRAS-MAS.pdf\" type=\"application\/pdf\" style=\"width:100%;height:600px\" aria-label=\"Contenu embarqu\u00e9 40 MISAS....Y OTRAS M\u00c1S.\"><\/object><a id=\"wp-block-file--media-1a830fdd-fb77-473b-b9ae-1d65efa36467\" href=\"https:\/\/maristeurope.eu\/wp-content\/uploads\/2026\/04\/40-MISAS.Y-OTRAS-MAS.pdf\">40 MISSIONS....Y OTRAS M\u00c1S<\/a><a href=\"https:\/\/maristeurope.eu\/wp-content\/uploads\/2026\/04\/40-MISAS.Y-OTRAS-MAS.pdf\" class=\"wp-block-file__button wp-element-button\" download=\"\" aria-describedby=\"wp-block-file--media-1a830fdd-fb77-473b-b9ae-1d65efa36467\">T\u00e9l\u00e9charger<\/a><\/div>\n<\/div>\n<\/div>\n","protected":false},"excerpt":{"rendered":"<p>Fran\u00e7ois Chauvet nous invite \u00e0 regarder au-del\u00e0 du pr\u00eatre pour voir le Seigneur. Dans ce court article, il r\u00e9fl\u00e9chit \u00e0 son parcours de 42 ans et \u00e0 la gr\u00e2ce humble de c\u00e9l\u00e9brer l&rsquo;Eucharistie au milieu de la vie quotidienne - la pluie, les montagnes et les c\u0153urs des gens. <\/p>\n","protected":false},"author":3,"featured_media":10378,"comment_status":"closed","ping_status":"open","sticky":false,"template":"","format":"standard","meta":{"footnotes":""},"categories":[48],"tags":[],"class_list":["post-10408","post","type-post","status-publish","format-standard","has-post-thumbnail","hentry","category-non-categorise"],"yoast_head":"<!-- This site is optimized with the Yoast SEO plugin v27.5 - https:\/\/yoast.com\/product\/yoast-seo-wordpress\/ -->\n<title>La gr\u00e2ce de c\u00e9l\u00e9brer l&#039;Eucharistie - Marist Europe<\/title>\n<meta name=\"robots\" content=\"index, follow, max-snippet:-1, max-image-preview:large, max-video-preview:-1\" \/>\n<link rel=\"canonical\" href=\"https:\/\/maristeurope.eu\/fr\/la-grace-de-celebrer-leucharistie\/\" \/>\n<meta property=\"og:locale\" content=\"fr_FR\" \/>\n<meta property=\"og:type\" content=\"article\" \/>\n<meta property=\"og:title\" content=\"La gr\u00e2ce de c\u00e9l\u00e9brer l&#039;Eucharistie - Marist Europe\" \/>\n<meta property=\"og:description\" content=\"Fran\u00e7ois Chauvet nous invite \u00e0 regarder au-del\u00e0 du pr\u00eatre pour voir le Seigneur. Dans ce court article, il r\u00e9fl\u00e9chit \u00e0 son parcours de 42 ans et \u00e0 la gr\u00e2ce humble de c\u00e9l\u00e9brer l&#039;Eucharistie au milieu de la vie quotidienne - la pluie, les montagnes et les c\u0153urs des gens.\" \/>\n<meta property=\"og:url\" content=\"https:\/\/maristeurope.eu\/fr\/la-grace-de-celebrer-leucharistie\/\" \/>\n<meta property=\"og:site_name\" content=\"Marist Europe\" \/>\n<meta property=\"article:published_time\" content=\"2026-03-27T16:43:35+00:00\" \/>\n<meta property=\"article:modified_time\" content=\"2026-04-04T15:52:38+00:00\" \/>\n<meta property=\"og:image\" content=\"https:\/\/maristeurope.eu\/wp-content\/uploads\/2026\/04\/fran-e1775317376428.jpg\" \/>\n\t<meta property=\"og:image:width\" content=\"1374\" \/>\n\t<meta property=\"og:image:height\" content=\"1031\" \/>\n\t<meta property=\"og:image:type\" content=\"image\/jpeg\" \/>\n<meta name=\"author\" content=\"Anne Marie Salgo\" \/>\n<meta name=\"twitter:card\" content=\"summary_large_image\" \/>\n<meta name=\"twitter:label1\" content=\"\u00c9crit par\" \/>\n\t<meta name=\"twitter:data1\" content=\"Anne Marie Salgo\" \/>\n\t<meta name=\"twitter:label2\" content=\"Dur\u00e9e de lecture estim\u00e9e\" \/>\n\t<meta name=\"twitter:data2\" content=\"2 minutes\" \/>\n<script type=\"application\/ld+json\" class=\"yoast-schema-graph\">{\"@context\":\"https:\\\/\\\/schema.org\",\"@graph\":[{\"@type\":\"Article\",\"@id\":\"https:\\\/\\\/maristeurope.eu\\\/fr\\\/la-grace-de-celebrer-leucharistie\\\/#article\",\"isPartOf\":{\"@id\":\"https:\\\/\\\/maristeurope.eu\\\/fr\\\/la-grace-de-celebrer-leucharistie\\\/\"},\"author\":{\"name\":\"Anne Marie Salgo\",\"@id\":\"https:\\\/\\\/maristeurope.eu\\\/fr\\\/#\\\/schema\\\/person\\\/52ef67935880edd2768565651118bee9\"},\"headline\":\"La gr\u00e2ce de c\u00e9l\u00e9brer l&rsquo;Eucharistie\",\"datePublished\":\"2026-03-27T16:43:35+00:00\",\"dateModified\":\"2026-04-04T15:52:38+00:00\",\"mainEntityOfPage\":{\"@id\":\"https:\\\/\\\/maristeurope.eu\\\/fr\\\/la-grace-de-celebrer-leucharistie\\\/\"},\"wordCount\":342,\"publisher\":{\"@id\":\"https:\\\/\\\/maristeurope.eu\\\/fr\\\/#organization\"},\"image\":{\"@id\":\"https:\\\/\\\/maristeurope.eu\\\/fr\\\/la-grace-de-celebrer-leucharistie\\\/#primaryimage\"},\"thumbnailUrl\":\"https:\\\/\\\/maristeurope.eu\\\/wp-content\\\/uploads\\\/2026\\\/04\\\/fran-e1775317376428.jpg\",\"articleSection\":[\"Non cat\u00e9goris\u00e9\"],\"inLanguage\":\"fr-FR\"},{\"@type\":\"WebPage\",\"@id\":\"https:\\\/\\\/maristeurope.eu\\\/fr\\\/la-grace-de-celebrer-leucharistie\\\/\",\"url\":\"https:\\\/\\\/maristeurope.eu\\\/fr\\\/la-grace-de-celebrer-leucharistie\\\/\",\"name\":\"La gr\u00e2ce de c\u00e9l\u00e9brer l'Eucharistie - Marist Europe\",\"isPartOf\":{\"@id\":\"https:\\\/\\\/maristeurope.eu\\\/fr\\\/#website\"},\"primaryImageOfPage\":{\"@id\":\"https:\\\/\\\/maristeurope.eu\\\/fr\\\/la-grace-de-celebrer-leucharistie\\\/#primaryimage\"},\"image\":{\"@id\":\"https:\\\/\\\/maristeurope.eu\\\/fr\\\/la-grace-de-celebrer-leucharistie\\\/#primaryimage\"},\"thumbnailUrl\":\"https:\\\/\\\/maristeurope.eu\\\/wp-content\\\/uploads\\\/2026\\\/04\\\/fran-e1775317376428.jpg\",\"datePublished\":\"2026-03-27T16:43:35+00:00\",\"dateModified\":\"2026-04-04T15:52:38+00:00\",\"breadcrumb\":{\"@id\":\"https:\\\/\\\/maristeurope.eu\\\/fr\\\/la-grace-de-celebrer-leucharistie\\\/#breadcrumb\"},\"inLanguage\":\"fr-FR\",\"potentialAction\":[{\"@type\":\"ReadAction\",\"target\":[\"https:\\\/\\\/maristeurope.eu\\\/fr\\\/la-grace-de-celebrer-leucharistie\\\/\"]}]},{\"@type\":\"ImageObject\",\"inLanguage\":\"fr-FR\",\"@id\":\"https:\\\/\\\/maristeurope.eu\\\/fr\\\/la-grace-de-celebrer-leucharistie\\\/#primaryimage\",\"url\":\"https:\\\/\\\/maristeurope.eu\\\/wp-content\\\/uploads\\\/2026\\\/04\\\/fran-e1775317376428.jpg\",\"contentUrl\":\"https:\\\/\\\/maristeurope.eu\\\/wp-content\\\/uploads\\\/2026\\\/04\\\/fran-e1775317376428.jpg\",\"width\":1374,\"height\":1031},{\"@type\":\"BreadcrumbList\",\"@id\":\"https:\\\/\\\/maristeurope.eu\\\/fr\\\/la-grace-de-celebrer-leucharistie\\\/#breadcrumb\",\"itemListElement\":[{\"@type\":\"ListItem\",\"position\":1,\"name\":\"Home\",\"item\":\"https:\\\/\\\/maristeurope.eu\\\/fr\\\/maristes\\\/\"},{\"@type\":\"ListItem\",\"position\":2,\"name\":\"La gr\u00e2ce de c\u00e9l\u00e9brer l&rsquo;Eucharistie\"}]},{\"@type\":\"WebSite\",\"@id\":\"https:\\\/\\\/maristeurope.eu\\\/fr\\\/#website\",\"url\":\"https:\\\/\\\/maristeurope.eu\\\/fr\\\/\",\"name\":\"Marist Europe\",\"description\":\"\",\"publisher\":{\"@id\":\"https:\\\/\\\/maristeurope.eu\\\/fr\\\/#organization\"},\"potentialAction\":[{\"@type\":\"SearchAction\",\"target\":{\"@type\":\"EntryPoint\",\"urlTemplate\":\"https:\\\/\\\/maristeurope.eu\\\/fr\\\/?s={search_term_string}\"},\"query-input\":{\"@type\":\"PropertyValueSpecification\",\"valueRequired\":true,\"valueName\":\"search_term_string\"}}],\"inLanguage\":\"fr-FR\"},{\"@type\":\"Organization\",\"@id\":\"https:\\\/\\\/maristeurope.eu\\\/fr\\\/#organization\",\"name\":\"Marist Europe\",\"url\":\"https:\\\/\\\/maristeurope.eu\\\/fr\\\/\",\"logo\":{\"@type\":\"ImageObject\",\"inLanguage\":\"fr-FR\",\"@id\":\"https:\\\/\\\/maristeurope.eu\\\/fr\\\/#\\\/schema\\\/logo\\\/image\\\/\",\"url\":\"https:\\\/\\\/maristeurope.eu\\\/wp-content\\\/uploads\\\/2024\\\/10\\\/EU-SM-Finalogo-02.png\",\"contentUrl\":\"https:\\\/\\\/maristeurope.eu\\\/wp-content\\\/uploads\\\/2024\\\/10\\\/EU-SM-Finalogo-02.png\",\"width\":150,\"height\":156,\"caption\":\"Marist Europe\"},\"image\":{\"@id\":\"https:\\\/\\\/maristeurope.eu\\\/fr\\\/#\\\/schema\\\/logo\\\/image\\\/\"}},{\"@type\":\"Person\",\"@id\":\"https:\\\/\\\/maristeurope.eu\\\/fr\\\/#\\\/schema\\\/person\\\/52ef67935880edd2768565651118bee9\",\"name\":\"Anne Marie Salgo\",\"image\":{\"@type\":\"ImageObject\",\"inLanguage\":\"fr-FR\",\"@id\":\"https:\\\/\\\/secure.gravatar.com\\\/avatar\\\/63bc5f7f74a90bb8d99eaaf8206d8217d780934d9a9659350347a36f2698fe6b?s=96&d=mm&r=g\",\"url\":\"https:\\\/\\\/secure.gravatar.com\\\/avatar\\\/63bc5f7f74a90bb8d99eaaf8206d8217d780934d9a9659350347a36f2698fe6b?s=96&d=mm&r=g\",\"contentUrl\":\"https:\\\/\\\/secure.gravatar.com\\\/avatar\\\/63bc5f7f74a90bb8d99eaaf8206d8217d780934d9a9659350347a36f2698fe6b?s=96&d=mm&r=g\",\"caption\":\"Anne Marie Salgo\"},\"url\":\"https:\\\/\\\/maristeurope.eu\\\/fr\\\/author\\\/anne\\\/\"}]}<\/script>\n<!-- \/ Yoast SEO plugin. -->","yoast_head_json":{"title":"La gr\u00e2ce de c\u00e9l\u00e9brer l'Eucharistie - Marist Europe","robots":{"index":"index","follow":"follow","max-snippet":"max-snippet:-1","max-image-preview":"max-image-preview:large","max-video-preview":"max-video-preview:-1"},"canonical":"https:\/\/maristeurope.eu\/fr\/la-grace-de-celebrer-leucharistie\/","og_locale":"fr_FR","og_type":"article","og_title":"La gr\u00e2ce de c\u00e9l\u00e9brer l'Eucharistie - Marist Europe","og_description":"Fran\u00e7ois Chauvet nous invite \u00e0 regarder au-del\u00e0 du pr\u00eatre pour voir le Seigneur. Dans ce court article, il r\u00e9fl\u00e9chit \u00e0 son parcours de 42 ans et \u00e0 la gr\u00e2ce humble de c\u00e9l\u00e9brer l'Eucharistie au milieu de la vie quotidienne - la pluie, les montagnes et les c\u0153urs des gens.","og_url":"https:\/\/maristeurope.eu\/fr\/la-grace-de-celebrer-leucharistie\/","og_site_name":"Marist Europe","article_published_time":"2026-03-27T16:43:35+00:00","article_modified_time":"2026-04-04T15:52:38+00:00","og_image":[{"width":1374,"height":1031,"url":"https:\/\/maristeurope.eu\/wp-content\/uploads\/2026\/04\/fran-e1775317376428.jpg","type":"image\/jpeg"}],"author":"Anne Marie Salgo","twitter_card":"summary_large_image","twitter_misc":{"\u00c9crit par":"Anne Marie Salgo","Dur\u00e9e de lecture estim\u00e9e":"2 minutes"},"schema":{"@context":"https:\/\/schema.org","@graph":[{"@type":"Article","@id":"https:\/\/maristeurope.eu\/fr\/la-grace-de-celebrer-leucharistie\/#article","isPartOf":{"@id":"https:\/\/maristeurope.eu\/fr\/la-grace-de-celebrer-leucharistie\/"},"author":{"name":"Anne Marie Salgo","@id":"https:\/\/maristeurope.eu\/fr\/#\/schema\/person\/52ef67935880edd2768565651118bee9"},"headline":"La gr\u00e2ce de c\u00e9l\u00e9brer l&rsquo;Eucharistie","datePublished":"2026-03-27T16:43:35+00:00","dateModified":"2026-04-04T15:52:38+00:00","mainEntityOfPage":{"@id":"https:\/\/maristeurope.eu\/fr\/la-grace-de-celebrer-leucharistie\/"},"wordCount":342,"publisher":{"@id":"https:\/\/maristeurope.eu\/fr\/#organization"},"image":{"@id":"https:\/\/maristeurope.eu\/fr\/la-grace-de-celebrer-leucharistie\/#primaryimage"},"thumbnailUrl":"https:\/\/maristeurope.eu\/wp-content\/uploads\/2026\/04\/fran-e1775317376428.jpg","articleSection":["Non cat\u00e9goris\u00e9"],"inLanguage":"fr-FR"},{"@type":"WebPage","@id":"https:\/\/maristeurope.eu\/fr\/la-grace-de-celebrer-leucharistie\/","url":"https:\/\/maristeurope.eu\/fr\/la-grace-de-celebrer-leucharistie\/","name":"La gr\u00e2ce de c\u00e9l\u00e9brer l'Eucharistie - Marist Europe","isPartOf":{"@id":"https:\/\/maristeurope.eu\/fr\/#website"},"primaryImageOfPage":{"@id":"https:\/\/maristeurope.eu\/fr\/la-grace-de-celebrer-leucharistie\/#primaryimage"},"image":{"@id":"https:\/\/maristeurope.eu\/fr\/la-grace-de-celebrer-leucharistie\/#primaryimage"},"thumbnailUrl":"https:\/\/maristeurope.eu\/wp-content\/uploads\/2026\/04\/fran-e1775317376428.jpg","datePublished":"2026-03-27T16:43:35+00:00","dateModified":"2026-04-04T15:52:38+00:00","breadcrumb":{"@id":"https:\/\/maristeurope.eu\/fr\/la-grace-de-celebrer-leucharistie\/#breadcrumb"},"inLanguage":"fr-FR","potentialAction":[{"@type":"ReadAction","target":["https:\/\/maristeurope.eu\/fr\/la-grace-de-celebrer-leucharistie\/"]}]},{"@type":"ImageObject","inLanguage":"fr-FR","@id":"https:\/\/maristeurope.eu\/fr\/la-grace-de-celebrer-leucharistie\/#primaryimage","url":"https:\/\/maristeurope.eu\/wp-content\/uploads\/2026\/04\/fran-e1775317376428.jpg","contentUrl":"https:\/\/maristeurope.eu\/wp-content\/uploads\/2026\/04\/fran-e1775317376428.jpg","width":1374,"height":1031},{"@type":"BreadcrumbList","@id":"https:\/\/maristeurope.eu\/fr\/la-grace-de-celebrer-leucharistie\/#breadcrumb","itemListElement":[{"@type":"ListItem","position":1,"name":"Home","item":"https:\/\/maristeurope.eu\/fr\/maristes\/"},{"@type":"ListItem","position":2,"name":"La gr\u00e2ce de c\u00e9l\u00e9brer l&rsquo;Eucharistie"}]},{"@type":"WebSite","@id":"https:\/\/maristeurope.eu\/fr\/#website","url":"https:\/\/maristeurope.eu\/fr\/","name":"Marist Europe","description":"","publisher":{"@id":"https:\/\/maristeurope.eu\/fr\/#organization"},"potentialAction":[{"@type":"SearchAction","target":{"@type":"EntryPoint","urlTemplate":"https:\/\/maristeurope.eu\/fr\/?s={search_term_string}"},"query-input":{"@type":"PropertyValueSpecification","valueRequired":true,"valueName":"search_term_string"}}],"inLanguage":"fr-FR"},{"@type":"Organization","@id":"https:\/\/maristeurope.eu\/fr\/#organization","name":"Marist Europe","url":"https:\/\/maristeurope.eu\/fr\/","logo":{"@type":"ImageObject","inLanguage":"fr-FR","@id":"https:\/\/maristeurope.eu\/fr\/#\/schema\/logo\/image\/","url":"https:\/\/maristeurope.eu\/wp-content\/uploads\/2024\/10\/EU-SM-Finalogo-02.png","contentUrl":"https:\/\/maristeurope.eu\/wp-content\/uploads\/2024\/10\/EU-SM-Finalogo-02.png","width":150,"height":156,"caption":"Marist Europe"},"image":{"@id":"https:\/\/maristeurope.eu\/fr\/#\/schema\/logo\/image\/"}},{"@type":"Person","@id":"https:\/\/maristeurope.eu\/fr\/#\/schema\/person\/52ef67935880edd2768565651118bee9","name":"Anne Marie Salgo","image":{"@type":"ImageObject","inLanguage":"fr-FR","@id":"https:\/\/secure.gravatar.com\/avatar\/63bc5f7f74a90bb8d99eaaf8206d8217d780934d9a9659350347a36f2698fe6b?s=96&d=mm&r=g","url":"https:\/\/secure.gravatar.com\/avatar\/63bc5f7f74a90bb8d99eaaf8206d8217d780934d9a9659350347a36f2698fe6b?s=96&d=mm&r=g","contentUrl":"https:\/\/secure.gravatar.com\/avatar\/63bc5f7f74a90bb8d99eaaf8206d8217d780934d9a9659350347a36f2698fe6b?s=96&d=mm&r=g","caption":"Anne Marie Salgo"},"url":"https:\/\/maristeurope.eu\/fr\/author\/anne\/"}]}},"_links":{"self":[{"href":"https:\/\/maristeurope.eu\/fr\/wp-json\/wp\/v2\/posts\/10408","targetHints":{"allow":["GET"]}}],"collection":[{"href":"https:\/\/maristeurope.eu\/fr\/wp-json\/wp\/v2\/posts"}],"about":[{"href":"https:\/\/maristeurope.eu\/fr\/wp-json\/wp\/v2\/types\/post"}],"author":[{"embeddable":true,"href":"https:\/\/maristeurope.eu\/fr\/wp-json\/wp\/v2\/users\/3"}],"replies":[{"embeddable":true,"href":"https:\/\/maristeurope.eu\/fr\/wp-json\/wp\/v2\/comments?post=10408"}],"version-history":[{"count":3,"href":"https:\/\/maristeurope.eu\/fr\/wp-json\/wp\/v2\/posts\/10408\/revisions"}],"predecessor-version":[{"id":10417,"href":"https:\/\/maristeurope.eu\/fr\/wp-json\/wp\/v2\/posts\/10408\/revisions\/10417"}],"wp:featuredmedia":[{"embeddable":true,"href":"https:\/\/maristeurope.eu\/fr\/wp-json\/wp\/v2\/media\/10378"}],"wp:attachment":[{"href":"https:\/\/maristeurope.eu\/fr\/wp-json\/wp\/v2\/media?parent=10408"}],"wp:term":[{"taxonomy":"category","embeddable":true,"href":"https:\/\/maristeurope.eu\/fr\/wp-json\/wp\/v2\/categories?post=10408"},{"taxonomy":"post_tag","embeddable":true,"href":"https:\/\/maristeurope.eu\/fr\/wp-json\/wp\/v2\/tags?post=10408"}],"curies":[{"name":"wp","href":"https:\/\/api.w.org\/{rel}","templated":true}]}}