{"id":9960,"date":"2026-03-05T00:44:09","date_gmt":"2026-03-04T23:44:09","guid":{"rendered":"https:\/\/maristeurope.eu\/predicar-para-las-misiones\/"},"modified":"2026-03-05T00:45:43","modified_gmt":"2026-03-04T23:45:43","slug":"predicar-para-las-misiones","status":"publish","type":"post","link":"https:\/\/maristeurope.eu\/es\/predicar-para-las-misiones\/","title":{"rendered":"Predicar para las misiones"},"content":{"rendered":"\n<p class=\"has-medium-font-size\"><em>Damien Diouf, de la comunidad de Hull (Inglaterra), nos habla de su ministerio<\/em>:  <\/p>\n\n<p class=\"has-medium-font-size\">Desde 2023 predico para las misiones de Inglaterra. La Uni\u00f3n Misionera Cat\u00f3lica asigna anualmente congregaciones a di\u00f3cesis y decanatos, lo que me permite visitar varias parroquias y hablar del carisma marista y de nuestros apostolados misioneros. Al final de la misa, me quedo en la puerta con una cesta y sobres recogiendo fondos que, en \u00faltima instancia, se distribuyen a trav\u00e9s de la Administraci\u00f3n general en Roma.  <\/p>\n\n<p class=\"has-medium-font-size\">Mi experiencia en \u00c1frica y nuestros documentos hist\u00f3ricos, como las cartas editadas de los misioneros, son de gran ayuda. <strong><em>A pesar de su peque\u00f1o tama\u00f1o y su avanzada edad, las comunidades parroquiales muestran un verdadero inter\u00e9s por las misiones<\/em><\/strong>y esto nos brinda la oportunidad de reunirnos y compartir con las comunidades parroquiales y sus p\u00e1rrocos, que a menudo est\u00e1n solos, no muy lejos de la jubilaci\u00f3n y con problemas de salud.<\/p>\n\n<p class=\"has-medium-font-size\">El pasado mes de abril, el P. Kevin, nuestro Provincial, me pidi\u00f3 que me implicara en el \u00e1mbito de las vocaciones en Inglaterra. En agosto, particip\u00e9 en un festival de j\u00f3venes en Ampleforth, en el norte de Inglaterra, y conoc\u00ed al coordinador de la Oficina Nacional de Vocaciones de la Conferencia Episcopal de Inglaterra y Gales. Esto me permiti\u00f3 participar, en noviembre de 2025, en un encuentro nacional de <strong><em>promotores vocacionales <\/em><\/strong>que organiz\u00f3, con una interesante ponencia a cargo de un claretiano espa\u00f1ol. En esta reuni\u00f3n, me un\u00ed a la red del norte, que reflexiona regularmente sobre la pastoral vocacional de los religiosos que acompa\u00f1an a los j\u00f3venes en las capellan\u00edas universitarias. M\u00e1s tarde me incorpor\u00e9 al equipo marista de Londres y estamos preparando un apasionante fin de semana vocacional para j\u00f3venes que se celebrar\u00e1 a principios de septiembre de 2026 en Notre Dame de France.       <\/p>\n\n<p class=\"has-medium-font-size\"><em>Damien Diouf sm<\/em><\/p>\n","protected":false},"excerpt":{"rendered":"<p>Damien Diouf nos habla de su ministerio visitando parroquias y hablando del carisma marista y de nuestros apostolados misioneros&#8230;<\/p>\n","protected":false},"author":3,"featured_media":9957,"comment_status":"closed","ping_status":"open","sticky":false,"template":"","format":"standard","meta":{"footnotes":""},"categories":[50],"tags":[],"class_list":["post-9960","post","type-post","status-publish","format-standard","has-post-thumbnail","hentry","category-sin-categoria"],"yoast_head":"<!-- This site is optimized with the Yoast SEO plugin v27.5 - https:\/\/yoast.com\/product\/yoast-seo-wordpress\/ -->\n<title>Predicar para las misiones - Marist Europe<\/title>\n<meta name=\"robots\" content=\"index, follow, max-snippet:-1, max-image-preview:large, max-video-preview:-1\" \/>\n<link rel=\"canonical\" href=\"https:\/\/maristeurope.eu\/es\/predicar-para-las-misiones\/\" \/>\n<meta property=\"og:locale\" content=\"es_ES\" \/>\n<meta property=\"og:type\" content=\"article\" \/>\n<meta property=\"og:title\" content=\"Predicar para las misiones - Marist Europe\" \/>\n<meta property=\"og:description\" content=\"Damien Diouf nos habla de su ministerio visitando parroquias y hablando del carisma marista y de nuestros apostolados misioneros...\" \/>\n<meta property=\"og:url\" content=\"https:\/\/maristeurope.eu\/es\/predicar-para-las-misiones\/\" \/>\n<meta property=\"og:site_name\" content=\"Marist Europe\" \/>\n<meta property=\"article:published_time\" content=\"2026-03-04T23:44:09+00:00\" \/>\n<meta property=\"article:modified_time\" content=\"2026-03-04T23:45:43+00:00\" \/>\n<meta property=\"og:image\" content=\"https:\/\/maristeurope.eu\/wp-content\/uploads\/2026\/03\/IMG-20240426-WA0012.jpg\" \/>\n\t<meta property=\"og:image:width\" content=\"2048\" \/>\n\t<meta property=\"og:image:height\" content=\"1536\" \/>\n\t<meta property=\"og:image:type\" content=\"image\/jpeg\" \/>\n<meta name=\"author\" content=\"Anne Marie Salgo\" \/>\n<meta name=\"twitter:card\" content=\"summary_large_image\" \/>\n<meta name=\"twitter:label1\" content=\"Escrito por\" \/>\n\t<meta name=\"twitter:data1\" content=\"Anne Marie Salgo\" \/>\n\t<meta name=\"twitter:label2\" content=\"Tiempo de lectura\" \/>\n\t<meta name=\"twitter:data2\" content=\"2 minuto\" \/>\n<script type=\"application\/ld+json\" class=\"yoast-schema-graph\">{\"@context\":\"https:\\\/\\\/schema.org\",\"@graph\":[{\"@type\":\"Article\",\"@id\":\"https:\\\/\\\/maristeurope.eu\\\/es\\\/predicar-para-las-misiones\\\/#article\",\"isPartOf\":{\"@id\":\"https:\\\/\\\/maristeurope.eu\\\/es\\\/predicar-para-las-misiones\\\/\"},\"author\":{\"name\":\"Anne Marie Salgo\",\"@id\":\"https:\\\/\\\/maristeurope.eu\\\/es\\\/#\\\/schema\\\/person\\\/52ef67935880edd2768565651118bee9\"},\"headline\":\"Predicar para las misiones\",\"datePublished\":\"2026-03-04T23:44:09+00:00\",\"dateModified\":\"2026-03-04T23:45:43+00:00\",\"mainEntityOfPage\":{\"@id\":\"https:\\\/\\\/maristeurope.eu\\\/es\\\/predicar-para-las-misiones\\\/\"},\"wordCount\":322,\"publisher\":{\"@id\":\"https:\\\/\\\/maristeurope.eu\\\/es\\\/#organization\"},\"image\":{\"@id\":\"https:\\\/\\\/maristeurope.eu\\\/es\\\/predicar-para-las-misiones\\\/#primaryimage\"},\"thumbnailUrl\":\"https:\\\/\\\/maristeurope.eu\\\/wp-content\\\/uploads\\\/2026\\\/03\\\/IMG-20240426-WA0012.jpg\",\"inLanguage\":\"es\"},{\"@type\":\"WebPage\",\"@id\":\"https:\\\/\\\/maristeurope.eu\\\/es\\\/predicar-para-las-misiones\\\/\",\"url\":\"https:\\\/\\\/maristeurope.eu\\\/es\\\/predicar-para-las-misiones\\\/\",\"name\":\"Predicar para las misiones - Marist Europe\",\"isPartOf\":{\"@id\":\"https:\\\/\\\/maristeurope.eu\\\/es\\\/#website\"},\"primaryImageOfPage\":{\"@id\":\"https:\\\/\\\/maristeurope.eu\\\/es\\\/predicar-para-las-misiones\\\/#primaryimage\"},\"image\":{\"@id\":\"https:\\\/\\\/maristeurope.eu\\\/es\\\/predicar-para-las-misiones\\\/#primaryimage\"},\"thumbnailUrl\":\"https:\\\/\\\/maristeurope.eu\\\/wp-content\\\/uploads\\\/2026\\\/03\\\/IMG-20240426-WA0012.jpg\",\"datePublished\":\"2026-03-04T23:44:09+00:00\",\"dateModified\":\"2026-03-04T23:45:43+00:00\",\"breadcrumb\":{\"@id\":\"https:\\\/\\\/maristeurope.eu\\\/es\\\/predicar-para-las-misiones\\\/#breadcrumb\"},\"inLanguage\":\"es\",\"potentialAction\":[{\"@type\":\"ReadAction\",\"target\":[\"https:\\\/\\\/maristeurope.eu\\\/es\\\/predicar-para-las-misiones\\\/\"]}]},{\"@type\":\"ImageObject\",\"inLanguage\":\"es\",\"@id\":\"https:\\\/\\\/maristeurope.eu\\\/es\\\/predicar-para-las-misiones\\\/#primaryimage\",\"url\":\"https:\\\/\\\/maristeurope.eu\\\/wp-content\\\/uploads\\\/2026\\\/03\\\/IMG-20240426-WA0012.jpg\",\"contentUrl\":\"https:\\\/\\\/maristeurope.eu\\\/wp-content\\\/uploads\\\/2026\\\/03\\\/IMG-20240426-WA0012.jpg\",\"width\":2048,\"height\":1536},{\"@type\":\"BreadcrumbList\",\"@id\":\"https:\\\/\\\/maristeurope.eu\\\/es\\\/predicar-para-las-misiones\\\/#breadcrumb\",\"itemListElement\":[{\"@type\":\"ListItem\",\"position\":1,\"name\":\"Home\",\"item\":\"https:\\\/\\\/maristeurope.eu\\\/es\\\/\"},{\"@type\":\"ListItem\",\"position\":2,\"name\":\"Predicar para las misiones\"}]},{\"@type\":\"WebSite\",\"@id\":\"https:\\\/\\\/maristeurope.eu\\\/es\\\/#website\",\"url\":\"https:\\\/\\\/maristeurope.eu\\\/es\\\/\",\"name\":\"Marist Europe\",\"description\":\"\",\"publisher\":{\"@id\":\"https:\\\/\\\/maristeurope.eu\\\/es\\\/#organization\"},\"potentialAction\":[{\"@type\":\"SearchAction\",\"target\":{\"@type\":\"EntryPoint\",\"urlTemplate\":\"https:\\\/\\\/maristeurope.eu\\\/es\\\/?s={search_term_string}\"},\"query-input\":{\"@type\":\"PropertyValueSpecification\",\"valueRequired\":true,\"valueName\":\"search_term_string\"}}],\"inLanguage\":\"es\"},{\"@type\":\"Organization\",\"@id\":\"https:\\\/\\\/maristeurope.eu\\\/es\\\/#organization\",\"name\":\"Marist Europe\",\"url\":\"https:\\\/\\\/maristeurope.eu\\\/es\\\/\",\"logo\":{\"@type\":\"ImageObject\",\"inLanguage\":\"es\",\"@id\":\"https:\\\/\\\/maristeurope.eu\\\/es\\\/#\\\/schema\\\/logo\\\/image\\\/\",\"url\":\"https:\\\/\\\/maristeurope.eu\\\/wp-content\\\/uploads\\\/2024\\\/10\\\/EU-SM-Finalogo-02.png\",\"contentUrl\":\"https:\\\/\\\/maristeurope.eu\\\/wp-content\\\/uploads\\\/2024\\\/10\\\/EU-SM-Finalogo-02.png\",\"width\":150,\"height\":156,\"caption\":\"Marist Europe\"},\"image\":{\"@id\":\"https:\\\/\\\/maristeurope.eu\\\/es\\\/#\\\/schema\\\/logo\\\/image\\\/\"}},{\"@type\":\"Person\",\"@id\":\"https:\\\/\\\/maristeurope.eu\\\/es\\\/#\\\/schema\\\/person\\\/52ef67935880edd2768565651118bee9\",\"name\":\"Anne Marie Salgo\",\"image\":{\"@type\":\"ImageObject\",\"inLanguage\":\"es\",\"@id\":\"https:\\\/\\\/secure.gravatar.com\\\/avatar\\\/63bc5f7f74a90bb8d99eaaf8206d8217d780934d9a9659350347a36f2698fe6b?s=96&d=mm&r=g\",\"url\":\"https:\\\/\\\/secure.gravatar.com\\\/avatar\\\/63bc5f7f74a90bb8d99eaaf8206d8217d780934d9a9659350347a36f2698fe6b?s=96&d=mm&r=g\",\"contentUrl\":\"https:\\\/\\\/secure.gravatar.com\\\/avatar\\\/63bc5f7f74a90bb8d99eaaf8206d8217d780934d9a9659350347a36f2698fe6b?s=96&d=mm&r=g\",\"caption\":\"Anne Marie Salgo\"},\"url\":\"https:\\\/\\\/maristeurope.eu\\\/es\\\/author\\\/anne\\\/\"}]}<\/script>\n<!-- \/ Yoast SEO plugin. -->","yoast_head_json":{"title":"Predicar para las misiones - Marist Europe","robots":{"index":"index","follow":"follow","max-snippet":"max-snippet:-1","max-image-preview":"max-image-preview:large","max-video-preview":"max-video-preview:-1"},"canonical":"https:\/\/maristeurope.eu\/es\/predicar-para-las-misiones\/","og_locale":"es_ES","og_type":"article","og_title":"Predicar para las misiones - Marist Europe","og_description":"Damien Diouf nos habla de su ministerio visitando parroquias y hablando del carisma marista y de nuestros apostolados misioneros...","og_url":"https:\/\/maristeurope.eu\/es\/predicar-para-las-misiones\/","og_site_name":"Marist Europe","article_published_time":"2026-03-04T23:44:09+00:00","article_modified_time":"2026-03-04T23:45:43+00:00","og_image":[{"width":2048,"height":1536,"url":"https:\/\/maristeurope.eu\/wp-content\/uploads\/2026\/03\/IMG-20240426-WA0012.jpg","type":"image\/jpeg"}],"author":"Anne Marie Salgo","twitter_card":"summary_large_image","twitter_misc":{"Escrito por":"Anne Marie Salgo","Tiempo de lectura":"2 minuto"},"schema":{"@context":"https:\/\/schema.org","@graph":[{"@type":"Article","@id":"https:\/\/maristeurope.eu\/es\/predicar-para-las-misiones\/#article","isPartOf":{"@id":"https:\/\/maristeurope.eu\/es\/predicar-para-las-misiones\/"},"author":{"name":"Anne Marie Salgo","@id":"https:\/\/maristeurope.eu\/es\/#\/schema\/person\/52ef67935880edd2768565651118bee9"},"headline":"Predicar para las misiones","datePublished":"2026-03-04T23:44:09+00:00","dateModified":"2026-03-04T23:45:43+00:00","mainEntityOfPage":{"@id":"https:\/\/maristeurope.eu\/es\/predicar-para-las-misiones\/"},"wordCount":322,"publisher":{"@id":"https:\/\/maristeurope.eu\/es\/#organization"},"image":{"@id":"https:\/\/maristeurope.eu\/es\/predicar-para-las-misiones\/#primaryimage"},"thumbnailUrl":"https:\/\/maristeurope.eu\/wp-content\/uploads\/2026\/03\/IMG-20240426-WA0012.jpg","inLanguage":"es"},{"@type":"WebPage","@id":"https:\/\/maristeurope.eu\/es\/predicar-para-las-misiones\/","url":"https:\/\/maristeurope.eu\/es\/predicar-para-las-misiones\/","name":"Predicar para las misiones - Marist Europe","isPartOf":{"@id":"https:\/\/maristeurope.eu\/es\/#website"},"primaryImageOfPage":{"@id":"https:\/\/maristeurope.eu\/es\/predicar-para-las-misiones\/#primaryimage"},"image":{"@id":"https:\/\/maristeurope.eu\/es\/predicar-para-las-misiones\/#primaryimage"},"thumbnailUrl":"https:\/\/maristeurope.eu\/wp-content\/uploads\/2026\/03\/IMG-20240426-WA0012.jpg","datePublished":"2026-03-04T23:44:09+00:00","dateModified":"2026-03-04T23:45:43+00:00","breadcrumb":{"@id":"https:\/\/maristeurope.eu\/es\/predicar-para-las-misiones\/#breadcrumb"},"inLanguage":"es","potentialAction":[{"@type":"ReadAction","target":["https:\/\/maristeurope.eu\/es\/predicar-para-las-misiones\/"]}]},{"@type":"ImageObject","inLanguage":"es","@id":"https:\/\/maristeurope.eu\/es\/predicar-para-las-misiones\/#primaryimage","url":"https:\/\/maristeurope.eu\/wp-content\/uploads\/2026\/03\/IMG-20240426-WA0012.jpg","contentUrl":"https:\/\/maristeurope.eu\/wp-content\/uploads\/2026\/03\/IMG-20240426-WA0012.jpg","width":2048,"height":1536},{"@type":"BreadcrumbList","@id":"https:\/\/maristeurope.eu\/es\/predicar-para-las-misiones\/#breadcrumb","itemListElement":[{"@type":"ListItem","position":1,"name":"Home","item":"https:\/\/maristeurope.eu\/es\/"},{"@type":"ListItem","position":2,"name":"Predicar para las misiones"}]},{"@type":"WebSite","@id":"https:\/\/maristeurope.eu\/es\/#website","url":"https:\/\/maristeurope.eu\/es\/","name":"Marist Europe","description":"","publisher":{"@id":"https:\/\/maristeurope.eu\/es\/#organization"},"potentialAction":[{"@type":"SearchAction","target":{"@type":"EntryPoint","urlTemplate":"https:\/\/maristeurope.eu\/es\/?s={search_term_string}"},"query-input":{"@type":"PropertyValueSpecification","valueRequired":true,"valueName":"search_term_string"}}],"inLanguage":"es"},{"@type":"Organization","@id":"https:\/\/maristeurope.eu\/es\/#organization","name":"Marist Europe","url":"https:\/\/maristeurope.eu\/es\/","logo":{"@type":"ImageObject","inLanguage":"es","@id":"https:\/\/maristeurope.eu\/es\/#\/schema\/logo\/image\/","url":"https:\/\/maristeurope.eu\/wp-content\/uploads\/2024\/10\/EU-SM-Finalogo-02.png","contentUrl":"https:\/\/maristeurope.eu\/wp-content\/uploads\/2024\/10\/EU-SM-Finalogo-02.png","width":150,"height":156,"caption":"Marist Europe"},"image":{"@id":"https:\/\/maristeurope.eu\/es\/#\/schema\/logo\/image\/"}},{"@type":"Person","@id":"https:\/\/maristeurope.eu\/es\/#\/schema\/person\/52ef67935880edd2768565651118bee9","name":"Anne Marie Salgo","image":{"@type":"ImageObject","inLanguage":"es","@id":"https:\/\/secure.gravatar.com\/avatar\/63bc5f7f74a90bb8d99eaaf8206d8217d780934d9a9659350347a36f2698fe6b?s=96&d=mm&r=g","url":"https:\/\/secure.gravatar.com\/avatar\/63bc5f7f74a90bb8d99eaaf8206d8217d780934d9a9659350347a36f2698fe6b?s=96&d=mm&r=g","contentUrl":"https:\/\/secure.gravatar.com\/avatar\/63bc5f7f74a90bb8d99eaaf8206d8217d780934d9a9659350347a36f2698fe6b?s=96&d=mm&r=g","caption":"Anne Marie Salgo"},"url":"https:\/\/maristeurope.eu\/es\/author\/anne\/"}]}},"_links":{"self":[{"href":"https:\/\/maristeurope.eu\/es\/wp-json\/wp\/v2\/posts\/9960","targetHints":{"allow":["GET"]}}],"collection":[{"href":"https:\/\/maristeurope.eu\/es\/wp-json\/wp\/v2\/posts"}],"about":[{"href":"https:\/\/maristeurope.eu\/es\/wp-json\/wp\/v2\/types\/post"}],"author":[{"embeddable":true,"href":"https:\/\/maristeurope.eu\/es\/wp-json\/wp\/v2\/users\/3"}],"replies":[{"embeddable":true,"href":"https:\/\/maristeurope.eu\/es\/wp-json\/wp\/v2\/comments?post=9960"}],"version-history":[{"count":1,"href":"https:\/\/maristeurope.eu\/es\/wp-json\/wp\/v2\/posts\/9960\/revisions"}],"predecessor-version":[{"id":9963,"href":"https:\/\/maristeurope.eu\/es\/wp-json\/wp\/v2\/posts\/9960\/revisions\/9963"}],"wp:featuredmedia":[{"embeddable":true,"href":"https:\/\/maristeurope.eu\/es\/wp-json\/wp\/v2\/media\/9957"}],"wp:attachment":[{"href":"https:\/\/maristeurope.eu\/es\/wp-json\/wp\/v2\/media?parent=9960"}],"wp:term":[{"taxonomy":"category","embeddable":true,"href":"https:\/\/maristeurope.eu\/es\/wp-json\/wp\/v2\/categories?post=9960"},{"taxonomy":"post_tag","embeddable":true,"href":"https:\/\/maristeurope.eu\/es\/wp-json\/wp\/v2\/tags?post=9960"}],"curies":[{"name":"wp","href":"https:\/\/api.w.org\/{rel}","templated":true}]}}