{"id":9117,"date":"2025-11-14T02:43:57","date_gmt":"2025-11-14T01:43:57","guid":{"rendered":"https:\/\/maristeurope.eu\/peregrinacion-dia-3-cerdon\/"},"modified":"2025-11-14T02:54:26","modified_gmt":"2025-11-14T01:54:26","slug":"peregrinacion-dia-3-cerdon","status":"publish","type":"post","link":"https:\/\/maristeurope.eu\/es\/peregrinacion-dia-3-cerdon\/","title":{"rendered":"Peregrinaci\u00f3n D\u00eda 3: Cerdon"},"content":{"rendered":"\n<p><strong>La peregrinaci\u00f3n continu\u00f3 en Cerdon, el lugar donde el padre Colin ejerci\u00f3 de p\u00e1rroco.<\/strong><\/p>\n\n<p>La reflexi\u00f3n de hoy ha corrido a cargo del P. Paddy O&#8217;Hare: Durante los a\u00f1os 1816-1825, en Cerdon, el joven sacerdote Jean-Claude Colin vivi\u00f3 una profunda transformaci\u00f3n humana y espiritual que dar\u00eda origen a la Sociedad de Mar\u00eda (Maristas). Este per\u00edodo, conocido como sus \"seis a\u00f1os de extrema dulzura\", marc\u00f3 su paso de un sacerdote t\u00edmido e inseguro a un hombre decidido, profundamente centrado en una misi\u00f3n mariana. <\/p>\n\n<p><strong>Inicios y transformaci\u00f3n personal: <\/strong>Al principio, la predicaci\u00f3n de Colin era r\u00edgida y austera, moldeada por la severa teolog\u00eda moral de sus a\u00f1os de seminario. Con el tiempo, se dio cuenta de que sus sermones no llegaban al coraz\u00f3n de la gente, lo que le impuls\u00f3 a cambiar su enfoque, hablando de forma m\u00e1s sencilla, libre y compasiva. Este despertar reflej\u00f3 su capacidad para la escucha interior profunda y el discernimiento, permitiendo que la gracia divina guiara su crecimiento. Su experiencia ense\u00f1a la importancia de la apertura al cambio y de dejarse sorprender por Dios.   <\/p>\n\n<p><strong>El nacimiento del Proyecto Marista: <\/strong>Desde sus tiempos de seminarista, Colin y un peque\u00f1o grupo de compa\u00f1eros so\u00f1aban con fundar una Sociedad dedicada a Mar\u00eda. Aunque la idea original parti\u00f3 de otro seminarista, fue Colin quien le dio forma concreta, pasando largas noches rezando, reflexionando y escribiendo. Estos primeros esfuerzos fueron los primeros pasos del carisma marista, arraigado en la humildad, la oraci\u00f3n y el servicio pastoral.  <\/p>\n\n<p><strong>Apoyo y compa\u00f1\u00eda esenciales: <\/strong>Su hermano Pierre Colin actu\u00f3 como mentor y animador, ayudando a Jean-Claude a ganar confianza y claridad. Jeanne-Marie Chavoin, una mujer de profunda fe e intuici\u00f3n, se convirti\u00f3 en una estrecha colaboradora que comparti\u00f3 su visi\u00f3n y apoy\u00f3 a los hermanos en los momentos dif\u00edciles. A trav\u00e9s de estas relaciones, Colin aprendi\u00f3 la importancia de la colaboraci\u00f3n, el compa\u00f1erismo y la fe compartida.  <\/p>\n\n<p><strong>Pruebas y perseverancia: <\/strong>Colin se enfrent\u00f3 a la fatiga, la duda y la oposici\u00f3n, momentos en los que estuvo tentado de abandonar el proyecto. Durante una de estas crisis, rez\u00f3 y experiment\u00f3 una poderosa confirmaci\u00f3n de que la obra proced\u00eda realmente de Dios. A pesar de las cr\u00edticas y de la p\u00e9rdida de entusiasmo de algunos de sus primeros compa\u00f1eros, persever\u00f3 con confianza en la voluntad divina y valent\u00eda de coraz\u00f3n.  <\/p>\n\n<p><strong>Espiritualidad marista - \"Escondidos y desconocidos <\/strong>Inspirado por la discreta presencia de Mar\u00eda en la Iglesia primitiva, Colin abraz\u00f3 el ideal de estar \"escondido y desconocido en el mundo\". Esta frase expresa la esencia de la espiritualidad marista: humildad, sencillez, servicio callado y rechazo del poder o el prestigio. Llama a los maristas a ser instrumentos de misericordia, abiertos a todos, especialmente a los pobres y a los m\u00e1s necesitados, siguiendo el modo compasivo y silencioso de Mar\u00eda de estar presente.  <\/p>\n\n<p><strong>Lecciones para hoy: <\/strong>La experiencia de Cerdon sigue invitando a todos los maristas -religiosos y laicos- a..:<\/p>\n\n<ul class=\"wp-block-list\">\n<li>Escucha y discierne pacientemente la voluntad de Dios.<\/li>\n\n\n\n<li>Persevera en la esperanza incluso cuando el progreso parezca lento.<\/li>\n\n\n\n<li>Ser una presencia de apoyo para los dem\u00e1s.<\/li>\n\n\n\n<li>Dejarse sorprender por la acci\u00f3n de Dios de forma inesperada.<\/li>\n\n\n\n<li>Encarnar el esp\u00edritu de Mar\u00eda en la vida cotidiana: humilde, amable y orientado al servicio.<\/li>\n<\/ul>\n\n<p><strong>Despu\u00e9s<\/strong> tuvimos un tiempo para compartir en grupos con algunas preguntas de reflexi\u00f3n propuestas por el P. Paddy. Disfrutamos de un picnic acompa\u00f1ado de vino local en una vinater\u00eda a las afueras de Cerdon, donde se organiz\u00f3 una cata de vinos a cargo de la hermana marista Teri O&#8217;Brien. Por \u00faltimo, celebramos la Eucarist\u00eda en la que el P. Paddy habl\u00f3 de la importancia de volver nuestra mirada al Cristo humilde para continuar su obra de construcci\u00f3n de la Iglesia a la manera de Mar\u00eda.    <\/p>\n\n<p><em>P. Mauricio D\u00edaz Garc\u00eda<\/em><\/p>\n\n<p><\/p>\n\n<figure class=\"wp-block-gallery has-nested-images columns-default is-cropped wp-block-gallery-1 is-layout-flex wp-block-gallery-is-layout-flex\">\n<figure class=\"wp-block-image size-large\"><img loading=\"lazy\" decoding=\"async\" width=\"1024\" height=\"768\" data-id=\"9082\" src=\"https:\/\/maristeurope.eu\/wp-content\/uploads\/2025\/11\/4-1024x768.jpg\" alt=\"\" class=\"wp-image-9082\" srcset=\"https:\/\/maristeurope.eu\/wp-content\/uploads\/2025\/11\/4-980x735.jpg 980w, https:\/\/maristeurope.eu\/wp-content\/uploads\/2025\/11\/4-480x360.jpg 480w\" sizes=\"(min-width: 0px) and (max-width: 480px) 480px, (min-width: 481px) and (max-width: 980px) 980px, (min-width: 981px) 1024px, 100vw\" \/><\/figure>\n\n\n\n<figure class=\"wp-block-image size-large\"><img loading=\"lazy\" decoding=\"async\" width=\"1024\" height=\"768\" data-id=\"9089\" src=\"https:\/\/maristeurope.eu\/wp-content\/uploads\/2025\/11\/5-2-1024x768.jpg\" alt=\"\" class=\"wp-image-9089\" srcset=\"https:\/\/maristeurope.eu\/wp-content\/uploads\/2025\/11\/5-2-980x735.jpg 980w, https:\/\/maristeurope.eu\/wp-content\/uploads\/2025\/11\/5-2-480x360.jpg 480w\" sizes=\"(min-width: 0px) and (max-width: 480px) 480px, (min-width: 481px) and (max-width: 980px) 980px, (min-width: 981px) 1024px, 100vw\" \/><\/figure>\n\n\n\n<figure class=\"wp-block-image size-large\"><img loading=\"lazy\" decoding=\"async\" width=\"1024\" height=\"768\" data-id=\"9096\" src=\"https:\/\/maristeurope.eu\/wp-content\/uploads\/2025\/11\/2-2-1024x768.jpg\" alt=\"\" class=\"wp-image-9096\" srcset=\"https:\/\/maristeurope.eu\/wp-content\/uploads\/2025\/11\/2-2-980x735.jpg 980w, https:\/\/maristeurope.eu\/wp-content\/uploads\/2025\/11\/2-2-480x360.jpg 480w\" sizes=\"(min-width: 0px) and (max-width: 480px) 480px, (min-width: 481px) and (max-width: 980px) 980px, (min-width: 981px) 1024px, 100vw\" \/><\/figure>\n<\/figure>\n\n<p><\/p>\n\n<p><\/p>\n","protected":false},"excerpt":{"rendered":"<p>Nuestra visita a los lugares de origen marista continu\u00f3 en Cerdon, el pueblo donde el padre Colin ejerci\u00f3 de p\u00e1rroco.<\/p>\n","protected":false},"author":3,"featured_media":9109,"comment_status":"open","ping_status":"open","sticky":false,"template":"","format":"standard","meta":{"_et_pb_use_builder":"off","_et_pb_old_content":"","_et_gb_content_width":"","footnotes":""},"categories":[50],"tags":[],"class_list":["post-9117","post","type-post","status-publish","format-standard","has-post-thumbnail","hentry","category-sin-categoria"],"yoast_head":"<!-- This site is optimized with the Yoast SEO plugin v27.5 - https:\/\/yoast.com\/product\/yoast-seo-wordpress\/ -->\n<title>Peregrinaci\u00f3n D\u00eda 3: Cerdon - Marist Europe<\/title>\n<meta name=\"robots\" content=\"index, follow, max-snippet:-1, max-image-preview:large, max-video-preview:-1\" \/>\n<link rel=\"canonical\" href=\"https:\/\/maristeurope.eu\/es\/peregrinacion-dia-3-cerdon\/\" \/>\n<meta property=\"og:locale\" content=\"es_ES\" \/>\n<meta property=\"og:type\" content=\"article\" \/>\n<meta property=\"og:title\" content=\"Peregrinaci\u00f3n D\u00eda 3: Cerdon - Marist Europe\" \/>\n<meta property=\"og:description\" content=\"Nuestra visita a los lugares de origen marista continu\u00f3 en Cerdon, el pueblo donde el padre Colin ejerci\u00f3 de p\u00e1rroco.\" \/>\n<meta property=\"og:url\" content=\"https:\/\/maristeurope.eu\/es\/peregrinacion-dia-3-cerdon\/\" \/>\n<meta property=\"og:site_name\" content=\"Marist Europe\" \/>\n<meta property=\"article:published_time\" content=\"2025-11-14T01:43:57+00:00\" \/>\n<meta property=\"article:modified_time\" content=\"2025-11-14T01:54:26+00:00\" \/>\n<meta property=\"og:image\" content=\"https:\/\/maristeurope.eu\/wp-content\/uploads\/2025\/11\/3-2.jpg\" \/>\n\t<meta property=\"og:image:width\" content=\"1536\" \/>\n\t<meta property=\"og:image:height\" content=\"1152\" \/>\n\t<meta property=\"og:image:type\" content=\"image\/jpeg\" \/>\n<meta name=\"author\" content=\"Anne Marie Salgo\" \/>\n<meta name=\"twitter:card\" content=\"summary_large_image\" \/>\n<meta name=\"twitter:label1\" content=\"Escrito por\" \/>\n\t<meta name=\"twitter:data1\" content=\"Anne Marie Salgo\" \/>\n\t<meta name=\"twitter:label2\" content=\"Tiempo de lectura\" \/>\n\t<meta name=\"twitter:data2\" content=\"3 minuto\" \/>\n<script type=\"application\/ld+json\" class=\"yoast-schema-graph\">{\"@context\":\"https:\\\/\\\/schema.org\",\"@graph\":[{\"@type\":\"Article\",\"@id\":\"https:\\\/\\\/maristeurope.eu\\\/es\\\/peregrinacion-dia-3-cerdon\\\/#article\",\"isPartOf\":{\"@id\":\"https:\\\/\\\/maristeurope.eu\\\/es\\\/peregrinacion-dia-3-cerdon\\\/\"},\"author\":{\"name\":\"Anne Marie Salgo\",\"@id\":\"https:\\\/\\\/maristeurope.eu\\\/es\\\/#\\\/schema\\\/person\\\/52ef67935880edd2768565651118bee9\"},\"headline\":\"Peregrinaci\u00f3n D\u00eda 3: Cerdon\",\"datePublished\":\"2025-11-14T01:43:57+00:00\",\"dateModified\":\"2025-11-14T01:54:26+00:00\",\"mainEntityOfPage\":{\"@id\":\"https:\\\/\\\/maristeurope.eu\\\/es\\\/peregrinacion-dia-3-cerdon\\\/\"},\"wordCount\":682,\"commentCount\":0,\"publisher\":{\"@id\":\"https:\\\/\\\/maristeurope.eu\\\/es\\\/#organization\"},\"image\":{\"@id\":\"https:\\\/\\\/maristeurope.eu\\\/es\\\/peregrinacion-dia-3-cerdon\\\/#primaryimage\"},\"thumbnailUrl\":\"https:\\\/\\\/maristeurope.eu\\\/wp-content\\\/uploads\\\/2025\\\/11\\\/3-2.jpg\",\"inLanguage\":\"es\",\"potentialAction\":[{\"@type\":\"CommentAction\",\"name\":\"Comment\",\"target\":[\"https:\\\/\\\/maristeurope.eu\\\/es\\\/peregrinacion-dia-3-cerdon\\\/#respond\"]}]},{\"@type\":\"WebPage\",\"@id\":\"https:\\\/\\\/maristeurope.eu\\\/es\\\/peregrinacion-dia-3-cerdon\\\/\",\"url\":\"https:\\\/\\\/maristeurope.eu\\\/es\\\/peregrinacion-dia-3-cerdon\\\/\",\"name\":\"Peregrinaci\u00f3n D\u00eda 3: Cerdon - Marist Europe\",\"isPartOf\":{\"@id\":\"https:\\\/\\\/maristeurope.eu\\\/es\\\/#website\"},\"primaryImageOfPage\":{\"@id\":\"https:\\\/\\\/maristeurope.eu\\\/es\\\/peregrinacion-dia-3-cerdon\\\/#primaryimage\"},\"image\":{\"@id\":\"https:\\\/\\\/maristeurope.eu\\\/es\\\/peregrinacion-dia-3-cerdon\\\/#primaryimage\"},\"thumbnailUrl\":\"https:\\\/\\\/maristeurope.eu\\\/wp-content\\\/uploads\\\/2025\\\/11\\\/3-2.jpg\",\"datePublished\":\"2025-11-14T01:43:57+00:00\",\"dateModified\":\"2025-11-14T01:54:26+00:00\",\"breadcrumb\":{\"@id\":\"https:\\\/\\\/maristeurope.eu\\\/es\\\/peregrinacion-dia-3-cerdon\\\/#breadcrumb\"},\"inLanguage\":\"es\",\"potentialAction\":[{\"@type\":\"ReadAction\",\"target\":[\"https:\\\/\\\/maristeurope.eu\\\/es\\\/peregrinacion-dia-3-cerdon\\\/\"]}]},{\"@type\":\"ImageObject\",\"inLanguage\":\"es\",\"@id\":\"https:\\\/\\\/maristeurope.eu\\\/es\\\/peregrinacion-dia-3-cerdon\\\/#primaryimage\",\"url\":\"https:\\\/\\\/maristeurope.eu\\\/wp-content\\\/uploads\\\/2025\\\/11\\\/3-2.jpg\",\"contentUrl\":\"https:\\\/\\\/maristeurope.eu\\\/wp-content\\\/uploads\\\/2025\\\/11\\\/3-2.jpg\",\"width\":1536,\"height\":1152},{\"@type\":\"BreadcrumbList\",\"@id\":\"https:\\\/\\\/maristeurope.eu\\\/es\\\/peregrinacion-dia-3-cerdon\\\/#breadcrumb\",\"itemListElement\":[{\"@type\":\"ListItem\",\"position\":1,\"name\":\"Home\",\"item\":\"https:\\\/\\\/maristeurope.eu\\\/es\\\/\"},{\"@type\":\"ListItem\",\"position\":2,\"name\":\"Peregrinaci\u00f3n D\u00eda 3: Cerdon\"}]},{\"@type\":\"WebSite\",\"@id\":\"https:\\\/\\\/maristeurope.eu\\\/es\\\/#website\",\"url\":\"https:\\\/\\\/maristeurope.eu\\\/es\\\/\",\"name\":\"Marist Europe\",\"description\":\"\",\"publisher\":{\"@id\":\"https:\\\/\\\/maristeurope.eu\\\/es\\\/#organization\"},\"potentialAction\":[{\"@type\":\"SearchAction\",\"target\":{\"@type\":\"EntryPoint\",\"urlTemplate\":\"https:\\\/\\\/maristeurope.eu\\\/es\\\/?s={search_term_string}\"},\"query-input\":{\"@type\":\"PropertyValueSpecification\",\"valueRequired\":true,\"valueName\":\"search_term_string\"}}],\"inLanguage\":\"es\"},{\"@type\":\"Organization\",\"@id\":\"https:\\\/\\\/maristeurope.eu\\\/es\\\/#organization\",\"name\":\"Marist Europe\",\"url\":\"https:\\\/\\\/maristeurope.eu\\\/es\\\/\",\"logo\":{\"@type\":\"ImageObject\",\"inLanguage\":\"es\",\"@id\":\"https:\\\/\\\/maristeurope.eu\\\/es\\\/#\\\/schema\\\/logo\\\/image\\\/\",\"url\":\"https:\\\/\\\/maristeurope.eu\\\/wp-content\\\/uploads\\\/2024\\\/10\\\/EU-SM-Finalogo-02.png\",\"contentUrl\":\"https:\\\/\\\/maristeurope.eu\\\/wp-content\\\/uploads\\\/2024\\\/10\\\/EU-SM-Finalogo-02.png\",\"width\":150,\"height\":156,\"caption\":\"Marist Europe\"},\"image\":{\"@id\":\"https:\\\/\\\/maristeurope.eu\\\/es\\\/#\\\/schema\\\/logo\\\/image\\\/\"}},{\"@type\":\"Person\",\"@id\":\"https:\\\/\\\/maristeurope.eu\\\/es\\\/#\\\/schema\\\/person\\\/52ef67935880edd2768565651118bee9\",\"name\":\"Anne Marie Salgo\",\"image\":{\"@type\":\"ImageObject\",\"inLanguage\":\"es\",\"@id\":\"https:\\\/\\\/secure.gravatar.com\\\/avatar\\\/63bc5f7f74a90bb8d99eaaf8206d8217d780934d9a9659350347a36f2698fe6b?s=96&d=mm&r=g\",\"url\":\"https:\\\/\\\/secure.gravatar.com\\\/avatar\\\/63bc5f7f74a90bb8d99eaaf8206d8217d780934d9a9659350347a36f2698fe6b?s=96&d=mm&r=g\",\"contentUrl\":\"https:\\\/\\\/secure.gravatar.com\\\/avatar\\\/63bc5f7f74a90bb8d99eaaf8206d8217d780934d9a9659350347a36f2698fe6b?s=96&d=mm&r=g\",\"caption\":\"Anne Marie Salgo\"},\"url\":\"https:\\\/\\\/maristeurope.eu\\\/es\\\/author\\\/anne\\\/\"}]}<\/script>\n<!-- \/ Yoast SEO plugin. -->","yoast_head_json":{"title":"Peregrinaci\u00f3n D\u00eda 3: Cerdon - Marist Europe","robots":{"index":"index","follow":"follow","max-snippet":"max-snippet:-1","max-image-preview":"max-image-preview:large","max-video-preview":"max-video-preview:-1"},"canonical":"https:\/\/maristeurope.eu\/es\/peregrinacion-dia-3-cerdon\/","og_locale":"es_ES","og_type":"article","og_title":"Peregrinaci\u00f3n D\u00eda 3: Cerdon - Marist Europe","og_description":"Nuestra visita a los lugares de origen marista continu\u00f3 en Cerdon, el pueblo donde el padre Colin ejerci\u00f3 de p\u00e1rroco.","og_url":"https:\/\/maristeurope.eu\/es\/peregrinacion-dia-3-cerdon\/","og_site_name":"Marist Europe","article_published_time":"2025-11-14T01:43:57+00:00","article_modified_time":"2025-11-14T01:54:26+00:00","og_image":[{"width":1536,"height":1152,"url":"https:\/\/maristeurope.eu\/wp-content\/uploads\/2025\/11\/3-2.jpg","type":"image\/jpeg"}],"author":"Anne Marie Salgo","twitter_card":"summary_large_image","twitter_misc":{"Escrito por":"Anne Marie Salgo","Tiempo de lectura":"3 minuto"},"schema":{"@context":"https:\/\/schema.org","@graph":[{"@type":"Article","@id":"https:\/\/maristeurope.eu\/es\/peregrinacion-dia-3-cerdon\/#article","isPartOf":{"@id":"https:\/\/maristeurope.eu\/es\/peregrinacion-dia-3-cerdon\/"},"author":{"name":"Anne Marie Salgo","@id":"https:\/\/maristeurope.eu\/es\/#\/schema\/person\/52ef67935880edd2768565651118bee9"},"headline":"Peregrinaci\u00f3n D\u00eda 3: Cerdon","datePublished":"2025-11-14T01:43:57+00:00","dateModified":"2025-11-14T01:54:26+00:00","mainEntityOfPage":{"@id":"https:\/\/maristeurope.eu\/es\/peregrinacion-dia-3-cerdon\/"},"wordCount":682,"commentCount":0,"publisher":{"@id":"https:\/\/maristeurope.eu\/es\/#organization"},"image":{"@id":"https:\/\/maristeurope.eu\/es\/peregrinacion-dia-3-cerdon\/#primaryimage"},"thumbnailUrl":"https:\/\/maristeurope.eu\/wp-content\/uploads\/2025\/11\/3-2.jpg","inLanguage":"es","potentialAction":[{"@type":"CommentAction","name":"Comment","target":["https:\/\/maristeurope.eu\/es\/peregrinacion-dia-3-cerdon\/#respond"]}]},{"@type":"WebPage","@id":"https:\/\/maristeurope.eu\/es\/peregrinacion-dia-3-cerdon\/","url":"https:\/\/maristeurope.eu\/es\/peregrinacion-dia-3-cerdon\/","name":"Peregrinaci\u00f3n D\u00eda 3: Cerdon - Marist Europe","isPartOf":{"@id":"https:\/\/maristeurope.eu\/es\/#website"},"primaryImageOfPage":{"@id":"https:\/\/maristeurope.eu\/es\/peregrinacion-dia-3-cerdon\/#primaryimage"},"image":{"@id":"https:\/\/maristeurope.eu\/es\/peregrinacion-dia-3-cerdon\/#primaryimage"},"thumbnailUrl":"https:\/\/maristeurope.eu\/wp-content\/uploads\/2025\/11\/3-2.jpg","datePublished":"2025-11-14T01:43:57+00:00","dateModified":"2025-11-14T01:54:26+00:00","breadcrumb":{"@id":"https:\/\/maristeurope.eu\/es\/peregrinacion-dia-3-cerdon\/#breadcrumb"},"inLanguage":"es","potentialAction":[{"@type":"ReadAction","target":["https:\/\/maristeurope.eu\/es\/peregrinacion-dia-3-cerdon\/"]}]},{"@type":"ImageObject","inLanguage":"es","@id":"https:\/\/maristeurope.eu\/es\/peregrinacion-dia-3-cerdon\/#primaryimage","url":"https:\/\/maristeurope.eu\/wp-content\/uploads\/2025\/11\/3-2.jpg","contentUrl":"https:\/\/maristeurope.eu\/wp-content\/uploads\/2025\/11\/3-2.jpg","width":1536,"height":1152},{"@type":"BreadcrumbList","@id":"https:\/\/maristeurope.eu\/es\/peregrinacion-dia-3-cerdon\/#breadcrumb","itemListElement":[{"@type":"ListItem","position":1,"name":"Home","item":"https:\/\/maristeurope.eu\/es\/"},{"@type":"ListItem","position":2,"name":"Peregrinaci\u00f3n D\u00eda 3: Cerdon"}]},{"@type":"WebSite","@id":"https:\/\/maristeurope.eu\/es\/#website","url":"https:\/\/maristeurope.eu\/es\/","name":"Marist Europe","description":"","publisher":{"@id":"https:\/\/maristeurope.eu\/es\/#organization"},"potentialAction":[{"@type":"SearchAction","target":{"@type":"EntryPoint","urlTemplate":"https:\/\/maristeurope.eu\/es\/?s={search_term_string}"},"query-input":{"@type":"PropertyValueSpecification","valueRequired":true,"valueName":"search_term_string"}}],"inLanguage":"es"},{"@type":"Organization","@id":"https:\/\/maristeurope.eu\/es\/#organization","name":"Marist Europe","url":"https:\/\/maristeurope.eu\/es\/","logo":{"@type":"ImageObject","inLanguage":"es","@id":"https:\/\/maristeurope.eu\/es\/#\/schema\/logo\/image\/","url":"https:\/\/maristeurope.eu\/wp-content\/uploads\/2024\/10\/EU-SM-Finalogo-02.png","contentUrl":"https:\/\/maristeurope.eu\/wp-content\/uploads\/2024\/10\/EU-SM-Finalogo-02.png","width":150,"height":156,"caption":"Marist Europe"},"image":{"@id":"https:\/\/maristeurope.eu\/es\/#\/schema\/logo\/image\/"}},{"@type":"Person","@id":"https:\/\/maristeurope.eu\/es\/#\/schema\/person\/52ef67935880edd2768565651118bee9","name":"Anne Marie Salgo","image":{"@type":"ImageObject","inLanguage":"es","@id":"https:\/\/secure.gravatar.com\/avatar\/63bc5f7f74a90bb8d99eaaf8206d8217d780934d9a9659350347a36f2698fe6b?s=96&d=mm&r=g","url":"https:\/\/secure.gravatar.com\/avatar\/63bc5f7f74a90bb8d99eaaf8206d8217d780934d9a9659350347a36f2698fe6b?s=96&d=mm&r=g","contentUrl":"https:\/\/secure.gravatar.com\/avatar\/63bc5f7f74a90bb8d99eaaf8206d8217d780934d9a9659350347a36f2698fe6b?s=96&d=mm&r=g","caption":"Anne Marie Salgo"},"url":"https:\/\/maristeurope.eu\/es\/author\/anne\/"}]}},"_links":{"self":[{"href":"https:\/\/maristeurope.eu\/es\/wp-json\/wp\/v2\/posts\/9117","targetHints":{"allow":["GET"]}}],"collection":[{"href":"https:\/\/maristeurope.eu\/es\/wp-json\/wp\/v2\/posts"}],"about":[{"href":"https:\/\/maristeurope.eu\/es\/wp-json\/wp\/v2\/types\/post"}],"author":[{"embeddable":true,"href":"https:\/\/maristeurope.eu\/es\/wp-json\/wp\/v2\/users\/3"}],"replies":[{"embeddable":true,"href":"https:\/\/maristeurope.eu\/es\/wp-json\/wp\/v2\/comments?post=9117"}],"version-history":[{"count":1,"href":"https:\/\/maristeurope.eu\/es\/wp-json\/wp\/v2\/posts\/9117\/revisions"}],"predecessor-version":[{"id":9120,"href":"https:\/\/maristeurope.eu\/es\/wp-json\/wp\/v2\/posts\/9117\/revisions\/9120"}],"wp:featuredmedia":[{"embeddable":true,"href":"https:\/\/maristeurope.eu\/es\/wp-json\/wp\/v2\/media\/9109"}],"wp:attachment":[{"href":"https:\/\/maristeurope.eu\/es\/wp-json\/wp\/v2\/media?parent=9117"}],"wp:term":[{"taxonomy":"category","embeddable":true,"href":"https:\/\/maristeurope.eu\/es\/wp-json\/wp\/v2\/categories?post=9117"},{"taxonomy":"post_tag","embeddable":true,"href":"https:\/\/maristeurope.eu\/es\/wp-json\/wp\/v2\/tags?post=9117"}],"curies":[{"name":"wp","href":"https:\/\/api.w.org\/{rel}","templated":true}]}}