{"id":7885,"date":"2025-10-09T11:00:30","date_gmt":"2025-10-09T09:00:30","guid":{"rendered":"https:\/\/maristeurope.eu\/schwester-auf-mission-a-notre-dame-de-france\/"},"modified":"2025-10-11T11:41:53","modified_gmt":"2025-10-11T09:41:53","slug":"hermanas-en-mision","status":"publish","type":"post","link":"https:\/\/maristeurope.eu\/es\/hermanas-en-mision\/","title":{"rendered":"Hermanas en Misi\u00f3n en Notre Dame de France"},"content":{"rendered":"\n<p>Las hermanas Kura y Aquela SMSM son las nuevas integrantes del equipo marista en Londres.<br><em>La hermana Kurarenga (Kura) Tenaua escribe:<\/em><\/p>\n\n\n\n<p>\u00abSoy originaria de la isla oce\u00e1nica de Kiribati. Kiribati es un pa\u00eds muy pobre que depende de la ayuda de naciones m\u00e1s grandes, como Australia y Estados Unidos. Al crecer en las islas, la vida era sencilla y nuestro sustento depend\u00eda del mar y la tierra. Hoy en d\u00eda dependemos m\u00e1s del dinero y consideramos que la educaci\u00f3n es vital para nuestro futuro. El cambio clim\u00e1tico es una grave amenaza para mi pa\u00eds, pero nuestro pueblo sigue creyendo en el plan de Dios.<\/p>\n\n\n\n<p><strong><em>Mi experiencia misionera ha superado todo lo que pod\u00eda imaginar<\/em><\/strong>. Antes de llegar a Notre Dame de France, prest\u00e9 servicio en las Islas Salom\u00f3n, ense\u00f1ando en el Pre-Seminario y Centro Catequ\u00edstico del Centro Apost\u00f3lico Nazareth (2018-2024). All\u00ed formamos a los j\u00f3venes en la fe y los preparamos para ser l\u00edderes cristianos eficaces en sus comunidades.<\/p>\n\n\n\n<p>Me incorpor\u00e9 a Notre Dame de France en marzo de este a\u00f1o. <strong><em>Llegar a Londres supuso otro choque cultural<\/em><\/strong>, muy diferente de mi misi\u00f3n anterior. Ahora ayudo en el Centro de Refugiados y en el Servicio de S\u00e1ndwiches. Los lunes presto servicio en el centro de acogida, donde conozco a personas de pa\u00edses como Costa de Marfil, Congo, Argelia e Ir\u00e1n. Los jueves ayudo en las clases de ingl\u00e9s para refugiados y los s\u00e1bados ayudo a preparar y distribuir s\u00e1ndwiches a las personas sin hogar y marginadas. Tambi\u00e9n colaboro en la vida de la iglesia y en otras actividades de NDF.<\/p>\n\n\n\n<p>En julio tuve el privilegio de asistir a una clase de franc\u00e9s en Par\u00eds, lo cual fue una experiencia maravillosa, aunque no lo domin\u00e9 todo. Despu\u00e9s, asist\u00ed a un retiro en <strong><em>La Neyli\u00e8re y me impresion\u00f3 la belleza y el ambiente de oraci\u00f3n del lugar.<\/em><\/strong> Espero volver alg\u00fan d\u00eda. Que Dios nos bendiga a todos. Merci beaucoup.\u00bb<\/p>\n\n\n\n<p>La hermana<em> Aqela Likulagi Vere<\/em> <em>escribe<\/em>:<\/p>\n\n\n\n<p>\u00ab Soy la hermana Aqela Likulagi Vere, de Fiyi, misionera de la Sociedad de Mar\u00eda (SMSM) desde 1987. <strong><em>He prestado servicio en Ocean\u00eda, \u00c1frica y Europa, trabajando en la ense\u00f1anza, el asesoramiento y el trabajo social.<\/em><\/strong> El avi\u00f3n aterriz\u00f3 en Heathrow en una fr\u00eda ma\u00f1ana, el 27 de noviembre de 2024, en el pa\u00eds que ser\u00e1 mi hogar durante los pr\u00f3ximos tres a\u00f1os.<\/p>\n\n\n\n<p>Ahora contin\u00fao mi misi\u00f3n en Notre Dame de France, Londres. A mi llegada, recib\u00ed una c\u00e1lida bienvenida, al estilo familiar, por parte de nuestros hermanos sacerdotes: los padres Hubert, Martin, Pascal y Christian. Aunque era diferente a lo que estaba acostumbrada, me adapt\u00e9 r\u00e1pidamente a la vida comunitaria. Fui la \u00fanica SMSM aqu\u00ed hasta marzo de 2025.<\/p>\n\n\n\n<p>Explor\u00e9 las numerosas actividades de Notre Dame y ofrec\u00ed mi ayuda donde era necesario: en el Centro de Refugiados, el Servicio de S\u00e1ndwiches y en los grupos parroquiales existentes. En la capellan\u00eda ayudo con las clases de catecismo, lo que tambi\u00e9n me ha llevado a visitar otros centros y a conocer a catequistas y estudiantes. Participo en actividades de capellan\u00eda como retiros, talleres, sesiones \u00abfrat\u00bb y eventos maristas en la educaci\u00f3n. Agradezco sinceramente a la comunidad y al equipo de capellan\u00eda de Notre Dame de France por hacer todo esto posible.\u00bb<\/p>\n","protected":false},"excerpt":{"rendered":"<p>Las hermanas Kura y Aquela SMSM son las nuevas integrantes del equipo marista en Londres. Comparten su primera experiencia al llegar al Reino Unido&#8230;<\/p>\n","protected":false},"author":3,"featured_media":7869,"comment_status":"open","ping_status":"open","sticky":false,"template":"","format":"standard","meta":{"footnotes":""},"categories":[50],"tags":[],"class_list":["post-7885","post","type-post","status-publish","format-standard","has-post-thumbnail","hentry","category-sin-categoria"],"yoast_head":"<!-- This site is optimized with the Yoast SEO plugin v27.5 - https:\/\/yoast.com\/product\/yoast-seo-wordpress\/ -->\n<title>Hermanas en Misi\u00f3n en Notre Dame de France - Marist Europe<\/title>\n<meta name=\"robots\" content=\"index, follow, max-snippet:-1, max-image-preview:large, max-video-preview:-1\" \/>\n<link rel=\"canonical\" href=\"https:\/\/maristeurope.eu\/es\/hermanas-en-mision\/\" \/>\n<meta property=\"og:locale\" content=\"es_ES\" \/>\n<meta property=\"og:type\" content=\"article\" \/>\n<meta property=\"og:title\" content=\"Hermanas en Misi\u00f3n en Notre Dame de France - Marist Europe\" \/>\n<meta property=\"og:description\" content=\"Las hermanas Kura y Aquela SMSM son las nuevas integrantes del equipo marista en Londres. Comparten su primera experiencia al llegar al Reino Unido...\" \/>\n<meta property=\"og:url\" content=\"https:\/\/maristeurope.eu\/es\/hermanas-en-mision\/\" \/>\n<meta property=\"og:site_name\" content=\"Marist Europe\" \/>\n<meta property=\"article:published_time\" content=\"2025-10-09T09:00:30+00:00\" \/>\n<meta property=\"article:modified_time\" content=\"2025-10-11T09:41:53+00:00\" \/>\n<meta property=\"og:image\" content=\"https:\/\/maristeurope.eu\/wp-content\/uploads\/2025\/10\/Sr-Aqela-et-Kura-NDF-e1760173354166.jpg\" \/>\n\t<meta property=\"og:image:width\" content=\"453\" \/>\n\t<meta property=\"og:image:height\" content=\"605\" \/>\n\t<meta property=\"og:image:type\" content=\"image\/jpeg\" \/>\n<meta name=\"author\" content=\"Anne Marie Salgo\" \/>\n<meta name=\"twitter:card\" content=\"summary_large_image\" \/>\n<meta name=\"twitter:label1\" content=\"Escrito por\" \/>\n\t<meta name=\"twitter:data1\" content=\"Anne Marie Salgo\" \/>\n\t<meta name=\"twitter:label2\" content=\"Tiempo de lectura\" \/>\n\t<meta name=\"twitter:data2\" content=\"3 minuto\" \/>\n<script type=\"application\/ld+json\" class=\"yoast-schema-graph\">{\"@context\":\"https:\\\/\\\/schema.org\",\"@graph\":[{\"@type\":\"Article\",\"@id\":\"https:\\\/\\\/maristeurope.eu\\\/es\\\/hermanas-en-mision\\\/#article\",\"isPartOf\":{\"@id\":\"https:\\\/\\\/maristeurope.eu\\\/es\\\/hermanas-en-mision\\\/\"},\"author\":{\"name\":\"Anne Marie Salgo\",\"@id\":\"https:\\\/\\\/maristeurope.eu\\\/es\\\/#\\\/schema\\\/person\\\/52ef67935880edd2768565651118bee9\"},\"headline\":\"Hermanas en Misi\u00f3n en Notre Dame de France\",\"datePublished\":\"2025-10-09T09:00:30+00:00\",\"dateModified\":\"2025-10-11T09:41:53+00:00\",\"mainEntityOfPage\":{\"@id\":\"https:\\\/\\\/maristeurope.eu\\\/es\\\/hermanas-en-mision\\\/\"},\"wordCount\":589,\"commentCount\":0,\"publisher\":{\"@id\":\"https:\\\/\\\/maristeurope.eu\\\/es\\\/#organization\"},\"image\":{\"@id\":\"https:\\\/\\\/maristeurope.eu\\\/es\\\/hermanas-en-mision\\\/#primaryimage\"},\"thumbnailUrl\":\"https:\\\/\\\/maristeurope.eu\\\/wp-content\\\/uploads\\\/2025\\\/10\\\/Sr-Aqela-et-Kura-NDF-e1760193178802.jpg\",\"inLanguage\":\"es\",\"potentialAction\":[{\"@type\":\"CommentAction\",\"name\":\"Comment\",\"target\":[\"https:\\\/\\\/maristeurope.eu\\\/es\\\/hermanas-en-mision\\\/#respond\"]}]},{\"@type\":\"WebPage\",\"@id\":\"https:\\\/\\\/maristeurope.eu\\\/es\\\/hermanas-en-mision\\\/\",\"url\":\"https:\\\/\\\/maristeurope.eu\\\/es\\\/hermanas-en-mision\\\/\",\"name\":\"Hermanas en Misi\u00f3n en Notre Dame de France - Marist Europe\",\"isPartOf\":{\"@id\":\"https:\\\/\\\/maristeurope.eu\\\/es\\\/#website\"},\"primaryImageOfPage\":{\"@id\":\"https:\\\/\\\/maristeurope.eu\\\/es\\\/hermanas-en-mision\\\/#primaryimage\"},\"image\":{\"@id\":\"https:\\\/\\\/maristeurope.eu\\\/es\\\/hermanas-en-mision\\\/#primaryimage\"},\"thumbnailUrl\":\"https:\\\/\\\/maristeurope.eu\\\/wp-content\\\/uploads\\\/2025\\\/10\\\/Sr-Aqela-et-Kura-NDF-e1760193178802.jpg\",\"datePublished\":\"2025-10-09T09:00:30+00:00\",\"dateModified\":\"2025-10-11T09:41:53+00:00\",\"breadcrumb\":{\"@id\":\"https:\\\/\\\/maristeurope.eu\\\/es\\\/hermanas-en-mision\\\/#breadcrumb\"},\"inLanguage\":\"es\",\"potentialAction\":[{\"@type\":\"ReadAction\",\"target\":[\"https:\\\/\\\/maristeurope.eu\\\/es\\\/hermanas-en-mision\\\/\"]}]},{\"@type\":\"ImageObject\",\"inLanguage\":\"es\",\"@id\":\"https:\\\/\\\/maristeurope.eu\\\/es\\\/hermanas-en-mision\\\/#primaryimage\",\"url\":\"https:\\\/\\\/maristeurope.eu\\\/wp-content\\\/uploads\\\/2025\\\/10\\\/Sr-Aqela-et-Kura-NDF-e1760193178802.jpg\",\"contentUrl\":\"https:\\\/\\\/maristeurope.eu\\\/wp-content\\\/uploads\\\/2025\\\/10\\\/Sr-Aqela-et-Kura-NDF-e1760193178802.jpg\",\"width\":453,\"height\":605},{\"@type\":\"BreadcrumbList\",\"@id\":\"https:\\\/\\\/maristeurope.eu\\\/es\\\/hermanas-en-mision\\\/#breadcrumb\",\"itemListElement\":[{\"@type\":\"ListItem\",\"position\":1,\"name\":\"Home\",\"item\":\"https:\\\/\\\/maristeurope.eu\\\/es\\\/\"},{\"@type\":\"ListItem\",\"position\":2,\"name\":\"Hermanas en Misi\u00f3n en Notre Dame de France\"}]},{\"@type\":\"WebSite\",\"@id\":\"https:\\\/\\\/maristeurope.eu\\\/es\\\/#website\",\"url\":\"https:\\\/\\\/maristeurope.eu\\\/es\\\/\",\"name\":\"Marist Europe\",\"description\":\"\",\"publisher\":{\"@id\":\"https:\\\/\\\/maristeurope.eu\\\/es\\\/#organization\"},\"potentialAction\":[{\"@type\":\"SearchAction\",\"target\":{\"@type\":\"EntryPoint\",\"urlTemplate\":\"https:\\\/\\\/maristeurope.eu\\\/es\\\/?s={search_term_string}\"},\"query-input\":{\"@type\":\"PropertyValueSpecification\",\"valueRequired\":true,\"valueName\":\"search_term_string\"}}],\"inLanguage\":\"es\"},{\"@type\":\"Organization\",\"@id\":\"https:\\\/\\\/maristeurope.eu\\\/es\\\/#organization\",\"name\":\"Marist Europe\",\"url\":\"https:\\\/\\\/maristeurope.eu\\\/es\\\/\",\"logo\":{\"@type\":\"ImageObject\",\"inLanguage\":\"es\",\"@id\":\"https:\\\/\\\/maristeurope.eu\\\/es\\\/#\\\/schema\\\/logo\\\/image\\\/\",\"url\":\"https:\\\/\\\/maristeurope.eu\\\/wp-content\\\/uploads\\\/2024\\\/10\\\/EU-SM-Finalogo-02.png\",\"contentUrl\":\"https:\\\/\\\/maristeurope.eu\\\/wp-content\\\/uploads\\\/2024\\\/10\\\/EU-SM-Finalogo-02.png\",\"width\":150,\"height\":156,\"caption\":\"Marist Europe\"},\"image\":{\"@id\":\"https:\\\/\\\/maristeurope.eu\\\/es\\\/#\\\/schema\\\/logo\\\/image\\\/\"}},{\"@type\":\"Person\",\"@id\":\"https:\\\/\\\/maristeurope.eu\\\/es\\\/#\\\/schema\\\/person\\\/52ef67935880edd2768565651118bee9\",\"name\":\"Anne Marie Salgo\",\"image\":{\"@type\":\"ImageObject\",\"inLanguage\":\"es\",\"@id\":\"https:\\\/\\\/secure.gravatar.com\\\/avatar\\\/63bc5f7f74a90bb8d99eaaf8206d8217d780934d9a9659350347a36f2698fe6b?s=96&d=mm&r=g\",\"url\":\"https:\\\/\\\/secure.gravatar.com\\\/avatar\\\/63bc5f7f74a90bb8d99eaaf8206d8217d780934d9a9659350347a36f2698fe6b?s=96&d=mm&r=g\",\"contentUrl\":\"https:\\\/\\\/secure.gravatar.com\\\/avatar\\\/63bc5f7f74a90bb8d99eaaf8206d8217d780934d9a9659350347a36f2698fe6b?s=96&d=mm&r=g\",\"caption\":\"Anne Marie Salgo\"},\"url\":\"https:\\\/\\\/maristeurope.eu\\\/es\\\/author\\\/anne\\\/\"}]}<\/script>\n<!-- \/ Yoast SEO plugin. -->","yoast_head_json":{"title":"Hermanas en Misi\u00f3n en Notre Dame de France - Marist Europe","robots":{"index":"index","follow":"follow","max-snippet":"max-snippet:-1","max-image-preview":"max-image-preview:large","max-video-preview":"max-video-preview:-1"},"canonical":"https:\/\/maristeurope.eu\/es\/hermanas-en-mision\/","og_locale":"es_ES","og_type":"article","og_title":"Hermanas en Misi\u00f3n en Notre Dame de France - Marist Europe","og_description":"Las hermanas Kura y Aquela SMSM son las nuevas integrantes del equipo marista en Londres. Comparten su primera experiencia al llegar al Reino Unido...","og_url":"https:\/\/maristeurope.eu\/es\/hermanas-en-mision\/","og_site_name":"Marist Europe","article_published_time":"2025-10-09T09:00:30+00:00","article_modified_time":"2025-10-11T09:41:53+00:00","og_image":[{"width":453,"height":605,"url":"https:\/\/maristeurope.eu\/wp-content\/uploads\/2025\/10\/Sr-Aqela-et-Kura-NDF-e1760173354166.jpg","type":"image\/jpeg"}],"author":"Anne Marie Salgo","twitter_card":"summary_large_image","twitter_misc":{"Escrito por":"Anne Marie Salgo","Tiempo de lectura":"3 minuto"},"schema":{"@context":"https:\/\/schema.org","@graph":[{"@type":"Article","@id":"https:\/\/maristeurope.eu\/es\/hermanas-en-mision\/#article","isPartOf":{"@id":"https:\/\/maristeurope.eu\/es\/hermanas-en-mision\/"},"author":{"name":"Anne Marie Salgo","@id":"https:\/\/maristeurope.eu\/es\/#\/schema\/person\/52ef67935880edd2768565651118bee9"},"headline":"Hermanas en Misi\u00f3n en Notre Dame de France","datePublished":"2025-10-09T09:00:30+00:00","dateModified":"2025-10-11T09:41:53+00:00","mainEntityOfPage":{"@id":"https:\/\/maristeurope.eu\/es\/hermanas-en-mision\/"},"wordCount":589,"commentCount":0,"publisher":{"@id":"https:\/\/maristeurope.eu\/es\/#organization"},"image":{"@id":"https:\/\/maristeurope.eu\/es\/hermanas-en-mision\/#primaryimage"},"thumbnailUrl":"https:\/\/maristeurope.eu\/wp-content\/uploads\/2025\/10\/Sr-Aqela-et-Kura-NDF-e1760193178802.jpg","inLanguage":"es","potentialAction":[{"@type":"CommentAction","name":"Comment","target":["https:\/\/maristeurope.eu\/es\/hermanas-en-mision\/#respond"]}]},{"@type":"WebPage","@id":"https:\/\/maristeurope.eu\/es\/hermanas-en-mision\/","url":"https:\/\/maristeurope.eu\/es\/hermanas-en-mision\/","name":"Hermanas en Misi\u00f3n en Notre Dame de France - Marist Europe","isPartOf":{"@id":"https:\/\/maristeurope.eu\/es\/#website"},"primaryImageOfPage":{"@id":"https:\/\/maristeurope.eu\/es\/hermanas-en-mision\/#primaryimage"},"image":{"@id":"https:\/\/maristeurope.eu\/es\/hermanas-en-mision\/#primaryimage"},"thumbnailUrl":"https:\/\/maristeurope.eu\/wp-content\/uploads\/2025\/10\/Sr-Aqela-et-Kura-NDF-e1760193178802.jpg","datePublished":"2025-10-09T09:00:30+00:00","dateModified":"2025-10-11T09:41:53+00:00","breadcrumb":{"@id":"https:\/\/maristeurope.eu\/es\/hermanas-en-mision\/#breadcrumb"},"inLanguage":"es","potentialAction":[{"@type":"ReadAction","target":["https:\/\/maristeurope.eu\/es\/hermanas-en-mision\/"]}]},{"@type":"ImageObject","inLanguage":"es","@id":"https:\/\/maristeurope.eu\/es\/hermanas-en-mision\/#primaryimage","url":"https:\/\/maristeurope.eu\/wp-content\/uploads\/2025\/10\/Sr-Aqela-et-Kura-NDF-e1760193178802.jpg","contentUrl":"https:\/\/maristeurope.eu\/wp-content\/uploads\/2025\/10\/Sr-Aqela-et-Kura-NDF-e1760193178802.jpg","width":453,"height":605},{"@type":"BreadcrumbList","@id":"https:\/\/maristeurope.eu\/es\/hermanas-en-mision\/#breadcrumb","itemListElement":[{"@type":"ListItem","position":1,"name":"Home","item":"https:\/\/maristeurope.eu\/es\/"},{"@type":"ListItem","position":2,"name":"Hermanas en Misi\u00f3n en Notre Dame de France"}]},{"@type":"WebSite","@id":"https:\/\/maristeurope.eu\/es\/#website","url":"https:\/\/maristeurope.eu\/es\/","name":"Marist Europe","description":"","publisher":{"@id":"https:\/\/maristeurope.eu\/es\/#organization"},"potentialAction":[{"@type":"SearchAction","target":{"@type":"EntryPoint","urlTemplate":"https:\/\/maristeurope.eu\/es\/?s={search_term_string}"},"query-input":{"@type":"PropertyValueSpecification","valueRequired":true,"valueName":"search_term_string"}}],"inLanguage":"es"},{"@type":"Organization","@id":"https:\/\/maristeurope.eu\/es\/#organization","name":"Marist Europe","url":"https:\/\/maristeurope.eu\/es\/","logo":{"@type":"ImageObject","inLanguage":"es","@id":"https:\/\/maristeurope.eu\/es\/#\/schema\/logo\/image\/","url":"https:\/\/maristeurope.eu\/wp-content\/uploads\/2024\/10\/EU-SM-Finalogo-02.png","contentUrl":"https:\/\/maristeurope.eu\/wp-content\/uploads\/2024\/10\/EU-SM-Finalogo-02.png","width":150,"height":156,"caption":"Marist Europe"},"image":{"@id":"https:\/\/maristeurope.eu\/es\/#\/schema\/logo\/image\/"}},{"@type":"Person","@id":"https:\/\/maristeurope.eu\/es\/#\/schema\/person\/52ef67935880edd2768565651118bee9","name":"Anne Marie Salgo","image":{"@type":"ImageObject","inLanguage":"es","@id":"https:\/\/secure.gravatar.com\/avatar\/63bc5f7f74a90bb8d99eaaf8206d8217d780934d9a9659350347a36f2698fe6b?s=96&d=mm&r=g","url":"https:\/\/secure.gravatar.com\/avatar\/63bc5f7f74a90bb8d99eaaf8206d8217d780934d9a9659350347a36f2698fe6b?s=96&d=mm&r=g","contentUrl":"https:\/\/secure.gravatar.com\/avatar\/63bc5f7f74a90bb8d99eaaf8206d8217d780934d9a9659350347a36f2698fe6b?s=96&d=mm&r=g","caption":"Anne Marie Salgo"},"url":"https:\/\/maristeurope.eu\/es\/author\/anne\/"}]}},"_links":{"self":[{"href":"https:\/\/maristeurope.eu\/es\/wp-json\/wp\/v2\/posts\/7885","targetHints":{"allow":["GET"]}}],"collection":[{"href":"https:\/\/maristeurope.eu\/es\/wp-json\/wp\/v2\/posts"}],"about":[{"href":"https:\/\/maristeurope.eu\/es\/wp-json\/wp\/v2\/types\/post"}],"author":[{"embeddable":true,"href":"https:\/\/maristeurope.eu\/es\/wp-json\/wp\/v2\/users\/3"}],"replies":[{"embeddable":true,"href":"https:\/\/maristeurope.eu\/es\/wp-json\/wp\/v2\/comments?post=7885"}],"version-history":[{"count":2,"href":"https:\/\/maristeurope.eu\/es\/wp-json\/wp\/v2\/posts\/7885\/revisions"}],"predecessor-version":[{"id":7888,"href":"https:\/\/maristeurope.eu\/es\/wp-json\/wp\/v2\/posts\/7885\/revisions\/7888"}],"wp:featuredmedia":[{"embeddable":true,"href":"https:\/\/maristeurope.eu\/es\/wp-json\/wp\/v2\/media\/7869"}],"wp:attachment":[{"href":"https:\/\/maristeurope.eu\/es\/wp-json\/wp\/v2\/media?parent=7885"}],"wp:term":[{"taxonomy":"category","embeddable":true,"href":"https:\/\/maristeurope.eu\/es\/wp-json\/wp\/v2\/categories?post=7885"},{"taxonomy":"post_tag","embeddable":true,"href":"https:\/\/maristeurope.eu\/es\/wp-json\/wp\/v2\/tags?post=7885"}],"curies":[{"name":"wp","href":"https:\/\/api.w.org\/{rel}","templated":true}]}}