{"id":7666,"date":"2025-09-04T22:15:00","date_gmt":"2025-09-04T20:15:00","guid":{"rendered":"https:\/\/maristeurope.eu\/seis-meses-en-sahagun\/"},"modified":"2025-09-14T22:19:07","modified_gmt":"2025-09-14T20:19:07","slug":"seis-meses-en-sahagun","status":"publish","type":"post","link":"https:\/\/maristeurope.eu\/es\/seis-meses-en-sahagun\/","title":{"rendered":"Seis meses en Sahag\u00fan"},"content":{"rendered":"\n<p><strong><em>Matthew Crawford escribe desde el Albergue de Santa Cruz:  <\/em><\/strong><\/p>\n\n<p>Antes de llegar a Espa\u00f1a, tambi\u00e9n me hab\u00eda imaginado el sol como norma. Llegu\u00e9 a Sahag\u00fan a principios de marzo y me recibi\u00f3 una ligera nevada. Sin embargo, en comparaci\u00f3n con los inviernos neozelandeses, no me import\u00f3 en absoluto, ya que el viento no era un factor tan importante. Los paseos por la ma\u00f1ana temprano fueron una buena forma de aclimatarme. Desde el principio, mi comunidad aqu\u00ed en el Albergue de Santa Cruz ha sido incre\u00edblemente acogedora, a pesar de que mi espa\u00f1ol est\u00e1 bastante oxidado. El primer mes fue tranquilo, lo que me permiti\u00f3 adaptarme y aprender el ritmo diario del Albergue. Cuando no estamos llenos, hay m\u00e1s espacio para pasar tiempo con los peregrinos, y en esas primeras semanas tuve el privilegio de escuchar muchas historias profundamente conmovedoras sobre la vida, la fe y los viajes que llevaron a la gente al Camino.      <\/p>\n\n<p>En Semana Santa, el flujo de peregrinos se hab\u00eda acelerado. Mayo y junio trajeron habitaciones llenas casi todas las noches, y con ellas el ajetreo y la energ\u00eda de una casa llena de viajeros. Hemos sido bendecidos con muchos voluntarios y hospitaleros de todo el mundo, cada uno aportando su propia cultura y experiencias para enriquecer nuestro trabajo compartido. Con la llegada de julio y agosto, las cifras descendieron con el calor estival -como siempre-, pero sabemos que septiembre volver\u00e1 a llenar el sendero.   <\/p>\n\n<p>Al repasar estos primeros seis meses, veo un ministerio que es a la vez repetitivo e infinitamente variado. Las tareas pueden ser las mismas, pero cada d\u00eda es nuevo porque cada peregrino es nuevo. Nuestro caf\u00e9 del peregrino, la cena compartida y la misa diaria marcan nuestro Albergue como un lugar donde la Iglesia est\u00e1 presente en el Camino, y donde tratamos de compartir la suave presencia de Mar\u00eda con los cansados. Aqu\u00ed, al igual que Mar\u00eda, confiamos en la providencia de Dios - creyendo que \u00c9l trabaja silenciosamente a trav\u00e9s de nosotros para el bien tanto de los peregrinos como de los anfitriones.   <\/p>\n","protected":false},"excerpt":{"rendered":"<p>Matthew Crawford escribe desde el Albergue de Santa Cruz: Antes de llegar a Espa\u00f1a, yo tambi\u00e9n hab\u00eda imaginado el sol como la norma. Llegu\u00e9 a Sahag\u00fan a principios de marzo y me recibi\u00f3 una ligera nevada. <\/p>\n","protected":false},"author":3,"featured_media":7640,"comment_status":"open","ping_status":"open","sticky":false,"template":"","format":"standard","meta":{"footnotes":""},"categories":[50],"tags":[],"class_list":["post-7666","post","type-post","status-publish","format-standard","has-post-thumbnail","hentry","category-sin-categoria"],"yoast_head":"<!-- This site is optimized with the Yoast SEO plugin v27.5 - https:\/\/yoast.com\/product\/yoast-seo-wordpress\/ -->\n<title>Seis meses en Sahag\u00fan - Marist Europe<\/title>\n<meta name=\"robots\" content=\"index, follow, max-snippet:-1, max-image-preview:large, max-video-preview:-1\" \/>\n<link rel=\"canonical\" href=\"https:\/\/maristeurope.eu\/es\/seis-meses-en-sahagun\/\" \/>\n<meta property=\"og:locale\" content=\"es_ES\" \/>\n<meta property=\"og:type\" content=\"article\" \/>\n<meta property=\"og:title\" content=\"Seis meses en Sahag\u00fan - Marist Europe\" \/>\n<meta property=\"og:description\" content=\"Matthew Crawford escribe desde el Albergue de Santa Cruz: Antes de llegar a Espa\u00f1a, yo tambi\u00e9n hab\u00eda imaginado el sol como la norma. Llegu\u00e9 a Sahag\u00fan a principios de marzo y me recibi\u00f3 una ligera nevada.\" \/>\n<meta property=\"og:url\" content=\"https:\/\/maristeurope.eu\/es\/seis-meses-en-sahagun\/\" \/>\n<meta property=\"og:site_name\" content=\"Marist Europe\" \/>\n<meta property=\"article:published_time\" content=\"2025-09-04T20:15:00+00:00\" \/>\n<meta property=\"article:modified_time\" content=\"2025-09-14T20:19:07+00:00\" \/>\n<meta property=\"og:image\" content=\"https:\/\/maristeurope.eu\/wp-content\/uploads\/2025\/09\/vendredi-saint-2025.jpg\" \/>\n\t<meta property=\"og:image:width\" content=\"1600\" \/>\n\t<meta property=\"og:image:height\" content=\"721\" \/>\n\t<meta property=\"og:image:type\" content=\"image\/jpeg\" \/>\n<meta name=\"author\" content=\"Anne Marie Salgo\" \/>\n<meta name=\"twitter:card\" content=\"summary_large_image\" \/>\n<meta name=\"twitter:label1\" content=\"Escrito por\" \/>\n\t<meta name=\"twitter:data1\" content=\"Anne Marie Salgo\" \/>\n\t<meta name=\"twitter:label2\" content=\"Tiempo de lectura\" \/>\n\t<meta name=\"twitter:data2\" content=\"2 minuto\" \/>\n<script type=\"application\/ld+json\" class=\"yoast-schema-graph\">{\"@context\":\"https:\\\/\\\/schema.org\",\"@graph\":[{\"@type\":\"Article\",\"@id\":\"https:\\\/\\\/maristeurope.eu\\\/es\\\/seis-meses-en-sahagun\\\/#article\",\"isPartOf\":{\"@id\":\"https:\\\/\\\/maristeurope.eu\\\/es\\\/seis-meses-en-sahagun\\\/\"},\"author\":{\"name\":\"Anne Marie Salgo\",\"@id\":\"https:\\\/\\\/maristeurope.eu\\\/es\\\/#\\\/schema\\\/person\\\/52ef67935880edd2768565651118bee9\"},\"headline\":\"Seis meses en Sahag\u00fan\",\"datePublished\":\"2025-09-04T20:15:00+00:00\",\"dateModified\":\"2025-09-14T20:19:07+00:00\",\"mainEntityOfPage\":{\"@id\":\"https:\\\/\\\/maristeurope.eu\\\/es\\\/seis-meses-en-sahagun\\\/\"},\"wordCount\":362,\"commentCount\":0,\"publisher\":{\"@id\":\"https:\\\/\\\/maristeurope.eu\\\/es\\\/#organization\"},\"image\":{\"@id\":\"https:\\\/\\\/maristeurope.eu\\\/es\\\/seis-meses-en-sahagun\\\/#primaryimage\"},\"thumbnailUrl\":\"https:\\\/\\\/maristeurope.eu\\\/wp-content\\\/uploads\\\/2025\\\/09\\\/vendredi-saint-2025.jpg\",\"inLanguage\":\"es\",\"potentialAction\":[{\"@type\":\"CommentAction\",\"name\":\"Comment\",\"target\":[\"https:\\\/\\\/maristeurope.eu\\\/es\\\/seis-meses-en-sahagun\\\/#respond\"]}]},{\"@type\":\"WebPage\",\"@id\":\"https:\\\/\\\/maristeurope.eu\\\/es\\\/seis-meses-en-sahagun\\\/\",\"url\":\"https:\\\/\\\/maristeurope.eu\\\/es\\\/seis-meses-en-sahagun\\\/\",\"name\":\"Seis meses en Sahag\u00fan - Marist Europe\",\"isPartOf\":{\"@id\":\"https:\\\/\\\/maristeurope.eu\\\/es\\\/#website\"},\"primaryImageOfPage\":{\"@id\":\"https:\\\/\\\/maristeurope.eu\\\/es\\\/seis-meses-en-sahagun\\\/#primaryimage\"},\"image\":{\"@id\":\"https:\\\/\\\/maristeurope.eu\\\/es\\\/seis-meses-en-sahagun\\\/#primaryimage\"},\"thumbnailUrl\":\"https:\\\/\\\/maristeurope.eu\\\/wp-content\\\/uploads\\\/2025\\\/09\\\/vendredi-saint-2025.jpg\",\"datePublished\":\"2025-09-04T20:15:00+00:00\",\"dateModified\":\"2025-09-14T20:19:07+00:00\",\"breadcrumb\":{\"@id\":\"https:\\\/\\\/maristeurope.eu\\\/es\\\/seis-meses-en-sahagun\\\/#breadcrumb\"},\"inLanguage\":\"es\",\"potentialAction\":[{\"@type\":\"ReadAction\",\"target\":[\"https:\\\/\\\/maristeurope.eu\\\/es\\\/seis-meses-en-sahagun\\\/\"]}]},{\"@type\":\"ImageObject\",\"inLanguage\":\"es\",\"@id\":\"https:\\\/\\\/maristeurope.eu\\\/es\\\/seis-meses-en-sahagun\\\/#primaryimage\",\"url\":\"https:\\\/\\\/maristeurope.eu\\\/wp-content\\\/uploads\\\/2025\\\/09\\\/vendredi-saint-2025.jpg\",\"contentUrl\":\"https:\\\/\\\/maristeurope.eu\\\/wp-content\\\/uploads\\\/2025\\\/09\\\/vendredi-saint-2025.jpg\",\"width\":1600,\"height\":721},{\"@type\":\"BreadcrumbList\",\"@id\":\"https:\\\/\\\/maristeurope.eu\\\/es\\\/seis-meses-en-sahagun\\\/#breadcrumb\",\"itemListElement\":[{\"@type\":\"ListItem\",\"position\":1,\"name\":\"Home\",\"item\":\"https:\\\/\\\/maristeurope.eu\\\/es\\\/\"},{\"@type\":\"ListItem\",\"position\":2,\"name\":\"Seis meses en Sahag\u00fan\"}]},{\"@type\":\"WebSite\",\"@id\":\"https:\\\/\\\/maristeurope.eu\\\/es\\\/#website\",\"url\":\"https:\\\/\\\/maristeurope.eu\\\/es\\\/\",\"name\":\"Marist Europe\",\"description\":\"\",\"publisher\":{\"@id\":\"https:\\\/\\\/maristeurope.eu\\\/es\\\/#organization\"},\"potentialAction\":[{\"@type\":\"SearchAction\",\"target\":{\"@type\":\"EntryPoint\",\"urlTemplate\":\"https:\\\/\\\/maristeurope.eu\\\/es\\\/?s={search_term_string}\"},\"query-input\":{\"@type\":\"PropertyValueSpecification\",\"valueRequired\":true,\"valueName\":\"search_term_string\"}}],\"inLanguage\":\"es\"},{\"@type\":\"Organization\",\"@id\":\"https:\\\/\\\/maristeurope.eu\\\/es\\\/#organization\",\"name\":\"Marist Europe\",\"url\":\"https:\\\/\\\/maristeurope.eu\\\/es\\\/\",\"logo\":{\"@type\":\"ImageObject\",\"inLanguage\":\"es\",\"@id\":\"https:\\\/\\\/maristeurope.eu\\\/es\\\/#\\\/schema\\\/logo\\\/image\\\/\",\"url\":\"https:\\\/\\\/maristeurope.eu\\\/wp-content\\\/uploads\\\/2024\\\/10\\\/EU-SM-Finalogo-02.png\",\"contentUrl\":\"https:\\\/\\\/maristeurope.eu\\\/wp-content\\\/uploads\\\/2024\\\/10\\\/EU-SM-Finalogo-02.png\",\"width\":150,\"height\":156,\"caption\":\"Marist Europe\"},\"image\":{\"@id\":\"https:\\\/\\\/maristeurope.eu\\\/es\\\/#\\\/schema\\\/logo\\\/image\\\/\"}},{\"@type\":\"Person\",\"@id\":\"https:\\\/\\\/maristeurope.eu\\\/es\\\/#\\\/schema\\\/person\\\/52ef67935880edd2768565651118bee9\",\"name\":\"Anne Marie Salgo\",\"image\":{\"@type\":\"ImageObject\",\"inLanguage\":\"es\",\"@id\":\"https:\\\/\\\/secure.gravatar.com\\\/avatar\\\/63bc5f7f74a90bb8d99eaaf8206d8217d780934d9a9659350347a36f2698fe6b?s=96&d=mm&r=g\",\"url\":\"https:\\\/\\\/secure.gravatar.com\\\/avatar\\\/63bc5f7f74a90bb8d99eaaf8206d8217d780934d9a9659350347a36f2698fe6b?s=96&d=mm&r=g\",\"contentUrl\":\"https:\\\/\\\/secure.gravatar.com\\\/avatar\\\/63bc5f7f74a90bb8d99eaaf8206d8217d780934d9a9659350347a36f2698fe6b?s=96&d=mm&r=g\",\"caption\":\"Anne Marie Salgo\"},\"url\":\"https:\\\/\\\/maristeurope.eu\\\/es\\\/author\\\/anne\\\/\"}]}<\/script>\n<!-- \/ Yoast SEO plugin. -->","yoast_head_json":{"title":"Seis meses en Sahag\u00fan - Marist Europe","robots":{"index":"index","follow":"follow","max-snippet":"max-snippet:-1","max-image-preview":"max-image-preview:large","max-video-preview":"max-video-preview:-1"},"canonical":"https:\/\/maristeurope.eu\/es\/seis-meses-en-sahagun\/","og_locale":"es_ES","og_type":"article","og_title":"Seis meses en Sahag\u00fan - Marist Europe","og_description":"Matthew Crawford escribe desde el Albergue de Santa Cruz: Antes de llegar a Espa\u00f1a, yo tambi\u00e9n hab\u00eda imaginado el sol como la norma. Llegu\u00e9 a Sahag\u00fan a principios de marzo y me recibi\u00f3 una ligera nevada.","og_url":"https:\/\/maristeurope.eu\/es\/seis-meses-en-sahagun\/","og_site_name":"Marist Europe","article_published_time":"2025-09-04T20:15:00+00:00","article_modified_time":"2025-09-14T20:19:07+00:00","og_image":[{"width":1600,"height":721,"url":"https:\/\/maristeurope.eu\/wp-content\/uploads\/2025\/09\/vendredi-saint-2025.jpg","type":"image\/jpeg"}],"author":"Anne Marie Salgo","twitter_card":"summary_large_image","twitter_misc":{"Escrito por":"Anne Marie Salgo","Tiempo de lectura":"2 minuto"},"schema":{"@context":"https:\/\/schema.org","@graph":[{"@type":"Article","@id":"https:\/\/maristeurope.eu\/es\/seis-meses-en-sahagun\/#article","isPartOf":{"@id":"https:\/\/maristeurope.eu\/es\/seis-meses-en-sahagun\/"},"author":{"name":"Anne Marie Salgo","@id":"https:\/\/maristeurope.eu\/es\/#\/schema\/person\/52ef67935880edd2768565651118bee9"},"headline":"Seis meses en Sahag\u00fan","datePublished":"2025-09-04T20:15:00+00:00","dateModified":"2025-09-14T20:19:07+00:00","mainEntityOfPage":{"@id":"https:\/\/maristeurope.eu\/es\/seis-meses-en-sahagun\/"},"wordCount":362,"commentCount":0,"publisher":{"@id":"https:\/\/maristeurope.eu\/es\/#organization"},"image":{"@id":"https:\/\/maristeurope.eu\/es\/seis-meses-en-sahagun\/#primaryimage"},"thumbnailUrl":"https:\/\/maristeurope.eu\/wp-content\/uploads\/2025\/09\/vendredi-saint-2025.jpg","inLanguage":"es","potentialAction":[{"@type":"CommentAction","name":"Comment","target":["https:\/\/maristeurope.eu\/es\/seis-meses-en-sahagun\/#respond"]}]},{"@type":"WebPage","@id":"https:\/\/maristeurope.eu\/es\/seis-meses-en-sahagun\/","url":"https:\/\/maristeurope.eu\/es\/seis-meses-en-sahagun\/","name":"Seis meses en Sahag\u00fan - Marist Europe","isPartOf":{"@id":"https:\/\/maristeurope.eu\/es\/#website"},"primaryImageOfPage":{"@id":"https:\/\/maristeurope.eu\/es\/seis-meses-en-sahagun\/#primaryimage"},"image":{"@id":"https:\/\/maristeurope.eu\/es\/seis-meses-en-sahagun\/#primaryimage"},"thumbnailUrl":"https:\/\/maristeurope.eu\/wp-content\/uploads\/2025\/09\/vendredi-saint-2025.jpg","datePublished":"2025-09-04T20:15:00+00:00","dateModified":"2025-09-14T20:19:07+00:00","breadcrumb":{"@id":"https:\/\/maristeurope.eu\/es\/seis-meses-en-sahagun\/#breadcrumb"},"inLanguage":"es","potentialAction":[{"@type":"ReadAction","target":["https:\/\/maristeurope.eu\/es\/seis-meses-en-sahagun\/"]}]},{"@type":"ImageObject","inLanguage":"es","@id":"https:\/\/maristeurope.eu\/es\/seis-meses-en-sahagun\/#primaryimage","url":"https:\/\/maristeurope.eu\/wp-content\/uploads\/2025\/09\/vendredi-saint-2025.jpg","contentUrl":"https:\/\/maristeurope.eu\/wp-content\/uploads\/2025\/09\/vendredi-saint-2025.jpg","width":1600,"height":721},{"@type":"BreadcrumbList","@id":"https:\/\/maristeurope.eu\/es\/seis-meses-en-sahagun\/#breadcrumb","itemListElement":[{"@type":"ListItem","position":1,"name":"Home","item":"https:\/\/maristeurope.eu\/es\/"},{"@type":"ListItem","position":2,"name":"Seis meses en Sahag\u00fan"}]},{"@type":"WebSite","@id":"https:\/\/maristeurope.eu\/es\/#website","url":"https:\/\/maristeurope.eu\/es\/","name":"Marist Europe","description":"","publisher":{"@id":"https:\/\/maristeurope.eu\/es\/#organization"},"potentialAction":[{"@type":"SearchAction","target":{"@type":"EntryPoint","urlTemplate":"https:\/\/maristeurope.eu\/es\/?s={search_term_string}"},"query-input":{"@type":"PropertyValueSpecification","valueRequired":true,"valueName":"search_term_string"}}],"inLanguage":"es"},{"@type":"Organization","@id":"https:\/\/maristeurope.eu\/es\/#organization","name":"Marist Europe","url":"https:\/\/maristeurope.eu\/es\/","logo":{"@type":"ImageObject","inLanguage":"es","@id":"https:\/\/maristeurope.eu\/es\/#\/schema\/logo\/image\/","url":"https:\/\/maristeurope.eu\/wp-content\/uploads\/2024\/10\/EU-SM-Finalogo-02.png","contentUrl":"https:\/\/maristeurope.eu\/wp-content\/uploads\/2024\/10\/EU-SM-Finalogo-02.png","width":150,"height":156,"caption":"Marist Europe"},"image":{"@id":"https:\/\/maristeurope.eu\/es\/#\/schema\/logo\/image\/"}},{"@type":"Person","@id":"https:\/\/maristeurope.eu\/es\/#\/schema\/person\/52ef67935880edd2768565651118bee9","name":"Anne Marie Salgo","image":{"@type":"ImageObject","inLanguage":"es","@id":"https:\/\/secure.gravatar.com\/avatar\/63bc5f7f74a90bb8d99eaaf8206d8217d780934d9a9659350347a36f2698fe6b?s=96&d=mm&r=g","url":"https:\/\/secure.gravatar.com\/avatar\/63bc5f7f74a90bb8d99eaaf8206d8217d780934d9a9659350347a36f2698fe6b?s=96&d=mm&r=g","contentUrl":"https:\/\/secure.gravatar.com\/avatar\/63bc5f7f74a90bb8d99eaaf8206d8217d780934d9a9659350347a36f2698fe6b?s=96&d=mm&r=g","caption":"Anne Marie Salgo"},"url":"https:\/\/maristeurope.eu\/es\/author\/anne\/"}]}},"_links":{"self":[{"href":"https:\/\/maristeurope.eu\/es\/wp-json\/wp\/v2\/posts\/7666","targetHints":{"allow":["GET"]}}],"collection":[{"href":"https:\/\/maristeurope.eu\/es\/wp-json\/wp\/v2\/posts"}],"about":[{"href":"https:\/\/maristeurope.eu\/es\/wp-json\/wp\/v2\/types\/post"}],"author":[{"embeddable":true,"href":"https:\/\/maristeurope.eu\/es\/wp-json\/wp\/v2\/users\/3"}],"replies":[{"embeddable":true,"href":"https:\/\/maristeurope.eu\/es\/wp-json\/wp\/v2\/comments?post=7666"}],"version-history":[{"count":1,"href":"https:\/\/maristeurope.eu\/es\/wp-json\/wp\/v2\/posts\/7666\/revisions"}],"predecessor-version":[{"id":7667,"href":"https:\/\/maristeurope.eu\/es\/wp-json\/wp\/v2\/posts\/7666\/revisions\/7667"}],"wp:featuredmedia":[{"embeddable":true,"href":"https:\/\/maristeurope.eu\/es\/wp-json\/wp\/v2\/media\/7640"}],"wp:attachment":[{"href":"https:\/\/maristeurope.eu\/es\/wp-json\/wp\/v2\/media?parent=7666"}],"wp:term":[{"taxonomy":"category","embeddable":true,"href":"https:\/\/maristeurope.eu\/es\/wp-json\/wp\/v2\/categories?post=7666"},{"taxonomy":"post_tag","embeddable":true,"href":"https:\/\/maristeurope.eu\/es\/wp-json\/wp\/v2\/tags?post=7666"}],"curies":[{"name":"wp","href":"https:\/\/api.w.org\/{rel}","templated":true}]}}