{"id":6814,"date":"2025-03-25T23:40:53","date_gmt":"2025-03-25T22:40:53","guid":{"rendered":"https:\/\/maristeurope.eu\/algo-nuevo-bajo-el-sol\/"},"modified":"2025-03-25T23:42:05","modified_gmt":"2025-03-25T22:42:05","slug":"algo-nuevo-bajo-el-sol","status":"publish","type":"post","link":"https:\/\/maristeurope.eu\/es\/algo-nuevo-bajo-el-sol\/","title":{"rendered":"Algo nuevo bajo el sol"},"content":{"rendered":"\n<p>En la <strong>fiesta de la Anunciaci\u00f3n<\/strong>, el 25 de marzo de 2025, hemos lanzado oficialmente la <strong>nueva p\u00e1gina web provincial de la Sociedad de Mar\u00eda en Europa<\/strong>. El acto fue retransmitido en directo desde La Neyliere, nuestra Casa Marista de Acogida en el sur de Francia, donde est\u00e1 enterrado el P. Jean Claude Colin, fundador de la Sociedad.   <\/p>\n\n<p>Los Padres Kevin Duffy (Provincial) y Declan Marmion (Vicario Provincial) compartieron una breve reflexi\u00f3n explicando por qu\u00e9 es un momento significativo en la vida de la provincia y presentaron las principales caracter\u00edsticas de la p\u00e1gina web. Para reflejar la geograf\u00eda de la provincia, el sitio est\u00e1 disponible en siete lenguas, presentar\u00e1 noticias y actualizaciones de los ocho pa\u00edses donde est\u00e1n presentes nuestras comunidades maristas: Italia, Alemania, Espa\u00f1a, Holanda, Noruega, Irlanda, Francia e Inglaterra. El acto incluy\u00f3 un momento de oraci\u00f3n por las vocaciones en la Familia Marista y se pidi\u00f3 la intercesi\u00f3n de Mar\u00eda por esta nueva aventura.    <\/p>\n\n<blockquote class=\"wp-block-quote is-layout-flow wp-block-quote-is-layout-flow\">\n<p><strong><em>Padre Celestial, te damos gracias por el don de la creatividad humana y la tecnolog\u00eda que nos da la oportunidad de compartir tu Palabra con el mundo. Te pedimos tu bendici\u00f3n sobre este nuevo sitio web, para que sirva como faro de fe, esperanza y amor. Gu\u00eda a todos los que visiten este sitio, y que sea para ellos una fuente de aprendizaje y conexi\u00f3n contigo. Que todos los que busquen Tu presencia se sientan inspirados a ser disc\u00edpulos de Cristo a la manera de Mar\u00eda. Te lo pedimos por Cristo nuestro Se\u00f1or.     Am\u00e9n.<\/em><\/strong><\/p>\n<\/blockquote>\n\n<p>Esperamos seguir desarrollando nuestra presencia online y reflejar la riqueza de nuestra misi\u00f3n y espiritualidad marista en el ciberespacio. Por favor, sigan explorando estas p\u00e1ginas y no duden en ponerse en contacto con nosotros a trav\u00e9s de nuestra <a href=\"https:\/\/maristeurope.eu\/es\/pagina-de-contacto\/\">p\u00e1gina de contacto.<\/a>  <\/p>\n\n<p><\/p>\n\n<figure class=\"wp-block-embed is-type-video is-provider-youtube wp-block-embed-youtube wp-embed-aspect-16-9 wp-has-aspect-ratio\"><div class=\"wp-block-embed__wrapper\">\n<iframe loading=\"lazy\" title=\"SOMETHING NEW UNDER THE SUN - www.maristeurope.eu\" width=\"1080\" height=\"608\" src=\"https:\/\/www.youtube.com\/embed\/qM6u_y1wwO4?feature=oembed\"  allow=\"accelerometer; autoplay; clipboard-write; encrypted-media; gyroscope; picture-in-picture; web-share\" referrerpolicy=\"strict-origin-when-cross-origin\" allowfullscreen><\/iframe>\n<\/div><\/figure>\n","protected":false},"excerpt":{"rendered":"<p>En la fiesta de la Anunciaci\u00f3n, el 25 de marzo de 2025, hemos lanzado oficialmente la nueva p\u00e1gina web provincial de la Sociedad de Mar\u00eda en Europa. El acto fue retransmitido en directo desde La Neyliere, nuestra Casa Marista de Acogida. <\/p>\n","protected":false},"author":3,"featured_media":6802,"comment_status":"open","ping_status":"open","sticky":false,"template":"","format":"standard","meta":{"footnotes":""},"categories":[50],"tags":[],"class_list":["post-6814","post","type-post","status-publish","format-standard","has-post-thumbnail","hentry","category-sin-categoria"],"yoast_head":"<!-- This site is optimized with the Yoast SEO plugin v27.5 - https:\/\/yoast.com\/product\/yoast-seo-wordpress\/ -->\n<title>Algo nuevo bajo el sol - Marist Europe<\/title>\n<meta name=\"robots\" content=\"index, follow, max-snippet:-1, max-image-preview:large, max-video-preview:-1\" \/>\n<link rel=\"canonical\" href=\"https:\/\/maristeurope.eu\/es\/algo-nuevo-bajo-el-sol\/\" \/>\n<meta property=\"og:locale\" content=\"es_ES\" \/>\n<meta property=\"og:type\" content=\"article\" \/>\n<meta property=\"og:title\" content=\"Algo nuevo bajo el sol - Marist Europe\" \/>\n<meta property=\"og:description\" content=\"En la fiesta de la Anunciaci\u00f3n, el 25 de marzo de 2025, hemos lanzado oficialmente la nueva p\u00e1gina web provincial de la Sociedad de Mar\u00eda en Europa. El acto fue retransmitido en directo desde La Neyliere, nuestra Casa Marista de Acogida.\" \/>\n<meta property=\"og:url\" content=\"https:\/\/maristeurope.eu\/es\/algo-nuevo-bajo-el-sol\/\" \/>\n<meta property=\"og:site_name\" content=\"Marist Europe\" \/>\n<meta property=\"article:published_time\" content=\"2025-03-25T22:40:53+00:00\" \/>\n<meta property=\"article:modified_time\" content=\"2025-03-25T22:42:05+00:00\" \/>\n<meta property=\"og:image\" content=\"https:\/\/maristeurope.eu\/wp-content\/uploads\/2025\/03\/25-March-Invitation.jpg\" \/>\n\t<meta property=\"og:image:width\" content=\"2000\" \/>\n\t<meta property=\"og:image:height\" content=\"1428\" \/>\n\t<meta property=\"og:image:type\" content=\"image\/jpeg\" \/>\n<meta name=\"author\" content=\"Anne Marie Salgo\" \/>\n<meta name=\"twitter:card\" content=\"summary_large_image\" \/>\n<meta name=\"twitter:label1\" content=\"Escrito por\" \/>\n\t<meta name=\"twitter:data1\" content=\"Anne Marie Salgo\" \/>\n\t<meta name=\"twitter:label2\" content=\"Tiempo de lectura\" \/>\n\t<meta name=\"twitter:data2\" content=\"2 minuto\" \/>\n<script type=\"application\/ld+json\" class=\"yoast-schema-graph\">{\"@context\":\"https:\\\/\\\/schema.org\",\"@graph\":[{\"@type\":\"Article\",\"@id\":\"https:\\\/\\\/maristeurope.eu\\\/es\\\/algo-nuevo-bajo-el-sol\\\/#article\",\"isPartOf\":{\"@id\":\"https:\\\/\\\/maristeurope.eu\\\/es\\\/algo-nuevo-bajo-el-sol\\\/\"},\"author\":{\"name\":\"Anne Marie Salgo\",\"@id\":\"https:\\\/\\\/maristeurope.eu\\\/es\\\/#\\\/schema\\\/person\\\/52ef67935880edd2768565651118bee9\"},\"headline\":\"Algo nuevo bajo el sol\",\"datePublished\":\"2025-03-25T22:40:53+00:00\",\"dateModified\":\"2025-03-25T22:42:05+00:00\",\"mainEntityOfPage\":{\"@id\":\"https:\\\/\\\/maristeurope.eu\\\/es\\\/algo-nuevo-bajo-el-sol\\\/\"},\"wordCount\":329,\"commentCount\":0,\"publisher\":{\"@id\":\"https:\\\/\\\/maristeurope.eu\\\/es\\\/#organization\"},\"image\":{\"@id\":\"https:\\\/\\\/maristeurope.eu\\\/es\\\/algo-nuevo-bajo-el-sol\\\/#primaryimage\"},\"thumbnailUrl\":\"https:\\\/\\\/maristeurope.eu\\\/wp-content\\\/uploads\\\/2025\\\/03\\\/25-March-Invitation.jpg\",\"inLanguage\":\"es\",\"potentialAction\":[{\"@type\":\"CommentAction\",\"name\":\"Comment\",\"target\":[\"https:\\\/\\\/maristeurope.eu\\\/es\\\/algo-nuevo-bajo-el-sol\\\/#respond\"]}]},{\"@type\":\"WebPage\",\"@id\":\"https:\\\/\\\/maristeurope.eu\\\/es\\\/algo-nuevo-bajo-el-sol\\\/\",\"url\":\"https:\\\/\\\/maristeurope.eu\\\/es\\\/algo-nuevo-bajo-el-sol\\\/\",\"name\":\"Algo nuevo bajo el sol - Marist Europe\",\"isPartOf\":{\"@id\":\"https:\\\/\\\/maristeurope.eu\\\/es\\\/#website\"},\"primaryImageOfPage\":{\"@id\":\"https:\\\/\\\/maristeurope.eu\\\/es\\\/algo-nuevo-bajo-el-sol\\\/#primaryimage\"},\"image\":{\"@id\":\"https:\\\/\\\/maristeurope.eu\\\/es\\\/algo-nuevo-bajo-el-sol\\\/#primaryimage\"},\"thumbnailUrl\":\"https:\\\/\\\/maristeurope.eu\\\/wp-content\\\/uploads\\\/2025\\\/03\\\/25-March-Invitation.jpg\",\"datePublished\":\"2025-03-25T22:40:53+00:00\",\"dateModified\":\"2025-03-25T22:42:05+00:00\",\"breadcrumb\":{\"@id\":\"https:\\\/\\\/maristeurope.eu\\\/es\\\/algo-nuevo-bajo-el-sol\\\/#breadcrumb\"},\"inLanguage\":\"es\",\"potentialAction\":[{\"@type\":\"ReadAction\",\"target\":[\"https:\\\/\\\/maristeurope.eu\\\/es\\\/algo-nuevo-bajo-el-sol\\\/\"]}]},{\"@type\":\"ImageObject\",\"inLanguage\":\"es\",\"@id\":\"https:\\\/\\\/maristeurope.eu\\\/es\\\/algo-nuevo-bajo-el-sol\\\/#primaryimage\",\"url\":\"https:\\\/\\\/maristeurope.eu\\\/wp-content\\\/uploads\\\/2025\\\/03\\\/25-March-Invitation.jpg\",\"contentUrl\":\"https:\\\/\\\/maristeurope.eu\\\/wp-content\\\/uploads\\\/2025\\\/03\\\/25-March-Invitation.jpg\",\"width\":2000,\"height\":1428},{\"@type\":\"BreadcrumbList\",\"@id\":\"https:\\\/\\\/maristeurope.eu\\\/es\\\/algo-nuevo-bajo-el-sol\\\/#breadcrumb\",\"itemListElement\":[{\"@type\":\"ListItem\",\"position\":1,\"name\":\"Home\",\"item\":\"https:\\\/\\\/maristeurope.eu\\\/es\\\/\"},{\"@type\":\"ListItem\",\"position\":2,\"name\":\"Algo nuevo bajo el sol\"}]},{\"@type\":\"WebSite\",\"@id\":\"https:\\\/\\\/maristeurope.eu\\\/es\\\/#website\",\"url\":\"https:\\\/\\\/maristeurope.eu\\\/es\\\/\",\"name\":\"Marist Europe\",\"description\":\"\",\"publisher\":{\"@id\":\"https:\\\/\\\/maristeurope.eu\\\/es\\\/#organization\"},\"potentialAction\":[{\"@type\":\"SearchAction\",\"target\":{\"@type\":\"EntryPoint\",\"urlTemplate\":\"https:\\\/\\\/maristeurope.eu\\\/es\\\/?s={search_term_string}\"},\"query-input\":{\"@type\":\"PropertyValueSpecification\",\"valueRequired\":true,\"valueName\":\"search_term_string\"}}],\"inLanguage\":\"es\"},{\"@type\":\"Organization\",\"@id\":\"https:\\\/\\\/maristeurope.eu\\\/es\\\/#organization\",\"name\":\"Marist Europe\",\"url\":\"https:\\\/\\\/maristeurope.eu\\\/es\\\/\",\"logo\":{\"@type\":\"ImageObject\",\"inLanguage\":\"es\",\"@id\":\"https:\\\/\\\/maristeurope.eu\\\/es\\\/#\\\/schema\\\/logo\\\/image\\\/\",\"url\":\"https:\\\/\\\/maristeurope.eu\\\/wp-content\\\/uploads\\\/2024\\\/10\\\/EU-SM-Finalogo-02.png\",\"contentUrl\":\"https:\\\/\\\/maristeurope.eu\\\/wp-content\\\/uploads\\\/2024\\\/10\\\/EU-SM-Finalogo-02.png\",\"width\":150,\"height\":156,\"caption\":\"Marist Europe\"},\"image\":{\"@id\":\"https:\\\/\\\/maristeurope.eu\\\/es\\\/#\\\/schema\\\/logo\\\/image\\\/\"}},{\"@type\":\"Person\",\"@id\":\"https:\\\/\\\/maristeurope.eu\\\/es\\\/#\\\/schema\\\/person\\\/52ef67935880edd2768565651118bee9\",\"name\":\"Anne Marie Salgo\",\"image\":{\"@type\":\"ImageObject\",\"inLanguage\":\"es\",\"@id\":\"https:\\\/\\\/secure.gravatar.com\\\/avatar\\\/63bc5f7f74a90bb8d99eaaf8206d8217d780934d9a9659350347a36f2698fe6b?s=96&d=mm&r=g\",\"url\":\"https:\\\/\\\/secure.gravatar.com\\\/avatar\\\/63bc5f7f74a90bb8d99eaaf8206d8217d780934d9a9659350347a36f2698fe6b?s=96&d=mm&r=g\",\"contentUrl\":\"https:\\\/\\\/secure.gravatar.com\\\/avatar\\\/63bc5f7f74a90bb8d99eaaf8206d8217d780934d9a9659350347a36f2698fe6b?s=96&d=mm&r=g\",\"caption\":\"Anne Marie Salgo\"},\"url\":\"https:\\\/\\\/maristeurope.eu\\\/es\\\/author\\\/anne\\\/\"}]}<\/script>\n<!-- \/ Yoast SEO plugin. -->","yoast_head_json":{"title":"Algo nuevo bajo el sol - Marist Europe","robots":{"index":"index","follow":"follow","max-snippet":"max-snippet:-1","max-image-preview":"max-image-preview:large","max-video-preview":"max-video-preview:-1"},"canonical":"https:\/\/maristeurope.eu\/es\/algo-nuevo-bajo-el-sol\/","og_locale":"es_ES","og_type":"article","og_title":"Algo nuevo bajo el sol - Marist Europe","og_description":"En la fiesta de la Anunciaci\u00f3n, el 25 de marzo de 2025, hemos lanzado oficialmente la nueva p\u00e1gina web provincial de la Sociedad de Mar\u00eda en Europa. El acto fue retransmitido en directo desde La Neyliere, nuestra Casa Marista de Acogida.","og_url":"https:\/\/maristeurope.eu\/es\/algo-nuevo-bajo-el-sol\/","og_site_name":"Marist Europe","article_published_time":"2025-03-25T22:40:53+00:00","article_modified_time":"2025-03-25T22:42:05+00:00","og_image":[{"width":2000,"height":1428,"url":"https:\/\/maristeurope.eu\/wp-content\/uploads\/2025\/03\/25-March-Invitation.jpg","type":"image\/jpeg"}],"author":"Anne Marie Salgo","twitter_card":"summary_large_image","twitter_misc":{"Escrito por":"Anne Marie Salgo","Tiempo de lectura":"2 minuto"},"schema":{"@context":"https:\/\/schema.org","@graph":[{"@type":"Article","@id":"https:\/\/maristeurope.eu\/es\/algo-nuevo-bajo-el-sol\/#article","isPartOf":{"@id":"https:\/\/maristeurope.eu\/es\/algo-nuevo-bajo-el-sol\/"},"author":{"name":"Anne Marie Salgo","@id":"https:\/\/maristeurope.eu\/es\/#\/schema\/person\/52ef67935880edd2768565651118bee9"},"headline":"Algo nuevo bajo el sol","datePublished":"2025-03-25T22:40:53+00:00","dateModified":"2025-03-25T22:42:05+00:00","mainEntityOfPage":{"@id":"https:\/\/maristeurope.eu\/es\/algo-nuevo-bajo-el-sol\/"},"wordCount":329,"commentCount":0,"publisher":{"@id":"https:\/\/maristeurope.eu\/es\/#organization"},"image":{"@id":"https:\/\/maristeurope.eu\/es\/algo-nuevo-bajo-el-sol\/#primaryimage"},"thumbnailUrl":"https:\/\/maristeurope.eu\/wp-content\/uploads\/2025\/03\/25-March-Invitation.jpg","inLanguage":"es","potentialAction":[{"@type":"CommentAction","name":"Comment","target":["https:\/\/maristeurope.eu\/es\/algo-nuevo-bajo-el-sol\/#respond"]}]},{"@type":"WebPage","@id":"https:\/\/maristeurope.eu\/es\/algo-nuevo-bajo-el-sol\/","url":"https:\/\/maristeurope.eu\/es\/algo-nuevo-bajo-el-sol\/","name":"Algo nuevo bajo el sol - Marist Europe","isPartOf":{"@id":"https:\/\/maristeurope.eu\/es\/#website"},"primaryImageOfPage":{"@id":"https:\/\/maristeurope.eu\/es\/algo-nuevo-bajo-el-sol\/#primaryimage"},"image":{"@id":"https:\/\/maristeurope.eu\/es\/algo-nuevo-bajo-el-sol\/#primaryimage"},"thumbnailUrl":"https:\/\/maristeurope.eu\/wp-content\/uploads\/2025\/03\/25-March-Invitation.jpg","datePublished":"2025-03-25T22:40:53+00:00","dateModified":"2025-03-25T22:42:05+00:00","breadcrumb":{"@id":"https:\/\/maristeurope.eu\/es\/algo-nuevo-bajo-el-sol\/#breadcrumb"},"inLanguage":"es","potentialAction":[{"@type":"ReadAction","target":["https:\/\/maristeurope.eu\/es\/algo-nuevo-bajo-el-sol\/"]}]},{"@type":"ImageObject","inLanguage":"es","@id":"https:\/\/maristeurope.eu\/es\/algo-nuevo-bajo-el-sol\/#primaryimage","url":"https:\/\/maristeurope.eu\/wp-content\/uploads\/2025\/03\/25-March-Invitation.jpg","contentUrl":"https:\/\/maristeurope.eu\/wp-content\/uploads\/2025\/03\/25-March-Invitation.jpg","width":2000,"height":1428},{"@type":"BreadcrumbList","@id":"https:\/\/maristeurope.eu\/es\/algo-nuevo-bajo-el-sol\/#breadcrumb","itemListElement":[{"@type":"ListItem","position":1,"name":"Home","item":"https:\/\/maristeurope.eu\/es\/"},{"@type":"ListItem","position":2,"name":"Algo nuevo bajo el sol"}]},{"@type":"WebSite","@id":"https:\/\/maristeurope.eu\/es\/#website","url":"https:\/\/maristeurope.eu\/es\/","name":"Marist Europe","description":"","publisher":{"@id":"https:\/\/maristeurope.eu\/es\/#organization"},"potentialAction":[{"@type":"SearchAction","target":{"@type":"EntryPoint","urlTemplate":"https:\/\/maristeurope.eu\/es\/?s={search_term_string}"},"query-input":{"@type":"PropertyValueSpecification","valueRequired":true,"valueName":"search_term_string"}}],"inLanguage":"es"},{"@type":"Organization","@id":"https:\/\/maristeurope.eu\/es\/#organization","name":"Marist Europe","url":"https:\/\/maristeurope.eu\/es\/","logo":{"@type":"ImageObject","inLanguage":"es","@id":"https:\/\/maristeurope.eu\/es\/#\/schema\/logo\/image\/","url":"https:\/\/maristeurope.eu\/wp-content\/uploads\/2024\/10\/EU-SM-Finalogo-02.png","contentUrl":"https:\/\/maristeurope.eu\/wp-content\/uploads\/2024\/10\/EU-SM-Finalogo-02.png","width":150,"height":156,"caption":"Marist Europe"},"image":{"@id":"https:\/\/maristeurope.eu\/es\/#\/schema\/logo\/image\/"}},{"@type":"Person","@id":"https:\/\/maristeurope.eu\/es\/#\/schema\/person\/52ef67935880edd2768565651118bee9","name":"Anne Marie Salgo","image":{"@type":"ImageObject","inLanguage":"es","@id":"https:\/\/secure.gravatar.com\/avatar\/63bc5f7f74a90bb8d99eaaf8206d8217d780934d9a9659350347a36f2698fe6b?s=96&d=mm&r=g","url":"https:\/\/secure.gravatar.com\/avatar\/63bc5f7f74a90bb8d99eaaf8206d8217d780934d9a9659350347a36f2698fe6b?s=96&d=mm&r=g","contentUrl":"https:\/\/secure.gravatar.com\/avatar\/63bc5f7f74a90bb8d99eaaf8206d8217d780934d9a9659350347a36f2698fe6b?s=96&d=mm&r=g","caption":"Anne Marie Salgo"},"url":"https:\/\/maristeurope.eu\/es\/author\/anne\/"}]}},"_links":{"self":[{"href":"https:\/\/maristeurope.eu\/es\/wp-json\/wp\/v2\/posts\/6814","targetHints":{"allow":["GET"]}}],"collection":[{"href":"https:\/\/maristeurope.eu\/es\/wp-json\/wp\/v2\/posts"}],"about":[{"href":"https:\/\/maristeurope.eu\/es\/wp-json\/wp\/v2\/types\/post"}],"author":[{"embeddable":true,"href":"https:\/\/maristeurope.eu\/es\/wp-json\/wp\/v2\/users\/3"}],"replies":[{"embeddable":true,"href":"https:\/\/maristeurope.eu\/es\/wp-json\/wp\/v2\/comments?post=6814"}],"version-history":[{"count":4,"href":"https:\/\/maristeurope.eu\/es\/wp-json\/wp\/v2\/posts\/6814\/revisions"}],"predecessor-version":[{"id":6821,"href":"https:\/\/maristeurope.eu\/es\/wp-json\/wp\/v2\/posts\/6814\/revisions\/6821"}],"wp:featuredmedia":[{"embeddable":true,"href":"https:\/\/maristeurope.eu\/es\/wp-json\/wp\/v2\/media\/6802"}],"wp:attachment":[{"href":"https:\/\/maristeurope.eu\/es\/wp-json\/wp\/v2\/media?parent=6814"}],"wp:term":[{"taxonomy":"category","embeddable":true,"href":"https:\/\/maristeurope.eu\/es\/wp-json\/wp\/v2\/categories?post=6814"},{"taxonomy":"post_tag","embeddable":true,"href":"https:\/\/maristeurope.eu\/es\/wp-json\/wp\/v2\/tags?post=6814"}],"curies":[{"name":"wp","href":"https:\/\/api.w.org\/{rel}","templated":true}]}}