{"id":12248,"date":"2026-09-05T09:38:42","date_gmt":"2026-09-05T07:38:42","guid":{"rendered":"https:\/\/maristeurope.eu\/el-marist-chanel-college-de-irlanda-pone-en-marcha-la-educacion-mixta\/"},"modified":"2026-09-05T09:39:45","modified_gmt":"2026-09-05T07:39:45","slug":"el-marist-chanel-college-de-irlanda-pone-en-marcha-la-educacion-mixta","status":"publish","type":"post","link":"https:\/\/maristeurope.eu\/es\/el-marist-chanel-college-de-irlanda-pone-en-marcha-la-educacion-mixta\/","title":{"rendered":"El Marist Chanel College de Irlanda pone en marcha la educaci\u00f3n mixta"},"content":{"rendered":"\n<p class=\"wp-block-paragraph\"><\/p>\n\n<p class=\"wp-block-paragraph\">Desde hace m\u00e1s de 70 a\u00f1os, el Chanel College \u2014un centro educativo cat\u00f3lico de tradici\u00f3n marista\u2014 ha abierto sus puertas a generaciones de j\u00f3venes de toda la zona de Coolock. Aunque su objetivo fundamental de ofrecer una educaci\u00f3n de excelencia y estar al servicio de las familias locales sigue siendo el mismo, este a\u00f1o marca un hito hist\u00f3rico, ya que <strong>el Chanel College acoge por primera vez a alumnas junto a los alumnos<\/strong>. <\/p>\n\n<p class=\"wp-block-paragraph\">Esta transici\u00f3n hacia la educaci\u00f3n mixta <strong>no<\/strong> supone <strong>una ruptura con la tradici\u00f3n, sino una evoluci\u00f3n de la misma<\/strong>. <em> \u00abLo que cambia es qui\u00e9n tiene ahora la oportunidad de formar parte de ella, y creo que eso es algo que merece la pena celebrar<\/em>\u00bb <em>,<\/em> afirm\u00f3 el director, el Sr. Gill, durante <a href=\"https:\/\/www.chanelcollege.ie\/post\/co-educational-launch\" target=\"_blank\" rel=\"noreferrer noopener\">su discurso de bienvenida<\/a>.<\/p>\n\n<p class=\"wp-block-paragraph\">Para respaldar este crecimiento, <strong>la escuela ha rehabilitado recientemente un edificio adquirido, <\/strong>al que <strong>ha bautizado <\/strong> <strong>como \u00abEdificio Colin\u00bb<\/strong> en honor a Jean-Claude Colin, fundador de los Padres Maristas. Al igual que los espacios f\u00edsicos del campus cobran nueva vida, el Chanel College abraza nuevas posibilidades sin dejar de estar profundamente arraigado en su herencia marista. Para la promoci\u00f3n de 2031, este es el comienzo de un nuevo y emocionante cap\u00edtulo.  <\/p>\n\n<p class=\"wp-block-paragraph\">Invitamos a toda nuestra comunidad a <strong>mantenerse en contacto a medida que <\/strong>nuestra familia escolar va creciendo. \u00a1Visita la <a href=\"https:\/\/www.chanelcollege.ie\/about-us\" target=\"_blank\" rel=\"noreferrer noopener\">p\u00e1gina web de Chanel College<\/a> para leer el discurso completo del Sr. Gill, descubrir el campus renovado y seguirnos en las redes sociales para estar al d\u00eda de las novedades a lo largo del a\u00f1o! <\/p>\n\n<p class=\"wp-block-paragraph\"><\/p>\n\n<figure class=\"wp-block-gallery has-nested-images columns-default is-cropped wp-block-gallery-1 is-layout-flex wp-block-gallery-is-layout-flex\">\n<figure class=\"wp-block-image size-large\"><img loading=\"lazy\" decoding=\"async\" width=\"1024\" height=\"768\" data-id=\"12208\" src=\"https:\/\/maristeurope.eu\/wp-content\/uploads\/2026\/09\/1e198b_739132632b7547a88a79388f558ca06fmv2.jpg-1024x768.avif\" alt=\"\" class=\"wp-image-12208\" srcset=\"https:\/\/maristeurope.eu\/wp-content\/uploads\/2026\/09\/1e198b_739132632b7547a88a79388f558ca06fmv2.jpg-1024x768.avif 1024w, https:\/\/maristeurope.eu\/wp-content\/uploads\/2026\/09\/1e198b_739132632b7547a88a79388f558ca06fmv2.jpg-300x225.avif 300w, https:\/\/maristeurope.eu\/wp-content\/uploads\/2026\/09\/1e198b_739132632b7547a88a79388f558ca06fmv2.jpg-768x576.avif 768w, https:\/\/maristeurope.eu\/wp-content\/uploads\/2026\/09\/1e198b_739132632b7547a88a79388f558ca06fmv2.jpg-1536x1152.avif 1536w, https:\/\/maristeurope.eu\/wp-content\/uploads\/2026\/09\/1e198b_739132632b7547a88a79388f558ca06fmv2.jpg-2048x1536.avif 2048w, https:\/\/maristeurope.eu\/wp-content\/uploads\/2026\/09\/1e198b_739132632b7547a88a79388f558ca06fmv2.jpg-510x382.avif 510w, https:\/\/maristeurope.eu\/wp-content\/uploads\/2026\/09\/1e198b_739132632b7547a88a79388f558ca06fmv2.jpg-1080x810.avif 1080w, https:\/\/maristeurope.eu\/wp-content\/uploads\/2026\/09\/1e198b_739132632b7547a88a79388f558ca06fmv2.jpg-1280x960.avif 1280w, https:\/\/maristeurope.eu\/wp-content\/uploads\/2026\/09\/1e198b_739132632b7547a88a79388f558ca06fmv2.jpg-980x735.avif 980w, https:\/\/maristeurope.eu\/wp-content\/uploads\/2026\/09\/1e198b_739132632b7547a88a79388f558ca06fmv2.jpg-480x360.avif 480w\" sizes=\"(max-width: 1024px) 100vw, 1024px\" \/><\/figure>\n\n\n\n<figure class=\"wp-block-image size-large\"><img loading=\"lazy\" decoding=\"async\" width=\"1024\" height=\"768\" data-id=\"12207\" src=\"https:\/\/maristeurope.eu\/wp-content\/uploads\/2026\/09\/1e198b_b3776bc28c7f47f5ba28cf80e956cf91mv2.jpg-1024x768.avif\" alt=\"\" class=\"wp-image-12207\" srcset=\"https:\/\/maristeurope.eu\/wp-content\/uploads\/2026\/09\/1e198b_b3776bc28c7f47f5ba28cf80e956cf91mv2.jpg-1024x768.avif 1024w, https:\/\/maristeurope.eu\/wp-content\/uploads\/2026\/09\/1e198b_b3776bc28c7f47f5ba28cf80e956cf91mv2.jpg-300x225.avif 300w, https:\/\/maristeurope.eu\/wp-content\/uploads\/2026\/09\/1e198b_b3776bc28c7f47f5ba28cf80e956cf91mv2.jpg-768x576.avif 768w, https:\/\/maristeurope.eu\/wp-content\/uploads\/2026\/09\/1e198b_b3776bc28c7f47f5ba28cf80e956cf91mv2.jpg-1536x1152.avif 1536w, https:\/\/maristeurope.eu\/wp-content\/uploads\/2026\/09\/1e198b_b3776bc28c7f47f5ba28cf80e956cf91mv2.jpg-2048x1536.avif 2048w, https:\/\/maristeurope.eu\/wp-content\/uploads\/2026\/09\/1e198b_b3776bc28c7f47f5ba28cf80e956cf91mv2.jpg-510x382.avif 510w, https:\/\/maristeurope.eu\/wp-content\/uploads\/2026\/09\/1e198b_b3776bc28c7f47f5ba28cf80e956cf91mv2.jpg-1080x810.avif 1080w, https:\/\/maristeurope.eu\/wp-content\/uploads\/2026\/09\/1e198b_b3776bc28c7f47f5ba28cf80e956cf91mv2.jpg-1280x960.avif 1280w, https:\/\/maristeurope.eu\/wp-content\/uploads\/2026\/09\/1e198b_b3776bc28c7f47f5ba28cf80e956cf91mv2.jpg-980x735.avif 980w, https:\/\/maristeurope.eu\/wp-content\/uploads\/2026\/09\/1e198b_b3776bc28c7f47f5ba28cf80e956cf91mv2.jpg-480x360.avif 480w\" sizes=\"(max-width: 1024px) 100vw, 1024px\" \/><\/figure>\n\n\n\n<figure class=\"wp-block-image size-large\"><img loading=\"lazy\" decoding=\"async\" width=\"1024\" height=\"768\" data-id=\"12214\" src=\"https:\/\/maristeurope.eu\/wp-content\/uploads\/2026\/09\/1e198b_ca5e9cbea3404c7a9f3a515f40f6e922mv2.jpg-1-1024x768.avif\" alt=\"\" class=\"wp-image-12214\" srcset=\"https:\/\/maristeurope.eu\/wp-content\/uploads\/2026\/09\/1e198b_ca5e9cbea3404c7a9f3a515f40f6e922mv2.jpg-1-1024x768.avif 1024w, https:\/\/maristeurope.eu\/wp-content\/uploads\/2026\/09\/1e198b_ca5e9cbea3404c7a9f3a515f40f6e922mv2.jpg-1-300x225.avif 300w, https:\/\/maristeurope.eu\/wp-content\/uploads\/2026\/09\/1e198b_ca5e9cbea3404c7a9f3a515f40f6e922mv2.jpg-1-768x576.avif 768w, https:\/\/maristeurope.eu\/wp-content\/uploads\/2026\/09\/1e198b_ca5e9cbea3404c7a9f3a515f40f6e922mv2.jpg-1-1536x1152.avif 1536w, https:\/\/maristeurope.eu\/wp-content\/uploads\/2026\/09\/1e198b_ca5e9cbea3404c7a9f3a515f40f6e922mv2.jpg-1-510x382.avif 510w, https:\/\/maristeurope.eu\/wp-content\/uploads\/2026\/09\/1e198b_ca5e9cbea3404c7a9f3a515f40f6e922mv2.jpg-1-1080x810.avif 1080w, https:\/\/maristeurope.eu\/wp-content\/uploads\/2026\/09\/1e198b_ca5e9cbea3404c7a9f3a515f40f6e922mv2.jpg-1-1280x960.avif 1280w, https:\/\/maristeurope.eu\/wp-content\/uploads\/2026\/09\/1e198b_ca5e9cbea3404c7a9f3a515f40f6e922mv2.jpg-1-980x735.avif 980w, https:\/\/maristeurope.eu\/wp-content\/uploads\/2026\/09\/1e198b_ca5e9cbea3404c7a9f3a515f40f6e922mv2.jpg-1-480x360.avif 480w, https:\/\/maristeurope.eu\/wp-content\/uploads\/2026\/09\/1e198b_ca5e9cbea3404c7a9f3a515f40f6e922mv2.jpg-1.avif 1920w\" sizes=\"(max-width: 1024px) 100vw, 1024px\" \/><\/figure>\n<\/figure>\n\n<p class=\"wp-block-paragraph\"><\/p>\n","protected":false},"excerpt":{"rendered":"<p>El Chanel College, un centro educativo cat\u00f3lico arraigado en la tradici\u00f3n marista desde 1955, ha marcado oficialmente un hito en sus 71 a\u00f1os de historia al dar la bienvenida a sus primeras promociones mixtas. Al tiempo que rinde homenaje a este rico legado, la evoluci\u00f3n del centro refleja un compromiso constante con las necesidades actuales de la comunidad local. <\/p>\n","protected":false},"author":6,"featured_media":12249,"comment_status":"closed","ping_status":"open","sticky":false,"template":"","format":"standard","meta":{"_acf_changed":false,"footnotes":""},"categories":[50],"tags":[],"class_list":["post-12248","post","type-post","status-publish","format-standard","has-post-thumbnail","hentry","category-sin-categoria"],"acf":[],"yoast_head":"<!-- This site is optimized with the Yoast SEO plugin v28.4 - https:\/\/yoast.com\/product\/yoast-seo-wordpress\/ -->\n<title>El Marist Chanel College de Irlanda pone en marcha la educaci\u00f3n mixta - Marist Europe<\/title>\n<meta name=\"robots\" content=\"index, follow, max-snippet:-1, max-image-preview:large, max-video-preview:-1\" \/>\n<link rel=\"canonical\" href=\"https:\/\/maristeurope.eu\/es\/el-marist-chanel-college-de-irlanda-pone-en-marcha-la-educacion-mixta\/\" \/>\n<meta property=\"og:locale\" content=\"es_ES\" \/>\n<meta property=\"og:type\" content=\"article\" \/>\n<meta property=\"og:title\" content=\"El Marist Chanel College de Irlanda pone en marcha la educaci\u00f3n mixta - Marist Europe\" \/>\n<meta property=\"og:description\" content=\"El Chanel College, un centro educativo cat\u00f3lico arraigado en la tradici\u00f3n marista desde 1955, ha marcado oficialmente un hito en sus 71 a\u00f1os de historia al dar la bienvenida a sus primeras promociones mixtas. Al tiempo que rinde homenaje a este rico legado, la evoluci\u00f3n del centro refleja un compromiso constante con las necesidades actuales de la comunidad local.\" \/>\n<meta property=\"og:url\" content=\"https:\/\/maristeurope.eu\/es\/el-marist-chanel-college-de-irlanda-pone-en-marcha-la-educacion-mixta\/\" \/>\n<meta property=\"og:site_name\" content=\"Marist Europe\" \/>\n<meta property=\"article:published_time\" content=\"2026-09-05T07:38:42+00:00\" \/>\n<meta property=\"article:modified_time\" content=\"2026-09-05T07:39:45+00:00\" \/>\n<meta name=\"author\" content=\"Communication Team\" \/>\n<meta name=\"twitter:card\" content=\"summary_large_image\" \/>\n<meta name=\"twitter:label1\" content=\"Escrito por\" \/>\n\t<meta name=\"twitter:data1\" content=\"Communication Team\" \/>\n\t<meta name=\"twitter:label2\" content=\"Tiempo de lectura\" \/>\n\t<meta name=\"twitter:data2\" content=\"1 minuto\" \/>\n<script type=\"application\/ld+json\" class=\"yoast-schema-graph\">{\"@context\":\"https:\\\/\\\/schema.org\",\"@graph\":[{\"@type\":\"Article\",\"@id\":\"https:\\\/\\\/maristeurope.eu\\\/es\\\/el-marist-chanel-college-de-irlanda-pone-en-marcha-la-educacion-mixta\\\/#article\",\"isPartOf\":{\"@id\":\"https:\\\/\\\/maristeurope.eu\\\/es\\\/el-marist-chanel-college-de-irlanda-pone-en-marcha-la-educacion-mixta\\\/\"},\"author\":{\"name\":\"Communication Team\",\"@id\":\"https:\\\/\\\/maristeurope.eu\\\/es\\\/#\\\/schema\\\/person\\\/c5c8441475e226a0e23be8da5d028ee5\"},\"headline\":\"El Marist Chanel College de Irlanda pone en marcha la educaci\u00f3n mixta\",\"datePublished\":\"2026-09-05T07:38:42+00:00\",\"dateModified\":\"2026-09-05T07:39:45+00:00\",\"mainEntityOfPage\":{\"@id\":\"https:\\\/\\\/maristeurope.eu\\\/es\\\/el-marist-chanel-college-de-irlanda-pone-en-marcha-la-educacion-mixta\\\/\"},\"wordCount\":283,\"publisher\":{\"@id\":\"https:\\\/\\\/maristeurope.eu\\\/es\\\/#organization\"},\"image\":{\"@id\":\"https:\\\/\\\/maristeurope.eu\\\/es\\\/el-marist-chanel-college-de-irlanda-pone-en-marcha-la-educacion-mixta\\\/#primaryimage\"},\"thumbnailUrl\":\"https:\\\/\\\/maristeurope.eu\\\/wp-content\\\/uploads\\\/2026\\\/09\\\/1e198b_f016e472100049f98bb8d549f0b2e18cmv2.jpg.avif\",\"inLanguage\":\"es\"},{\"@type\":\"WebPage\",\"@id\":\"https:\\\/\\\/maristeurope.eu\\\/es\\\/el-marist-chanel-college-de-irlanda-pone-en-marcha-la-educacion-mixta\\\/\",\"url\":\"https:\\\/\\\/maristeurope.eu\\\/es\\\/el-marist-chanel-college-de-irlanda-pone-en-marcha-la-educacion-mixta\\\/\",\"name\":\"El Marist Chanel College de Irlanda pone en marcha la educaci\u00f3n mixta - Marist Europe\",\"isPartOf\":{\"@id\":\"https:\\\/\\\/maristeurope.eu\\\/es\\\/#website\"},\"primaryImageOfPage\":{\"@id\":\"https:\\\/\\\/maristeurope.eu\\\/es\\\/el-marist-chanel-college-de-irlanda-pone-en-marcha-la-educacion-mixta\\\/#primaryimage\"},\"image\":{\"@id\":\"https:\\\/\\\/maristeurope.eu\\\/es\\\/el-marist-chanel-college-de-irlanda-pone-en-marcha-la-educacion-mixta\\\/#primaryimage\"},\"thumbnailUrl\":\"https:\\\/\\\/maristeurope.eu\\\/wp-content\\\/uploads\\\/2026\\\/09\\\/1e198b_f016e472100049f98bb8d549f0b2e18cmv2.jpg.avif\",\"datePublished\":\"2026-09-05T07:38:42+00:00\",\"dateModified\":\"2026-09-05T07:39:45+00:00\",\"breadcrumb\":{\"@id\":\"https:\\\/\\\/maristeurope.eu\\\/es\\\/el-marist-chanel-college-de-irlanda-pone-en-marcha-la-educacion-mixta\\\/#breadcrumb\"},\"inLanguage\":\"es\",\"potentialAction\":[{\"@type\":\"ReadAction\",\"target\":[\"https:\\\/\\\/maristeurope.eu\\\/es\\\/el-marist-chanel-college-de-irlanda-pone-en-marcha-la-educacion-mixta\\\/\"]}]},{\"@type\":\"ImageObject\",\"inLanguage\":\"es\",\"@id\":\"https:\\\/\\\/maristeurope.eu\\\/es\\\/el-marist-chanel-college-de-irlanda-pone-en-marcha-la-educacion-mixta\\\/#primaryimage\",\"url\":\"https:\\\/\\\/maristeurope.eu\\\/wp-content\\\/uploads\\\/2026\\\/09\\\/1e198b_f016e472100049f98bb8d549f0b2e18cmv2.jpg.avif\",\"contentUrl\":\"https:\\\/\\\/maristeurope.eu\\\/wp-content\\\/uploads\\\/2026\\\/09\\\/1e198b_f016e472100049f98bb8d549f0b2e18cmv2.jpg.avif\",\"width\":2560,\"height\":1920},{\"@type\":\"BreadcrumbList\",\"@id\":\"https:\\\/\\\/maristeurope.eu\\\/es\\\/el-marist-chanel-college-de-irlanda-pone-en-marcha-la-educacion-mixta\\\/#breadcrumb\",\"itemListElement\":[{\"@type\":\"ListItem\",\"position\":1,\"name\":\"Home\",\"item\":\"https:\\\/\\\/maristeurope.eu\\\/es\\\/\"},{\"@type\":\"ListItem\",\"position\":2,\"name\":\"El Marist Chanel College de Irlanda pone en marcha la educaci\u00f3n mixta\"}]},{\"@type\":\"WebSite\",\"@id\":\"https:\\\/\\\/maristeurope.eu\\\/es\\\/#website\",\"url\":\"https:\\\/\\\/maristeurope.eu\\\/es\\\/\",\"name\":\"Marist Europe\",\"description\":\"\",\"publisher\":{\"@id\":\"https:\\\/\\\/maristeurope.eu\\\/es\\\/#organization\"},\"potentialAction\":[{\"@type\":\"SearchAction\",\"target\":{\"@type\":\"EntryPoint\",\"urlTemplate\":\"https:\\\/\\\/maristeurope.eu\\\/es\\\/?s={search_term_string}\"},\"query-input\":{\"@type\":\"PropertyValueSpecification\",\"valueRequired\":true,\"valueName\":\"search_term_string\"}}],\"inLanguage\":\"es\"},{\"@type\":\"Organization\",\"@id\":\"https:\\\/\\\/maristeurope.eu\\\/es\\\/#organization\",\"name\":\"Marist Europe\",\"url\":\"https:\\\/\\\/maristeurope.eu\\\/es\\\/\",\"logo\":{\"@type\":\"ImageObject\",\"inLanguage\":\"es\",\"@id\":\"https:\\\/\\\/maristeurope.eu\\\/es\\\/#\\\/schema\\\/logo\\\/image\\\/\",\"url\":\"https:\\\/\\\/maristeurope.eu\\\/wp-content\\\/uploads\\\/2024\\\/10\\\/EU-SM-Finalogo-02.png\",\"contentUrl\":\"https:\\\/\\\/maristeurope.eu\\\/wp-content\\\/uploads\\\/2024\\\/10\\\/EU-SM-Finalogo-02.png\",\"width\":150,\"height\":156,\"caption\":\"Marist Europe\"},\"image\":{\"@id\":\"https:\\\/\\\/maristeurope.eu\\\/es\\\/#\\\/schema\\\/logo\\\/image\\\/\"}},{\"@type\":\"Person\",\"@id\":\"https:\\\/\\\/maristeurope.eu\\\/es\\\/#\\\/schema\\\/person\\\/c5c8441475e226a0e23be8da5d028ee5\",\"name\":\"Communication Team\",\"image\":{\"@type\":\"ImageObject\",\"inLanguage\":\"es\",\"@id\":\"https:\\\/\\\/secure.gravatar.com\\\/avatar\\\/7f0a949f44aea4b132078a0f6f9c423ceae6f58e23aec058fb271880e125346e?s=96&d=mm&r=g\",\"url\":\"https:\\\/\\\/secure.gravatar.com\\\/avatar\\\/7f0a949f44aea4b132078a0f6f9c423ceae6f58e23aec058fb271880e125346e?s=96&d=mm&r=g\",\"contentUrl\":\"https:\\\/\\\/secure.gravatar.com\\\/avatar\\\/7f0a949f44aea4b132078a0f6f9c423ceae6f58e23aec058fb271880e125346e?s=96&d=mm&r=g\",\"caption\":\"Communication Team\"},\"url\":\"https:\\\/\\\/maristeurope.eu\\\/es\\\/author\\\/communications\\\/\"}]}<\/script>\n<!-- \/ Yoast SEO plugin. -->","yoast_head_json":{"title":"El Marist Chanel College de Irlanda pone en marcha la educaci\u00f3n mixta - Marist Europe","robots":{"index":"index","follow":"follow","max-snippet":"max-snippet:-1","max-image-preview":"max-image-preview:large","max-video-preview":"max-video-preview:-1"},"canonical":"https:\/\/maristeurope.eu\/es\/el-marist-chanel-college-de-irlanda-pone-en-marcha-la-educacion-mixta\/","og_locale":"es_ES","og_type":"article","og_title":"El Marist Chanel College de Irlanda pone en marcha la educaci\u00f3n mixta - Marist Europe","og_description":"El Chanel College, un centro educativo cat\u00f3lico arraigado en la tradici\u00f3n marista desde 1955, ha marcado oficialmente un hito en sus 71 a\u00f1os de historia al dar la bienvenida a sus primeras promociones mixtas. Al tiempo que rinde homenaje a este rico legado, la evoluci\u00f3n del centro refleja un compromiso constante con las necesidades actuales de la comunidad local.","og_url":"https:\/\/maristeurope.eu\/es\/el-marist-chanel-college-de-irlanda-pone-en-marcha-la-educacion-mixta\/","og_site_name":"Marist Europe","article_published_time":"2026-09-05T07:38:42+00:00","article_modified_time":"2026-09-05T07:39:45+00:00","author":"Communication Team","twitter_card":"summary_large_image","twitter_misc":{"Escrito por":"Communication Team","Tiempo de lectura":"1 minuto"},"schema":{"@context":"https:\/\/schema.org","@graph":[{"@type":"Article","@id":"https:\/\/maristeurope.eu\/es\/el-marist-chanel-college-de-irlanda-pone-en-marcha-la-educacion-mixta\/#article","isPartOf":{"@id":"https:\/\/maristeurope.eu\/es\/el-marist-chanel-college-de-irlanda-pone-en-marcha-la-educacion-mixta\/"},"author":{"name":"Communication Team","@id":"https:\/\/maristeurope.eu\/es\/#\/schema\/person\/c5c8441475e226a0e23be8da5d028ee5"},"headline":"El Marist Chanel College de Irlanda pone en marcha la educaci\u00f3n mixta","datePublished":"2026-09-05T07:38:42+00:00","dateModified":"2026-09-05T07:39:45+00:00","mainEntityOfPage":{"@id":"https:\/\/maristeurope.eu\/es\/el-marist-chanel-college-de-irlanda-pone-en-marcha-la-educacion-mixta\/"},"wordCount":283,"publisher":{"@id":"https:\/\/maristeurope.eu\/es\/#organization"},"image":{"@id":"https:\/\/maristeurope.eu\/es\/el-marist-chanel-college-de-irlanda-pone-en-marcha-la-educacion-mixta\/#primaryimage"},"thumbnailUrl":"https:\/\/maristeurope.eu\/wp-content\/uploads\/2026\/09\/1e198b_f016e472100049f98bb8d549f0b2e18cmv2.jpg.avif","inLanguage":"es"},{"@type":"WebPage","@id":"https:\/\/maristeurope.eu\/es\/el-marist-chanel-college-de-irlanda-pone-en-marcha-la-educacion-mixta\/","url":"https:\/\/maristeurope.eu\/es\/el-marist-chanel-college-de-irlanda-pone-en-marcha-la-educacion-mixta\/","name":"El Marist Chanel College de Irlanda pone en marcha la educaci\u00f3n mixta - Marist Europe","isPartOf":{"@id":"https:\/\/maristeurope.eu\/es\/#website"},"primaryImageOfPage":{"@id":"https:\/\/maristeurope.eu\/es\/el-marist-chanel-college-de-irlanda-pone-en-marcha-la-educacion-mixta\/#primaryimage"},"image":{"@id":"https:\/\/maristeurope.eu\/es\/el-marist-chanel-college-de-irlanda-pone-en-marcha-la-educacion-mixta\/#primaryimage"},"thumbnailUrl":"https:\/\/maristeurope.eu\/wp-content\/uploads\/2026\/09\/1e198b_f016e472100049f98bb8d549f0b2e18cmv2.jpg.avif","datePublished":"2026-09-05T07:38:42+00:00","dateModified":"2026-09-05T07:39:45+00:00","breadcrumb":{"@id":"https:\/\/maristeurope.eu\/es\/el-marist-chanel-college-de-irlanda-pone-en-marcha-la-educacion-mixta\/#breadcrumb"},"inLanguage":"es","potentialAction":[{"@type":"ReadAction","target":["https:\/\/maristeurope.eu\/es\/el-marist-chanel-college-de-irlanda-pone-en-marcha-la-educacion-mixta\/"]}]},{"@type":"ImageObject","inLanguage":"es","@id":"https:\/\/maristeurope.eu\/es\/el-marist-chanel-college-de-irlanda-pone-en-marcha-la-educacion-mixta\/#primaryimage","url":"https:\/\/maristeurope.eu\/wp-content\/uploads\/2026\/09\/1e198b_f016e472100049f98bb8d549f0b2e18cmv2.jpg.avif","contentUrl":"https:\/\/maristeurope.eu\/wp-content\/uploads\/2026\/09\/1e198b_f016e472100049f98bb8d549f0b2e18cmv2.jpg.avif","width":2560,"height":1920},{"@type":"BreadcrumbList","@id":"https:\/\/maristeurope.eu\/es\/el-marist-chanel-college-de-irlanda-pone-en-marcha-la-educacion-mixta\/#breadcrumb","itemListElement":[{"@type":"ListItem","position":1,"name":"Home","item":"https:\/\/maristeurope.eu\/es\/"},{"@type":"ListItem","position":2,"name":"El Marist Chanel College de Irlanda pone en marcha la educaci\u00f3n mixta"}]},{"@type":"WebSite","@id":"https:\/\/maristeurope.eu\/es\/#website","url":"https:\/\/maristeurope.eu\/es\/","name":"Marist Europe","description":"","publisher":{"@id":"https:\/\/maristeurope.eu\/es\/#organization"},"potentialAction":[{"@type":"SearchAction","target":{"@type":"EntryPoint","urlTemplate":"https:\/\/maristeurope.eu\/es\/?s={search_term_string}"},"query-input":{"@type":"PropertyValueSpecification","valueRequired":true,"valueName":"search_term_string"}}],"inLanguage":"es"},{"@type":"Organization","@id":"https:\/\/maristeurope.eu\/es\/#organization","name":"Marist Europe","url":"https:\/\/maristeurope.eu\/es\/","logo":{"@type":"ImageObject","inLanguage":"es","@id":"https:\/\/maristeurope.eu\/es\/#\/schema\/logo\/image\/","url":"https:\/\/maristeurope.eu\/wp-content\/uploads\/2024\/10\/EU-SM-Finalogo-02.png","contentUrl":"https:\/\/maristeurope.eu\/wp-content\/uploads\/2024\/10\/EU-SM-Finalogo-02.png","width":150,"height":156,"caption":"Marist Europe"},"image":{"@id":"https:\/\/maristeurope.eu\/es\/#\/schema\/logo\/image\/"}},{"@type":"Person","@id":"https:\/\/maristeurope.eu\/es\/#\/schema\/person\/c5c8441475e226a0e23be8da5d028ee5","name":"Communication Team","image":{"@type":"ImageObject","inLanguage":"es","@id":"https:\/\/secure.gravatar.com\/avatar\/7f0a949f44aea4b132078a0f6f9c423ceae6f58e23aec058fb271880e125346e?s=96&d=mm&r=g","url":"https:\/\/secure.gravatar.com\/avatar\/7f0a949f44aea4b132078a0f6f9c423ceae6f58e23aec058fb271880e125346e?s=96&d=mm&r=g","contentUrl":"https:\/\/secure.gravatar.com\/avatar\/7f0a949f44aea4b132078a0f6f9c423ceae6f58e23aec058fb271880e125346e?s=96&d=mm&r=g","caption":"Communication Team"},"url":"https:\/\/maristeurope.eu\/es\/author\/communications\/"}]}},"_links":{"self":[{"href":"https:\/\/maristeurope.eu\/es\/wp-json\/wp\/v2\/posts\/12248","targetHints":{"allow":["GET"]}}],"collection":[{"href":"https:\/\/maristeurope.eu\/es\/wp-json\/wp\/v2\/posts"}],"about":[{"href":"https:\/\/maristeurope.eu\/es\/wp-json\/wp\/v2\/types\/post"}],"author":[{"embeddable":true,"href":"https:\/\/maristeurope.eu\/es\/wp-json\/wp\/v2\/users\/6"}],"replies":[{"embeddable":true,"href":"https:\/\/maristeurope.eu\/es\/wp-json\/wp\/v2\/comments?post=12248"}],"version-history":[{"count":1,"href":"https:\/\/maristeurope.eu\/es\/wp-json\/wp\/v2\/posts\/12248\/revisions"}],"predecessor-version":[{"id":12251,"href":"https:\/\/maristeurope.eu\/es\/wp-json\/wp\/v2\/posts\/12248\/revisions\/12251"}],"wp:featuredmedia":[{"embeddable":true,"href":"https:\/\/maristeurope.eu\/es\/wp-json\/wp\/v2\/media\/12249"}],"wp:attachment":[{"href":"https:\/\/maristeurope.eu\/es\/wp-json\/wp\/v2\/media?parent=12248"}],"wp:term":[{"taxonomy":"category","embeddable":true,"href":"https:\/\/maristeurope.eu\/es\/wp-json\/wp\/v2\/categories?post=12248"},{"taxonomy":"post_tag","embeddable":true,"href":"https:\/\/maristeurope.eu\/es\/wp-json\/wp\/v2\/tags?post=12248"}],"curies":[{"name":"wp","href":"https:\/\/api.w.org\/{rel}","templated":true}]}}