{"id":10622,"date":"2026-04-29T12:17:43","date_gmt":"2026-04-29T10:17:43","guid":{"rendered":"https:\/\/maristeurope.eu\/jornadas-maristas-compartir-sobre-las-vocaciones-en-las-escuelas-francesas\/"},"modified":"2026-04-29T16:06:45","modified_gmt":"2026-04-29T14:06:45","slug":"jornadas-maristas-compartir-sobre-las-vocaciones-en-las-escuelas-francesas","status":"publish","type":"post","link":"https:\/\/maristeurope.eu\/es\/jornadas-maristas-compartir-sobre-las-vocaciones-en-las-escuelas-francesas\/","title":{"rendered":"Jornadas Maristas: compartir sobre las vocaciones en las escuelas francesas"},"content":{"rendered":"\n<p>Esta primavera, varios colegios maristas de Francia celebraron \"<em><strong>Les journ\u00e9es maristes<\/strong><\/em>\"(Jornadas maristas). La jornada comenz\u00f3 en marzo en <strong>Bury<\/strong> y <strong>Le Rosaire<\/strong> (norte de Par\u00eds) y continu\u00f3 despu\u00e9s de Pascua en nuestras tres sedes de Toulon: <strong>Cours F\u00e9nelon<\/strong>, <strong>Institution Sainte Marie<\/strong>, y <strong>Externat Saint Joseph la Cordeille<\/strong>. Un equipo entusiasta de la Familia Marista comparti\u00f3 testimonios con cientos de alumnos, destacando sus vocaciones y la misi\u00f3n marista global. La <strong>respuesta fue positiva<\/strong>; los conferenciantes se sintieron conmovidos por la atenta participaci\u00f3n de los alumnos, mientras que muchos profesores y alumnos sintieron una profunda conexi\u00f3n con las historias de la vida marista en el mundo de hoy, todos ellos siguiendo las huellas del P. Colin.   <\/p>\n\n<p><\/p>\n\n<p>Representaban a la familia marista los padres Jimmy McElroy, Rafael Ramila, Constant Amoussouga, Christian Abongbung y Mika Tuilau, dos hermanas misioneras maristas, Aqela y H\u00e9l\u00e8ne, y la hermana Teri O&#8217;Brien sm.<\/p>\n\n<p><\/p>\n\n<p><\/p>\n\n<div class=\"wp-block-columns is-layout-flex wp-container-core-columns-is-layout-9d6595d7 wp-block-columns-is-layout-flex\">\n<div class=\"wp-block-column is-layout-flow wp-block-column-is-layout-flow\" style=\"flex-basis:50%\">\n<figure class=\"wp-block-image size-large\"><img loading=\"lazy\" decoding=\"async\" width=\"1024\" height=\"473\" src=\"https:\/\/maristeurope.eu\/wp-content\/uploads\/2026\/04\/673121111_995512576374440_6960863460866623015_n-1024x473.jpg\" alt=\"\" class=\"wp-image-10590\" style=\"aspect-ratio:3\/2;object-fit:cover\" srcset=\"https:\/\/maristeurope.eu\/wp-content\/uploads\/2026\/04\/673121111_995512576374440_6960863460866623015_n-980x453.jpg 980w, https:\/\/maristeurope.eu\/wp-content\/uploads\/2026\/04\/673121111_995512576374440_6960863460866623015_n-480x222.jpg 480w\" sizes=\"(min-width: 0px) and (max-width: 480px) 480px, (min-width: 481px) and (max-width: 980px) 980px, (min-width: 981px) 1024px, 100vw\" \/><\/figure>\n<\/div>\n\n\n\n<div class=\"wp-block-column is-vertically-aligned-top is-layout-flow wp-block-column-is-layout-flow\" style=\"flex-basis:50%\">\n<figure class=\"wp-block-image size-large\"><img loading=\"lazy\" decoding=\"async\" width=\"1024\" height=\"576\" src=\"https:\/\/maristeurope.eu\/wp-content\/uploads\/2026\/04\/674594046_995512583041106_9171972856718352388_n-1024x576.jpg\" alt=\"\" class=\"wp-image-10597\" style=\"aspect-ratio:3\/2;object-fit:cover\" srcset=\"https:\/\/maristeurope.eu\/wp-content\/uploads\/2026\/04\/674594046_995512583041106_9171972856718352388_n-980x551.jpg 980w, https:\/\/maristeurope.eu\/wp-content\/uploads\/2026\/04\/674594046_995512583041106_9171972856718352388_n-480x270.jpg 480w\" sizes=\"(min-width: 0px) and (max-width: 480px) 480px, (min-width: 481px) and (max-width: 980px) 980px, (min-width: 981px) 1024px, 100vw\" \/><\/figure>\n<\/div>\n<\/div>\n","protected":false},"excerpt":{"rendered":"<p>Esta primavera, varias escuelas maristas de Francia celebraron \"Les journ\u00e9es maristes\" (Las jornadas maristas). La jornada comenz\u00f3 en marzo en Bury y Le Rosaire (norte de Par\u00eds) y continu\u00f3 despu\u00e9s de Pascua en nuestras tres sedes de Toulon: Cours F\u00e9nelon, Institution Sainte Marie, y Externat Saint Joseph la Cordeille. <\/p>\n","protected":false},"author":7,"featured_media":10610,"comment_status":"open","ping_status":"open","sticky":false,"template":"","format":"standard","meta":{"_et_pb_use_builder":"off","_et_pb_old_content":"","_et_gb_content_width":"","footnotes":""},"categories":[50],"tags":[],"class_list":["post-10622","post","type-post","status-publish","format-standard","has-post-thumbnail","hentry","category-sin-categoria"],"yoast_head":"<!-- This site is optimized with the Yoast SEO plugin v27.5 - https:\/\/yoast.com\/product\/yoast-seo-wordpress\/ -->\n<title>Jornadas Maristas: compartir sobre las vocaciones en las escuelas francesas - Marist Europe<\/title>\n<meta name=\"robots\" content=\"index, follow, max-snippet:-1, max-image-preview:large, max-video-preview:-1\" \/>\n<link rel=\"canonical\" href=\"https:\/\/maristeurope.eu\/es\/jornadas-maristas-compartir-sobre-las-vocaciones-en-las-escuelas-francesas\/\" \/>\n<meta property=\"og:locale\" content=\"es_ES\" \/>\n<meta property=\"og:type\" content=\"article\" \/>\n<meta property=\"og:title\" content=\"Jornadas Maristas: compartir sobre las vocaciones en las escuelas francesas - Marist Europe\" \/>\n<meta property=\"og:description\" content=\"Esta primavera, varias escuelas maristas de Francia celebraron &quot;Les journ\u00e9es maristes&quot; (Las jornadas maristas). La jornada comenz\u00f3 en marzo en Bury y Le Rosaire (norte de Par\u00eds) y continu\u00f3 despu\u00e9s de Pascua en nuestras tres sedes de Toulon: Cours F\u00e9nelon, Institution Sainte Marie, y Externat Saint Joseph la Cordeille.\" \/>\n<meta property=\"og:url\" content=\"https:\/\/maristeurope.eu\/es\/jornadas-maristas-compartir-sobre-las-vocaciones-en-las-escuelas-francesas\/\" \/>\n<meta property=\"og:site_name\" content=\"Marist Europe\" \/>\n<meta property=\"article:published_time\" content=\"2026-04-29T10:17:43+00:00\" \/>\n<meta property=\"article:modified_time\" content=\"2026-04-29T14:06:45+00:00\" \/>\n<meta property=\"og:image\" content=\"https:\/\/maristeurope.eu\/wp-content\/uploads\/2026\/04\/PHOTO-2026-04-22-14-42-39.jpg\" \/>\n\t<meta property=\"og:image:width\" content=\"1294\" \/>\n\t<meta property=\"og:image:height\" content=\"825\" \/>\n\t<meta property=\"og:image:type\" content=\"image\/jpeg\" \/>\n<meta name=\"author\" content=\"Author\" \/>\n<meta name=\"twitter:card\" content=\"summary_large_image\" \/>\n<meta name=\"twitter:label1\" content=\"Escrito por\" \/>\n\t<meta name=\"twitter:data1\" content=\"Author\" \/>\n\t<meta name=\"twitter:label2\" content=\"Tiempo de lectura\" \/>\n\t<meta name=\"twitter:data2\" content=\"1 minuto\" \/>\n<script type=\"application\/ld+json\" class=\"yoast-schema-graph\">{\"@context\":\"https:\\\/\\\/schema.org\",\"@graph\":[{\"@type\":\"Article\",\"@id\":\"https:\\\/\\\/maristeurope.eu\\\/es\\\/jornadas-maristas-compartir-sobre-las-vocaciones-en-las-escuelas-francesas\\\/#article\",\"isPartOf\":{\"@id\":\"https:\\\/\\\/maristeurope.eu\\\/es\\\/jornadas-maristas-compartir-sobre-las-vocaciones-en-las-escuelas-francesas\\\/\"},\"author\":{\"name\":\"Author\",\"@id\":\"https:\\\/\\\/maristeurope.eu\\\/es\\\/#\\\/schema\\\/person\\\/f8e95da2dc077ecf7c73937cbebbd209\"},\"headline\":\"Jornadas Maristas: compartir sobre las vocaciones en las escuelas francesas\",\"datePublished\":\"2026-04-29T10:17:43+00:00\",\"dateModified\":\"2026-04-29T14:06:45+00:00\",\"mainEntityOfPage\":{\"@id\":\"https:\\\/\\\/maristeurope.eu\\\/es\\\/jornadas-maristas-compartir-sobre-las-vocaciones-en-las-escuelas-francesas\\\/\"},\"wordCount\":166,\"commentCount\":0,\"publisher\":{\"@id\":\"https:\\\/\\\/maristeurope.eu\\\/es\\\/#organization\"},\"image\":{\"@id\":\"https:\\\/\\\/maristeurope.eu\\\/es\\\/jornadas-maristas-compartir-sobre-las-vocaciones-en-las-escuelas-francesas\\\/#primaryimage\"},\"thumbnailUrl\":\"https:\\\/\\\/maristeurope.eu\\\/wp-content\\\/uploads\\\/2026\\\/04\\\/PHOTO-2026-04-22-14-42-39.jpg\",\"inLanguage\":\"es\",\"potentialAction\":[{\"@type\":\"CommentAction\",\"name\":\"Comment\",\"target\":[\"https:\\\/\\\/maristeurope.eu\\\/es\\\/jornadas-maristas-compartir-sobre-las-vocaciones-en-las-escuelas-francesas\\\/#respond\"]}]},{\"@type\":\"WebPage\",\"@id\":\"https:\\\/\\\/maristeurope.eu\\\/es\\\/jornadas-maristas-compartir-sobre-las-vocaciones-en-las-escuelas-francesas\\\/\",\"url\":\"https:\\\/\\\/maristeurope.eu\\\/es\\\/jornadas-maristas-compartir-sobre-las-vocaciones-en-las-escuelas-francesas\\\/\",\"name\":\"Jornadas Maristas: compartir sobre las vocaciones en las escuelas francesas - Marist Europe\",\"isPartOf\":{\"@id\":\"https:\\\/\\\/maristeurope.eu\\\/es\\\/#website\"},\"primaryImageOfPage\":{\"@id\":\"https:\\\/\\\/maristeurope.eu\\\/es\\\/jornadas-maristas-compartir-sobre-las-vocaciones-en-las-escuelas-francesas\\\/#primaryimage\"},\"image\":{\"@id\":\"https:\\\/\\\/maristeurope.eu\\\/es\\\/jornadas-maristas-compartir-sobre-las-vocaciones-en-las-escuelas-francesas\\\/#primaryimage\"},\"thumbnailUrl\":\"https:\\\/\\\/maristeurope.eu\\\/wp-content\\\/uploads\\\/2026\\\/04\\\/PHOTO-2026-04-22-14-42-39.jpg\",\"datePublished\":\"2026-04-29T10:17:43+00:00\",\"dateModified\":\"2026-04-29T14:06:45+00:00\",\"breadcrumb\":{\"@id\":\"https:\\\/\\\/maristeurope.eu\\\/es\\\/jornadas-maristas-compartir-sobre-las-vocaciones-en-las-escuelas-francesas\\\/#breadcrumb\"},\"inLanguage\":\"es\",\"potentialAction\":[{\"@type\":\"ReadAction\",\"target\":[\"https:\\\/\\\/maristeurope.eu\\\/es\\\/jornadas-maristas-compartir-sobre-las-vocaciones-en-las-escuelas-francesas\\\/\"]}]},{\"@type\":\"ImageObject\",\"inLanguage\":\"es\",\"@id\":\"https:\\\/\\\/maristeurope.eu\\\/es\\\/jornadas-maristas-compartir-sobre-las-vocaciones-en-las-escuelas-francesas\\\/#primaryimage\",\"url\":\"https:\\\/\\\/maristeurope.eu\\\/wp-content\\\/uploads\\\/2026\\\/04\\\/PHOTO-2026-04-22-14-42-39.jpg\",\"contentUrl\":\"https:\\\/\\\/maristeurope.eu\\\/wp-content\\\/uploads\\\/2026\\\/04\\\/PHOTO-2026-04-22-14-42-39.jpg\",\"width\":1294,\"height\":825},{\"@type\":\"BreadcrumbList\",\"@id\":\"https:\\\/\\\/maristeurope.eu\\\/es\\\/jornadas-maristas-compartir-sobre-las-vocaciones-en-las-escuelas-francesas\\\/#breadcrumb\",\"itemListElement\":[{\"@type\":\"ListItem\",\"position\":1,\"name\":\"Home\",\"item\":\"https:\\\/\\\/maristeurope.eu\\\/es\\\/\"},{\"@type\":\"ListItem\",\"position\":2,\"name\":\"Jornadas Maristas: compartir sobre las vocaciones en las escuelas francesas\"}]},{\"@type\":\"WebSite\",\"@id\":\"https:\\\/\\\/maristeurope.eu\\\/es\\\/#website\",\"url\":\"https:\\\/\\\/maristeurope.eu\\\/es\\\/\",\"name\":\"Marist Europe\",\"description\":\"\",\"publisher\":{\"@id\":\"https:\\\/\\\/maristeurope.eu\\\/es\\\/#organization\"},\"potentialAction\":[{\"@type\":\"SearchAction\",\"target\":{\"@type\":\"EntryPoint\",\"urlTemplate\":\"https:\\\/\\\/maristeurope.eu\\\/es\\\/?s={search_term_string}\"},\"query-input\":{\"@type\":\"PropertyValueSpecification\",\"valueRequired\":true,\"valueName\":\"search_term_string\"}}],\"inLanguage\":\"es\"},{\"@type\":\"Organization\",\"@id\":\"https:\\\/\\\/maristeurope.eu\\\/es\\\/#organization\",\"name\":\"Marist Europe\",\"url\":\"https:\\\/\\\/maristeurope.eu\\\/es\\\/\",\"logo\":{\"@type\":\"ImageObject\",\"inLanguage\":\"es\",\"@id\":\"https:\\\/\\\/maristeurope.eu\\\/es\\\/#\\\/schema\\\/logo\\\/image\\\/\",\"url\":\"https:\\\/\\\/maristeurope.eu\\\/wp-content\\\/uploads\\\/2024\\\/10\\\/EU-SM-Finalogo-02.png\",\"contentUrl\":\"https:\\\/\\\/maristeurope.eu\\\/wp-content\\\/uploads\\\/2024\\\/10\\\/EU-SM-Finalogo-02.png\",\"width\":150,\"height\":156,\"caption\":\"Marist Europe\"},\"image\":{\"@id\":\"https:\\\/\\\/maristeurope.eu\\\/es\\\/#\\\/schema\\\/logo\\\/image\\\/\"}},{\"@type\":\"Person\",\"@id\":\"https:\\\/\\\/maristeurope.eu\\\/es\\\/#\\\/schema\\\/person\\\/f8e95da2dc077ecf7c73937cbebbd209\",\"name\":\"Author\",\"image\":{\"@type\":\"ImageObject\",\"inLanguage\":\"es\",\"@id\":\"https:\\\/\\\/secure.gravatar.com\\\/avatar\\\/6709da64a616dd172f3d90d48d6e09e07dca7fed6f6b3fcdd28c01a385bb51f1?s=96&d=mm&r=g\",\"url\":\"https:\\\/\\\/secure.gravatar.com\\\/avatar\\\/6709da64a616dd172f3d90d48d6e09e07dca7fed6f6b3fcdd28c01a385bb51f1?s=96&d=mm&r=g\",\"contentUrl\":\"https:\\\/\\\/secure.gravatar.com\\\/avatar\\\/6709da64a616dd172f3d90d48d6e09e07dca7fed6f6b3fcdd28c01a385bb51f1?s=96&d=mm&r=g\",\"caption\":\"Author\"},\"url\":\"https:\\\/\\\/maristeurope.eu\\\/es\\\/author\\\/theo\\\/\"}]}<\/script>\n<!-- \/ Yoast SEO plugin. -->","yoast_head_json":{"title":"Jornadas Maristas: compartir sobre las vocaciones en las escuelas francesas - Marist Europe","robots":{"index":"index","follow":"follow","max-snippet":"max-snippet:-1","max-image-preview":"max-image-preview:large","max-video-preview":"max-video-preview:-1"},"canonical":"https:\/\/maristeurope.eu\/es\/jornadas-maristas-compartir-sobre-las-vocaciones-en-las-escuelas-francesas\/","og_locale":"es_ES","og_type":"article","og_title":"Jornadas Maristas: compartir sobre las vocaciones en las escuelas francesas - Marist Europe","og_description":"Esta primavera, varias escuelas maristas de Francia celebraron \"Les journ\u00e9es maristes\" (Las jornadas maristas). La jornada comenz\u00f3 en marzo en Bury y Le Rosaire (norte de Par\u00eds) y continu\u00f3 despu\u00e9s de Pascua en nuestras tres sedes de Toulon: Cours F\u00e9nelon, Institution Sainte Marie, y Externat Saint Joseph la Cordeille.","og_url":"https:\/\/maristeurope.eu\/es\/jornadas-maristas-compartir-sobre-las-vocaciones-en-las-escuelas-francesas\/","og_site_name":"Marist Europe","article_published_time":"2026-04-29T10:17:43+00:00","article_modified_time":"2026-04-29T14:06:45+00:00","og_image":[{"width":1294,"height":825,"url":"https:\/\/maristeurope.eu\/wp-content\/uploads\/2026\/04\/PHOTO-2026-04-22-14-42-39.jpg","type":"image\/jpeg"}],"author":"Author","twitter_card":"summary_large_image","twitter_misc":{"Escrito por":"Author","Tiempo de lectura":"1 minuto"},"schema":{"@context":"https:\/\/schema.org","@graph":[{"@type":"Article","@id":"https:\/\/maristeurope.eu\/es\/jornadas-maristas-compartir-sobre-las-vocaciones-en-las-escuelas-francesas\/#article","isPartOf":{"@id":"https:\/\/maristeurope.eu\/es\/jornadas-maristas-compartir-sobre-las-vocaciones-en-las-escuelas-francesas\/"},"author":{"name":"Author","@id":"https:\/\/maristeurope.eu\/es\/#\/schema\/person\/f8e95da2dc077ecf7c73937cbebbd209"},"headline":"Jornadas Maristas: compartir sobre las vocaciones en las escuelas francesas","datePublished":"2026-04-29T10:17:43+00:00","dateModified":"2026-04-29T14:06:45+00:00","mainEntityOfPage":{"@id":"https:\/\/maristeurope.eu\/es\/jornadas-maristas-compartir-sobre-las-vocaciones-en-las-escuelas-francesas\/"},"wordCount":166,"commentCount":0,"publisher":{"@id":"https:\/\/maristeurope.eu\/es\/#organization"},"image":{"@id":"https:\/\/maristeurope.eu\/es\/jornadas-maristas-compartir-sobre-las-vocaciones-en-las-escuelas-francesas\/#primaryimage"},"thumbnailUrl":"https:\/\/maristeurope.eu\/wp-content\/uploads\/2026\/04\/PHOTO-2026-04-22-14-42-39.jpg","inLanguage":"es","potentialAction":[{"@type":"CommentAction","name":"Comment","target":["https:\/\/maristeurope.eu\/es\/jornadas-maristas-compartir-sobre-las-vocaciones-en-las-escuelas-francesas\/#respond"]}]},{"@type":"WebPage","@id":"https:\/\/maristeurope.eu\/es\/jornadas-maristas-compartir-sobre-las-vocaciones-en-las-escuelas-francesas\/","url":"https:\/\/maristeurope.eu\/es\/jornadas-maristas-compartir-sobre-las-vocaciones-en-las-escuelas-francesas\/","name":"Jornadas Maristas: compartir sobre las vocaciones en las escuelas francesas - Marist Europe","isPartOf":{"@id":"https:\/\/maristeurope.eu\/es\/#website"},"primaryImageOfPage":{"@id":"https:\/\/maristeurope.eu\/es\/jornadas-maristas-compartir-sobre-las-vocaciones-en-las-escuelas-francesas\/#primaryimage"},"image":{"@id":"https:\/\/maristeurope.eu\/es\/jornadas-maristas-compartir-sobre-las-vocaciones-en-las-escuelas-francesas\/#primaryimage"},"thumbnailUrl":"https:\/\/maristeurope.eu\/wp-content\/uploads\/2026\/04\/PHOTO-2026-04-22-14-42-39.jpg","datePublished":"2026-04-29T10:17:43+00:00","dateModified":"2026-04-29T14:06:45+00:00","breadcrumb":{"@id":"https:\/\/maristeurope.eu\/es\/jornadas-maristas-compartir-sobre-las-vocaciones-en-las-escuelas-francesas\/#breadcrumb"},"inLanguage":"es","potentialAction":[{"@type":"ReadAction","target":["https:\/\/maristeurope.eu\/es\/jornadas-maristas-compartir-sobre-las-vocaciones-en-las-escuelas-francesas\/"]}]},{"@type":"ImageObject","inLanguage":"es","@id":"https:\/\/maristeurope.eu\/es\/jornadas-maristas-compartir-sobre-las-vocaciones-en-las-escuelas-francesas\/#primaryimage","url":"https:\/\/maristeurope.eu\/wp-content\/uploads\/2026\/04\/PHOTO-2026-04-22-14-42-39.jpg","contentUrl":"https:\/\/maristeurope.eu\/wp-content\/uploads\/2026\/04\/PHOTO-2026-04-22-14-42-39.jpg","width":1294,"height":825},{"@type":"BreadcrumbList","@id":"https:\/\/maristeurope.eu\/es\/jornadas-maristas-compartir-sobre-las-vocaciones-en-las-escuelas-francesas\/#breadcrumb","itemListElement":[{"@type":"ListItem","position":1,"name":"Home","item":"https:\/\/maristeurope.eu\/es\/"},{"@type":"ListItem","position":2,"name":"Jornadas Maristas: compartir sobre las vocaciones en las escuelas francesas"}]},{"@type":"WebSite","@id":"https:\/\/maristeurope.eu\/es\/#website","url":"https:\/\/maristeurope.eu\/es\/","name":"Marist Europe","description":"","publisher":{"@id":"https:\/\/maristeurope.eu\/es\/#organization"},"potentialAction":[{"@type":"SearchAction","target":{"@type":"EntryPoint","urlTemplate":"https:\/\/maristeurope.eu\/es\/?s={search_term_string}"},"query-input":{"@type":"PropertyValueSpecification","valueRequired":true,"valueName":"search_term_string"}}],"inLanguage":"es"},{"@type":"Organization","@id":"https:\/\/maristeurope.eu\/es\/#organization","name":"Marist Europe","url":"https:\/\/maristeurope.eu\/es\/","logo":{"@type":"ImageObject","inLanguage":"es","@id":"https:\/\/maristeurope.eu\/es\/#\/schema\/logo\/image\/","url":"https:\/\/maristeurope.eu\/wp-content\/uploads\/2024\/10\/EU-SM-Finalogo-02.png","contentUrl":"https:\/\/maristeurope.eu\/wp-content\/uploads\/2024\/10\/EU-SM-Finalogo-02.png","width":150,"height":156,"caption":"Marist Europe"},"image":{"@id":"https:\/\/maristeurope.eu\/es\/#\/schema\/logo\/image\/"}},{"@type":"Person","@id":"https:\/\/maristeurope.eu\/es\/#\/schema\/person\/f8e95da2dc077ecf7c73937cbebbd209","name":"Author","image":{"@type":"ImageObject","inLanguage":"es","@id":"https:\/\/secure.gravatar.com\/avatar\/6709da64a616dd172f3d90d48d6e09e07dca7fed6f6b3fcdd28c01a385bb51f1?s=96&d=mm&r=g","url":"https:\/\/secure.gravatar.com\/avatar\/6709da64a616dd172f3d90d48d6e09e07dca7fed6f6b3fcdd28c01a385bb51f1?s=96&d=mm&r=g","contentUrl":"https:\/\/secure.gravatar.com\/avatar\/6709da64a616dd172f3d90d48d6e09e07dca7fed6f6b3fcdd28c01a385bb51f1?s=96&d=mm&r=g","caption":"Author"},"url":"https:\/\/maristeurope.eu\/es\/author\/theo\/"}]}},"_links":{"self":[{"href":"https:\/\/maristeurope.eu\/es\/wp-json\/wp\/v2\/posts\/10622","targetHints":{"allow":["GET"]}}],"collection":[{"href":"https:\/\/maristeurope.eu\/es\/wp-json\/wp\/v2\/posts"}],"about":[{"href":"https:\/\/maristeurope.eu\/es\/wp-json\/wp\/v2\/types\/post"}],"author":[{"embeddable":true,"href":"https:\/\/maristeurope.eu\/es\/wp-json\/wp\/v2\/users\/7"}],"replies":[{"embeddable":true,"href":"https:\/\/maristeurope.eu\/es\/wp-json\/wp\/v2\/comments?post=10622"}],"version-history":[{"count":2,"href":"https:\/\/maristeurope.eu\/es\/wp-json\/wp\/v2\/posts\/10622\/revisions"}],"predecessor-version":[{"id":10636,"href":"https:\/\/maristeurope.eu\/es\/wp-json\/wp\/v2\/posts\/10622\/revisions\/10636"}],"wp:featuredmedia":[{"embeddable":true,"href":"https:\/\/maristeurope.eu\/es\/wp-json\/wp\/v2\/media\/10610"}],"wp:attachment":[{"href":"https:\/\/maristeurope.eu\/es\/wp-json\/wp\/v2\/media?parent=10622"}],"wp:term":[{"taxonomy":"category","embeddable":true,"href":"https:\/\/maristeurope.eu\/es\/wp-json\/wp\/v2\/categories?post=10622"},{"taxonomy":"post_tag","embeddable":true,"href":"https:\/\/maristeurope.eu\/es\/wp-json\/wp\/v2\/tags?post=10622"}],"curies":[{"name":"wp","href":"https:\/\/api.w.org\/{rel}","templated":true}]}}