{"id":10533,"date":"2026-04-09T07:04:00","date_gmt":"2026-04-09T05:04:00","guid":{"rendered":"https:\/\/maristeurope.eu\/?p=10533"},"modified":"2026-04-07T19:27:33","modified_gmt":"2026-04-07T17:27:33","slug":"32-anos-de-mision-marista-en-filipinas","status":"publish","type":"post","link":"https:\/\/maristeurope.eu\/es\/32-anos-de-mision-marista-en-filipinas\/","title":{"rendered":"32 a\u00f1os de misi\u00f3n marista en Filipinas"},"content":{"rendered":"\n<h2 class=\"wp-block-heading\"><em>Nadie es tan rico que no pueda dar - Nadie es tan pobre que no pueda compartir<\/em><\/h2>\n\n<p><em><strong>El padre Paddy Muckian ha regresado recientemente a su Irlanda natal. Escribe sobre sus a\u00f1os de misi\u00f3n con gran celo y alegr\u00eda:   <\/strong><\/em><\/p>\n\n<p>Durante m\u00e1s de tres d\u00e9cadas, la Misi\u00f3n Marista en Filipinas no fue s\u00f3lo mi misi\u00f3n: fue mi vida. Estos son algunos de los recuerdos que me llevo a casa. Fue un lugar apasionante, trabajando y ejerciendo mi ministerio con maristas de muchos lugares diferentes: Australia, Filipinas, Nueva Zelanda, Tonga, Fiyi, Reino Unido, Estados Unidos e Irlanda.    <\/p>\n\n<p>Su funci\u00f3n era implantar la Sociedad de Mar\u00eda en Filipinas. Hace pocos a\u00f1os Filipinas celebr\u00f3 los 500 a\u00f1os de la llegada del cristianismo bajo dominio espa\u00f1ol. Los Hermanos Maristas hab\u00edan llegado a Filipinas a principios de los a\u00f1os 50, nos acogieron y apadrinaron cuando comenzamos nuestra vida en Mindanao. Hab\u00eda un gran sentido de misi\u00f3n y entusiasmo en el grupo.     <\/p>\n\n<p>Cuando llegu\u00e9 all\u00ed hab\u00eda probablemente unos diez cohermanos. Todos form\u00e1bamos parte del Consejo de Distrito, ten\u00edamos la sensaci\u00f3n de estar en movimiento, explorando nuevas ideas y abrazando la Iglesia en todos sus aspectos. La formaci\u00f3n hab\u00eda comenzado unos a\u00f1os antes con muchos filipinos que se unieron a nuestro programa de formaci\u00f3n en la ciudad de Cotabato. Todos los cohermanos estaban implicados en la formaci\u00f3n, ya fuera formalmente o acompa\u00f1ando a los seminaristas cuando ven\u00edan de Exposici\u00f3n Pastoral.     <\/p>\n\n<p>Mi primer destino, tras cursar un a\u00f1o de estudios ling\u00fc\u00edsticos y culturales, fue la zona minera de Diwalwal (Davao del Norte). Llegu\u00e9 all\u00ed para el comienzo de la Misa de Gallo, la novena de diez d\u00edas a la que acuden miles de filipinos cada 16 de diciembre. A las 3 de la ma\u00f1ana fui con el sacrist\u00e1n, subiendo por el terreno accidentado con una linterna en la mano. Me pareci\u00f3 tan extra\u00f1o que recuerdo haber pensado: \u00bfqu\u00e9 hago yo aqu\u00ed? Sin embargo, a medida que nos acerc\u00e1bamos a la capilla pod\u00edamos o\u00edr al coro ensayando villancicos y todo el miedo y la ansiedad parecieron desaparecer y nunca mir\u00e9 atr\u00e1s.    <\/p>\n\n<p>Los maristas atravesamos las laderas de las monta\u00f1as para atender a la comunidad minera en cinco capillas. Sol\u00edamos trabajar en zonas que al obispo local le resultaba dif\u00edcil atender. Por lo general, estaban en las monta\u00f1as, entre agricultores y tribus, y tambi\u00e9n en la regi\u00f3n de Cotabato, con una fuerte carga pol\u00edtica.    <\/p>\n\n<p>En Davao, vivimos tres a\u00f1os en una zona de ocupas y compartimos la vida de los pobres. Era una zona muy conocida en Davao, donde durante la \u00e9poca de Marcos se rescataban cad\u00e1veres y se arrojaban al mar. La gente viv\u00eda hacinada. Nuestra casa estaba construida sobre pilotes en el mar, donde las mareas entraban y sal\u00edan por debajo de nosotros. Nos acercamos a la gente y atendimos sus necesidades.      <\/p>\n\n<p>Una tarde, mis cohermanos estaban fuera y, antes de salir a visitar a la comunidad, escond\u00ed nuestro presupuesto mensual debajo de la esterilla de mi cama. M\u00e1s tarde volv\u00ed a casa y, antes de acostarme, me sacud\u00ed los mosquitos de la esterilla por la ventana. A la ma\u00f1ana siguiente, temprano, me despertaron las voces excitadas de los vecinos mientras llegaba el mar. Estaban recuperando billetes de un peso que hab\u00edan tirado por la ventana la noche anterior. La gente estaba tan contenta que nadie pregunt\u00f3 de d\u00f3nde hab\u00edan salido. Unas semanas m\u00e1s tarde nos visit\u00f3 el arzobispo local y le cont\u00e9 la historia. Se ri\u00f3 y dijo que era bueno que a la gente le tocara la loter\u00eda al menos una vez en la vida.      <\/p>\n\n<p>Los maristas tambi\u00e9n ejercen su ministerio en las c\u00e1rceles. Los laicos maristas trabajamos con los religiosos, llegamos a conocer a los presos y a sus familias. Hab\u00eda d\u00edas de familia, estudio de la Biblia, compartir la fe, la oraci\u00f3n de las 3, el rosario en las celdas por la noche. Cada domingo por la ma\u00f1ana se celebraba la misa y los GKK de nuestra parroquia se turnaban para unirse a los presos. Todos los s\u00e1bados por la ma\u00f1ana hab\u00eda un ensayo del coro y se compart\u00eda la fe. Un extra\u00f1o que entrara en el grupo se sorprender\u00eda de que su compartir fuera como el de cualquier otro grupo de compartir la fe.     <\/p>\n\n<p>El pasado noviembre celebramos la boda de ocho parejas en la prisi\u00f3n de BJMP (750 reclusos). Fue una ocasi\u00f3n trascendental, los reclusos llevaban semanas prepar\u00e1ndose. Las \"Parejas para Cristo\" y los catequistas de la parroquia prepararon a las parejas. Vestidos, camisas, flores, comida y bebida fueron patrocinados por generosos donantes del exterior. Toda la prisi\u00f3n permaneci\u00f3 inm\u00f3vil durante unas horas y disfrut\u00f3 de la celebraci\u00f3n, y las parejas expresaron despu\u00e9s su felicidad.      <\/p>\n\n<p>Por \u00faltimo, los maristas llevan diez a\u00f1os trabajando en una parroquia rural urbana de la ciudad de Digos. Est\u00e1 formada por 24 GKK (peque\u00f1as comunidades cristianas). Cada capilla tiene unos 80 miembros. Tienen su propio presidente de capilla con funcionarios de apoyo. Cada GKK est\u00e1 vinculada a la parroquia y a la di\u00f3cesis. Hay un esfuerzo consciente por renovar los grupos mediante seminarios pastorales y renovaci\u00f3n espiritual. Tambi\u00e9n estamos construyendo una iglesia parroquial y esperamos que en los pr\u00f3ximos a\u00f1os est\u00e9 terminada.        <\/p>\n\n<p>En conclusi\u00f3n, hay diez millones de filipinos trabajando en todo el mundo. La Conferencia Episcopal de Filipinas los considera <em><strong>nuevos misioneros asi\u00e1ticos<\/strong><\/em> y muchos de ellos desean desempe\u00f1ar ese papel. \u00a1Qu\u00e9 regalo son!  <\/p>\n\n<p><\/p>\n\n<figure class=\"wp-block-gallery has-nested-images columns-default is-cropped wp-block-gallery-1 is-layout-flex wp-block-gallery-is-layout-flex\">\n<figure class=\"wp-block-image size-large\"><img loading=\"lazy\" decoding=\"async\" width=\"1024\" height=\"768\" data-id=\"10515\" src=\"https:\/\/maristeurope.eu\/wp-content\/uploads\/2026\/04\/IMG-20260225-WA0003-1024x768.jpg\" alt=\"\" class=\"wp-image-10515\" srcset=\"https:\/\/maristeurope.eu\/wp-content\/uploads\/2026\/04\/IMG-20260225-WA0003-1024x768.jpg 1024w, https:\/\/maristeurope.eu\/wp-content\/uploads\/2026\/04\/IMG-20260225-WA0003-980x735.jpg 980w, https:\/\/maristeurope.eu\/wp-content\/uploads\/2026\/04\/IMG-20260225-WA0003-480x360.jpg 480w\" sizes=\"(min-width: 0px) and (max-width: 480px) 480px, (min-width: 481px) and (max-width: 980px) 980px, (min-width: 981px) 1024px, 100vw\" \/><\/figure>\n\n\n\n<figure class=\"wp-block-image size-large\"><img loading=\"lazy\" decoding=\"async\" width=\"766\" height=\"1024\" data-id=\"10508\" src=\"https:\/\/maristeurope.eu\/wp-content\/uploads\/2026\/04\/IMG-20260225-WA0000-766x1024.jpg\" alt=\"\" class=\"wp-image-10508\" srcset=\"https:\/\/maristeurope.eu\/wp-content\/uploads\/2026\/04\/IMG-20260225-WA0000-766x1024.jpg 766w, https:\/\/maristeurope.eu\/wp-content\/uploads\/2026\/04\/IMG-20260225-WA0000-480x641.jpg 480w\" sizes=\"(min-width: 0px) and (max-width: 480px) 480px, (min-width: 481px) 766px, 100vw\" \/><\/figure>\n<\/figure>\n","protected":false},"excerpt":{"rendered":"<p>El padre Paddy Muckian ha regresado recientemente a su Irlanda natal. Escribe sobre sus a\u00f1os de misi\u00f3n con gran celo y alegr\u00eda&#8230; <\/p>\n","protected":false},"author":3,"featured_media":10507,"comment_status":"closed","ping_status":"closed","sticky":false,"template":"","format":"standard","meta":{"footnotes":""},"categories":[50],"tags":[],"class_list":["post-10533","post","type-post","status-publish","format-standard","has-post-thumbnail","hentry","category-sin-categoria"],"yoast_head":"<!-- This site is optimized with the Yoast SEO plugin v27.5 - https:\/\/yoast.com\/product\/yoast-seo-wordpress\/ -->\n<title>32 a\u00f1os de misi\u00f3n marista en Filipinas - Marist Europe<\/title>\n<meta name=\"robots\" content=\"index, follow, max-snippet:-1, max-image-preview:large, max-video-preview:-1\" \/>\n<link rel=\"canonical\" href=\"https:\/\/maristeurope.eu\/es\/32-anos-de-mision-marista-en-filipinas\/\" \/>\n<meta property=\"og:locale\" content=\"es_ES\" \/>\n<meta property=\"og:type\" content=\"article\" \/>\n<meta property=\"og:title\" content=\"32 a\u00f1os de misi\u00f3n marista en Filipinas - Marist Europe\" \/>\n<meta property=\"og:description\" content=\"El padre Paddy Muckian ha regresado recientemente a su Irlanda natal. Escribe sobre sus a\u00f1os de misi\u00f3n con gran celo y alegr\u00eda...\" \/>\n<meta property=\"og:url\" content=\"https:\/\/maristeurope.eu\/es\/32-anos-de-mision-marista-en-filipinas\/\" \/>\n<meta property=\"og:site_name\" content=\"Marist Europe\" \/>\n<meta property=\"article:published_time\" content=\"2026-04-09T05:04:00+00:00\" \/>\n<meta property=\"og:image\" content=\"https:\/\/maristeurope.eu\/wp-content\/uploads\/2026\/04\/IMG-20260225-WA0006-e1775511047653.jpg\" \/>\n\t<meta property=\"og:image:width\" content=\"1280\" \/>\n\t<meta property=\"og:image:height\" content=\"764\" \/>\n\t<meta property=\"og:image:type\" content=\"image\/jpeg\" \/>\n<meta name=\"author\" content=\"Anne Marie Salgo\" \/>\n<meta name=\"twitter:card\" content=\"summary_large_image\" \/>\n<meta name=\"twitter:label1\" content=\"Escrito por\" \/>\n\t<meta name=\"twitter:data1\" content=\"Anne Marie Salgo\" \/>\n\t<meta name=\"twitter:label2\" content=\"Tiempo de lectura\" \/>\n\t<meta name=\"twitter:data2\" content=\"5 minuto\" \/>\n<script type=\"application\/ld+json\" class=\"yoast-schema-graph\">{\"@context\":\"https:\\\/\\\/schema.org\",\"@graph\":[{\"@type\":\"Article\",\"@id\":\"https:\\\/\\\/maristeurope.eu\\\/es\\\/32-anos-de-mision-marista-en-filipinas\\\/#article\",\"isPartOf\":{\"@id\":\"https:\\\/\\\/maristeurope.eu\\\/es\\\/32-anos-de-mision-marista-en-filipinas\\\/\"},\"author\":{\"name\":\"Anne Marie Salgo\",\"@id\":\"https:\\\/\\\/maristeurope.eu\\\/es\\\/#\\\/schema\\\/person\\\/52ef67935880edd2768565651118bee9\"},\"headline\":\"32 a\u00f1os de misi\u00f3n marista en Filipinas\",\"datePublished\":\"2026-04-09T05:04:00+00:00\",\"mainEntityOfPage\":{\"@id\":\"https:\\\/\\\/maristeurope.eu\\\/es\\\/32-anos-de-mision-marista-en-filipinas\\\/\"},\"wordCount\":973,\"publisher\":{\"@id\":\"https:\\\/\\\/maristeurope.eu\\\/es\\\/#organization\"},\"image\":{\"@id\":\"https:\\\/\\\/maristeurope.eu\\\/es\\\/32-anos-de-mision-marista-en-filipinas\\\/#primaryimage\"},\"thumbnailUrl\":\"https:\\\/\\\/maristeurope.eu\\\/wp-content\\\/uploads\\\/2026\\\/04\\\/IMG-20260225-WA0006-e1775511047653.jpg\",\"inLanguage\":\"es\"},{\"@type\":\"WebPage\",\"@id\":\"https:\\\/\\\/maristeurope.eu\\\/es\\\/32-anos-de-mision-marista-en-filipinas\\\/\",\"url\":\"https:\\\/\\\/maristeurope.eu\\\/es\\\/32-anos-de-mision-marista-en-filipinas\\\/\",\"name\":\"32 a\u00f1os de misi\u00f3n marista en Filipinas - Marist Europe\",\"isPartOf\":{\"@id\":\"https:\\\/\\\/maristeurope.eu\\\/es\\\/#website\"},\"primaryImageOfPage\":{\"@id\":\"https:\\\/\\\/maristeurope.eu\\\/es\\\/32-anos-de-mision-marista-en-filipinas\\\/#primaryimage\"},\"image\":{\"@id\":\"https:\\\/\\\/maristeurope.eu\\\/es\\\/32-anos-de-mision-marista-en-filipinas\\\/#primaryimage\"},\"thumbnailUrl\":\"https:\\\/\\\/maristeurope.eu\\\/wp-content\\\/uploads\\\/2026\\\/04\\\/IMG-20260225-WA0006-e1775511047653.jpg\",\"datePublished\":\"2026-04-09T05:04:00+00:00\",\"breadcrumb\":{\"@id\":\"https:\\\/\\\/maristeurope.eu\\\/es\\\/32-anos-de-mision-marista-en-filipinas\\\/#breadcrumb\"},\"inLanguage\":\"es\",\"potentialAction\":[{\"@type\":\"ReadAction\",\"target\":[\"https:\\\/\\\/maristeurope.eu\\\/es\\\/32-anos-de-mision-marista-en-filipinas\\\/\"]}]},{\"@type\":\"ImageObject\",\"inLanguage\":\"es\",\"@id\":\"https:\\\/\\\/maristeurope.eu\\\/es\\\/32-anos-de-mision-marista-en-filipinas\\\/#primaryimage\",\"url\":\"https:\\\/\\\/maristeurope.eu\\\/wp-content\\\/uploads\\\/2026\\\/04\\\/IMG-20260225-WA0006-e1775511047653.jpg\",\"contentUrl\":\"https:\\\/\\\/maristeurope.eu\\\/wp-content\\\/uploads\\\/2026\\\/04\\\/IMG-20260225-WA0006-e1775511047653.jpg\",\"width\":1280,\"height\":764},{\"@type\":\"BreadcrumbList\",\"@id\":\"https:\\\/\\\/maristeurope.eu\\\/es\\\/32-anos-de-mision-marista-en-filipinas\\\/#breadcrumb\",\"itemListElement\":[{\"@type\":\"ListItem\",\"position\":1,\"name\":\"Home\",\"item\":\"https:\\\/\\\/maristeurope.eu\\\/es\\\/\"},{\"@type\":\"ListItem\",\"position\":2,\"name\":\"32 a\u00f1os de misi\u00f3n marista en Filipinas\"}]},{\"@type\":\"WebSite\",\"@id\":\"https:\\\/\\\/maristeurope.eu\\\/es\\\/#website\",\"url\":\"https:\\\/\\\/maristeurope.eu\\\/es\\\/\",\"name\":\"Marist Europe\",\"description\":\"\",\"publisher\":{\"@id\":\"https:\\\/\\\/maristeurope.eu\\\/es\\\/#organization\"},\"potentialAction\":[{\"@type\":\"SearchAction\",\"target\":{\"@type\":\"EntryPoint\",\"urlTemplate\":\"https:\\\/\\\/maristeurope.eu\\\/es\\\/?s={search_term_string}\"},\"query-input\":{\"@type\":\"PropertyValueSpecification\",\"valueRequired\":true,\"valueName\":\"search_term_string\"}}],\"inLanguage\":\"es\"},{\"@type\":\"Organization\",\"@id\":\"https:\\\/\\\/maristeurope.eu\\\/es\\\/#organization\",\"name\":\"Marist Europe\",\"url\":\"https:\\\/\\\/maristeurope.eu\\\/es\\\/\",\"logo\":{\"@type\":\"ImageObject\",\"inLanguage\":\"es\",\"@id\":\"https:\\\/\\\/maristeurope.eu\\\/es\\\/#\\\/schema\\\/logo\\\/image\\\/\",\"url\":\"https:\\\/\\\/maristeurope.eu\\\/wp-content\\\/uploads\\\/2024\\\/10\\\/EU-SM-Finalogo-02.png\",\"contentUrl\":\"https:\\\/\\\/maristeurope.eu\\\/wp-content\\\/uploads\\\/2024\\\/10\\\/EU-SM-Finalogo-02.png\",\"width\":150,\"height\":156,\"caption\":\"Marist Europe\"},\"image\":{\"@id\":\"https:\\\/\\\/maristeurope.eu\\\/es\\\/#\\\/schema\\\/logo\\\/image\\\/\"}},{\"@type\":\"Person\",\"@id\":\"https:\\\/\\\/maristeurope.eu\\\/es\\\/#\\\/schema\\\/person\\\/52ef67935880edd2768565651118bee9\",\"name\":\"Anne Marie Salgo\",\"image\":{\"@type\":\"ImageObject\",\"inLanguage\":\"es\",\"@id\":\"https:\\\/\\\/secure.gravatar.com\\\/avatar\\\/63bc5f7f74a90bb8d99eaaf8206d8217d780934d9a9659350347a36f2698fe6b?s=96&d=mm&r=g\",\"url\":\"https:\\\/\\\/secure.gravatar.com\\\/avatar\\\/63bc5f7f74a90bb8d99eaaf8206d8217d780934d9a9659350347a36f2698fe6b?s=96&d=mm&r=g\",\"contentUrl\":\"https:\\\/\\\/secure.gravatar.com\\\/avatar\\\/63bc5f7f74a90bb8d99eaaf8206d8217d780934d9a9659350347a36f2698fe6b?s=96&d=mm&r=g\",\"caption\":\"Anne Marie Salgo\"},\"url\":\"https:\\\/\\\/maristeurope.eu\\\/es\\\/author\\\/anne\\\/\"}]}<\/script>\n<!-- \/ Yoast SEO plugin. -->","yoast_head_json":{"title":"32 a\u00f1os de misi\u00f3n marista en Filipinas - Marist Europe","robots":{"index":"index","follow":"follow","max-snippet":"max-snippet:-1","max-image-preview":"max-image-preview:large","max-video-preview":"max-video-preview:-1"},"canonical":"https:\/\/maristeurope.eu\/es\/32-anos-de-mision-marista-en-filipinas\/","og_locale":"es_ES","og_type":"article","og_title":"32 a\u00f1os de misi\u00f3n marista en Filipinas - Marist Europe","og_description":"El padre Paddy Muckian ha regresado recientemente a su Irlanda natal. Escribe sobre sus a\u00f1os de misi\u00f3n con gran celo y alegr\u00eda...","og_url":"https:\/\/maristeurope.eu\/es\/32-anos-de-mision-marista-en-filipinas\/","og_site_name":"Marist Europe","article_published_time":"2026-04-09T05:04:00+00:00","og_image":[{"width":1280,"height":764,"url":"https:\/\/maristeurope.eu\/wp-content\/uploads\/2026\/04\/IMG-20260225-WA0006-e1775511047653.jpg","type":"image\/jpeg"}],"author":"Anne Marie Salgo","twitter_card":"summary_large_image","twitter_misc":{"Escrito por":"Anne Marie Salgo","Tiempo de lectura":"5 minuto"},"schema":{"@context":"https:\/\/schema.org","@graph":[{"@type":"Article","@id":"https:\/\/maristeurope.eu\/es\/32-anos-de-mision-marista-en-filipinas\/#article","isPartOf":{"@id":"https:\/\/maristeurope.eu\/es\/32-anos-de-mision-marista-en-filipinas\/"},"author":{"name":"Anne Marie Salgo","@id":"https:\/\/maristeurope.eu\/es\/#\/schema\/person\/52ef67935880edd2768565651118bee9"},"headline":"32 a\u00f1os de misi\u00f3n marista en Filipinas","datePublished":"2026-04-09T05:04:00+00:00","mainEntityOfPage":{"@id":"https:\/\/maristeurope.eu\/es\/32-anos-de-mision-marista-en-filipinas\/"},"wordCount":973,"publisher":{"@id":"https:\/\/maristeurope.eu\/es\/#organization"},"image":{"@id":"https:\/\/maristeurope.eu\/es\/32-anos-de-mision-marista-en-filipinas\/#primaryimage"},"thumbnailUrl":"https:\/\/maristeurope.eu\/wp-content\/uploads\/2026\/04\/IMG-20260225-WA0006-e1775511047653.jpg","inLanguage":"es"},{"@type":"WebPage","@id":"https:\/\/maristeurope.eu\/es\/32-anos-de-mision-marista-en-filipinas\/","url":"https:\/\/maristeurope.eu\/es\/32-anos-de-mision-marista-en-filipinas\/","name":"32 a\u00f1os de misi\u00f3n marista en Filipinas - Marist Europe","isPartOf":{"@id":"https:\/\/maristeurope.eu\/es\/#website"},"primaryImageOfPage":{"@id":"https:\/\/maristeurope.eu\/es\/32-anos-de-mision-marista-en-filipinas\/#primaryimage"},"image":{"@id":"https:\/\/maristeurope.eu\/es\/32-anos-de-mision-marista-en-filipinas\/#primaryimage"},"thumbnailUrl":"https:\/\/maristeurope.eu\/wp-content\/uploads\/2026\/04\/IMG-20260225-WA0006-e1775511047653.jpg","datePublished":"2026-04-09T05:04:00+00:00","breadcrumb":{"@id":"https:\/\/maristeurope.eu\/es\/32-anos-de-mision-marista-en-filipinas\/#breadcrumb"},"inLanguage":"es","potentialAction":[{"@type":"ReadAction","target":["https:\/\/maristeurope.eu\/es\/32-anos-de-mision-marista-en-filipinas\/"]}]},{"@type":"ImageObject","inLanguage":"es","@id":"https:\/\/maristeurope.eu\/es\/32-anos-de-mision-marista-en-filipinas\/#primaryimage","url":"https:\/\/maristeurope.eu\/wp-content\/uploads\/2026\/04\/IMG-20260225-WA0006-e1775511047653.jpg","contentUrl":"https:\/\/maristeurope.eu\/wp-content\/uploads\/2026\/04\/IMG-20260225-WA0006-e1775511047653.jpg","width":1280,"height":764},{"@type":"BreadcrumbList","@id":"https:\/\/maristeurope.eu\/es\/32-anos-de-mision-marista-en-filipinas\/#breadcrumb","itemListElement":[{"@type":"ListItem","position":1,"name":"Home","item":"https:\/\/maristeurope.eu\/es\/"},{"@type":"ListItem","position":2,"name":"32 a\u00f1os de misi\u00f3n marista en Filipinas"}]},{"@type":"WebSite","@id":"https:\/\/maristeurope.eu\/es\/#website","url":"https:\/\/maristeurope.eu\/es\/","name":"Marist Europe","description":"","publisher":{"@id":"https:\/\/maristeurope.eu\/es\/#organization"},"potentialAction":[{"@type":"SearchAction","target":{"@type":"EntryPoint","urlTemplate":"https:\/\/maristeurope.eu\/es\/?s={search_term_string}"},"query-input":{"@type":"PropertyValueSpecification","valueRequired":true,"valueName":"search_term_string"}}],"inLanguage":"es"},{"@type":"Organization","@id":"https:\/\/maristeurope.eu\/es\/#organization","name":"Marist Europe","url":"https:\/\/maristeurope.eu\/es\/","logo":{"@type":"ImageObject","inLanguage":"es","@id":"https:\/\/maristeurope.eu\/es\/#\/schema\/logo\/image\/","url":"https:\/\/maristeurope.eu\/wp-content\/uploads\/2024\/10\/EU-SM-Finalogo-02.png","contentUrl":"https:\/\/maristeurope.eu\/wp-content\/uploads\/2024\/10\/EU-SM-Finalogo-02.png","width":150,"height":156,"caption":"Marist Europe"},"image":{"@id":"https:\/\/maristeurope.eu\/es\/#\/schema\/logo\/image\/"}},{"@type":"Person","@id":"https:\/\/maristeurope.eu\/es\/#\/schema\/person\/52ef67935880edd2768565651118bee9","name":"Anne Marie Salgo","image":{"@type":"ImageObject","inLanguage":"es","@id":"https:\/\/secure.gravatar.com\/avatar\/63bc5f7f74a90bb8d99eaaf8206d8217d780934d9a9659350347a36f2698fe6b?s=96&d=mm&r=g","url":"https:\/\/secure.gravatar.com\/avatar\/63bc5f7f74a90bb8d99eaaf8206d8217d780934d9a9659350347a36f2698fe6b?s=96&d=mm&r=g","contentUrl":"https:\/\/secure.gravatar.com\/avatar\/63bc5f7f74a90bb8d99eaaf8206d8217d780934d9a9659350347a36f2698fe6b?s=96&d=mm&r=g","caption":"Anne Marie Salgo"},"url":"https:\/\/maristeurope.eu\/es\/author\/anne\/"}]}},"_links":{"self":[{"href":"https:\/\/maristeurope.eu\/es\/wp-json\/wp\/v2\/posts\/10533","targetHints":{"allow":["GET"]}}],"collection":[{"href":"https:\/\/maristeurope.eu\/es\/wp-json\/wp\/v2\/posts"}],"about":[{"href":"https:\/\/maristeurope.eu\/es\/wp-json\/wp\/v2\/types\/post"}],"author":[{"embeddable":true,"href":"https:\/\/maristeurope.eu\/es\/wp-json\/wp\/v2\/users\/3"}],"replies":[{"embeddable":true,"href":"https:\/\/maristeurope.eu\/es\/wp-json\/wp\/v2\/comments?post=10533"}],"version-history":[{"count":1,"href":"https:\/\/maristeurope.eu\/es\/wp-json\/wp\/v2\/posts\/10533\/revisions"}],"predecessor-version":[{"id":10535,"href":"https:\/\/maristeurope.eu\/es\/wp-json\/wp\/v2\/posts\/10533\/revisions\/10535"}],"wp:featuredmedia":[{"embeddable":true,"href":"https:\/\/maristeurope.eu\/es\/wp-json\/wp\/v2\/media\/10507"}],"wp:attachment":[{"href":"https:\/\/maristeurope.eu\/es\/wp-json\/wp\/v2\/media?parent=10533"}],"wp:term":[{"taxonomy":"category","embeddable":true,"href":"https:\/\/maristeurope.eu\/es\/wp-json\/wp\/v2\/categories?post=10533"},{"taxonomy":"post_tag","embeddable":true,"href":"https:\/\/maristeurope.eu\/es\/wp-json\/wp\/v2\/tags?post=10533"}],"curies":[{"name":"wp","href":"https:\/\/api.w.org\/{rel}","templated":true}]}}