{"id":9226,"date":"2025-11-16T08:04:09","date_gmt":"2025-11-16T07:04:09","guid":{"rendered":"https:\/\/maristeurope.eu\/pilgerreise-tag-5-la-neyliere\/"},"modified":"2026-02-03T23:45:48","modified_gmt":"2026-02-03T22:45:48","slug":"pilgerreise-tag-5-la-neyliere","status":"publish","type":"post","link":"https:\/\/maristeurope.eu\/de\/pilgerreise-tag-5-la-neyliere\/","title":{"rendered":"Pilgerreise Tag 5: La Neyli\u00e8re"},"content":{"rendered":"\n<p>Am letzten Tag unserer wunderbaren f\u00fcnft\u00e4gigen Pilgerreise kamen zahlreiche Menschen, darunter auch andere Mitglieder der Maristenfamilie, zu uns, um einen ausgezeichneten Vortrag von Kevin Duffy zu h\u00f6ren, in dem er seine \u00dcberlegungen zu La Neyli\u00e8re und Pater Jean Claude Colin darlegte. Er konzentrierte sich besonders auf die Bedeutung dieses \"Gebetshauses\" und wie Pater Colin nach seiner Pensionierung als Generaloberer im Jahr 1854 bis zu seinem Tod am 15. November 1875 dort lebte und arbeitete.   <\/p>\n\n<p>Er sprach auch \u00fcber die derzeitige dreifache Aufgabe von La Neyli\u00e8re: <strong><em>den Zugang zum maristischen Erbe zu erleichtern, M\u00f6glichkeiten f\u00fcr Begegnungen, Ausbildung und Spiritualit\u00e4t zu bieten und der breiteren, lokalen Gemeinschaft zu dienen. <\/em><\/strong> Nach seinem Vortrag wurde die Gruppe in vier Gruppen aufgeteilt und aufgefordert, \u00fcber wichtige Zitate von Pater Colin zu folgenden Themen nachzudenken: Einfachheit, die Bedeutung der Konsultation bei der Entscheidungsfindung, Gebet und der Aufbau einer neuen Kirche.  <\/p>\n\n<p>Anschlie\u00dfend begaben wir uns in das Oratorium, um ein neues Portr\u00e4t von Pater Colin zu segnen, das neben seinem Grab aufgestellt ist. Es herrschte eine wunderbare Atmosph\u00e4re der Geselligkeit, als wir ein k\u00f6stliches Mittagessen genossen und gemeinsam a\u00dfen. Die Pilgerreise endete mit einer erhebenden Eucharistiefeier am Nachmittag, die von Monsignore Le Gal, dem Weihbischof von Lyon, geleitet wurde. Er hielt eine aufschlussreiche Predigt \u00fcber Pater Colin und die maristische Spiritualit\u00e4t.     <\/p>\n\n<p>Der Tag endete mit einem traurigen Abschied. Die Pilger und Freunde, die durch die Erfahrung gesegnet wurden und so viel mit uns geteilt hatten, verlie\u00dfen La Neyli\u00e8re bereichert und mit tiefer Dankbarkeit f\u00fcr den besonderen Beitrag, den Pater Jean Claude Colin in ihrem Leben und in der Welt geleistet hat. Wir sind auch Jean-Marie Bloqueau und Sr. Teri O'Brien, SM, sehr dankbar f\u00fcr ihre harte Arbeit, die diese wunderbare Erfahrung m\u00f6glich gemacht hat. <\/p>\n\n<p><em>Ray Chapman, SM<\/em><\/p>\n\n<p><\/p>\n\n<figure class=\"wp-block-gallery has-nested-images columns-default is-cropped wp-block-gallery-1 is-layout-flex wp-block-gallery-is-layout-flex\">\n<figure class=\"wp-block-image size-large\"><img loading=\"lazy\" decoding=\"async\" width=\"1024\" height=\"768\" data-id=\"9177\" src=\"https:\/\/maristeurope.eu\/wp-content\/uploads\/2025\/11\/2-4-1024x768.jpg\" alt=\"\" class=\"wp-image-9177\" srcset=\"https:\/\/maristeurope.eu\/wp-content\/uploads\/2025\/11\/2-4-980x735.jpg 980w, https:\/\/maristeurope.eu\/wp-content\/uploads\/2025\/11\/2-4-480x360.jpg 480w\" sizes=\"(min-width: 0px) and (max-width: 480px) 480px, (min-width: 481px) and (max-width: 980px) 980px, (min-width: 981px) 1024px, 100vw\" \/><\/figure>\n\n\n\n<figure class=\"wp-block-image size-large\"><img loading=\"lazy\" decoding=\"async\" width=\"1024\" height=\"768\" data-id=\"9205\" src=\"https:\/\/maristeurope.eu\/wp-content\/uploads\/2025\/11\/7-1-1024x768.jpg\" alt=\"\" class=\"wp-image-9205\" srcset=\"https:\/\/maristeurope.eu\/wp-content\/uploads\/2025\/11\/7-1-1024x768.jpg 1024w, https:\/\/maristeurope.eu\/wp-content\/uploads\/2025\/11\/7-1-980x735.jpg 980w, https:\/\/maristeurope.eu\/wp-content\/uploads\/2025\/11\/7-1-480x360.jpg 480w\" sizes=\"(min-width: 0px) and (max-width: 480px) 480px, (min-width: 481px) and (max-width: 980px) 980px, (min-width: 981px) 1024px, 100vw\" \/><\/figure>\n\n\n\n<figure class=\"wp-block-image size-large\"><img loading=\"lazy\" decoding=\"async\" width=\"1024\" height=\"768\" data-id=\"9191\" src=\"https:\/\/maristeurope.eu\/wp-content\/uploads\/2025\/11\/6-1-1024x768.jpg\" alt=\"\" class=\"wp-image-9191\" srcset=\"https:\/\/maristeurope.eu\/wp-content\/uploads\/2025\/11\/6-1-980x735.jpg 980w, https:\/\/maristeurope.eu\/wp-content\/uploads\/2025\/11\/6-1-480x360.jpg 480w\" sizes=\"(min-width: 0px) and (max-width: 480px) 480px, (min-width: 481px) and (max-width: 980px) 980px, (min-width: 981px) 1024px, 100vw\" \/><\/figure>\n<\/figure>\n","protected":false},"excerpt":{"rendered":"<p>Den letzten Tag unserer wunderbaren Pilgerreise verbrachten wir in La Neyli\u00e8re, dem Gebetshaus der Maristen.  <\/p>\n","protected":false},"author":3,"featured_media":9215,"comment_status":"closed","ping_status":"closed","sticky":false,"template":"","format":"standard","meta":{"footnotes":""},"categories":[51],"tags":[],"class_list":["post-9226","post","type-post","status-publish","format-standard","has-post-thumbnail","hentry","category-nicht-kategorisiert"],"yoast_head":"<!-- This site is optimized with the Yoast SEO plugin v27.5 - https:\/\/yoast.com\/product\/yoast-seo-wordpress\/ -->\n<title>Pilgerreise Tag 5: La Neyli\u00e8re - Marist Europe<\/title>\n<meta name=\"robots\" content=\"index, follow, max-snippet:-1, max-image-preview:large, max-video-preview:-1\" \/>\n<link rel=\"canonical\" href=\"https:\/\/maristeurope.eu\/de\/pilgerreise-tag-5-la-neyliere\/\" \/>\n<meta property=\"og:locale\" content=\"de_DE\" \/>\n<meta property=\"og:type\" content=\"article\" \/>\n<meta property=\"og:title\" content=\"Pilgerreise Tag 5: La Neyli\u00e8re - Marist Europe\" \/>\n<meta property=\"og:description\" content=\"Den letzten Tag unserer wunderbaren Pilgerreise verbrachten wir in La Neyli\u00e8re, dem Gebetshaus der Maristen.\" \/>\n<meta property=\"og:url\" content=\"https:\/\/maristeurope.eu\/de\/pilgerreise-tag-5-la-neyliere\/\" \/>\n<meta property=\"og:site_name\" content=\"Marist Europe\" \/>\n<meta property=\"article:published_time\" content=\"2025-11-16T07:04:09+00:00\" \/>\n<meta property=\"article:modified_time\" content=\"2026-02-03T22:45:48+00:00\" \/>\n<meta property=\"og:image\" content=\"https:\/\/maristeurope.eu\/wp-content\/uploads\/2025\/11\/1-3.jpg\" \/>\n\t<meta property=\"og:image:width\" content=\"1536\" \/>\n\t<meta property=\"og:image:height\" content=\"1393\" \/>\n\t<meta property=\"og:image:type\" content=\"image\/jpeg\" \/>\n<meta name=\"author\" content=\"Anne Marie Salgo\" \/>\n<meta name=\"twitter:card\" content=\"summary_large_image\" \/>\n<meta name=\"twitter:label1\" content=\"Verfasst von\" \/>\n\t<meta name=\"twitter:data1\" content=\"Anne Marie Salgo\" \/>\n\t<meta name=\"twitter:label2\" content=\"Gesch\u00e4tzte Lesezeit\" \/>\n\t<meta name=\"twitter:data2\" content=\"2\u00a0Minute\" \/>\n<script type=\"application\/ld+json\" class=\"yoast-schema-graph\">{\"@context\":\"https:\\\/\\\/schema.org\",\"@graph\":[{\"@type\":\"Article\",\"@id\":\"https:\\\/\\\/maristeurope.eu\\\/de\\\/pilgerreise-tag-5-la-neyliere\\\/#article\",\"isPartOf\":{\"@id\":\"https:\\\/\\\/maristeurope.eu\\\/de\\\/pilgerreise-tag-5-la-neyliere\\\/\"},\"author\":{\"name\":\"Anne Marie Salgo\",\"@id\":\"https:\\\/\\\/maristeurope.eu\\\/de\\\/#\\\/schema\\\/person\\\/52ef67935880edd2768565651118bee9\"},\"headline\":\"Pilgerreise Tag 5: La Neyli\u00e8re\",\"datePublished\":\"2025-11-16T07:04:09+00:00\",\"dateModified\":\"2026-02-03T22:45:48+00:00\",\"mainEntityOfPage\":{\"@id\":\"https:\\\/\\\/maristeurope.eu\\\/de\\\/pilgerreise-tag-5-la-neyliere\\\/\"},\"wordCount\":312,\"publisher\":{\"@id\":\"https:\\\/\\\/maristeurope.eu\\\/de\\\/#organization\"},\"image\":{\"@id\":\"https:\\\/\\\/maristeurope.eu\\\/de\\\/pilgerreise-tag-5-la-neyliere\\\/#primaryimage\"},\"thumbnailUrl\":\"https:\\\/\\\/maristeurope.eu\\\/wp-content\\\/uploads\\\/2025\\\/11\\\/1-3.jpg\",\"articleSection\":[\"Nicht kategorisiert\"],\"inLanguage\":\"de\"},{\"@type\":\"WebPage\",\"@id\":\"https:\\\/\\\/maristeurope.eu\\\/de\\\/pilgerreise-tag-5-la-neyliere\\\/\",\"url\":\"https:\\\/\\\/maristeurope.eu\\\/de\\\/pilgerreise-tag-5-la-neyliere\\\/\",\"name\":\"Pilgerreise Tag 5: La Neyli\u00e8re - Marist Europe\",\"isPartOf\":{\"@id\":\"https:\\\/\\\/maristeurope.eu\\\/de\\\/#website\"},\"primaryImageOfPage\":{\"@id\":\"https:\\\/\\\/maristeurope.eu\\\/de\\\/pilgerreise-tag-5-la-neyliere\\\/#primaryimage\"},\"image\":{\"@id\":\"https:\\\/\\\/maristeurope.eu\\\/de\\\/pilgerreise-tag-5-la-neyliere\\\/#primaryimage\"},\"thumbnailUrl\":\"https:\\\/\\\/maristeurope.eu\\\/wp-content\\\/uploads\\\/2025\\\/11\\\/1-3.jpg\",\"datePublished\":\"2025-11-16T07:04:09+00:00\",\"dateModified\":\"2026-02-03T22:45:48+00:00\",\"breadcrumb\":{\"@id\":\"https:\\\/\\\/maristeurope.eu\\\/de\\\/pilgerreise-tag-5-la-neyliere\\\/#breadcrumb\"},\"inLanguage\":\"de\",\"potentialAction\":[{\"@type\":\"ReadAction\",\"target\":[\"https:\\\/\\\/maristeurope.eu\\\/de\\\/pilgerreise-tag-5-la-neyliere\\\/\"]}]},{\"@type\":\"ImageObject\",\"inLanguage\":\"de\",\"@id\":\"https:\\\/\\\/maristeurope.eu\\\/de\\\/pilgerreise-tag-5-la-neyliere\\\/#primaryimage\",\"url\":\"https:\\\/\\\/maristeurope.eu\\\/wp-content\\\/uploads\\\/2025\\\/11\\\/1-3.jpg\",\"contentUrl\":\"https:\\\/\\\/maristeurope.eu\\\/wp-content\\\/uploads\\\/2025\\\/11\\\/1-3.jpg\",\"width\":1536,\"height\":1393},{\"@type\":\"BreadcrumbList\",\"@id\":\"https:\\\/\\\/maristeurope.eu\\\/de\\\/pilgerreise-tag-5-la-neyliere\\\/#breadcrumb\",\"itemListElement\":[{\"@type\":\"ListItem\",\"position\":1,\"name\":\"Home\",\"item\":\"https:\\\/\\\/maristeurope.eu\\\/de\\\/maristen\\\/\"},{\"@type\":\"ListItem\",\"position\":2,\"name\":\"Pilgerreise Tag 5: La Neyli\u00e8re\"}]},{\"@type\":\"WebSite\",\"@id\":\"https:\\\/\\\/maristeurope.eu\\\/de\\\/#website\",\"url\":\"https:\\\/\\\/maristeurope.eu\\\/de\\\/\",\"name\":\"Marist Europe\",\"description\":\"\",\"publisher\":{\"@id\":\"https:\\\/\\\/maristeurope.eu\\\/de\\\/#organization\"},\"potentialAction\":[{\"@type\":\"SearchAction\",\"target\":{\"@type\":\"EntryPoint\",\"urlTemplate\":\"https:\\\/\\\/maristeurope.eu\\\/de\\\/?s={search_term_string}\"},\"query-input\":{\"@type\":\"PropertyValueSpecification\",\"valueRequired\":true,\"valueName\":\"search_term_string\"}}],\"inLanguage\":\"de\"},{\"@type\":\"Organization\",\"@id\":\"https:\\\/\\\/maristeurope.eu\\\/de\\\/#organization\",\"name\":\"Marist Europe\",\"url\":\"https:\\\/\\\/maristeurope.eu\\\/de\\\/\",\"logo\":{\"@type\":\"ImageObject\",\"inLanguage\":\"de\",\"@id\":\"https:\\\/\\\/maristeurope.eu\\\/de\\\/#\\\/schema\\\/logo\\\/image\\\/\",\"url\":\"https:\\\/\\\/maristeurope.eu\\\/wp-content\\\/uploads\\\/2024\\\/10\\\/EU-SM-Finalogo-02.png\",\"contentUrl\":\"https:\\\/\\\/maristeurope.eu\\\/wp-content\\\/uploads\\\/2024\\\/10\\\/EU-SM-Finalogo-02.png\",\"width\":150,\"height\":156,\"caption\":\"Marist Europe\"},\"image\":{\"@id\":\"https:\\\/\\\/maristeurope.eu\\\/de\\\/#\\\/schema\\\/logo\\\/image\\\/\"}},{\"@type\":\"Person\",\"@id\":\"https:\\\/\\\/maristeurope.eu\\\/de\\\/#\\\/schema\\\/person\\\/52ef67935880edd2768565651118bee9\",\"name\":\"Anne Marie Salgo\",\"image\":{\"@type\":\"ImageObject\",\"inLanguage\":\"de\",\"@id\":\"https:\\\/\\\/secure.gravatar.com\\\/avatar\\\/63bc5f7f74a90bb8d99eaaf8206d8217d780934d9a9659350347a36f2698fe6b?s=96&d=mm&r=g\",\"url\":\"https:\\\/\\\/secure.gravatar.com\\\/avatar\\\/63bc5f7f74a90bb8d99eaaf8206d8217d780934d9a9659350347a36f2698fe6b?s=96&d=mm&r=g\",\"contentUrl\":\"https:\\\/\\\/secure.gravatar.com\\\/avatar\\\/63bc5f7f74a90bb8d99eaaf8206d8217d780934d9a9659350347a36f2698fe6b?s=96&d=mm&r=g\",\"caption\":\"Anne Marie Salgo\"},\"url\":\"https:\\\/\\\/maristeurope.eu\\\/de\\\/author\\\/anne\\\/\"}]}<\/script>\n<!-- \/ Yoast SEO plugin. -->","yoast_head_json":{"title":"Pilgerreise Tag 5: La Neyli\u00e8re - Marist Europe","robots":{"index":"index","follow":"follow","max-snippet":"max-snippet:-1","max-image-preview":"max-image-preview:large","max-video-preview":"max-video-preview:-1"},"canonical":"https:\/\/maristeurope.eu\/de\/pilgerreise-tag-5-la-neyliere\/","og_locale":"de_DE","og_type":"article","og_title":"Pilgerreise Tag 5: La Neyli\u00e8re - Marist Europe","og_description":"Den letzten Tag unserer wunderbaren Pilgerreise verbrachten wir in La Neyli\u00e8re, dem Gebetshaus der Maristen.","og_url":"https:\/\/maristeurope.eu\/de\/pilgerreise-tag-5-la-neyliere\/","og_site_name":"Marist Europe","article_published_time":"2025-11-16T07:04:09+00:00","article_modified_time":"2026-02-03T22:45:48+00:00","og_image":[{"width":1536,"height":1393,"url":"https:\/\/maristeurope.eu\/wp-content\/uploads\/2025\/11\/1-3.jpg","type":"image\/jpeg"}],"author":"Anne Marie Salgo","twitter_card":"summary_large_image","twitter_misc":{"Verfasst von":"Anne Marie Salgo","Gesch\u00e4tzte Lesezeit":"2\u00a0Minute"},"schema":{"@context":"https:\/\/schema.org","@graph":[{"@type":"Article","@id":"https:\/\/maristeurope.eu\/de\/pilgerreise-tag-5-la-neyliere\/#article","isPartOf":{"@id":"https:\/\/maristeurope.eu\/de\/pilgerreise-tag-5-la-neyliere\/"},"author":{"name":"Anne Marie Salgo","@id":"https:\/\/maristeurope.eu\/de\/#\/schema\/person\/52ef67935880edd2768565651118bee9"},"headline":"Pilgerreise Tag 5: La Neyli\u00e8re","datePublished":"2025-11-16T07:04:09+00:00","dateModified":"2026-02-03T22:45:48+00:00","mainEntityOfPage":{"@id":"https:\/\/maristeurope.eu\/de\/pilgerreise-tag-5-la-neyliere\/"},"wordCount":312,"publisher":{"@id":"https:\/\/maristeurope.eu\/de\/#organization"},"image":{"@id":"https:\/\/maristeurope.eu\/de\/pilgerreise-tag-5-la-neyliere\/#primaryimage"},"thumbnailUrl":"https:\/\/maristeurope.eu\/wp-content\/uploads\/2025\/11\/1-3.jpg","articleSection":["Nicht kategorisiert"],"inLanguage":"de"},{"@type":"WebPage","@id":"https:\/\/maristeurope.eu\/de\/pilgerreise-tag-5-la-neyliere\/","url":"https:\/\/maristeurope.eu\/de\/pilgerreise-tag-5-la-neyliere\/","name":"Pilgerreise Tag 5: La Neyli\u00e8re - Marist Europe","isPartOf":{"@id":"https:\/\/maristeurope.eu\/de\/#website"},"primaryImageOfPage":{"@id":"https:\/\/maristeurope.eu\/de\/pilgerreise-tag-5-la-neyliere\/#primaryimage"},"image":{"@id":"https:\/\/maristeurope.eu\/de\/pilgerreise-tag-5-la-neyliere\/#primaryimage"},"thumbnailUrl":"https:\/\/maristeurope.eu\/wp-content\/uploads\/2025\/11\/1-3.jpg","datePublished":"2025-11-16T07:04:09+00:00","dateModified":"2026-02-03T22:45:48+00:00","breadcrumb":{"@id":"https:\/\/maristeurope.eu\/de\/pilgerreise-tag-5-la-neyliere\/#breadcrumb"},"inLanguage":"de","potentialAction":[{"@type":"ReadAction","target":["https:\/\/maristeurope.eu\/de\/pilgerreise-tag-5-la-neyliere\/"]}]},{"@type":"ImageObject","inLanguage":"de","@id":"https:\/\/maristeurope.eu\/de\/pilgerreise-tag-5-la-neyliere\/#primaryimage","url":"https:\/\/maristeurope.eu\/wp-content\/uploads\/2025\/11\/1-3.jpg","contentUrl":"https:\/\/maristeurope.eu\/wp-content\/uploads\/2025\/11\/1-3.jpg","width":1536,"height":1393},{"@type":"BreadcrumbList","@id":"https:\/\/maristeurope.eu\/de\/pilgerreise-tag-5-la-neyliere\/#breadcrumb","itemListElement":[{"@type":"ListItem","position":1,"name":"Home","item":"https:\/\/maristeurope.eu\/de\/maristen\/"},{"@type":"ListItem","position":2,"name":"Pilgerreise Tag 5: La Neyli\u00e8re"}]},{"@type":"WebSite","@id":"https:\/\/maristeurope.eu\/de\/#website","url":"https:\/\/maristeurope.eu\/de\/","name":"Marist Europe","description":"","publisher":{"@id":"https:\/\/maristeurope.eu\/de\/#organization"},"potentialAction":[{"@type":"SearchAction","target":{"@type":"EntryPoint","urlTemplate":"https:\/\/maristeurope.eu\/de\/?s={search_term_string}"},"query-input":{"@type":"PropertyValueSpecification","valueRequired":true,"valueName":"search_term_string"}}],"inLanguage":"de"},{"@type":"Organization","@id":"https:\/\/maristeurope.eu\/de\/#organization","name":"Marist Europe","url":"https:\/\/maristeurope.eu\/de\/","logo":{"@type":"ImageObject","inLanguage":"de","@id":"https:\/\/maristeurope.eu\/de\/#\/schema\/logo\/image\/","url":"https:\/\/maristeurope.eu\/wp-content\/uploads\/2024\/10\/EU-SM-Finalogo-02.png","contentUrl":"https:\/\/maristeurope.eu\/wp-content\/uploads\/2024\/10\/EU-SM-Finalogo-02.png","width":150,"height":156,"caption":"Marist Europe"},"image":{"@id":"https:\/\/maristeurope.eu\/de\/#\/schema\/logo\/image\/"}},{"@type":"Person","@id":"https:\/\/maristeurope.eu\/de\/#\/schema\/person\/52ef67935880edd2768565651118bee9","name":"Anne Marie Salgo","image":{"@type":"ImageObject","inLanguage":"de","@id":"https:\/\/secure.gravatar.com\/avatar\/63bc5f7f74a90bb8d99eaaf8206d8217d780934d9a9659350347a36f2698fe6b?s=96&d=mm&r=g","url":"https:\/\/secure.gravatar.com\/avatar\/63bc5f7f74a90bb8d99eaaf8206d8217d780934d9a9659350347a36f2698fe6b?s=96&d=mm&r=g","contentUrl":"https:\/\/secure.gravatar.com\/avatar\/63bc5f7f74a90bb8d99eaaf8206d8217d780934d9a9659350347a36f2698fe6b?s=96&d=mm&r=g","caption":"Anne Marie Salgo"},"url":"https:\/\/maristeurope.eu\/de\/author\/anne\/"}]}},"_links":{"self":[{"href":"https:\/\/maristeurope.eu\/de\/wp-json\/wp\/v2\/posts\/9226","targetHints":{"allow":["GET"]}}],"collection":[{"href":"https:\/\/maristeurope.eu\/de\/wp-json\/wp\/v2\/posts"}],"about":[{"href":"https:\/\/maristeurope.eu\/de\/wp-json\/wp\/v2\/types\/post"}],"author":[{"embeddable":true,"href":"https:\/\/maristeurope.eu\/de\/wp-json\/wp\/v2\/users\/3"}],"replies":[{"embeddable":true,"href":"https:\/\/maristeurope.eu\/de\/wp-json\/wp\/v2\/comments?post=9226"}],"version-history":[{"count":1,"href":"https:\/\/maristeurope.eu\/de\/wp-json\/wp\/v2\/posts\/9226\/revisions"}],"predecessor-version":[{"id":9229,"href":"https:\/\/maristeurope.eu\/de\/wp-json\/wp\/v2\/posts\/9226\/revisions\/9229"}],"wp:featuredmedia":[{"embeddable":true,"href":"https:\/\/maristeurope.eu\/de\/wp-json\/wp\/v2\/media\/9215"}],"wp:attachment":[{"href":"https:\/\/maristeurope.eu\/de\/wp-json\/wp\/v2\/media?parent=9226"}],"wp:term":[{"taxonomy":"category","embeddable":true,"href":"https:\/\/maristeurope.eu\/de\/wp-json\/wp\/v2\/categories?post=9226"},{"taxonomy":"post_tag","embeddable":true,"href":"https:\/\/maristeurope.eu\/de\/wp-json\/wp\/v2\/tags?post=9226"}],"curies":[{"name":"wp","href":"https:\/\/api.w.org\/{rel}","templated":true}]}}