{"id":9068,"date":"2025-11-13T10:29:54","date_gmt":"2025-11-13T09:29:54","guid":{"rendered":"https:\/\/maristeurope.eu\/pilgerreise-tag-2-fourviere\/"},"modified":"2025-11-13T11:19:02","modified_gmt":"2025-11-13T10:19:02","slug":"pilgerreise-tag-2-fourviere","status":"publish","type":"post","link":"https:\/\/maristeurope.eu\/de\/pilgerreise-tag-2-fourviere\/","title":{"rendered":"Pilgerreise Tag 2: Fourvi\u00e8re"},"content":{"rendered":"\n<p><strong>Der zweite Tag unserer Pilgerreise war dem Versprechen gewidmet, das die 12 Seminaristen, von denen einige gerade zu Priestern geweiht worden waren, 1816 in Fourvi\u00e8re unterzeichnet hatten.<\/strong><\/p>\n\n<p><\/p>\n\n<p>Bruder Faustino Ferrari hielt uns einen ausgezeichneten Vortrag zu diesem Thema. Sein Vortrag beleuchtete die folgenden Punkte:   <\/p>\n\n<p><em>Im heutigen Kontext ruft sie uns dazu auf, den Horizont der Versprechen in der modernen Gesellschaft nicht einzuschr\u00e4nken. Au\u00dferdem sollen wir traditionelle Verpflichtungen nicht durch vor\u00fcbergehende und flexible Beziehungen ersetzen. Sie l\u00e4dt uns ein, die g\u00f6ttliche Treue zu sch\u00e4tzen. Gottes Verhei\u00dfungen als das Fundament des christlichen Glaubens zu betrachten. Gottes Treue steht im Gegensatz zur menschlichen Gebrechlichkeit.    <\/em><\/p>\n\n<p><em>Die historische Bedeutung des Fourvi\u00e8re-Versprechens ist eine Erinnerung an die Urspr\u00fcnge der Gesellschaft Mariens und die gemachten Versprechen. Wir finden eine wichtige Symbolik in den Zw\u00f6lf, die das Fourvi\u00e8re-Versprechen unterzeichnet haben. Eine Parallele zwischen den Anf\u00e4ngen der Kirche und denen der Gesellschaft Mariens. Ebenso k\u00f6nnte man die Anonymit\u00e4t der ersten Mitglieder der Gesellschaft Mariens bis zu einem gewissen Grad als ein Mittel der kollektiven Identifikation sehen, sowie als eine kollektive Verpflichtung, eine neue Kirche mit einer marianischen Vision zu gr\u00fcnden. Das Versprechen ist eine gemeinsame Erkl\u00e4rung, die die Einheit der Gruppe unterstreicht. Die Bedeutung des Namens Mariens f\u00fcr die maristische Identit\u00e4t.     <\/em><\/p>\n\n<p><em>Bruder Faustino l\u00e4dt uns ein, \u00fcber Jugend und Reife nachzudenken. Wir m\u00fcssen vorsichtig sein, wenn wir junge Menschen aus fr\u00fcheren Generationen kritisieren. Obwohl sie jung sind, gibt es ein ernsthaftes Engagement seitens der jungen Maristenaspiranten. Andererseits zwingt uns die Entwicklung von Kirche und Gesellschaft dazu, auf Ver\u00e4nderungen in unserer Wahrnehmung der Kirche und unserer Dienste zu achten. Wir brauchen einen Ansatz, der die Menschen in den Mittelpunkt stellt, und nicht einen, der die Strukturen in den Mittelpunkt stellt.    <\/em><\/p>\n\n<p><em>Wir sind eingeladen, das Versprechen von Fourvi\u00e8re \"umzuschreiben\" und uns daran zu erinnern, dass das Versprechen heute relevant ist. Wir m\u00fcssen f\u00fcr die Maristen eine Verbindung zwischen Erinnerung und Zukunft herstellen. Das Fourvi\u00e8re-Versprechen ruft uns heute auf, einen zeitgem\u00e4\u00dfen, von Maria getragenen Glauben zu leben. Es l\u00e4dt uns ein, das maristische Erbe in unserer Gegenwart zu feiern und zu aktualisieren.   <\/em><\/p>\n\n<p>Nach dem Vortrag genossen wir ein ausgezeichnetes Essen in dieser neuen Schule, die auf dem Gel\u00e4nde gebaut wurde, das Pater Colin in den ersten Tagen als Generalhaus der Gesellschaft Mariens erworben hatte. Es war eine Begegnung zwischen der Vergangenheit und der Zukunft, dem Alten und dem Neuen, in einer Dialektik von Hoffnung, Vertrauen und Hingabe.  <\/p>\n\n<p>Wir beendeten den Tag mit der Eucharistiefeier in der Kathedrale Unserer Lieben Frau von Fourvi\u00e8re. Was f\u00fcr eine Explosion von Glauben, Freude und Gl\u00fcck! Es war eine wundersch\u00f6ne Liturgie, in der Pater Larry Duffy die Vision von Pater Colin von einer Kirche f\u00fcr die ganze Welt hervorhob, die durch die anwesenden Pilger aus den verschiedensten Teilen der Welt repr\u00e4sentiert wurde. Der Chor, der aus jungen Menschen bestand und von ihnen geleitet wurde, trug wesentlich zu der erbaulichen Feier bei.     <\/p>\n\n<p><em>P. Eduardo Rodriguez, sm <\/em><\/p>\n\n<p><\/p>\n\n<figure class=\"wp-block-gallery has-nested-images columns-default is-cropped wp-block-gallery-1 is-layout-flex wp-block-gallery-is-layout-flex\">\n<figure class=\"wp-block-image size-large\"><img loading=\"lazy\" decoding=\"async\" width=\"1024\" height=\"767\" data-id=\"9041\" src=\"https:\/\/maristeurope.eu\/wp-content\/uploads\/2025\/11\/3-1-1024x767.jpg\" alt=\"\" class=\"wp-image-9041\" srcset=\"https:\/\/maristeurope.eu\/wp-content\/uploads\/2025\/11\/3-1-980x734.jpg 980w, https:\/\/maristeurope.eu\/wp-content\/uploads\/2025\/11\/3-1-480x360.jpg 480w\" sizes=\"(min-width: 0px) and (max-width: 480px) 480px, (min-width: 481px) and (max-width: 980px) 980px, (min-width: 981px) 1024px, 100vw\" \/><\/figure>\n\n\n\n<figure class=\"wp-block-image size-large\"><img loading=\"lazy\" decoding=\"async\" width=\"1024\" height=\"768\" data-id=\"9048\" src=\"https:\/\/maristeurope.eu\/wp-content\/uploads\/2025\/11\/5-1-1024x768.jpg\" alt=\"\" class=\"wp-image-9048\" srcset=\"https:\/\/maristeurope.eu\/wp-content\/uploads\/2025\/11\/5-1-980x735.jpg 980w, https:\/\/maristeurope.eu\/wp-content\/uploads\/2025\/11\/5-1-480x360.jpg 480w\" sizes=\"(min-width: 0px) and (max-width: 480px) 480px, (min-width: 481px) and (max-width: 980px) 980px, (min-width: 981px) 1024px, 100vw\" \/><\/figure>\n\n\n\n<figure class=\"wp-block-image size-large\"><img loading=\"lazy\" decoding=\"async\" width=\"1024\" height=\"768\" data-id=\"9034\" src=\"https:\/\/maristeurope.eu\/wp-content\/uploads\/2025\/11\/2-1-1024x768.jpg\" alt=\"\" class=\"wp-image-9034\" srcset=\"https:\/\/maristeurope.eu\/wp-content\/uploads\/2025\/11\/2-1-980x735.jpg 980w, https:\/\/maristeurope.eu\/wp-content\/uploads\/2025\/11\/2-1-480x360.jpg 480w\" sizes=\"(min-width: 0px) and (max-width: 480px) 480px, (min-width: 481px) and (max-width: 980px) 980px, (min-width: 981px) 1024px, 100vw\" \/><\/figure>\n<\/figure>\n","protected":false},"excerpt":{"rendered":"<p>Der zweite Tag unserer Pilgerreise war dem Versprechen gewidmet, das die 12 Seminaristen, von denen einige gerade zu Priestern geweiht worden waren, 1816 in Fourvi\u00e8re unterzeichnet hatten.<\/p>\n","protected":false},"author":3,"featured_media":9058,"comment_status":"open","ping_status":"open","sticky":false,"template":"","format":"standard","meta":{"footnotes":""},"categories":[51],"tags":[],"class_list":["post-9068","post","type-post","status-publish","format-standard","has-post-thumbnail","hentry","category-nicht-kategorisiert"],"yoast_head":"<!-- This site is optimized with the Yoast SEO plugin v27.5 - https:\/\/yoast.com\/product\/yoast-seo-wordpress\/ -->\n<title>Pilgerreise Tag 2: Fourvi\u00e8re - Marist Europe<\/title>\n<meta name=\"robots\" content=\"index, follow, max-snippet:-1, max-image-preview:large, max-video-preview:-1\" \/>\n<link rel=\"canonical\" href=\"https:\/\/maristeurope.eu\/de\/pilgerreise-tag-2-fourviere\/\" \/>\n<meta property=\"og:locale\" content=\"de_DE\" \/>\n<meta property=\"og:type\" content=\"article\" \/>\n<meta property=\"og:title\" content=\"Pilgerreise Tag 2: Fourvi\u00e8re - Marist Europe\" \/>\n<meta property=\"og:description\" content=\"Der zweite Tag unserer Pilgerreise war dem Versprechen gewidmet, das die 12 Seminaristen, von denen einige gerade zu Priestern geweiht worden waren, 1816 in Fourvi\u00e8re unterzeichnet hatten.\" \/>\n<meta property=\"og:url\" content=\"https:\/\/maristeurope.eu\/de\/pilgerreise-tag-2-fourviere\/\" \/>\n<meta property=\"og:site_name\" content=\"Marist Europe\" \/>\n<meta property=\"article:published_time\" content=\"2025-11-13T09:29:54+00:00\" \/>\n<meta property=\"article:modified_time\" content=\"2025-11-13T10:19:02+00:00\" \/>\n<meta property=\"og:image\" content=\"https:\/\/maristeurope.eu\/wp-content\/uploads\/2025\/11\/1-1.jpg\" \/>\n\t<meta property=\"og:image:width\" content=\"1767\" \/>\n\t<meta property=\"og:image:height\" content=\"1325\" \/>\n\t<meta property=\"og:image:type\" content=\"image\/jpeg\" \/>\n<meta name=\"author\" content=\"Anne Marie Salgo\" \/>\n<meta name=\"twitter:card\" content=\"summary_large_image\" \/>\n<meta name=\"twitter:label1\" content=\"Verfasst von\" \/>\n\t<meta name=\"twitter:data1\" content=\"Anne Marie Salgo\" \/>\n\t<meta name=\"twitter:label2\" content=\"Gesch\u00e4tzte Lesezeit\" \/>\n\t<meta name=\"twitter:data2\" content=\"3\u00a0Minute\" \/>\n<script type=\"application\/ld+json\" class=\"yoast-schema-graph\">{\"@context\":\"https:\\\/\\\/schema.org\",\"@graph\":[{\"@type\":\"Article\",\"@id\":\"https:\\\/\\\/maristeurope.eu\\\/de\\\/pilgerreise-tag-2-fourviere\\\/#article\",\"isPartOf\":{\"@id\":\"https:\\\/\\\/maristeurope.eu\\\/de\\\/pilgerreise-tag-2-fourviere\\\/\"},\"author\":{\"name\":\"Anne Marie Salgo\",\"@id\":\"https:\\\/\\\/maristeurope.eu\\\/de\\\/#\\\/schema\\\/person\\\/52ef67935880edd2768565651118bee9\"},\"headline\":\"Pilgerreise Tag 2: Fourvi\u00e8re\",\"datePublished\":\"2025-11-13T09:29:54+00:00\",\"dateModified\":\"2025-11-13T10:19:02+00:00\",\"mainEntityOfPage\":{\"@id\":\"https:\\\/\\\/maristeurope.eu\\\/de\\\/pilgerreise-tag-2-fourviere\\\/\"},\"wordCount\":516,\"commentCount\":0,\"publisher\":{\"@id\":\"https:\\\/\\\/maristeurope.eu\\\/de\\\/#organization\"},\"image\":{\"@id\":\"https:\\\/\\\/maristeurope.eu\\\/de\\\/pilgerreise-tag-2-fourviere\\\/#primaryimage\"},\"thumbnailUrl\":\"https:\\\/\\\/maristeurope.eu\\\/wp-content\\\/uploads\\\/2025\\\/11\\\/1-1.jpg\",\"articleSection\":[\"Nicht kategorisiert\"],\"inLanguage\":\"de\",\"potentialAction\":[{\"@type\":\"CommentAction\",\"name\":\"Comment\",\"target\":[\"https:\\\/\\\/maristeurope.eu\\\/de\\\/pilgerreise-tag-2-fourviere\\\/#respond\"]}]},{\"@type\":\"WebPage\",\"@id\":\"https:\\\/\\\/maristeurope.eu\\\/de\\\/pilgerreise-tag-2-fourviere\\\/\",\"url\":\"https:\\\/\\\/maristeurope.eu\\\/de\\\/pilgerreise-tag-2-fourviere\\\/\",\"name\":\"Pilgerreise Tag 2: Fourvi\u00e8re - Marist Europe\",\"isPartOf\":{\"@id\":\"https:\\\/\\\/maristeurope.eu\\\/de\\\/#website\"},\"primaryImageOfPage\":{\"@id\":\"https:\\\/\\\/maristeurope.eu\\\/de\\\/pilgerreise-tag-2-fourviere\\\/#primaryimage\"},\"image\":{\"@id\":\"https:\\\/\\\/maristeurope.eu\\\/de\\\/pilgerreise-tag-2-fourviere\\\/#primaryimage\"},\"thumbnailUrl\":\"https:\\\/\\\/maristeurope.eu\\\/wp-content\\\/uploads\\\/2025\\\/11\\\/1-1.jpg\",\"datePublished\":\"2025-11-13T09:29:54+00:00\",\"dateModified\":\"2025-11-13T10:19:02+00:00\",\"breadcrumb\":{\"@id\":\"https:\\\/\\\/maristeurope.eu\\\/de\\\/pilgerreise-tag-2-fourviere\\\/#breadcrumb\"},\"inLanguage\":\"de\",\"potentialAction\":[{\"@type\":\"ReadAction\",\"target\":[\"https:\\\/\\\/maristeurope.eu\\\/de\\\/pilgerreise-tag-2-fourviere\\\/\"]}]},{\"@type\":\"ImageObject\",\"inLanguage\":\"de\",\"@id\":\"https:\\\/\\\/maristeurope.eu\\\/de\\\/pilgerreise-tag-2-fourviere\\\/#primaryimage\",\"url\":\"https:\\\/\\\/maristeurope.eu\\\/wp-content\\\/uploads\\\/2025\\\/11\\\/1-1.jpg\",\"contentUrl\":\"https:\\\/\\\/maristeurope.eu\\\/wp-content\\\/uploads\\\/2025\\\/11\\\/1-1.jpg\",\"width\":1767,\"height\":1325},{\"@type\":\"BreadcrumbList\",\"@id\":\"https:\\\/\\\/maristeurope.eu\\\/de\\\/pilgerreise-tag-2-fourviere\\\/#breadcrumb\",\"itemListElement\":[{\"@type\":\"ListItem\",\"position\":1,\"name\":\"Home\",\"item\":\"https:\\\/\\\/maristeurope.eu\\\/de\\\/maristen\\\/\"},{\"@type\":\"ListItem\",\"position\":2,\"name\":\"Pilgerreise Tag 2: Fourvi\u00e8re\"}]},{\"@type\":\"WebSite\",\"@id\":\"https:\\\/\\\/maristeurope.eu\\\/de\\\/#website\",\"url\":\"https:\\\/\\\/maristeurope.eu\\\/de\\\/\",\"name\":\"Marist Europe\",\"description\":\"\",\"publisher\":{\"@id\":\"https:\\\/\\\/maristeurope.eu\\\/de\\\/#organization\"},\"potentialAction\":[{\"@type\":\"SearchAction\",\"target\":{\"@type\":\"EntryPoint\",\"urlTemplate\":\"https:\\\/\\\/maristeurope.eu\\\/de\\\/?s={search_term_string}\"},\"query-input\":{\"@type\":\"PropertyValueSpecification\",\"valueRequired\":true,\"valueName\":\"search_term_string\"}}],\"inLanguage\":\"de\"},{\"@type\":\"Organization\",\"@id\":\"https:\\\/\\\/maristeurope.eu\\\/de\\\/#organization\",\"name\":\"Marist Europe\",\"url\":\"https:\\\/\\\/maristeurope.eu\\\/de\\\/\",\"logo\":{\"@type\":\"ImageObject\",\"inLanguage\":\"de\",\"@id\":\"https:\\\/\\\/maristeurope.eu\\\/de\\\/#\\\/schema\\\/logo\\\/image\\\/\",\"url\":\"https:\\\/\\\/maristeurope.eu\\\/wp-content\\\/uploads\\\/2024\\\/10\\\/EU-SM-Finalogo-02.png\",\"contentUrl\":\"https:\\\/\\\/maristeurope.eu\\\/wp-content\\\/uploads\\\/2024\\\/10\\\/EU-SM-Finalogo-02.png\",\"width\":150,\"height\":156,\"caption\":\"Marist Europe\"},\"image\":{\"@id\":\"https:\\\/\\\/maristeurope.eu\\\/de\\\/#\\\/schema\\\/logo\\\/image\\\/\"}},{\"@type\":\"Person\",\"@id\":\"https:\\\/\\\/maristeurope.eu\\\/de\\\/#\\\/schema\\\/person\\\/52ef67935880edd2768565651118bee9\",\"name\":\"Anne Marie Salgo\",\"image\":{\"@type\":\"ImageObject\",\"inLanguage\":\"de\",\"@id\":\"https:\\\/\\\/secure.gravatar.com\\\/avatar\\\/63bc5f7f74a90bb8d99eaaf8206d8217d780934d9a9659350347a36f2698fe6b?s=96&d=mm&r=g\",\"url\":\"https:\\\/\\\/secure.gravatar.com\\\/avatar\\\/63bc5f7f74a90bb8d99eaaf8206d8217d780934d9a9659350347a36f2698fe6b?s=96&d=mm&r=g\",\"contentUrl\":\"https:\\\/\\\/secure.gravatar.com\\\/avatar\\\/63bc5f7f74a90bb8d99eaaf8206d8217d780934d9a9659350347a36f2698fe6b?s=96&d=mm&r=g\",\"caption\":\"Anne Marie Salgo\"},\"url\":\"https:\\\/\\\/maristeurope.eu\\\/de\\\/author\\\/anne\\\/\"}]}<\/script>\n<!-- \/ Yoast SEO plugin. -->","yoast_head_json":{"title":"Pilgerreise Tag 2: Fourvi\u00e8re - Marist Europe","robots":{"index":"index","follow":"follow","max-snippet":"max-snippet:-1","max-image-preview":"max-image-preview:large","max-video-preview":"max-video-preview:-1"},"canonical":"https:\/\/maristeurope.eu\/de\/pilgerreise-tag-2-fourviere\/","og_locale":"de_DE","og_type":"article","og_title":"Pilgerreise Tag 2: Fourvi\u00e8re - Marist Europe","og_description":"Der zweite Tag unserer Pilgerreise war dem Versprechen gewidmet, das die 12 Seminaristen, von denen einige gerade zu Priestern geweiht worden waren, 1816 in Fourvi\u00e8re unterzeichnet hatten.","og_url":"https:\/\/maristeurope.eu\/de\/pilgerreise-tag-2-fourviere\/","og_site_name":"Marist Europe","article_published_time":"2025-11-13T09:29:54+00:00","article_modified_time":"2025-11-13T10:19:02+00:00","og_image":[{"width":1767,"height":1325,"url":"https:\/\/maristeurope.eu\/wp-content\/uploads\/2025\/11\/1-1.jpg","type":"image\/jpeg"}],"author":"Anne Marie Salgo","twitter_card":"summary_large_image","twitter_misc":{"Verfasst von":"Anne Marie Salgo","Gesch\u00e4tzte Lesezeit":"3\u00a0Minute"},"schema":{"@context":"https:\/\/schema.org","@graph":[{"@type":"Article","@id":"https:\/\/maristeurope.eu\/de\/pilgerreise-tag-2-fourviere\/#article","isPartOf":{"@id":"https:\/\/maristeurope.eu\/de\/pilgerreise-tag-2-fourviere\/"},"author":{"name":"Anne Marie Salgo","@id":"https:\/\/maristeurope.eu\/de\/#\/schema\/person\/52ef67935880edd2768565651118bee9"},"headline":"Pilgerreise Tag 2: Fourvi\u00e8re","datePublished":"2025-11-13T09:29:54+00:00","dateModified":"2025-11-13T10:19:02+00:00","mainEntityOfPage":{"@id":"https:\/\/maristeurope.eu\/de\/pilgerreise-tag-2-fourviere\/"},"wordCount":516,"commentCount":0,"publisher":{"@id":"https:\/\/maristeurope.eu\/de\/#organization"},"image":{"@id":"https:\/\/maristeurope.eu\/de\/pilgerreise-tag-2-fourviere\/#primaryimage"},"thumbnailUrl":"https:\/\/maristeurope.eu\/wp-content\/uploads\/2025\/11\/1-1.jpg","articleSection":["Nicht kategorisiert"],"inLanguage":"de","potentialAction":[{"@type":"CommentAction","name":"Comment","target":["https:\/\/maristeurope.eu\/de\/pilgerreise-tag-2-fourviere\/#respond"]}]},{"@type":"WebPage","@id":"https:\/\/maristeurope.eu\/de\/pilgerreise-tag-2-fourviere\/","url":"https:\/\/maristeurope.eu\/de\/pilgerreise-tag-2-fourviere\/","name":"Pilgerreise Tag 2: Fourvi\u00e8re - Marist Europe","isPartOf":{"@id":"https:\/\/maristeurope.eu\/de\/#website"},"primaryImageOfPage":{"@id":"https:\/\/maristeurope.eu\/de\/pilgerreise-tag-2-fourviere\/#primaryimage"},"image":{"@id":"https:\/\/maristeurope.eu\/de\/pilgerreise-tag-2-fourviere\/#primaryimage"},"thumbnailUrl":"https:\/\/maristeurope.eu\/wp-content\/uploads\/2025\/11\/1-1.jpg","datePublished":"2025-11-13T09:29:54+00:00","dateModified":"2025-11-13T10:19:02+00:00","breadcrumb":{"@id":"https:\/\/maristeurope.eu\/de\/pilgerreise-tag-2-fourviere\/#breadcrumb"},"inLanguage":"de","potentialAction":[{"@type":"ReadAction","target":["https:\/\/maristeurope.eu\/de\/pilgerreise-tag-2-fourviere\/"]}]},{"@type":"ImageObject","inLanguage":"de","@id":"https:\/\/maristeurope.eu\/de\/pilgerreise-tag-2-fourviere\/#primaryimage","url":"https:\/\/maristeurope.eu\/wp-content\/uploads\/2025\/11\/1-1.jpg","contentUrl":"https:\/\/maristeurope.eu\/wp-content\/uploads\/2025\/11\/1-1.jpg","width":1767,"height":1325},{"@type":"BreadcrumbList","@id":"https:\/\/maristeurope.eu\/de\/pilgerreise-tag-2-fourviere\/#breadcrumb","itemListElement":[{"@type":"ListItem","position":1,"name":"Home","item":"https:\/\/maristeurope.eu\/de\/maristen\/"},{"@type":"ListItem","position":2,"name":"Pilgerreise Tag 2: Fourvi\u00e8re"}]},{"@type":"WebSite","@id":"https:\/\/maristeurope.eu\/de\/#website","url":"https:\/\/maristeurope.eu\/de\/","name":"Marist Europe","description":"","publisher":{"@id":"https:\/\/maristeurope.eu\/de\/#organization"},"potentialAction":[{"@type":"SearchAction","target":{"@type":"EntryPoint","urlTemplate":"https:\/\/maristeurope.eu\/de\/?s={search_term_string}"},"query-input":{"@type":"PropertyValueSpecification","valueRequired":true,"valueName":"search_term_string"}}],"inLanguage":"de"},{"@type":"Organization","@id":"https:\/\/maristeurope.eu\/de\/#organization","name":"Marist Europe","url":"https:\/\/maristeurope.eu\/de\/","logo":{"@type":"ImageObject","inLanguage":"de","@id":"https:\/\/maristeurope.eu\/de\/#\/schema\/logo\/image\/","url":"https:\/\/maristeurope.eu\/wp-content\/uploads\/2024\/10\/EU-SM-Finalogo-02.png","contentUrl":"https:\/\/maristeurope.eu\/wp-content\/uploads\/2024\/10\/EU-SM-Finalogo-02.png","width":150,"height":156,"caption":"Marist Europe"},"image":{"@id":"https:\/\/maristeurope.eu\/de\/#\/schema\/logo\/image\/"}},{"@type":"Person","@id":"https:\/\/maristeurope.eu\/de\/#\/schema\/person\/52ef67935880edd2768565651118bee9","name":"Anne Marie Salgo","image":{"@type":"ImageObject","inLanguage":"de","@id":"https:\/\/secure.gravatar.com\/avatar\/63bc5f7f74a90bb8d99eaaf8206d8217d780934d9a9659350347a36f2698fe6b?s=96&d=mm&r=g","url":"https:\/\/secure.gravatar.com\/avatar\/63bc5f7f74a90bb8d99eaaf8206d8217d780934d9a9659350347a36f2698fe6b?s=96&d=mm&r=g","contentUrl":"https:\/\/secure.gravatar.com\/avatar\/63bc5f7f74a90bb8d99eaaf8206d8217d780934d9a9659350347a36f2698fe6b?s=96&d=mm&r=g","caption":"Anne Marie Salgo"},"url":"https:\/\/maristeurope.eu\/de\/author\/anne\/"}]}},"_links":{"self":[{"href":"https:\/\/maristeurope.eu\/de\/wp-json\/wp\/v2\/posts\/9068","targetHints":{"allow":["GET"]}}],"collection":[{"href":"https:\/\/maristeurope.eu\/de\/wp-json\/wp\/v2\/posts"}],"about":[{"href":"https:\/\/maristeurope.eu\/de\/wp-json\/wp\/v2\/types\/post"}],"author":[{"embeddable":true,"href":"https:\/\/maristeurope.eu\/de\/wp-json\/wp\/v2\/users\/3"}],"replies":[{"embeddable":true,"href":"https:\/\/maristeurope.eu\/de\/wp-json\/wp\/v2\/comments?post=9068"}],"version-history":[{"count":1,"href":"https:\/\/maristeurope.eu\/de\/wp-json\/wp\/v2\/posts\/9068\/revisions"}],"predecessor-version":[{"id":9070,"href":"https:\/\/maristeurope.eu\/de\/wp-json\/wp\/v2\/posts\/9068\/revisions\/9070"}],"wp:featuredmedia":[{"embeddable":true,"href":"https:\/\/maristeurope.eu\/de\/wp-json\/wp\/v2\/media\/9058"}],"wp:attachment":[{"href":"https:\/\/maristeurope.eu\/de\/wp-json\/wp\/v2\/media?parent=9068"}],"wp:term":[{"taxonomy":"category","embeddable":true,"href":"https:\/\/maristeurope.eu\/de\/wp-json\/wp\/v2\/categories?post=9068"},{"taxonomy":"post_tag","embeddable":true,"href":"https:\/\/maristeurope.eu\/de\/wp-json\/wp\/v2\/tags?post=9068"}],"curies":[{"name":"wp","href":"https:\/\/api.w.org\/{rel}","templated":true}]}}