{"id":9019,"date":"2025-11-12T09:40:12","date_gmt":"2025-11-12T08:40:12","guid":{"rendered":"https:\/\/maristeurope.eu\/die-reise-des-gruenders-tag-1-der-pilgerreise-st-bonnet-de-troncy-les-barbery\/"},"modified":"2025-11-12T09:43:10","modified_gmt":"2025-11-12T08:43:10","slug":"die-reise-des-gruenders-tag-1-der-pilgerreise-st-bonnet-de-troncy-les-barbery","status":"publish","type":"post","link":"https:\/\/maristeurope.eu\/de\/die-reise-des-gruenders-tag-1-der-pilgerreise-st-bonnet-de-troncy-les-barbery\/","title":{"rendered":"Die Reise des Gr\u00fcnders - Tag 1 der Pilgerreise: St. Bonnet de Troncy - Les Barbery"},"content":{"rendered":"\n<p>Anl\u00e4sslich des 150. Todestages unseres Gr\u00fcnders, Pater Jean Claude Colin, hat ein Maristenteam eine <strong><a href=\"https:\/\/maristeurope.eu\/de\/in-den-fussstapfen-von-pater-colin\/\">Pilgerfahrt<\/a><\/strong> auf den Spuren von Pater Colin zu den <strong>Ursprungsorten der Maristen<\/strong> vom 10. bis 15. November 2025. Die Pilger wohnen in La Neyli\u00e8re und besuchen jeden Tag einen f\u00fcr unsere gemeinsame maristische Geschichte bedeutenden Ort.   <\/p>\n\n<p><em>Odile de Villenaut berichtet Tag f\u00fcr Tag von der Pilgerreise:  <\/em><\/p>\n\n<p>30 Pilger versammelten sich f\u00fcr die Woche und machten sich am Morgen mit dem Bus auf den Weg von La Neyliere nach St. Bonnet de Troncy. Wir sind 2 aus den USA, 2 Australier, 2 Mexikaner, 2 Iren, 2 Italiener, 2 Kanadier, 2 Afrikaner und 16 Franzosen, Priester und Laienmaristen aus Lyon, Paris und Toulon.   <\/p>\n\n<p>Der erste Tag war dem Besuch <strong>des Geburtsortes von Pater Colin<\/strong> gewidmet, wo er seine Jugend verbrachte. Pater Larry Duffy teilte seine ersten \u00dcberlegungen vor dem Kreuz in Barbery, wo einst das Haus von Pater Colin stand.   <\/p>\n\n<p>Wir trafen die Nachkommen von Pierre Colin, die noch in der Gegend oder in St. Bonnet de Troncy leben. Dann ging es weiter zur Kirche in St. Bonnet de Troncy f\u00fcr die zweite Besinnung. Dort wurden wir von einigen Gemeindemitgliedern herzlich mit Tee, Kaffee und Kuchen empfangen. Im Gemeindehaus tranken wir alle - Maristen, der Pfarrer und die Familie von Colin - gemeinsam den ber\u00fchmten \"Beaujolay\"-Wein, der in dieser Region hergestellt wird.     <\/p>\n\n<p>Wir besuchten auch den Ort, an dem sich das Jean-Claude Colin-Museum befand, in dem Haus, in dem er aufwuchs. Die Bewohner des Ortes waren traurig, als das Museum schlie\u00dfen musste. Um 15 Uhr feierten wir eine Messe in der Kirche. Schwester Teri O'Brien und Pater Jean-Marie Bloqueau begleiteten uns als lokale F\u00fchrer.   <\/p>\n\n<p>In seiner Predigt bemerkte Pater Larry: <em>\"Wir sind Pilger, die sich in dieser Kirche zu einer maristischen Pilgerreise versammelt haben, zu dem Ort, an dem Jean-Claude Colin geboren wurde und seine Jugend verbracht hat. Eine Pilgerreise ist nicht statisch, sie ist eine Bewegung. In der Bibel bewegt sich der Pilger, er geht in den Tempel... Ein geistliches Gespr\u00e4ch ist der Weg, um heute zu evangelisieren und der Welt und den Menschen Hoffnung zu geben. Unser christliches Erbe und das von Pater Colin helfen uns, die Menschen auf dem Weg Mariens zu Gott zu f\u00fchren.\"<\/em><\/p>\n\n<p>N.B.: Pater Larrys \u00dcberlegungen und Predigt werden in K\u00fcrze auf Franz\u00f6sisch und Englisch auf dieser Website verf\u00fcgbar sein.<\/p>\n\n<p><\/p>\n\n<figure class=\"wp-block-gallery has-nested-images columns-default is-cropped wp-block-gallery-1 is-layout-flex wp-block-gallery-is-layout-flex\">\n<figure class=\"wp-block-image size-large\"><img loading=\"lazy\" decoding=\"async\" width=\"1024\" height=\"757\" data-id=\"9010\" src=\"https:\/\/maristeurope.eu\/wp-content\/uploads\/2025\/11\/2-1024x757.jpg\" alt=\"\" class=\"wp-image-9010\" srcset=\"https:\/\/maristeurope.eu\/wp-content\/uploads\/2025\/11\/2-980x725.jpg 980w, https:\/\/maristeurope.eu\/wp-content\/uploads\/2025\/11\/2-480x355.jpg 480w\" sizes=\"(min-width: 0px) and (max-width: 480px) 480px, (min-width: 481px) and (max-width: 980px) 980px, (min-width: 981px) 1024px, 100vw\" \/><\/figure>\n\n\n\n<figure class=\"wp-block-image size-large\"><img loading=\"lazy\" decoding=\"async\" width=\"1024\" height=\"768\" data-id=\"9003\" src=\"https:\/\/maristeurope.eu\/wp-content\/uploads\/2025\/11\/5-1024x768.jpg\" alt=\"\" class=\"wp-image-9003\" srcset=\"https:\/\/maristeurope.eu\/wp-content\/uploads\/2025\/11\/5-1024x768.jpg 1024w, https:\/\/maristeurope.eu\/wp-content\/uploads\/2025\/11\/5-980x735.jpg 980w, https:\/\/maristeurope.eu\/wp-content\/uploads\/2025\/11\/5-480x360.jpg 480w\" sizes=\"(min-width: 0px) and (max-width: 480px) 480px, (min-width: 481px) and (max-width: 980px) 980px, (min-width: 981px) 1024px, 100vw\" \/><\/figure>\n\n\n\n<figure class=\"wp-block-image size-large\"><img loading=\"lazy\" decoding=\"async\" width=\"1024\" height=\"768\" data-id=\"8996\" src=\"https:\/\/maristeurope.eu\/wp-content\/uploads\/2025\/11\/3-1024x768.jpg\" alt=\"\" class=\"wp-image-8996\" srcset=\"https:\/\/maristeurope.eu\/wp-content\/uploads\/2025\/11\/3-980x735.jpg 980w, https:\/\/maristeurope.eu\/wp-content\/uploads\/2025\/11\/3-480x360.jpg 480w\" sizes=\"(min-width: 0px) and (max-width: 480px) 480px, (min-width: 481px) and (max-width: 980px) 980px, (min-width: 981px) 1024px, 100vw\" \/><\/figure>\n<\/figure>\n","protected":false},"excerpt":{"rendered":"<p>Zur Feier des 150. Todestages unseres Gr\u00fcnders, Pater Jean Claude Colin, hat ein Team von Maristen vom 10. bis 15. November 2025 eine Pilgerreise auf den Spuren von Pater Colin zu den Ursprungsorten der Maristen organisiert.<\/p>\n","protected":false},"author":3,"featured_media":8992,"comment_status":"open","ping_status":"open","sticky":false,"template":"","format":"standard","meta":{"footnotes":""},"categories":[51],"tags":[],"class_list":["post-9019","post","type-post","status-publish","format-standard","has-post-thumbnail","hentry","category-nicht-kategorisiert"],"yoast_head":"<!-- This site is optimized with the Yoast SEO plugin v27.5 - https:\/\/yoast.com\/product\/yoast-seo-wordpress\/ -->\n<title>Die Reise des Gr\u00fcnders - Tag 1 der Pilgerreise: St. Bonnet de Troncy - Les Barbery - Marist Europe<\/title>\n<meta name=\"robots\" content=\"index, follow, max-snippet:-1, max-image-preview:large, max-video-preview:-1\" \/>\n<link rel=\"canonical\" href=\"https:\/\/maristeurope.eu\/de\/die-reise-des-gruenders-tag-1-der-pilgerreise-st-bonnet-de-troncy-les-barbery\/\" \/>\n<meta property=\"og:locale\" content=\"de_DE\" \/>\n<meta property=\"og:type\" content=\"article\" \/>\n<meta property=\"og:title\" content=\"Die Reise des Gr\u00fcnders - Tag 1 der Pilgerreise: St. Bonnet de Troncy - Les Barbery - Marist Europe\" \/>\n<meta property=\"og:description\" content=\"Zur Feier des 150. Todestages unseres Gr\u00fcnders, Pater Jean Claude Colin, hat ein Team von Maristen vom 10. bis 15. November 2025 eine Pilgerreise auf den Spuren von Pater Colin zu den Ursprungsorten der Maristen organisiert.\" \/>\n<meta property=\"og:url\" content=\"https:\/\/maristeurope.eu\/de\/die-reise-des-gruenders-tag-1-der-pilgerreise-st-bonnet-de-troncy-les-barbery\/\" \/>\n<meta property=\"og:site_name\" content=\"Marist Europe\" \/>\n<meta property=\"article:published_time\" content=\"2025-11-12T08:40:12+00:00\" \/>\n<meta property=\"article:modified_time\" content=\"2025-11-12T08:43:10+00:00\" \/>\n<meta property=\"og:image\" content=\"https:\/\/maristeurope.eu\/wp-content\/uploads\/2025\/11\/1.jpg\" \/>\n\t<meta property=\"og:image:width\" content=\"1319\" \/>\n\t<meta property=\"og:image:height\" content=\"989\" \/>\n\t<meta property=\"og:image:type\" content=\"image\/jpeg\" \/>\n<meta name=\"author\" content=\"Anne Marie Salgo\" \/>\n<meta name=\"twitter:card\" content=\"summary_large_image\" \/>\n<meta name=\"twitter:label1\" content=\"Verfasst von\" \/>\n\t<meta name=\"twitter:data1\" content=\"Anne Marie Salgo\" \/>\n\t<meta name=\"twitter:label2\" content=\"Gesch\u00e4tzte Lesezeit\" \/>\n\t<meta name=\"twitter:data2\" content=\"2\u00a0Minute\" \/>\n<script type=\"application\/ld+json\" class=\"yoast-schema-graph\">{\"@context\":\"https:\\\/\\\/schema.org\",\"@graph\":[{\"@type\":\"Article\",\"@id\":\"https:\\\/\\\/maristeurope.eu\\\/de\\\/die-reise-des-gruenders-tag-1-der-pilgerreise-st-bonnet-de-troncy-les-barbery\\\/#article\",\"isPartOf\":{\"@id\":\"https:\\\/\\\/maristeurope.eu\\\/de\\\/die-reise-des-gruenders-tag-1-der-pilgerreise-st-bonnet-de-troncy-les-barbery\\\/\"},\"author\":{\"name\":\"Anne Marie Salgo\",\"@id\":\"https:\\\/\\\/maristeurope.eu\\\/de\\\/#\\\/schema\\\/person\\\/52ef67935880edd2768565651118bee9\"},\"headline\":\"Die Reise des Gr\u00fcnders - Tag 1 der Pilgerreise: St. Bonnet de Troncy - Les Barbery\",\"datePublished\":\"2025-11-12T08:40:12+00:00\",\"dateModified\":\"2025-11-12T08:43:10+00:00\",\"mainEntityOfPage\":{\"@id\":\"https:\\\/\\\/maristeurope.eu\\\/de\\\/die-reise-des-gruenders-tag-1-der-pilgerreise-st-bonnet-de-troncy-les-barbery\\\/\"},\"wordCount\":408,\"commentCount\":0,\"publisher\":{\"@id\":\"https:\\\/\\\/maristeurope.eu\\\/de\\\/#organization\"},\"image\":{\"@id\":\"https:\\\/\\\/maristeurope.eu\\\/de\\\/die-reise-des-gruenders-tag-1-der-pilgerreise-st-bonnet-de-troncy-les-barbery\\\/#primaryimage\"},\"thumbnailUrl\":\"https:\\\/\\\/maristeurope.eu\\\/wp-content\\\/uploads\\\/2025\\\/11\\\/1.jpg\",\"articleSection\":[\"Nicht kategorisiert\"],\"inLanguage\":\"de\",\"potentialAction\":[{\"@type\":\"CommentAction\",\"name\":\"Comment\",\"target\":[\"https:\\\/\\\/maristeurope.eu\\\/de\\\/die-reise-des-gruenders-tag-1-der-pilgerreise-st-bonnet-de-troncy-les-barbery\\\/#respond\"]}]},{\"@type\":\"WebPage\",\"@id\":\"https:\\\/\\\/maristeurope.eu\\\/de\\\/die-reise-des-gruenders-tag-1-der-pilgerreise-st-bonnet-de-troncy-les-barbery\\\/\",\"url\":\"https:\\\/\\\/maristeurope.eu\\\/de\\\/die-reise-des-gruenders-tag-1-der-pilgerreise-st-bonnet-de-troncy-les-barbery\\\/\",\"name\":\"Die Reise des Gr\u00fcnders - Tag 1 der Pilgerreise: St. Bonnet de Troncy - Les Barbery - Marist Europe\",\"isPartOf\":{\"@id\":\"https:\\\/\\\/maristeurope.eu\\\/de\\\/#website\"},\"primaryImageOfPage\":{\"@id\":\"https:\\\/\\\/maristeurope.eu\\\/de\\\/die-reise-des-gruenders-tag-1-der-pilgerreise-st-bonnet-de-troncy-les-barbery\\\/#primaryimage\"},\"image\":{\"@id\":\"https:\\\/\\\/maristeurope.eu\\\/de\\\/die-reise-des-gruenders-tag-1-der-pilgerreise-st-bonnet-de-troncy-les-barbery\\\/#primaryimage\"},\"thumbnailUrl\":\"https:\\\/\\\/maristeurope.eu\\\/wp-content\\\/uploads\\\/2025\\\/11\\\/1.jpg\",\"datePublished\":\"2025-11-12T08:40:12+00:00\",\"dateModified\":\"2025-11-12T08:43:10+00:00\",\"breadcrumb\":{\"@id\":\"https:\\\/\\\/maristeurope.eu\\\/de\\\/die-reise-des-gruenders-tag-1-der-pilgerreise-st-bonnet-de-troncy-les-barbery\\\/#breadcrumb\"},\"inLanguage\":\"de\",\"potentialAction\":[{\"@type\":\"ReadAction\",\"target\":[\"https:\\\/\\\/maristeurope.eu\\\/de\\\/die-reise-des-gruenders-tag-1-der-pilgerreise-st-bonnet-de-troncy-les-barbery\\\/\"]}]},{\"@type\":\"ImageObject\",\"inLanguage\":\"de\",\"@id\":\"https:\\\/\\\/maristeurope.eu\\\/de\\\/die-reise-des-gruenders-tag-1-der-pilgerreise-st-bonnet-de-troncy-les-barbery\\\/#primaryimage\",\"url\":\"https:\\\/\\\/maristeurope.eu\\\/wp-content\\\/uploads\\\/2025\\\/11\\\/1.jpg\",\"contentUrl\":\"https:\\\/\\\/maristeurope.eu\\\/wp-content\\\/uploads\\\/2025\\\/11\\\/1.jpg\",\"width\":1319,\"height\":989},{\"@type\":\"BreadcrumbList\",\"@id\":\"https:\\\/\\\/maristeurope.eu\\\/de\\\/die-reise-des-gruenders-tag-1-der-pilgerreise-st-bonnet-de-troncy-les-barbery\\\/#breadcrumb\",\"itemListElement\":[{\"@type\":\"ListItem\",\"position\":1,\"name\":\"Home\",\"item\":\"https:\\\/\\\/maristeurope.eu\\\/de\\\/maristen\\\/\"},{\"@type\":\"ListItem\",\"position\":2,\"name\":\"Die Reise des Gr\u00fcnders - Tag 1 der Pilgerreise: St. Bonnet de Troncy - Les Barbery\"}]},{\"@type\":\"WebSite\",\"@id\":\"https:\\\/\\\/maristeurope.eu\\\/de\\\/#website\",\"url\":\"https:\\\/\\\/maristeurope.eu\\\/de\\\/\",\"name\":\"Marist Europe\",\"description\":\"\",\"publisher\":{\"@id\":\"https:\\\/\\\/maristeurope.eu\\\/de\\\/#organization\"},\"potentialAction\":[{\"@type\":\"SearchAction\",\"target\":{\"@type\":\"EntryPoint\",\"urlTemplate\":\"https:\\\/\\\/maristeurope.eu\\\/de\\\/?s={search_term_string}\"},\"query-input\":{\"@type\":\"PropertyValueSpecification\",\"valueRequired\":true,\"valueName\":\"search_term_string\"}}],\"inLanguage\":\"de\"},{\"@type\":\"Organization\",\"@id\":\"https:\\\/\\\/maristeurope.eu\\\/de\\\/#organization\",\"name\":\"Marist Europe\",\"url\":\"https:\\\/\\\/maristeurope.eu\\\/de\\\/\",\"logo\":{\"@type\":\"ImageObject\",\"inLanguage\":\"de\",\"@id\":\"https:\\\/\\\/maristeurope.eu\\\/de\\\/#\\\/schema\\\/logo\\\/image\\\/\",\"url\":\"https:\\\/\\\/maristeurope.eu\\\/wp-content\\\/uploads\\\/2024\\\/10\\\/EU-SM-Finalogo-02.png\",\"contentUrl\":\"https:\\\/\\\/maristeurope.eu\\\/wp-content\\\/uploads\\\/2024\\\/10\\\/EU-SM-Finalogo-02.png\",\"width\":150,\"height\":156,\"caption\":\"Marist Europe\"},\"image\":{\"@id\":\"https:\\\/\\\/maristeurope.eu\\\/de\\\/#\\\/schema\\\/logo\\\/image\\\/\"}},{\"@type\":\"Person\",\"@id\":\"https:\\\/\\\/maristeurope.eu\\\/de\\\/#\\\/schema\\\/person\\\/52ef67935880edd2768565651118bee9\",\"name\":\"Anne Marie Salgo\",\"image\":{\"@type\":\"ImageObject\",\"inLanguage\":\"de\",\"@id\":\"https:\\\/\\\/secure.gravatar.com\\\/avatar\\\/63bc5f7f74a90bb8d99eaaf8206d8217d780934d9a9659350347a36f2698fe6b?s=96&d=mm&r=g\",\"url\":\"https:\\\/\\\/secure.gravatar.com\\\/avatar\\\/63bc5f7f74a90bb8d99eaaf8206d8217d780934d9a9659350347a36f2698fe6b?s=96&d=mm&r=g\",\"contentUrl\":\"https:\\\/\\\/secure.gravatar.com\\\/avatar\\\/63bc5f7f74a90bb8d99eaaf8206d8217d780934d9a9659350347a36f2698fe6b?s=96&d=mm&r=g\",\"caption\":\"Anne Marie Salgo\"},\"url\":\"https:\\\/\\\/maristeurope.eu\\\/de\\\/author\\\/anne\\\/\"}]}<\/script>\n<!-- \/ Yoast SEO plugin. -->","yoast_head_json":{"title":"Die Reise des Gr\u00fcnders - Tag 1 der Pilgerreise: St. Bonnet de Troncy - Les Barbery - Marist Europe","robots":{"index":"index","follow":"follow","max-snippet":"max-snippet:-1","max-image-preview":"max-image-preview:large","max-video-preview":"max-video-preview:-1"},"canonical":"https:\/\/maristeurope.eu\/de\/die-reise-des-gruenders-tag-1-der-pilgerreise-st-bonnet-de-troncy-les-barbery\/","og_locale":"de_DE","og_type":"article","og_title":"Die Reise des Gr\u00fcnders - Tag 1 der Pilgerreise: St. Bonnet de Troncy - Les Barbery - Marist Europe","og_description":"Zur Feier des 150. Todestages unseres Gr\u00fcnders, Pater Jean Claude Colin, hat ein Team von Maristen vom 10. bis 15. November 2025 eine Pilgerreise auf den Spuren von Pater Colin zu den Ursprungsorten der Maristen organisiert.","og_url":"https:\/\/maristeurope.eu\/de\/die-reise-des-gruenders-tag-1-der-pilgerreise-st-bonnet-de-troncy-les-barbery\/","og_site_name":"Marist Europe","article_published_time":"2025-11-12T08:40:12+00:00","article_modified_time":"2025-11-12T08:43:10+00:00","og_image":[{"width":1319,"height":989,"url":"https:\/\/maristeurope.eu\/wp-content\/uploads\/2025\/11\/1.jpg","type":"image\/jpeg"}],"author":"Anne Marie Salgo","twitter_card":"summary_large_image","twitter_misc":{"Verfasst von":"Anne Marie Salgo","Gesch\u00e4tzte Lesezeit":"2\u00a0Minute"},"schema":{"@context":"https:\/\/schema.org","@graph":[{"@type":"Article","@id":"https:\/\/maristeurope.eu\/de\/die-reise-des-gruenders-tag-1-der-pilgerreise-st-bonnet-de-troncy-les-barbery\/#article","isPartOf":{"@id":"https:\/\/maristeurope.eu\/de\/die-reise-des-gruenders-tag-1-der-pilgerreise-st-bonnet-de-troncy-les-barbery\/"},"author":{"name":"Anne Marie Salgo","@id":"https:\/\/maristeurope.eu\/de\/#\/schema\/person\/52ef67935880edd2768565651118bee9"},"headline":"Die Reise des Gr\u00fcnders - Tag 1 der Pilgerreise: St. Bonnet de Troncy - Les Barbery","datePublished":"2025-11-12T08:40:12+00:00","dateModified":"2025-11-12T08:43:10+00:00","mainEntityOfPage":{"@id":"https:\/\/maristeurope.eu\/de\/die-reise-des-gruenders-tag-1-der-pilgerreise-st-bonnet-de-troncy-les-barbery\/"},"wordCount":408,"commentCount":0,"publisher":{"@id":"https:\/\/maristeurope.eu\/de\/#organization"},"image":{"@id":"https:\/\/maristeurope.eu\/de\/die-reise-des-gruenders-tag-1-der-pilgerreise-st-bonnet-de-troncy-les-barbery\/#primaryimage"},"thumbnailUrl":"https:\/\/maristeurope.eu\/wp-content\/uploads\/2025\/11\/1.jpg","articleSection":["Nicht kategorisiert"],"inLanguage":"de","potentialAction":[{"@type":"CommentAction","name":"Comment","target":["https:\/\/maristeurope.eu\/de\/die-reise-des-gruenders-tag-1-der-pilgerreise-st-bonnet-de-troncy-les-barbery\/#respond"]}]},{"@type":"WebPage","@id":"https:\/\/maristeurope.eu\/de\/die-reise-des-gruenders-tag-1-der-pilgerreise-st-bonnet-de-troncy-les-barbery\/","url":"https:\/\/maristeurope.eu\/de\/die-reise-des-gruenders-tag-1-der-pilgerreise-st-bonnet-de-troncy-les-barbery\/","name":"Die Reise des Gr\u00fcnders - Tag 1 der Pilgerreise: St. Bonnet de Troncy - Les Barbery - Marist Europe","isPartOf":{"@id":"https:\/\/maristeurope.eu\/de\/#website"},"primaryImageOfPage":{"@id":"https:\/\/maristeurope.eu\/de\/die-reise-des-gruenders-tag-1-der-pilgerreise-st-bonnet-de-troncy-les-barbery\/#primaryimage"},"image":{"@id":"https:\/\/maristeurope.eu\/de\/die-reise-des-gruenders-tag-1-der-pilgerreise-st-bonnet-de-troncy-les-barbery\/#primaryimage"},"thumbnailUrl":"https:\/\/maristeurope.eu\/wp-content\/uploads\/2025\/11\/1.jpg","datePublished":"2025-11-12T08:40:12+00:00","dateModified":"2025-11-12T08:43:10+00:00","breadcrumb":{"@id":"https:\/\/maristeurope.eu\/de\/die-reise-des-gruenders-tag-1-der-pilgerreise-st-bonnet-de-troncy-les-barbery\/#breadcrumb"},"inLanguage":"de","potentialAction":[{"@type":"ReadAction","target":["https:\/\/maristeurope.eu\/de\/die-reise-des-gruenders-tag-1-der-pilgerreise-st-bonnet-de-troncy-les-barbery\/"]}]},{"@type":"ImageObject","inLanguage":"de","@id":"https:\/\/maristeurope.eu\/de\/die-reise-des-gruenders-tag-1-der-pilgerreise-st-bonnet-de-troncy-les-barbery\/#primaryimage","url":"https:\/\/maristeurope.eu\/wp-content\/uploads\/2025\/11\/1.jpg","contentUrl":"https:\/\/maristeurope.eu\/wp-content\/uploads\/2025\/11\/1.jpg","width":1319,"height":989},{"@type":"BreadcrumbList","@id":"https:\/\/maristeurope.eu\/de\/die-reise-des-gruenders-tag-1-der-pilgerreise-st-bonnet-de-troncy-les-barbery\/#breadcrumb","itemListElement":[{"@type":"ListItem","position":1,"name":"Home","item":"https:\/\/maristeurope.eu\/de\/maristen\/"},{"@type":"ListItem","position":2,"name":"Die Reise des Gr\u00fcnders - Tag 1 der Pilgerreise: St. Bonnet de Troncy - Les Barbery"}]},{"@type":"WebSite","@id":"https:\/\/maristeurope.eu\/de\/#website","url":"https:\/\/maristeurope.eu\/de\/","name":"Marist Europe","description":"","publisher":{"@id":"https:\/\/maristeurope.eu\/de\/#organization"},"potentialAction":[{"@type":"SearchAction","target":{"@type":"EntryPoint","urlTemplate":"https:\/\/maristeurope.eu\/de\/?s={search_term_string}"},"query-input":{"@type":"PropertyValueSpecification","valueRequired":true,"valueName":"search_term_string"}}],"inLanguage":"de"},{"@type":"Organization","@id":"https:\/\/maristeurope.eu\/de\/#organization","name":"Marist Europe","url":"https:\/\/maristeurope.eu\/de\/","logo":{"@type":"ImageObject","inLanguage":"de","@id":"https:\/\/maristeurope.eu\/de\/#\/schema\/logo\/image\/","url":"https:\/\/maristeurope.eu\/wp-content\/uploads\/2024\/10\/EU-SM-Finalogo-02.png","contentUrl":"https:\/\/maristeurope.eu\/wp-content\/uploads\/2024\/10\/EU-SM-Finalogo-02.png","width":150,"height":156,"caption":"Marist Europe"},"image":{"@id":"https:\/\/maristeurope.eu\/de\/#\/schema\/logo\/image\/"}},{"@type":"Person","@id":"https:\/\/maristeurope.eu\/de\/#\/schema\/person\/52ef67935880edd2768565651118bee9","name":"Anne Marie Salgo","image":{"@type":"ImageObject","inLanguage":"de","@id":"https:\/\/secure.gravatar.com\/avatar\/63bc5f7f74a90bb8d99eaaf8206d8217d780934d9a9659350347a36f2698fe6b?s=96&d=mm&r=g","url":"https:\/\/secure.gravatar.com\/avatar\/63bc5f7f74a90bb8d99eaaf8206d8217d780934d9a9659350347a36f2698fe6b?s=96&d=mm&r=g","contentUrl":"https:\/\/secure.gravatar.com\/avatar\/63bc5f7f74a90bb8d99eaaf8206d8217d780934d9a9659350347a36f2698fe6b?s=96&d=mm&r=g","caption":"Anne Marie Salgo"},"url":"https:\/\/maristeurope.eu\/de\/author\/anne\/"}]}},"_links":{"self":[{"href":"https:\/\/maristeurope.eu\/de\/wp-json\/wp\/v2\/posts\/9019","targetHints":{"allow":["GET"]}}],"collection":[{"href":"https:\/\/maristeurope.eu\/de\/wp-json\/wp\/v2\/posts"}],"about":[{"href":"https:\/\/maristeurope.eu\/de\/wp-json\/wp\/v2\/types\/post"}],"author":[{"embeddable":true,"href":"https:\/\/maristeurope.eu\/de\/wp-json\/wp\/v2\/users\/3"}],"replies":[{"embeddable":true,"href":"https:\/\/maristeurope.eu\/de\/wp-json\/wp\/v2\/comments?post=9019"}],"version-history":[{"count":1,"href":"https:\/\/maristeurope.eu\/de\/wp-json\/wp\/v2\/posts\/9019\/revisions"}],"predecessor-version":[{"id":9022,"href":"https:\/\/maristeurope.eu\/de\/wp-json\/wp\/v2\/posts\/9019\/revisions\/9022"}],"wp:featuredmedia":[{"embeddable":true,"href":"https:\/\/maristeurope.eu\/de\/wp-json\/wp\/v2\/media\/8992"}],"wp:attachment":[{"href":"https:\/\/maristeurope.eu\/de\/wp-json\/wp\/v2\/media?parent=9019"}],"wp:term":[{"taxonomy":"category","embeddable":true,"href":"https:\/\/maristeurope.eu\/de\/wp-json\/wp\/v2\/categories?post=9019"},{"taxonomy":"post_tag","embeddable":true,"href":"https:\/\/maristeurope.eu\/de\/wp-json\/wp\/v2\/tags?post=9019"}],"curies":[{"name":"wp","href":"https:\/\/api.w.org\/{rel}","templated":true}]}}