{"id":7881,"date":"2025-10-09T11:00:30","date_gmt":"2025-10-09T09:00:30","guid":{"rendered":"https:\/\/maristeurope.eu\/zusters-op-missie-in-notre-dame-de-france\/"},"modified":"2025-10-11T11:35:03","modified_gmt":"2025-10-11T09:35:03","slug":"schwester-auf-mission","status":"publish","type":"post","link":"https:\/\/maristeurope.eu\/de\/schwester-auf-mission\/","title":{"rendered":"Schwester auf Mission a Notre Dame de France"},"content":{"rendered":"\n<p>Die Schwestern Kura und Aquela SMSM sind die neuesten Mitglieder des Maristen-Teams in London.<br><em>Sr. Kurarenga (Kura) Tenaua schreibt:<\/em><\/p>\n\n\n\n<p>\u201eIch komme urspr\u00fcnglich von der ozeanischen Insel Kiribati. Kiribati ist ein sehr armes Land und auf die Hilfe gr\u00f6\u00dferer Nationen wie Australien und den Vereinigten Staaten angewiesen. Als wir auf den Inseln aufwuchsen, war das Leben einfach und unser Lebensunterhalt hing vom Meer und vom Land ab. Heute verlassen wir uns mehr auf Geld und sehen Bildung als entscheidend f\u00fcr unsere Zukunft an. Der Klimawandel ist eine ernsthafte Bedrohung f\u00fcr mein Land, aber unser Volk glaubt immer noch an Gottes Plan.<\/p>\n\n\n\n<p><strong><em>Meine Missionserfahrung \u00fcbertraf alles, was ich mir h\u00e4tte vorstellen k\u00f6nnen. <\/em><\/strong>Bevor ich nach Notre Dame de France kam, diente ich auf den Salomonen, wo ich am Kleinen Seminar und am Katechistenzentrum des Apostolischen Zentrums von Nazareth unterrichtete (2018\u20132024). Dort bildeten wir junge Menschen im Glauben aus und bereiteten sie darauf vor, in ihren Gemeinden wirksame christliche Leiter zu sein.<\/p>\n\n\n\n<p>Ich bin im M\u00e4rz dieses Jahres nach Notre Dame de France gekommen. <strong><em>Die Ankunft in London war ein weiterer Kulturschock, ganz anders als meine vorherige Mission<\/em><\/strong>. Jetzt helfe ich im Fl\u00fcchtlingsheim und im Sandwich Service. Montags bin ich im Drop-in-Center t\u00e4tig und treffe Menschen aus L\u00e4ndern wie der Elfenbeink\u00fcste, dem Kongo, Algerien und dem Iran. Donnerstags helfe ich im Englischunterricht f\u00fcr Gefl\u00fcchtete und samstags helfe ich bei der Zubereitung und Verteilung von Sandwiches an Obdachlose und Ausgegrenzte. Ich helfe auch im Gemeindeleben und bei anderen Aktivit\u00e4ten bei NDF.<\/p>\n\n\n\n<p>Im Juli hatte ich das Privileg, einen Franz\u00f6sischkurs in Paris zu besuchen, was eine wunderbare Erfahrung war, auch wenn ich nicht alles beherrschte. <strong><em>Danach nahm ich an Exerzitien in La Neyli\u00e8re teil und war beeindruckt von der Sch\u00f6nheit und der betenden Atmosph\u00e4re des Ortes. <\/em><\/strong>Ich hoffe, dass ich eines Tages zur\u00fcckkehren kann. Gott segne uns alle. Vielen Dank.\u201c<\/p>\n\n\n\n<p><em>Sr Aqela Likulagi Vere<\/em> <em>schreibt<\/em>:<\/p>\n\n\n\n<p>\u201eIch bin Sr. Aqela Likulagi Vere aus Fidschi und seit 1987 Missionsschwester der Gesellschaft Mariens (SMSM). <strong><em>Ich habe in Ozeanien, Afrika und Europa, in der Lehre, Beratung und Sozialarbeit gearbeitet.<\/em><\/strong> Das Flugzeug landete an einem kalten Morgen, dem 27. November 2024, in Heathrow, in dem Land, das in den n\u00e4chsten drei Jahren meine Heimat sein wird.<\/p>\n\n\n\n<p>Jetzt setze ich meine Mission in Notre Dame de France in London fort. Bei meiner Ankunft wurde ich von unseren Mitbr\u00fcdern im Priestertum Hubert, Martin, Pascal und Christian herzlich und famili\u00e4r empfangen. Obwohl es anders war, als ich es gewohnt war, habe ich mich schnell an das Gemeinschaftsleben gew\u00f6hnt. Ich war bis M\u00e4rz 2025 die einzige SMSM hier.<\/p>\n\n\n\n<p>Ich erkundete die vielen Aktivit\u00e4ten in Notre Dame und bot meine Hilfe an, wo es n\u00f6tig war: im Fl\u00fcchtlingszentrum, im Sandwich-Dienst und in bestehenden Pfarrgruppen. In der Seelsorge helfe ich beim Katechismusunterricht, was mich auch dazu veranlasst hat, andere Zentren zu besuchen und Katecheten und Studenten zu treffen. Ich nehme an seelsorgerischen Aktivit\u00e4ten wie Exerzitien, Workshops, \"Frat\"-Sitzungen und Veranstaltungen von Maristen in der Bildung teil. Ich danke dem Team der Gemeinschaft und der Seelsorge von Notre Dame de France aufrichtig daf\u00fcr, dass sie all dies m\u00f6glich gemacht haben.\u201c<\/p>\n","protected":false},"excerpt":{"rendered":"<p>Die Schwestern Kura und Aquela SMSM sind die neuesten Mitglieder des Maristen-Teams in London. Sie berichten von ihren ersten Erfahrungen nach ihrer Ankunft in Gro\u00dfbritannien&#8230;<\/p>\n","protected":false},"author":3,"featured_media":7866,"comment_status":"open","ping_status":"open","sticky":false,"template":"","format":"standard","meta":{"footnotes":""},"categories":[51],"tags":[],"class_list":["post-7881","post","type-post","status-publish","format-standard","has-post-thumbnail","hentry","category-nicht-kategorisiert"],"yoast_head":"<!-- This site is optimized with the Yoast SEO plugin v27.5 - https:\/\/yoast.com\/product\/yoast-seo-wordpress\/ -->\n<title>Schwester auf Mission a Notre Dame de France - Marist Europe<\/title>\n<meta name=\"robots\" content=\"index, follow, max-snippet:-1, max-image-preview:large, max-video-preview:-1\" \/>\n<link rel=\"canonical\" href=\"https:\/\/maristeurope.eu\/de\/schwester-auf-mission\/\" \/>\n<meta property=\"og:locale\" content=\"de_DE\" \/>\n<meta property=\"og:type\" content=\"article\" \/>\n<meta property=\"og:title\" content=\"Schwester auf Mission a Notre Dame de France - Marist Europe\" \/>\n<meta property=\"og:description\" content=\"Die Schwestern Kura und Aquela SMSM sind die neuesten Mitglieder des Maristen-Teams in London. Sie berichten von ihren ersten Erfahrungen nach ihrer Ankunft in Gro\u00dfbritannien...\" \/>\n<meta property=\"og:url\" content=\"https:\/\/maristeurope.eu\/de\/schwester-auf-mission\/\" \/>\n<meta property=\"og:site_name\" content=\"Marist Europe\" \/>\n<meta property=\"article:published_time\" content=\"2025-10-09T09:00:30+00:00\" \/>\n<meta property=\"article:modified_time\" content=\"2025-10-11T09:35:03+00:00\" \/>\n<meta property=\"og:image\" content=\"https:\/\/maristeurope.eu\/wp-content\/uploads\/2025\/10\/Sr-Aqela-et-Kura-NDF-e1760173354166.jpg\" \/>\n\t<meta property=\"og:image:width\" content=\"453\" \/>\n\t<meta property=\"og:image:height\" content=\"605\" \/>\n\t<meta property=\"og:image:type\" content=\"image\/jpeg\" \/>\n<meta name=\"author\" content=\"Anne Marie Salgo\" \/>\n<meta name=\"twitter:card\" content=\"summary_large_image\" \/>\n<meta name=\"twitter:label1\" content=\"Verfasst von\" \/>\n\t<meta name=\"twitter:data1\" content=\"Anne Marie Salgo\" \/>\n\t<meta name=\"twitter:label2\" content=\"Gesch\u00e4tzte Lesezeit\" \/>\n\t<meta name=\"twitter:data2\" content=\"3\u00a0Minute\" \/>\n<script type=\"application\/ld+json\" class=\"yoast-schema-graph\">{\"@context\":\"https:\\\/\\\/schema.org\",\"@graph\":[{\"@type\":\"Article\",\"@id\":\"https:\\\/\\\/maristeurope.eu\\\/de\\\/schwester-auf-mission\\\/#article\",\"isPartOf\":{\"@id\":\"https:\\\/\\\/maristeurope.eu\\\/de\\\/schwester-auf-mission\\\/\"},\"author\":{\"name\":\"Anne Marie Salgo\",\"@id\":\"https:\\\/\\\/maristeurope.eu\\\/de\\\/#\\\/schema\\\/person\\\/52ef67935880edd2768565651118bee9\"},\"headline\":\"Schwester auf Mission a Notre Dame de France\",\"datePublished\":\"2025-10-09T09:00:30+00:00\",\"dateModified\":\"2025-10-11T09:35:03+00:00\",\"mainEntityOfPage\":{\"@id\":\"https:\\\/\\\/maristeurope.eu\\\/de\\\/schwester-auf-mission\\\/\"},\"wordCount\":546,\"commentCount\":0,\"publisher\":{\"@id\":\"https:\\\/\\\/maristeurope.eu\\\/de\\\/#organization\"},\"image\":{\"@id\":\"https:\\\/\\\/maristeurope.eu\\\/de\\\/schwester-auf-mission\\\/#primaryimage\"},\"thumbnailUrl\":\"https:\\\/\\\/maristeurope.eu\\\/wp-content\\\/uploads\\\/2025\\\/10\\\/Sr-Aqela-et-Kura-NDF-e1760193178802.jpg\",\"articleSection\":[\"Nicht kategorisiert\"],\"inLanguage\":\"de\",\"potentialAction\":[{\"@type\":\"CommentAction\",\"name\":\"Comment\",\"target\":[\"https:\\\/\\\/maristeurope.eu\\\/de\\\/schwester-auf-mission\\\/#respond\"]}]},{\"@type\":\"WebPage\",\"@id\":\"https:\\\/\\\/maristeurope.eu\\\/de\\\/schwester-auf-mission\\\/\",\"url\":\"https:\\\/\\\/maristeurope.eu\\\/de\\\/schwester-auf-mission\\\/\",\"name\":\"Schwester auf Mission a Notre Dame de France - Marist Europe\",\"isPartOf\":{\"@id\":\"https:\\\/\\\/maristeurope.eu\\\/de\\\/#website\"},\"primaryImageOfPage\":{\"@id\":\"https:\\\/\\\/maristeurope.eu\\\/de\\\/schwester-auf-mission\\\/#primaryimage\"},\"image\":{\"@id\":\"https:\\\/\\\/maristeurope.eu\\\/de\\\/schwester-auf-mission\\\/#primaryimage\"},\"thumbnailUrl\":\"https:\\\/\\\/maristeurope.eu\\\/wp-content\\\/uploads\\\/2025\\\/10\\\/Sr-Aqela-et-Kura-NDF-e1760193178802.jpg\",\"datePublished\":\"2025-10-09T09:00:30+00:00\",\"dateModified\":\"2025-10-11T09:35:03+00:00\",\"breadcrumb\":{\"@id\":\"https:\\\/\\\/maristeurope.eu\\\/de\\\/schwester-auf-mission\\\/#breadcrumb\"},\"inLanguage\":\"de\",\"potentialAction\":[{\"@type\":\"ReadAction\",\"target\":[\"https:\\\/\\\/maristeurope.eu\\\/de\\\/schwester-auf-mission\\\/\"]}]},{\"@type\":\"ImageObject\",\"inLanguage\":\"de\",\"@id\":\"https:\\\/\\\/maristeurope.eu\\\/de\\\/schwester-auf-mission\\\/#primaryimage\",\"url\":\"https:\\\/\\\/maristeurope.eu\\\/wp-content\\\/uploads\\\/2025\\\/10\\\/Sr-Aqela-et-Kura-NDF-e1760193178802.jpg\",\"contentUrl\":\"https:\\\/\\\/maristeurope.eu\\\/wp-content\\\/uploads\\\/2025\\\/10\\\/Sr-Aqela-et-Kura-NDF-e1760193178802.jpg\",\"width\":453,\"height\":605},{\"@type\":\"BreadcrumbList\",\"@id\":\"https:\\\/\\\/maristeurope.eu\\\/de\\\/schwester-auf-mission\\\/#breadcrumb\",\"itemListElement\":[{\"@type\":\"ListItem\",\"position\":1,\"name\":\"Home\",\"item\":\"https:\\\/\\\/maristeurope.eu\\\/de\\\/maristen\\\/\"},{\"@type\":\"ListItem\",\"position\":2,\"name\":\"Schwester auf Mission a Notre Dame de France\"}]},{\"@type\":\"WebSite\",\"@id\":\"https:\\\/\\\/maristeurope.eu\\\/de\\\/#website\",\"url\":\"https:\\\/\\\/maristeurope.eu\\\/de\\\/\",\"name\":\"Marist Europe\",\"description\":\"\",\"publisher\":{\"@id\":\"https:\\\/\\\/maristeurope.eu\\\/de\\\/#organization\"},\"potentialAction\":[{\"@type\":\"SearchAction\",\"target\":{\"@type\":\"EntryPoint\",\"urlTemplate\":\"https:\\\/\\\/maristeurope.eu\\\/de\\\/?s={search_term_string}\"},\"query-input\":{\"@type\":\"PropertyValueSpecification\",\"valueRequired\":true,\"valueName\":\"search_term_string\"}}],\"inLanguage\":\"de\"},{\"@type\":\"Organization\",\"@id\":\"https:\\\/\\\/maristeurope.eu\\\/de\\\/#organization\",\"name\":\"Marist Europe\",\"url\":\"https:\\\/\\\/maristeurope.eu\\\/de\\\/\",\"logo\":{\"@type\":\"ImageObject\",\"inLanguage\":\"de\",\"@id\":\"https:\\\/\\\/maristeurope.eu\\\/de\\\/#\\\/schema\\\/logo\\\/image\\\/\",\"url\":\"https:\\\/\\\/maristeurope.eu\\\/wp-content\\\/uploads\\\/2024\\\/10\\\/EU-SM-Finalogo-02.png\",\"contentUrl\":\"https:\\\/\\\/maristeurope.eu\\\/wp-content\\\/uploads\\\/2024\\\/10\\\/EU-SM-Finalogo-02.png\",\"width\":150,\"height\":156,\"caption\":\"Marist Europe\"},\"image\":{\"@id\":\"https:\\\/\\\/maristeurope.eu\\\/de\\\/#\\\/schema\\\/logo\\\/image\\\/\"}},{\"@type\":\"Person\",\"@id\":\"https:\\\/\\\/maristeurope.eu\\\/de\\\/#\\\/schema\\\/person\\\/52ef67935880edd2768565651118bee9\",\"name\":\"Anne Marie Salgo\",\"image\":{\"@type\":\"ImageObject\",\"inLanguage\":\"de\",\"@id\":\"https:\\\/\\\/secure.gravatar.com\\\/avatar\\\/63bc5f7f74a90bb8d99eaaf8206d8217d780934d9a9659350347a36f2698fe6b?s=96&d=mm&r=g\",\"url\":\"https:\\\/\\\/secure.gravatar.com\\\/avatar\\\/63bc5f7f74a90bb8d99eaaf8206d8217d780934d9a9659350347a36f2698fe6b?s=96&d=mm&r=g\",\"contentUrl\":\"https:\\\/\\\/secure.gravatar.com\\\/avatar\\\/63bc5f7f74a90bb8d99eaaf8206d8217d780934d9a9659350347a36f2698fe6b?s=96&d=mm&r=g\",\"caption\":\"Anne Marie Salgo\"},\"url\":\"https:\\\/\\\/maristeurope.eu\\\/de\\\/author\\\/anne\\\/\"}]}<\/script>\n<!-- \/ Yoast SEO plugin. -->","yoast_head_json":{"title":"Schwester auf Mission a Notre Dame de France - Marist Europe","robots":{"index":"index","follow":"follow","max-snippet":"max-snippet:-1","max-image-preview":"max-image-preview:large","max-video-preview":"max-video-preview:-1"},"canonical":"https:\/\/maristeurope.eu\/de\/schwester-auf-mission\/","og_locale":"de_DE","og_type":"article","og_title":"Schwester auf Mission a Notre Dame de France - Marist Europe","og_description":"Die Schwestern Kura und Aquela SMSM sind die neuesten Mitglieder des Maristen-Teams in London. Sie berichten von ihren ersten Erfahrungen nach ihrer Ankunft in Gro\u00dfbritannien...","og_url":"https:\/\/maristeurope.eu\/de\/schwester-auf-mission\/","og_site_name":"Marist Europe","article_published_time":"2025-10-09T09:00:30+00:00","article_modified_time":"2025-10-11T09:35:03+00:00","og_image":[{"width":453,"height":605,"url":"https:\/\/maristeurope.eu\/wp-content\/uploads\/2025\/10\/Sr-Aqela-et-Kura-NDF-e1760173354166.jpg","type":"image\/jpeg"}],"author":"Anne Marie Salgo","twitter_card":"summary_large_image","twitter_misc":{"Verfasst von":"Anne Marie Salgo","Gesch\u00e4tzte Lesezeit":"3\u00a0Minute"},"schema":{"@context":"https:\/\/schema.org","@graph":[{"@type":"Article","@id":"https:\/\/maristeurope.eu\/de\/schwester-auf-mission\/#article","isPartOf":{"@id":"https:\/\/maristeurope.eu\/de\/schwester-auf-mission\/"},"author":{"name":"Anne Marie Salgo","@id":"https:\/\/maristeurope.eu\/de\/#\/schema\/person\/52ef67935880edd2768565651118bee9"},"headline":"Schwester auf Mission a Notre Dame de France","datePublished":"2025-10-09T09:00:30+00:00","dateModified":"2025-10-11T09:35:03+00:00","mainEntityOfPage":{"@id":"https:\/\/maristeurope.eu\/de\/schwester-auf-mission\/"},"wordCount":546,"commentCount":0,"publisher":{"@id":"https:\/\/maristeurope.eu\/de\/#organization"},"image":{"@id":"https:\/\/maristeurope.eu\/de\/schwester-auf-mission\/#primaryimage"},"thumbnailUrl":"https:\/\/maristeurope.eu\/wp-content\/uploads\/2025\/10\/Sr-Aqela-et-Kura-NDF-e1760193178802.jpg","articleSection":["Nicht kategorisiert"],"inLanguage":"de","potentialAction":[{"@type":"CommentAction","name":"Comment","target":["https:\/\/maristeurope.eu\/de\/schwester-auf-mission\/#respond"]}]},{"@type":"WebPage","@id":"https:\/\/maristeurope.eu\/de\/schwester-auf-mission\/","url":"https:\/\/maristeurope.eu\/de\/schwester-auf-mission\/","name":"Schwester auf Mission a Notre Dame de France - Marist Europe","isPartOf":{"@id":"https:\/\/maristeurope.eu\/de\/#website"},"primaryImageOfPage":{"@id":"https:\/\/maristeurope.eu\/de\/schwester-auf-mission\/#primaryimage"},"image":{"@id":"https:\/\/maristeurope.eu\/de\/schwester-auf-mission\/#primaryimage"},"thumbnailUrl":"https:\/\/maristeurope.eu\/wp-content\/uploads\/2025\/10\/Sr-Aqela-et-Kura-NDF-e1760193178802.jpg","datePublished":"2025-10-09T09:00:30+00:00","dateModified":"2025-10-11T09:35:03+00:00","breadcrumb":{"@id":"https:\/\/maristeurope.eu\/de\/schwester-auf-mission\/#breadcrumb"},"inLanguage":"de","potentialAction":[{"@type":"ReadAction","target":["https:\/\/maristeurope.eu\/de\/schwester-auf-mission\/"]}]},{"@type":"ImageObject","inLanguage":"de","@id":"https:\/\/maristeurope.eu\/de\/schwester-auf-mission\/#primaryimage","url":"https:\/\/maristeurope.eu\/wp-content\/uploads\/2025\/10\/Sr-Aqela-et-Kura-NDF-e1760193178802.jpg","contentUrl":"https:\/\/maristeurope.eu\/wp-content\/uploads\/2025\/10\/Sr-Aqela-et-Kura-NDF-e1760193178802.jpg","width":453,"height":605},{"@type":"BreadcrumbList","@id":"https:\/\/maristeurope.eu\/de\/schwester-auf-mission\/#breadcrumb","itemListElement":[{"@type":"ListItem","position":1,"name":"Home","item":"https:\/\/maristeurope.eu\/de\/maristen\/"},{"@type":"ListItem","position":2,"name":"Schwester auf Mission a Notre Dame de France"}]},{"@type":"WebSite","@id":"https:\/\/maristeurope.eu\/de\/#website","url":"https:\/\/maristeurope.eu\/de\/","name":"Marist Europe","description":"","publisher":{"@id":"https:\/\/maristeurope.eu\/de\/#organization"},"potentialAction":[{"@type":"SearchAction","target":{"@type":"EntryPoint","urlTemplate":"https:\/\/maristeurope.eu\/de\/?s={search_term_string}"},"query-input":{"@type":"PropertyValueSpecification","valueRequired":true,"valueName":"search_term_string"}}],"inLanguage":"de"},{"@type":"Organization","@id":"https:\/\/maristeurope.eu\/de\/#organization","name":"Marist Europe","url":"https:\/\/maristeurope.eu\/de\/","logo":{"@type":"ImageObject","inLanguage":"de","@id":"https:\/\/maristeurope.eu\/de\/#\/schema\/logo\/image\/","url":"https:\/\/maristeurope.eu\/wp-content\/uploads\/2024\/10\/EU-SM-Finalogo-02.png","contentUrl":"https:\/\/maristeurope.eu\/wp-content\/uploads\/2024\/10\/EU-SM-Finalogo-02.png","width":150,"height":156,"caption":"Marist Europe"},"image":{"@id":"https:\/\/maristeurope.eu\/de\/#\/schema\/logo\/image\/"}},{"@type":"Person","@id":"https:\/\/maristeurope.eu\/de\/#\/schema\/person\/52ef67935880edd2768565651118bee9","name":"Anne Marie Salgo","image":{"@type":"ImageObject","inLanguage":"de","@id":"https:\/\/secure.gravatar.com\/avatar\/63bc5f7f74a90bb8d99eaaf8206d8217d780934d9a9659350347a36f2698fe6b?s=96&d=mm&r=g","url":"https:\/\/secure.gravatar.com\/avatar\/63bc5f7f74a90bb8d99eaaf8206d8217d780934d9a9659350347a36f2698fe6b?s=96&d=mm&r=g","contentUrl":"https:\/\/secure.gravatar.com\/avatar\/63bc5f7f74a90bb8d99eaaf8206d8217d780934d9a9659350347a36f2698fe6b?s=96&d=mm&r=g","caption":"Anne Marie Salgo"},"url":"https:\/\/maristeurope.eu\/de\/author\/anne\/"}]}},"_links":{"self":[{"href":"https:\/\/maristeurope.eu\/de\/wp-json\/wp\/v2\/posts\/7881","targetHints":{"allow":["GET"]}}],"collection":[{"href":"https:\/\/maristeurope.eu\/de\/wp-json\/wp\/v2\/posts"}],"about":[{"href":"https:\/\/maristeurope.eu\/de\/wp-json\/wp\/v2\/types\/post"}],"author":[{"embeddable":true,"href":"https:\/\/maristeurope.eu\/de\/wp-json\/wp\/v2\/users\/3"}],"replies":[{"embeddable":true,"href":"https:\/\/maristeurope.eu\/de\/wp-json\/wp\/v2\/comments?post=7881"}],"version-history":[{"count":2,"href":"https:\/\/maristeurope.eu\/de\/wp-json\/wp\/v2\/posts\/7881\/revisions"}],"predecessor-version":[{"id":7884,"href":"https:\/\/maristeurope.eu\/de\/wp-json\/wp\/v2\/posts\/7881\/revisions\/7884"}],"wp:featuredmedia":[{"embeddable":true,"href":"https:\/\/maristeurope.eu\/de\/wp-json\/wp\/v2\/media\/7866"}],"wp:attachment":[{"href":"https:\/\/maristeurope.eu\/de\/wp-json\/wp\/v2\/media?parent=7881"}],"wp:term":[{"taxonomy":"category","embeddable":true,"href":"https:\/\/maristeurope.eu\/de\/wp-json\/wp\/v2\/categories?post=7881"},{"taxonomy":"post_tag","embeddable":true,"href":"https:\/\/maristeurope.eu\/de\/wp-json\/wp\/v2\/tags?post=7881"}],"curies":[{"name":"wp","href":"https:\/\/api.w.org\/{rel}","templated":true}]}}