{"id":7670,"date":"2025-09-04T22:15:00","date_gmt":"2025-09-04T20:15:00","guid":{"rendered":"https:\/\/maristeurope.eu\/sechs-monate-in-sahagun\/"},"modified":"2025-09-14T22:19:14","modified_gmt":"2025-09-14T20:19:14","slug":"sechs-monate-in-sahagun","status":"publish","type":"post","link":"https:\/\/maristeurope.eu\/de\/sechs-monate-in-sahagun\/","title":{"rendered":"Sechs Monate in Sahag\u00fan"},"content":{"rendered":"\n<p><strong><em>Matthew Crawford schreibt aus der Albergue von Santa Cruz:  <\/em><\/strong><\/p>\n\n<p>Bevor ich in Spanien ankam, hatte ich mir auch Sonnenschein als Norm vorgestellt. Ich kam Anfang M\u00e4rz in Sahag\u00fan an und wurde von leichtem Schneefall begr\u00fc\u00dft. Im Vergleich zu den neuseel\u00e4ndischen Wintern machte mir das jedoch nichts aus, denn der Wind war kein so gro\u00dfer Faktor. Fr\u00fchmorgendliche Spazierg\u00e4nge waren eine gute M\u00f6glichkeit, mich zu akklimatisieren. Von Anfang an war die Gemeinschaft hier in der Albergue von Santa Cruz unglaublich gastfreundlich, auch wenn mein Spanisch ziemlich eingerostet ist. Der erste Monat war ruhig und gab mir die M\u00f6glichkeit, mich einzuleben und den Tagesrhythmus der Albergue kennenzulernen. Wenn die Albergue nicht voll ist, gibt es mehr Raum, um Zeit mit den Pilgern zu verbringen, und in diesen ersten Wochen hatte ich das Privileg, viele tief bewegende Geschichten \u00fcber das Leben, den Glauben und die Reisen zu h\u00f6ren, die die Menschen auf den Camino gef\u00fchrt haben.      <\/p>\n\n<p>In der Karwoche (Semana Santa) hatte sich der Pilgerstrom beschleunigt. Im Mai und Juni waren die Zimmer fast jede Nacht voll, und mit ihnen die Betriebsamkeit und Energie eines Hauses, das von Reisenden belebt wird. Wir waren mit vielen Freiwilligen und Gasteltern aus der ganzen Welt gesegnet, von denen jeder seine eigene Kultur und Erfahrung mitbrachte, um unsere gemeinsame Arbeit zu bereichern. Im Juli und August gingen die Zahlen mit der Sommerhitze zur\u00fcck - wie immer - aber wir wissen, dass sich der Weg im September wieder f\u00fcllen wird.   <\/p>\n\n<p>Wenn ich auf diese ersten sechs Monate zur\u00fcckblicke, sehe ich einen Dienst, der sich sowohl wiederholt als auch unendlich vielf\u00e4ltig ist. Die Aufgaben m\u00f6gen die gleichen sein, aber jeder Tag ist neu, weil jeder Pilger neu ist. Unser Pilgercaf\u00e9, das gemeinsame Abendessen und die t\u00e4gliche Messe machen unsere Albergue zu einem Ort, an dem die Kirche auf dem Camino pr\u00e4sent ist und an dem wir versuchen, Marias sanfte Gegenwart mit den M\u00fcden zu teilen. Hier vertrauen wir wie Maria auf Gottes Vorsehung - im Glauben, dass er im Stillen durch uns zum Wohl der Pilger und der Gastgeber wirkt.   <\/p>\n","protected":false},"excerpt":{"rendered":"<p>Matthew Crawford schreibt aus der Albergue von Santa Cruz: Bevor ich in Spanien ankam, hatte ich mir auch Sonnenschein als Norm vorgestellt. Ich kam Anfang M\u00e4rz in Sahag\u00fan an und wurde von leichtem Schneefall begr\u00fc\u00dft! <\/p>\n","protected":false},"author":3,"featured_media":7637,"comment_status":"open","ping_status":"open","sticky":false,"template":"","format":"standard","meta":{"footnotes":""},"categories":[51],"tags":[],"class_list":["post-7670","post","type-post","status-publish","format-standard","has-post-thumbnail","hentry","category-nicht-kategorisiert"],"yoast_head":"<!-- This site is optimized with the Yoast SEO plugin v27.5 - https:\/\/yoast.com\/product\/yoast-seo-wordpress\/ -->\n<title>Sechs Monate in Sahag\u00fan - Marist Europe<\/title>\n<meta name=\"robots\" content=\"index, follow, max-snippet:-1, max-image-preview:large, max-video-preview:-1\" \/>\n<link rel=\"canonical\" href=\"https:\/\/maristeurope.eu\/de\/sechs-monate-in-sahagun\/\" \/>\n<meta property=\"og:locale\" content=\"de_DE\" \/>\n<meta property=\"og:type\" content=\"article\" \/>\n<meta property=\"og:title\" content=\"Sechs Monate in Sahag\u00fan - Marist Europe\" \/>\n<meta property=\"og:description\" content=\"Matthew Crawford schreibt aus der Albergue von Santa Cruz: Bevor ich in Spanien ankam, hatte ich mir auch Sonnenschein als Norm vorgestellt. Ich kam Anfang M\u00e4rz in Sahag\u00fan an und wurde von leichtem Schneefall begr\u00fc\u00dft!\" \/>\n<meta property=\"og:url\" content=\"https:\/\/maristeurope.eu\/de\/sechs-monate-in-sahagun\/\" \/>\n<meta property=\"og:site_name\" content=\"Marist Europe\" \/>\n<meta property=\"article:published_time\" content=\"2025-09-04T20:15:00+00:00\" \/>\n<meta property=\"article:modified_time\" content=\"2025-09-14T20:19:14+00:00\" \/>\n<meta property=\"og:image\" content=\"https:\/\/maristeurope.eu\/wp-content\/uploads\/2025\/09\/vendredi-saint-2025.jpg\" \/>\n\t<meta property=\"og:image:width\" content=\"1600\" \/>\n\t<meta property=\"og:image:height\" content=\"721\" \/>\n\t<meta property=\"og:image:type\" content=\"image\/jpeg\" \/>\n<meta name=\"author\" content=\"Anne Marie Salgo\" \/>\n<meta name=\"twitter:card\" content=\"summary_large_image\" \/>\n<meta name=\"twitter:label1\" content=\"Verfasst von\" \/>\n\t<meta name=\"twitter:data1\" content=\"Anne Marie Salgo\" \/>\n\t<meta name=\"twitter:label2\" content=\"Gesch\u00e4tzte Lesezeit\" \/>\n\t<meta name=\"twitter:data2\" content=\"2\u00a0Minute\" \/>\n<script type=\"application\/ld+json\" class=\"yoast-schema-graph\">{\"@context\":\"https:\\\/\\\/schema.org\",\"@graph\":[{\"@type\":\"Article\",\"@id\":\"https:\\\/\\\/maristeurope.eu\\\/de\\\/sechs-monate-in-sahagun\\\/#article\",\"isPartOf\":{\"@id\":\"https:\\\/\\\/maristeurope.eu\\\/de\\\/sechs-monate-in-sahagun\\\/\"},\"author\":{\"name\":\"Anne Marie Salgo\",\"@id\":\"https:\\\/\\\/maristeurope.eu\\\/de\\\/#\\\/schema\\\/person\\\/52ef67935880edd2768565651118bee9\"},\"headline\":\"Sechs Monate in Sahag\u00fan\",\"datePublished\":\"2025-09-04T20:15:00+00:00\",\"dateModified\":\"2025-09-14T20:19:14+00:00\",\"mainEntityOfPage\":{\"@id\":\"https:\\\/\\\/maristeurope.eu\\\/de\\\/sechs-monate-in-sahagun\\\/\"},\"wordCount\":364,\"commentCount\":0,\"publisher\":{\"@id\":\"https:\\\/\\\/maristeurope.eu\\\/de\\\/#organization\"},\"image\":{\"@id\":\"https:\\\/\\\/maristeurope.eu\\\/de\\\/sechs-monate-in-sahagun\\\/#primaryimage\"},\"thumbnailUrl\":\"https:\\\/\\\/maristeurope.eu\\\/wp-content\\\/uploads\\\/2025\\\/09\\\/vendredi-saint-2025.jpg\",\"articleSection\":[\"Nicht kategorisiert\"],\"inLanguage\":\"de\",\"potentialAction\":[{\"@type\":\"CommentAction\",\"name\":\"Comment\",\"target\":[\"https:\\\/\\\/maristeurope.eu\\\/de\\\/sechs-monate-in-sahagun\\\/#respond\"]}]},{\"@type\":\"WebPage\",\"@id\":\"https:\\\/\\\/maristeurope.eu\\\/de\\\/sechs-monate-in-sahagun\\\/\",\"url\":\"https:\\\/\\\/maristeurope.eu\\\/de\\\/sechs-monate-in-sahagun\\\/\",\"name\":\"Sechs Monate in Sahag\u00fan - Marist Europe\",\"isPartOf\":{\"@id\":\"https:\\\/\\\/maristeurope.eu\\\/de\\\/#website\"},\"primaryImageOfPage\":{\"@id\":\"https:\\\/\\\/maristeurope.eu\\\/de\\\/sechs-monate-in-sahagun\\\/#primaryimage\"},\"image\":{\"@id\":\"https:\\\/\\\/maristeurope.eu\\\/de\\\/sechs-monate-in-sahagun\\\/#primaryimage\"},\"thumbnailUrl\":\"https:\\\/\\\/maristeurope.eu\\\/wp-content\\\/uploads\\\/2025\\\/09\\\/vendredi-saint-2025.jpg\",\"datePublished\":\"2025-09-04T20:15:00+00:00\",\"dateModified\":\"2025-09-14T20:19:14+00:00\",\"breadcrumb\":{\"@id\":\"https:\\\/\\\/maristeurope.eu\\\/de\\\/sechs-monate-in-sahagun\\\/#breadcrumb\"},\"inLanguage\":\"de\",\"potentialAction\":[{\"@type\":\"ReadAction\",\"target\":[\"https:\\\/\\\/maristeurope.eu\\\/de\\\/sechs-monate-in-sahagun\\\/\"]}]},{\"@type\":\"ImageObject\",\"inLanguage\":\"de\",\"@id\":\"https:\\\/\\\/maristeurope.eu\\\/de\\\/sechs-monate-in-sahagun\\\/#primaryimage\",\"url\":\"https:\\\/\\\/maristeurope.eu\\\/wp-content\\\/uploads\\\/2025\\\/09\\\/vendredi-saint-2025.jpg\",\"contentUrl\":\"https:\\\/\\\/maristeurope.eu\\\/wp-content\\\/uploads\\\/2025\\\/09\\\/vendredi-saint-2025.jpg\",\"width\":1600,\"height\":721},{\"@type\":\"BreadcrumbList\",\"@id\":\"https:\\\/\\\/maristeurope.eu\\\/de\\\/sechs-monate-in-sahagun\\\/#breadcrumb\",\"itemListElement\":[{\"@type\":\"ListItem\",\"position\":1,\"name\":\"Home\",\"item\":\"https:\\\/\\\/maristeurope.eu\\\/de\\\/maristen\\\/\"},{\"@type\":\"ListItem\",\"position\":2,\"name\":\"Sechs Monate in Sahag\u00fan\"}]},{\"@type\":\"WebSite\",\"@id\":\"https:\\\/\\\/maristeurope.eu\\\/de\\\/#website\",\"url\":\"https:\\\/\\\/maristeurope.eu\\\/de\\\/\",\"name\":\"Marist Europe\",\"description\":\"\",\"publisher\":{\"@id\":\"https:\\\/\\\/maristeurope.eu\\\/de\\\/#organization\"},\"potentialAction\":[{\"@type\":\"SearchAction\",\"target\":{\"@type\":\"EntryPoint\",\"urlTemplate\":\"https:\\\/\\\/maristeurope.eu\\\/de\\\/?s={search_term_string}\"},\"query-input\":{\"@type\":\"PropertyValueSpecification\",\"valueRequired\":true,\"valueName\":\"search_term_string\"}}],\"inLanguage\":\"de\"},{\"@type\":\"Organization\",\"@id\":\"https:\\\/\\\/maristeurope.eu\\\/de\\\/#organization\",\"name\":\"Marist Europe\",\"url\":\"https:\\\/\\\/maristeurope.eu\\\/de\\\/\",\"logo\":{\"@type\":\"ImageObject\",\"inLanguage\":\"de\",\"@id\":\"https:\\\/\\\/maristeurope.eu\\\/de\\\/#\\\/schema\\\/logo\\\/image\\\/\",\"url\":\"https:\\\/\\\/maristeurope.eu\\\/wp-content\\\/uploads\\\/2024\\\/10\\\/EU-SM-Finalogo-02.png\",\"contentUrl\":\"https:\\\/\\\/maristeurope.eu\\\/wp-content\\\/uploads\\\/2024\\\/10\\\/EU-SM-Finalogo-02.png\",\"width\":150,\"height\":156,\"caption\":\"Marist Europe\"},\"image\":{\"@id\":\"https:\\\/\\\/maristeurope.eu\\\/de\\\/#\\\/schema\\\/logo\\\/image\\\/\"}},{\"@type\":\"Person\",\"@id\":\"https:\\\/\\\/maristeurope.eu\\\/de\\\/#\\\/schema\\\/person\\\/52ef67935880edd2768565651118bee9\",\"name\":\"Anne Marie Salgo\",\"image\":{\"@type\":\"ImageObject\",\"inLanguage\":\"de\",\"@id\":\"https:\\\/\\\/secure.gravatar.com\\\/avatar\\\/63bc5f7f74a90bb8d99eaaf8206d8217d780934d9a9659350347a36f2698fe6b?s=96&d=mm&r=g\",\"url\":\"https:\\\/\\\/secure.gravatar.com\\\/avatar\\\/63bc5f7f74a90bb8d99eaaf8206d8217d780934d9a9659350347a36f2698fe6b?s=96&d=mm&r=g\",\"contentUrl\":\"https:\\\/\\\/secure.gravatar.com\\\/avatar\\\/63bc5f7f74a90bb8d99eaaf8206d8217d780934d9a9659350347a36f2698fe6b?s=96&d=mm&r=g\",\"caption\":\"Anne Marie Salgo\"},\"url\":\"https:\\\/\\\/maristeurope.eu\\\/de\\\/author\\\/anne\\\/\"}]}<\/script>\n<!-- \/ Yoast SEO plugin. -->","yoast_head_json":{"title":"Sechs Monate in Sahag\u00fan - Marist Europe","robots":{"index":"index","follow":"follow","max-snippet":"max-snippet:-1","max-image-preview":"max-image-preview:large","max-video-preview":"max-video-preview:-1"},"canonical":"https:\/\/maristeurope.eu\/de\/sechs-monate-in-sahagun\/","og_locale":"de_DE","og_type":"article","og_title":"Sechs Monate in Sahag\u00fan - Marist Europe","og_description":"Matthew Crawford schreibt aus der Albergue von Santa Cruz: Bevor ich in Spanien ankam, hatte ich mir auch Sonnenschein als Norm vorgestellt. Ich kam Anfang M\u00e4rz in Sahag\u00fan an und wurde von leichtem Schneefall begr\u00fc\u00dft!","og_url":"https:\/\/maristeurope.eu\/de\/sechs-monate-in-sahagun\/","og_site_name":"Marist Europe","article_published_time":"2025-09-04T20:15:00+00:00","article_modified_time":"2025-09-14T20:19:14+00:00","og_image":[{"width":1600,"height":721,"url":"https:\/\/maristeurope.eu\/wp-content\/uploads\/2025\/09\/vendredi-saint-2025.jpg","type":"image\/jpeg"}],"author":"Anne Marie Salgo","twitter_card":"summary_large_image","twitter_misc":{"Verfasst von":"Anne Marie Salgo","Gesch\u00e4tzte Lesezeit":"2\u00a0Minute"},"schema":{"@context":"https:\/\/schema.org","@graph":[{"@type":"Article","@id":"https:\/\/maristeurope.eu\/de\/sechs-monate-in-sahagun\/#article","isPartOf":{"@id":"https:\/\/maristeurope.eu\/de\/sechs-monate-in-sahagun\/"},"author":{"name":"Anne Marie Salgo","@id":"https:\/\/maristeurope.eu\/de\/#\/schema\/person\/52ef67935880edd2768565651118bee9"},"headline":"Sechs Monate in Sahag\u00fan","datePublished":"2025-09-04T20:15:00+00:00","dateModified":"2025-09-14T20:19:14+00:00","mainEntityOfPage":{"@id":"https:\/\/maristeurope.eu\/de\/sechs-monate-in-sahagun\/"},"wordCount":364,"commentCount":0,"publisher":{"@id":"https:\/\/maristeurope.eu\/de\/#organization"},"image":{"@id":"https:\/\/maristeurope.eu\/de\/sechs-monate-in-sahagun\/#primaryimage"},"thumbnailUrl":"https:\/\/maristeurope.eu\/wp-content\/uploads\/2025\/09\/vendredi-saint-2025.jpg","articleSection":["Nicht kategorisiert"],"inLanguage":"de","potentialAction":[{"@type":"CommentAction","name":"Comment","target":["https:\/\/maristeurope.eu\/de\/sechs-monate-in-sahagun\/#respond"]}]},{"@type":"WebPage","@id":"https:\/\/maristeurope.eu\/de\/sechs-monate-in-sahagun\/","url":"https:\/\/maristeurope.eu\/de\/sechs-monate-in-sahagun\/","name":"Sechs Monate in Sahag\u00fan - Marist Europe","isPartOf":{"@id":"https:\/\/maristeurope.eu\/de\/#website"},"primaryImageOfPage":{"@id":"https:\/\/maristeurope.eu\/de\/sechs-monate-in-sahagun\/#primaryimage"},"image":{"@id":"https:\/\/maristeurope.eu\/de\/sechs-monate-in-sahagun\/#primaryimage"},"thumbnailUrl":"https:\/\/maristeurope.eu\/wp-content\/uploads\/2025\/09\/vendredi-saint-2025.jpg","datePublished":"2025-09-04T20:15:00+00:00","dateModified":"2025-09-14T20:19:14+00:00","breadcrumb":{"@id":"https:\/\/maristeurope.eu\/de\/sechs-monate-in-sahagun\/#breadcrumb"},"inLanguage":"de","potentialAction":[{"@type":"ReadAction","target":["https:\/\/maristeurope.eu\/de\/sechs-monate-in-sahagun\/"]}]},{"@type":"ImageObject","inLanguage":"de","@id":"https:\/\/maristeurope.eu\/de\/sechs-monate-in-sahagun\/#primaryimage","url":"https:\/\/maristeurope.eu\/wp-content\/uploads\/2025\/09\/vendredi-saint-2025.jpg","contentUrl":"https:\/\/maristeurope.eu\/wp-content\/uploads\/2025\/09\/vendredi-saint-2025.jpg","width":1600,"height":721},{"@type":"BreadcrumbList","@id":"https:\/\/maristeurope.eu\/de\/sechs-monate-in-sahagun\/#breadcrumb","itemListElement":[{"@type":"ListItem","position":1,"name":"Home","item":"https:\/\/maristeurope.eu\/de\/maristen\/"},{"@type":"ListItem","position":2,"name":"Sechs Monate in Sahag\u00fan"}]},{"@type":"WebSite","@id":"https:\/\/maristeurope.eu\/de\/#website","url":"https:\/\/maristeurope.eu\/de\/","name":"Marist Europe","description":"","publisher":{"@id":"https:\/\/maristeurope.eu\/de\/#organization"},"potentialAction":[{"@type":"SearchAction","target":{"@type":"EntryPoint","urlTemplate":"https:\/\/maristeurope.eu\/de\/?s={search_term_string}"},"query-input":{"@type":"PropertyValueSpecification","valueRequired":true,"valueName":"search_term_string"}}],"inLanguage":"de"},{"@type":"Organization","@id":"https:\/\/maristeurope.eu\/de\/#organization","name":"Marist Europe","url":"https:\/\/maristeurope.eu\/de\/","logo":{"@type":"ImageObject","inLanguage":"de","@id":"https:\/\/maristeurope.eu\/de\/#\/schema\/logo\/image\/","url":"https:\/\/maristeurope.eu\/wp-content\/uploads\/2024\/10\/EU-SM-Finalogo-02.png","contentUrl":"https:\/\/maristeurope.eu\/wp-content\/uploads\/2024\/10\/EU-SM-Finalogo-02.png","width":150,"height":156,"caption":"Marist Europe"},"image":{"@id":"https:\/\/maristeurope.eu\/de\/#\/schema\/logo\/image\/"}},{"@type":"Person","@id":"https:\/\/maristeurope.eu\/de\/#\/schema\/person\/52ef67935880edd2768565651118bee9","name":"Anne Marie Salgo","image":{"@type":"ImageObject","inLanguage":"de","@id":"https:\/\/secure.gravatar.com\/avatar\/63bc5f7f74a90bb8d99eaaf8206d8217d780934d9a9659350347a36f2698fe6b?s=96&d=mm&r=g","url":"https:\/\/secure.gravatar.com\/avatar\/63bc5f7f74a90bb8d99eaaf8206d8217d780934d9a9659350347a36f2698fe6b?s=96&d=mm&r=g","contentUrl":"https:\/\/secure.gravatar.com\/avatar\/63bc5f7f74a90bb8d99eaaf8206d8217d780934d9a9659350347a36f2698fe6b?s=96&d=mm&r=g","caption":"Anne Marie Salgo"},"url":"https:\/\/maristeurope.eu\/de\/author\/anne\/"}]}},"_links":{"self":[{"href":"https:\/\/maristeurope.eu\/de\/wp-json\/wp\/v2\/posts\/7670","targetHints":{"allow":["GET"]}}],"collection":[{"href":"https:\/\/maristeurope.eu\/de\/wp-json\/wp\/v2\/posts"}],"about":[{"href":"https:\/\/maristeurope.eu\/de\/wp-json\/wp\/v2\/types\/post"}],"author":[{"embeddable":true,"href":"https:\/\/maristeurope.eu\/de\/wp-json\/wp\/v2\/users\/3"}],"replies":[{"embeddable":true,"href":"https:\/\/maristeurope.eu\/de\/wp-json\/wp\/v2\/comments?post=7670"}],"version-history":[{"count":3,"href":"https:\/\/maristeurope.eu\/de\/wp-json\/wp\/v2\/posts\/7670\/revisions"}],"predecessor-version":[{"id":7675,"href":"https:\/\/maristeurope.eu\/de\/wp-json\/wp\/v2\/posts\/7670\/revisions\/7675"}],"wp:featuredmedia":[{"embeddable":true,"href":"https:\/\/maristeurope.eu\/de\/wp-json\/wp\/v2\/media\/7637"}],"wp:attachment":[{"href":"https:\/\/maristeurope.eu\/de\/wp-json\/wp\/v2\/media?parent=7670"}],"wp:term":[{"taxonomy":"category","embeddable":true,"href":"https:\/\/maristeurope.eu\/de\/wp-json\/wp\/v2\/categories?post=7670"},{"taxonomy":"post_tag","embeddable":true,"href":"https:\/\/maristeurope.eu\/de\/wp-json\/wp\/v2\/tags?post=7670"}],"curies":[{"name":"wp","href":"https:\/\/api.w.org\/{rel}","templated":true}]}}