{"id":7197,"date":"2025-05-19T16:14:20","date_gmt":"2025-05-19T14:14:20","guid":{"rendered":"https:\/\/maristeurope.eu\/pater-daniels-besuch-beim-maristen-jugendleiterprogramm-in-neuseeland\/"},"modified":"2025-05-19T16:14:38","modified_gmt":"2025-05-19T14:14:38","slug":"pater-daniels-besuch-beim-maristen-jugendleiterprogramm-in-neuseeland","status":"publish","type":"post","link":"https:\/\/maristeurope.eu\/de\/pater-daniels-besuch-beim-maristen-jugendleiterprogramm-in-neuseeland\/","title":{"rendered":"Pater Daniels Besuch beim Maristen-Jugendleiterprogramm in Neuseeland"},"content":{"rendered":"\n<p class=\"has-medium-font-size\">Daniel Fernandez, Bezirksoberer von Mexiko, urspr\u00fcnglich aus Spanien, schreibt:<\/p>\n\n<p class=\"has-medium-font-size\">Manchmal ergeben sich aus dem Nichts Gelegenheiten, die man sich nie vorstellen k\u00f6nnte. So erging es mir, als ich von dem MYL-Programm (Marist Youth Leaders) h\u00f6rte. Ich bat Pater Mark Walls, einen Maristenpater aus Neuseeland, um Informationen. Er antwortete mit einer gro\u00dfz\u00fcgigen Einladung zur Teilnahme an diesem Programm, das er seit fast 25 Jahren mit den 9 Maristenschulen in Neuseeland durchf\u00fchrt. Dies ist ein Teil des Zaubers, der entsteht, wenn Maristen in einem Netzwerk arbeiten. Eine Woche lang lernen und entwickeln Jungen und M\u00e4dchen im letzten Jahr der High School grundlegende F\u00fchrungsqualit\u00e4ten wie Teamarbeit, ein prinzipienorientiertes Leben, Eigeninitiative, Beharrlichkeit, dienende F\u00fchrung... Es ist eine gro\u00dfartige M\u00f6glichkeit, unsere jungen Menschen darauf vorzubereiten, die schwierige Aufgabe der F\u00fchrung ohne Angst anzunehmen. Das ist etwas, was wir in Mexiko und \u00fcberall in der maristischen Welt brauchen.        <\/p>\n\n<p class=\"has-medium-font-size\">Au\u00dferdem konnten wir ein wundersch\u00f6nes, friedliches Land entdecken, voller wunderbarer Ecken und einer eigenen Kultur, der Maori, die zur Gemeinschaft mit der Natur und zum Kontakt mit den eigenen Wurzeln einl\u00e4dt. Dort habe ich auch meine maristischen Wurzeln gefunden, denn Neuseeland war eines der Ziele der ersten Maristen in West-Ozeanien im Jahr 1838. Die Arbeit von Bischof Pompallier und den Maristen wird in diesem Land noch immer in Erinnerung gehalten und hoch gesch\u00e4tzt. So f\u00fchle ich mich dankbar und privilegiert f\u00fcr alles, was ich in den drei Wochen, die ich zusammen mit zwei Lehrern der franz\u00f6sisch-englischen Schule von Mexiko dort verbracht habe, erfahren und gelernt habe. Eine Zeit, in der ich zu meinen Wurzeln zur\u00fcckkehren, neue Realit\u00e4ten entdecken und sehen konnte, dass die maristische Verbindung zwischen verschiedenen Teilen der Welt immer noch lebendig ist und Leben spendet. Maria, K\u00f6nigin der Gesellschaft Mariens, mach die Arbeit deiner Kinder fruchtbar.     <\/p>\n","protected":false},"excerpt":{"rendered":"<p>Daniel Fernandez, sm ist der Distriktsobere von Mexiko, er kommt urspr\u00fcnglich aus unserer europ\u00e4ischen Provinz, Spanien, und er war sehr erfreut, am MYL-Programm teilzunehmen.<\/p>\n","protected":false},"author":5,"featured_media":7184,"comment_status":"closed","ping_status":"closed","sticky":false,"template":"","format":"standard","meta":{"footnotes":""},"categories":[51],"tags":[],"class_list":["post-7197","post","type-post","status-publish","format-standard","has-post-thumbnail","hentry","category-nicht-kategorisiert"],"yoast_head":"<!-- This site is optimized with the Yoast SEO plugin v27.5 - https:\/\/yoast.com\/product\/yoast-seo-wordpress\/ -->\n<title>Pater Daniels Besuch beim Maristen-Jugendleiterprogramm in Neuseeland - Marist Europe<\/title>\n<meta name=\"robots\" content=\"index, follow, max-snippet:-1, max-image-preview:large, max-video-preview:-1\" \/>\n<link rel=\"canonical\" href=\"https:\/\/maristeurope.eu\/de\/pater-daniels-besuch-beim-maristen-jugendleiterprogramm-in-neuseeland\/\" \/>\n<meta property=\"og:locale\" content=\"de_DE\" \/>\n<meta property=\"og:type\" content=\"article\" \/>\n<meta property=\"og:title\" content=\"Pater Daniels Besuch beim Maristen-Jugendleiterprogramm in Neuseeland - Marist Europe\" \/>\n<meta property=\"og:description\" content=\"Daniel Fernandez, sm ist der Distriktsobere von Mexiko, er kommt urspr\u00fcnglich aus unserer europ\u00e4ischen Provinz, Spanien, und er war sehr erfreut, am MYL-Programm teilzunehmen.\" \/>\n<meta property=\"og:url\" content=\"https:\/\/maristeurope.eu\/de\/pater-daniels-besuch-beim-maristen-jugendleiterprogramm-in-neuseeland\/\" \/>\n<meta property=\"og:site_name\" content=\"Marist Europe\" \/>\n<meta property=\"article:published_time\" content=\"2025-05-19T14:14:20+00:00\" \/>\n<meta property=\"article:modified_time\" content=\"2025-05-19T14:14:38+00:00\" \/>\n<meta property=\"og:image\" content=\"https:\/\/maristeurope.eu\/wp-content\/uploads\/2025\/05\/1000108878-scaled.jpg\" \/>\n\t<meta property=\"og:image:width\" content=\"2560\" \/>\n\t<meta property=\"og:image:height\" content=\"1440\" \/>\n\t<meta property=\"og:image:type\" content=\"image\/jpeg\" \/>\n<meta name=\"author\" content=\"Odile de Villenaut\" \/>\n<meta name=\"twitter:card\" content=\"summary_large_image\" \/>\n<meta name=\"twitter:label1\" content=\"Verfasst von\" \/>\n\t<meta name=\"twitter:data1\" content=\"Odile de Villenaut\" \/>\n\t<meta name=\"twitter:label2\" content=\"Gesch\u00e4tzte Lesezeit\" \/>\n\t<meta name=\"twitter:data2\" content=\"2\u00a0Minute\" \/>\n<script type=\"application\/ld+json\" class=\"yoast-schema-graph\">{\"@context\":\"https:\\\/\\\/schema.org\",\"@graph\":[{\"@type\":\"Article\",\"@id\":\"https:\\\/\\\/maristeurope.eu\\\/de\\\/pater-daniels-besuch-beim-maristen-jugendleiterprogramm-in-neuseeland\\\/#article\",\"isPartOf\":{\"@id\":\"https:\\\/\\\/maristeurope.eu\\\/de\\\/pater-daniels-besuch-beim-maristen-jugendleiterprogramm-in-neuseeland\\\/\"},\"author\":{\"name\":\"Odile de Villenaut\",\"@id\":\"https:\\\/\\\/maristeurope.eu\\\/de\\\/#\\\/schema\\\/person\\\/2a48dced25a24b62b1cdf1af26ec8801\"},\"headline\":\"Pater Daniels Besuch beim Maristen-Jugendleiterprogramm in Neuseeland\",\"datePublished\":\"2025-05-19T14:14:20+00:00\",\"dateModified\":\"2025-05-19T14:14:38+00:00\",\"mainEntityOfPage\":{\"@id\":\"https:\\\/\\\/maristeurope.eu\\\/de\\\/pater-daniels-besuch-beim-maristen-jugendleiterprogramm-in-neuseeland\\\/\"},\"wordCount\":317,\"publisher\":{\"@id\":\"https:\\\/\\\/maristeurope.eu\\\/de\\\/#organization\"},\"image\":{\"@id\":\"https:\\\/\\\/maristeurope.eu\\\/de\\\/pater-daniels-besuch-beim-maristen-jugendleiterprogramm-in-neuseeland\\\/#primaryimage\"},\"thumbnailUrl\":\"https:\\\/\\\/maristeurope.eu\\\/wp-content\\\/uploads\\\/2025\\\/05\\\/1000108878-scaled.jpg\",\"articleSection\":[\"Nicht kategorisiert\"],\"inLanguage\":\"de\"},{\"@type\":\"WebPage\",\"@id\":\"https:\\\/\\\/maristeurope.eu\\\/de\\\/pater-daniels-besuch-beim-maristen-jugendleiterprogramm-in-neuseeland\\\/\",\"url\":\"https:\\\/\\\/maristeurope.eu\\\/de\\\/pater-daniels-besuch-beim-maristen-jugendleiterprogramm-in-neuseeland\\\/\",\"name\":\"Pater Daniels Besuch beim Maristen-Jugendleiterprogramm in Neuseeland - Marist Europe\",\"isPartOf\":{\"@id\":\"https:\\\/\\\/maristeurope.eu\\\/de\\\/#website\"},\"primaryImageOfPage\":{\"@id\":\"https:\\\/\\\/maristeurope.eu\\\/de\\\/pater-daniels-besuch-beim-maristen-jugendleiterprogramm-in-neuseeland\\\/#primaryimage\"},\"image\":{\"@id\":\"https:\\\/\\\/maristeurope.eu\\\/de\\\/pater-daniels-besuch-beim-maristen-jugendleiterprogramm-in-neuseeland\\\/#primaryimage\"},\"thumbnailUrl\":\"https:\\\/\\\/maristeurope.eu\\\/wp-content\\\/uploads\\\/2025\\\/05\\\/1000108878-scaled.jpg\",\"datePublished\":\"2025-05-19T14:14:20+00:00\",\"dateModified\":\"2025-05-19T14:14:38+00:00\",\"breadcrumb\":{\"@id\":\"https:\\\/\\\/maristeurope.eu\\\/de\\\/pater-daniels-besuch-beim-maristen-jugendleiterprogramm-in-neuseeland\\\/#breadcrumb\"},\"inLanguage\":\"de\",\"potentialAction\":[{\"@type\":\"ReadAction\",\"target\":[\"https:\\\/\\\/maristeurope.eu\\\/de\\\/pater-daniels-besuch-beim-maristen-jugendleiterprogramm-in-neuseeland\\\/\"]}]},{\"@type\":\"ImageObject\",\"inLanguage\":\"de\",\"@id\":\"https:\\\/\\\/maristeurope.eu\\\/de\\\/pater-daniels-besuch-beim-maristen-jugendleiterprogramm-in-neuseeland\\\/#primaryimage\",\"url\":\"https:\\\/\\\/maristeurope.eu\\\/wp-content\\\/uploads\\\/2025\\\/05\\\/1000108878-scaled.jpg\",\"contentUrl\":\"https:\\\/\\\/maristeurope.eu\\\/wp-content\\\/uploads\\\/2025\\\/05\\\/1000108878-scaled.jpg\",\"width\":2560,\"height\":1440},{\"@type\":\"BreadcrumbList\",\"@id\":\"https:\\\/\\\/maristeurope.eu\\\/de\\\/pater-daniels-besuch-beim-maristen-jugendleiterprogramm-in-neuseeland\\\/#breadcrumb\",\"itemListElement\":[{\"@type\":\"ListItem\",\"position\":1,\"name\":\"Home\",\"item\":\"https:\\\/\\\/maristeurope.eu\\\/de\\\/maristen\\\/\"},{\"@type\":\"ListItem\",\"position\":2,\"name\":\"Pater Daniels Besuch beim Maristen-Jugendleiterprogramm in Neuseeland\"}]},{\"@type\":\"WebSite\",\"@id\":\"https:\\\/\\\/maristeurope.eu\\\/de\\\/#website\",\"url\":\"https:\\\/\\\/maristeurope.eu\\\/de\\\/\",\"name\":\"Marist Europe\",\"description\":\"\",\"publisher\":{\"@id\":\"https:\\\/\\\/maristeurope.eu\\\/de\\\/#organization\"},\"potentialAction\":[{\"@type\":\"SearchAction\",\"target\":{\"@type\":\"EntryPoint\",\"urlTemplate\":\"https:\\\/\\\/maristeurope.eu\\\/de\\\/?s={search_term_string}\"},\"query-input\":{\"@type\":\"PropertyValueSpecification\",\"valueRequired\":true,\"valueName\":\"search_term_string\"}}],\"inLanguage\":\"de\"},{\"@type\":\"Organization\",\"@id\":\"https:\\\/\\\/maristeurope.eu\\\/de\\\/#organization\",\"name\":\"Marist Europe\",\"url\":\"https:\\\/\\\/maristeurope.eu\\\/de\\\/\",\"logo\":{\"@type\":\"ImageObject\",\"inLanguage\":\"de\",\"@id\":\"https:\\\/\\\/maristeurope.eu\\\/de\\\/#\\\/schema\\\/logo\\\/image\\\/\",\"url\":\"https:\\\/\\\/maristeurope.eu\\\/wp-content\\\/uploads\\\/2024\\\/10\\\/EU-SM-Finalogo-02.png\",\"contentUrl\":\"https:\\\/\\\/maristeurope.eu\\\/wp-content\\\/uploads\\\/2024\\\/10\\\/EU-SM-Finalogo-02.png\",\"width\":150,\"height\":156,\"caption\":\"Marist Europe\"},\"image\":{\"@id\":\"https:\\\/\\\/maristeurope.eu\\\/de\\\/#\\\/schema\\\/logo\\\/image\\\/\"}},{\"@type\":\"Person\",\"@id\":\"https:\\\/\\\/maristeurope.eu\\\/de\\\/#\\\/schema\\\/person\\\/2a48dced25a24b62b1cdf1af26ec8801\",\"name\":\"Odile de Villenaut\",\"image\":{\"@type\":\"ImageObject\",\"inLanguage\":\"de\",\"@id\":\"https:\\\/\\\/secure.gravatar.com\\\/avatar\\\/ef4ee9ac3d58073b0f224599d50c5c886fe213cc99d544091cae90b26c2b5ede?s=96&d=mm&r=g\",\"url\":\"https:\\\/\\\/secure.gravatar.com\\\/avatar\\\/ef4ee9ac3d58073b0f224599d50c5c886fe213cc99d544091cae90b26c2b5ede?s=96&d=mm&r=g\",\"contentUrl\":\"https:\\\/\\\/secure.gravatar.com\\\/avatar\\\/ef4ee9ac3d58073b0f224599d50c5c886fe213cc99d544091cae90b26c2b5ede?s=96&d=mm&r=g\",\"caption\":\"Odile de Villenaut\"},\"url\":\"https:\\\/\\\/maristeurope.eu\\\/de\\\/author\\\/odile\\\/\"}]}<\/script>\n<!-- \/ Yoast SEO plugin. -->","yoast_head_json":{"title":"Pater Daniels Besuch beim Maristen-Jugendleiterprogramm in Neuseeland - Marist Europe","robots":{"index":"index","follow":"follow","max-snippet":"max-snippet:-1","max-image-preview":"max-image-preview:large","max-video-preview":"max-video-preview:-1"},"canonical":"https:\/\/maristeurope.eu\/de\/pater-daniels-besuch-beim-maristen-jugendleiterprogramm-in-neuseeland\/","og_locale":"de_DE","og_type":"article","og_title":"Pater Daniels Besuch beim Maristen-Jugendleiterprogramm in Neuseeland - Marist Europe","og_description":"Daniel Fernandez, sm ist der Distriktsobere von Mexiko, er kommt urspr\u00fcnglich aus unserer europ\u00e4ischen Provinz, Spanien, und er war sehr erfreut, am MYL-Programm teilzunehmen.","og_url":"https:\/\/maristeurope.eu\/de\/pater-daniels-besuch-beim-maristen-jugendleiterprogramm-in-neuseeland\/","og_site_name":"Marist Europe","article_published_time":"2025-05-19T14:14:20+00:00","article_modified_time":"2025-05-19T14:14:38+00:00","og_image":[{"width":2560,"height":1440,"url":"https:\/\/maristeurope.eu\/wp-content\/uploads\/2025\/05\/1000108878-scaled.jpg","type":"image\/jpeg"}],"author":"Odile de Villenaut","twitter_card":"summary_large_image","twitter_misc":{"Verfasst von":"Odile de Villenaut","Gesch\u00e4tzte Lesezeit":"2\u00a0Minute"},"schema":{"@context":"https:\/\/schema.org","@graph":[{"@type":"Article","@id":"https:\/\/maristeurope.eu\/de\/pater-daniels-besuch-beim-maristen-jugendleiterprogramm-in-neuseeland\/#article","isPartOf":{"@id":"https:\/\/maristeurope.eu\/de\/pater-daniels-besuch-beim-maristen-jugendleiterprogramm-in-neuseeland\/"},"author":{"name":"Odile de Villenaut","@id":"https:\/\/maristeurope.eu\/de\/#\/schema\/person\/2a48dced25a24b62b1cdf1af26ec8801"},"headline":"Pater Daniels Besuch beim Maristen-Jugendleiterprogramm in Neuseeland","datePublished":"2025-05-19T14:14:20+00:00","dateModified":"2025-05-19T14:14:38+00:00","mainEntityOfPage":{"@id":"https:\/\/maristeurope.eu\/de\/pater-daniels-besuch-beim-maristen-jugendleiterprogramm-in-neuseeland\/"},"wordCount":317,"publisher":{"@id":"https:\/\/maristeurope.eu\/de\/#organization"},"image":{"@id":"https:\/\/maristeurope.eu\/de\/pater-daniels-besuch-beim-maristen-jugendleiterprogramm-in-neuseeland\/#primaryimage"},"thumbnailUrl":"https:\/\/maristeurope.eu\/wp-content\/uploads\/2025\/05\/1000108878-scaled.jpg","articleSection":["Nicht kategorisiert"],"inLanguage":"de"},{"@type":"WebPage","@id":"https:\/\/maristeurope.eu\/de\/pater-daniels-besuch-beim-maristen-jugendleiterprogramm-in-neuseeland\/","url":"https:\/\/maristeurope.eu\/de\/pater-daniels-besuch-beim-maristen-jugendleiterprogramm-in-neuseeland\/","name":"Pater Daniels Besuch beim Maristen-Jugendleiterprogramm in Neuseeland - Marist Europe","isPartOf":{"@id":"https:\/\/maristeurope.eu\/de\/#website"},"primaryImageOfPage":{"@id":"https:\/\/maristeurope.eu\/de\/pater-daniels-besuch-beim-maristen-jugendleiterprogramm-in-neuseeland\/#primaryimage"},"image":{"@id":"https:\/\/maristeurope.eu\/de\/pater-daniels-besuch-beim-maristen-jugendleiterprogramm-in-neuseeland\/#primaryimage"},"thumbnailUrl":"https:\/\/maristeurope.eu\/wp-content\/uploads\/2025\/05\/1000108878-scaled.jpg","datePublished":"2025-05-19T14:14:20+00:00","dateModified":"2025-05-19T14:14:38+00:00","breadcrumb":{"@id":"https:\/\/maristeurope.eu\/de\/pater-daniels-besuch-beim-maristen-jugendleiterprogramm-in-neuseeland\/#breadcrumb"},"inLanguage":"de","potentialAction":[{"@type":"ReadAction","target":["https:\/\/maristeurope.eu\/de\/pater-daniels-besuch-beim-maristen-jugendleiterprogramm-in-neuseeland\/"]}]},{"@type":"ImageObject","inLanguage":"de","@id":"https:\/\/maristeurope.eu\/de\/pater-daniels-besuch-beim-maristen-jugendleiterprogramm-in-neuseeland\/#primaryimage","url":"https:\/\/maristeurope.eu\/wp-content\/uploads\/2025\/05\/1000108878-scaled.jpg","contentUrl":"https:\/\/maristeurope.eu\/wp-content\/uploads\/2025\/05\/1000108878-scaled.jpg","width":2560,"height":1440},{"@type":"BreadcrumbList","@id":"https:\/\/maristeurope.eu\/de\/pater-daniels-besuch-beim-maristen-jugendleiterprogramm-in-neuseeland\/#breadcrumb","itemListElement":[{"@type":"ListItem","position":1,"name":"Home","item":"https:\/\/maristeurope.eu\/de\/maristen\/"},{"@type":"ListItem","position":2,"name":"Pater Daniels Besuch beim Maristen-Jugendleiterprogramm in Neuseeland"}]},{"@type":"WebSite","@id":"https:\/\/maristeurope.eu\/de\/#website","url":"https:\/\/maristeurope.eu\/de\/","name":"Marist Europe","description":"","publisher":{"@id":"https:\/\/maristeurope.eu\/de\/#organization"},"potentialAction":[{"@type":"SearchAction","target":{"@type":"EntryPoint","urlTemplate":"https:\/\/maristeurope.eu\/de\/?s={search_term_string}"},"query-input":{"@type":"PropertyValueSpecification","valueRequired":true,"valueName":"search_term_string"}}],"inLanguage":"de"},{"@type":"Organization","@id":"https:\/\/maristeurope.eu\/de\/#organization","name":"Marist Europe","url":"https:\/\/maristeurope.eu\/de\/","logo":{"@type":"ImageObject","inLanguage":"de","@id":"https:\/\/maristeurope.eu\/de\/#\/schema\/logo\/image\/","url":"https:\/\/maristeurope.eu\/wp-content\/uploads\/2024\/10\/EU-SM-Finalogo-02.png","contentUrl":"https:\/\/maristeurope.eu\/wp-content\/uploads\/2024\/10\/EU-SM-Finalogo-02.png","width":150,"height":156,"caption":"Marist Europe"},"image":{"@id":"https:\/\/maristeurope.eu\/de\/#\/schema\/logo\/image\/"}},{"@type":"Person","@id":"https:\/\/maristeurope.eu\/de\/#\/schema\/person\/2a48dced25a24b62b1cdf1af26ec8801","name":"Odile de Villenaut","image":{"@type":"ImageObject","inLanguage":"de","@id":"https:\/\/secure.gravatar.com\/avatar\/ef4ee9ac3d58073b0f224599d50c5c886fe213cc99d544091cae90b26c2b5ede?s=96&d=mm&r=g","url":"https:\/\/secure.gravatar.com\/avatar\/ef4ee9ac3d58073b0f224599d50c5c886fe213cc99d544091cae90b26c2b5ede?s=96&d=mm&r=g","contentUrl":"https:\/\/secure.gravatar.com\/avatar\/ef4ee9ac3d58073b0f224599d50c5c886fe213cc99d544091cae90b26c2b5ede?s=96&d=mm&r=g","caption":"Odile de Villenaut"},"url":"https:\/\/maristeurope.eu\/de\/author\/odile\/"}]}},"_links":{"self":[{"href":"https:\/\/maristeurope.eu\/de\/wp-json\/wp\/v2\/posts\/7197","targetHints":{"allow":["GET"]}}],"collection":[{"href":"https:\/\/maristeurope.eu\/de\/wp-json\/wp\/v2\/posts"}],"about":[{"href":"https:\/\/maristeurope.eu\/de\/wp-json\/wp\/v2\/types\/post"}],"author":[{"embeddable":true,"href":"https:\/\/maristeurope.eu\/de\/wp-json\/wp\/v2\/users\/5"}],"replies":[{"embeddable":true,"href":"https:\/\/maristeurope.eu\/de\/wp-json\/wp\/v2\/comments?post=7197"}],"version-history":[{"count":1,"href":"https:\/\/maristeurope.eu\/de\/wp-json\/wp\/v2\/posts\/7197\/revisions"}],"predecessor-version":[{"id":7198,"href":"https:\/\/maristeurope.eu\/de\/wp-json\/wp\/v2\/posts\/7197\/revisions\/7198"}],"wp:featuredmedia":[{"embeddable":true,"href":"https:\/\/maristeurope.eu\/de\/wp-json\/wp\/v2\/media\/7184"}],"wp:attachment":[{"href":"https:\/\/maristeurope.eu\/de\/wp-json\/wp\/v2\/media?parent=7197"}],"wp:term":[{"taxonomy":"category","embeddable":true,"href":"https:\/\/maristeurope.eu\/de\/wp-json\/wp\/v2\/categories?post=7197"},{"taxonomy":"post_tag","embeddable":true,"href":"https:\/\/maristeurope.eu\/de\/wp-json\/wp\/v2\/tags?post=7197"}],"curies":[{"name":"wp","href":"https:\/\/api.w.org\/{rel}","templated":true}]}}