{"id":12236,"date":"2026-09-05T09:38:42","date_gmt":"2026-09-05T07:38:42","guid":{"rendered":"https:\/\/maristeurope.eu\/das-marist-chanel-college-in-irland-fuehrt-die-koedukation-ein\/"},"modified":"2026-09-05T09:39:35","modified_gmt":"2026-09-05T07:39:35","slug":"das-marist-chanel-college-in-irland-fuehrt-die-koedukation-ein","status":"publish","type":"post","link":"https:\/\/maristeurope.eu\/de\/das-marist-chanel-college-in-irland-fuehrt-die-koedukation-ein\/","title":{"rendered":"Das Marist Chanel College in Irland f\u00fchrt die Koedukation ein"},"content":{"rendered":"\n<p class=\"wp-block-paragraph\"><\/p>\n\n<p class=\"wp-block-paragraph\">Seit mehr als 70 Jahren \u00f6ffnet das Chanel College \u2013 eine katholische Schule in der Tradition der Maristen \u2013 seine T\u00fcren f\u00fcr Generationen junger Menschen aus der gesamten Region Coolock. W\u00e4hrend sein grundlegendes Ziel, eine hervorragende Ausbildung zu bieten und den Familien vor Ort zu dienen, unver\u00e4ndert bleibt, markiert dieses Jahr einen historischen Meilenstein: <strong>Zum ersten Mal \u00fcberhaupt nimmt das Chanel College neben Jungen auch M\u00e4dchen auf<\/strong>. <\/p>\n\n<p class=\"wp-block-paragraph\">Dieser \u00dcbergang <strong>zur<\/strong> koedukativen Schule ist <strong>keine Abkehr von der Tradition, sondern eine Weiterentwicklung derselben<\/strong>. <em> \u201eWas sich \u00e4ndert, ist, wer nun die M\u00f6glichkeit erh\u00e4lt, daran teilzuhaben, und ich denke, das ist etwas, das es wert ist, gefeiert zu werden<\/em>\u201c <em>,<\/em> sagte Schulleiter Herr Gill in <a href=\"https:\/\/www.chanelcollege.ie\/post\/co-educational-launch\" target=\"_blank\" rel=\"noreferrer noopener\">seiner Begr\u00fc\u00dfungsrede<\/a>.<\/p>\n\n<p class=\"wp-block-paragraph\">Um dieses Wachstum zu unterst\u00fctzen, <strong>hat die Hochschule k\u00fcrzlich ein erworbenes Geb\u00e4ude saniert und <\/strong>es zu Ehren von Jean-Claude Colin, dem Gr\u00fcnder der Maristenpatres <strong>, <\/strong> <strong>\u201eColin-Geb\u00e4ude\u201c<\/strong> <strong>getauft <\/strong>. So wie die R\u00e4umlichkeiten auf dem Campus neues Leben erhalten, er\u00f6ffnet sich auch dem Chanel College neue Perspektiven, w\u00e4hrend es gleichzeitig fest in seinem maristischen Erbe verwurzelt bleibt. F\u00fcr den Jahrgang 2031 ist dies der Beginn eines spannenden neuen Kapitels.  <\/p>\n\n<p class=\"wp-block-paragraph\">Wir laden unsere gesamte Gemeinschaft ein, mit uns <strong>in Verbindung zu bleiben, w\u00e4hrend <\/strong>unsere Schulfamilie weiter w\u00e4chst. Besuchen Sie die <a href=\"https:\/\/www.chanelcollege.ie\/about-us\" target=\"_blank\" rel=\"noreferrer noopener\">Website des Chanel College<\/a>, um die vollst\u00e4ndige Ansprache von Herrn Gill zu lesen, den neu gestalteten Campus zu erkunden und unseren Social-Media-Kan\u00e4len zu folgen, um das ganze Jahr \u00fcber auf dem Laufenden zu bleiben! <\/p>\n\n<p class=\"wp-block-paragraph\"><\/p>\n\n<figure class=\"wp-block-gallery has-nested-images columns-default is-cropped wp-block-gallery-1 is-layout-flex wp-block-gallery-is-layout-flex\">\n<figure class=\"wp-block-image size-large\"><img loading=\"lazy\" decoding=\"async\" width=\"1024\" height=\"768\" data-id=\"12208\" src=\"https:\/\/maristeurope.eu\/wp-content\/uploads\/2026\/09\/1e198b_739132632b7547a88a79388f558ca06fmv2.jpg-1024x768.avif\" alt=\"\" class=\"wp-image-12208\" srcset=\"https:\/\/maristeurope.eu\/wp-content\/uploads\/2026\/09\/1e198b_739132632b7547a88a79388f558ca06fmv2.jpg-1024x768.avif 1024w, https:\/\/maristeurope.eu\/wp-content\/uploads\/2026\/09\/1e198b_739132632b7547a88a79388f558ca06fmv2.jpg-300x225.avif 300w, https:\/\/maristeurope.eu\/wp-content\/uploads\/2026\/09\/1e198b_739132632b7547a88a79388f558ca06fmv2.jpg-768x576.avif 768w, https:\/\/maristeurope.eu\/wp-content\/uploads\/2026\/09\/1e198b_739132632b7547a88a79388f558ca06fmv2.jpg-1536x1152.avif 1536w, https:\/\/maristeurope.eu\/wp-content\/uploads\/2026\/09\/1e198b_739132632b7547a88a79388f558ca06fmv2.jpg-2048x1536.avif 2048w, https:\/\/maristeurope.eu\/wp-content\/uploads\/2026\/09\/1e198b_739132632b7547a88a79388f558ca06fmv2.jpg-510x382.avif 510w, https:\/\/maristeurope.eu\/wp-content\/uploads\/2026\/09\/1e198b_739132632b7547a88a79388f558ca06fmv2.jpg-1080x810.avif 1080w, https:\/\/maristeurope.eu\/wp-content\/uploads\/2026\/09\/1e198b_739132632b7547a88a79388f558ca06fmv2.jpg-1280x960.avif 1280w, https:\/\/maristeurope.eu\/wp-content\/uploads\/2026\/09\/1e198b_739132632b7547a88a79388f558ca06fmv2.jpg-980x735.avif 980w, https:\/\/maristeurope.eu\/wp-content\/uploads\/2026\/09\/1e198b_739132632b7547a88a79388f558ca06fmv2.jpg-480x360.avif 480w\" sizes=\"(max-width: 1024px) 100vw, 1024px\" \/><\/figure>\n\n\n\n<figure class=\"wp-block-image size-large\"><img loading=\"lazy\" decoding=\"async\" width=\"1024\" height=\"768\" data-id=\"12207\" src=\"https:\/\/maristeurope.eu\/wp-content\/uploads\/2026\/09\/1e198b_b3776bc28c7f47f5ba28cf80e956cf91mv2.jpg-1024x768.avif\" alt=\"\" class=\"wp-image-12207\" srcset=\"https:\/\/maristeurope.eu\/wp-content\/uploads\/2026\/09\/1e198b_b3776bc28c7f47f5ba28cf80e956cf91mv2.jpg-1024x768.avif 1024w, https:\/\/maristeurope.eu\/wp-content\/uploads\/2026\/09\/1e198b_b3776bc28c7f47f5ba28cf80e956cf91mv2.jpg-300x225.avif 300w, https:\/\/maristeurope.eu\/wp-content\/uploads\/2026\/09\/1e198b_b3776bc28c7f47f5ba28cf80e956cf91mv2.jpg-768x576.avif 768w, https:\/\/maristeurope.eu\/wp-content\/uploads\/2026\/09\/1e198b_b3776bc28c7f47f5ba28cf80e956cf91mv2.jpg-1536x1152.avif 1536w, https:\/\/maristeurope.eu\/wp-content\/uploads\/2026\/09\/1e198b_b3776bc28c7f47f5ba28cf80e956cf91mv2.jpg-2048x1536.avif 2048w, https:\/\/maristeurope.eu\/wp-content\/uploads\/2026\/09\/1e198b_b3776bc28c7f47f5ba28cf80e956cf91mv2.jpg-510x382.avif 510w, https:\/\/maristeurope.eu\/wp-content\/uploads\/2026\/09\/1e198b_b3776bc28c7f47f5ba28cf80e956cf91mv2.jpg-1080x810.avif 1080w, https:\/\/maristeurope.eu\/wp-content\/uploads\/2026\/09\/1e198b_b3776bc28c7f47f5ba28cf80e956cf91mv2.jpg-1280x960.avif 1280w, https:\/\/maristeurope.eu\/wp-content\/uploads\/2026\/09\/1e198b_b3776bc28c7f47f5ba28cf80e956cf91mv2.jpg-980x735.avif 980w, https:\/\/maristeurope.eu\/wp-content\/uploads\/2026\/09\/1e198b_b3776bc28c7f47f5ba28cf80e956cf91mv2.jpg-480x360.avif 480w\" sizes=\"(max-width: 1024px) 100vw, 1024px\" \/><\/figure>\n\n\n\n<figure class=\"wp-block-image size-large\"><img loading=\"lazy\" decoding=\"async\" width=\"1024\" height=\"768\" data-id=\"12214\" src=\"https:\/\/maristeurope.eu\/wp-content\/uploads\/2026\/09\/1e198b_ca5e9cbea3404c7a9f3a515f40f6e922mv2.jpg-1-1024x768.avif\" alt=\"\" class=\"wp-image-12214\" srcset=\"https:\/\/maristeurope.eu\/wp-content\/uploads\/2026\/09\/1e198b_ca5e9cbea3404c7a9f3a515f40f6e922mv2.jpg-1-1024x768.avif 1024w, https:\/\/maristeurope.eu\/wp-content\/uploads\/2026\/09\/1e198b_ca5e9cbea3404c7a9f3a515f40f6e922mv2.jpg-1-300x225.avif 300w, https:\/\/maristeurope.eu\/wp-content\/uploads\/2026\/09\/1e198b_ca5e9cbea3404c7a9f3a515f40f6e922mv2.jpg-1-768x576.avif 768w, https:\/\/maristeurope.eu\/wp-content\/uploads\/2026\/09\/1e198b_ca5e9cbea3404c7a9f3a515f40f6e922mv2.jpg-1-1536x1152.avif 1536w, https:\/\/maristeurope.eu\/wp-content\/uploads\/2026\/09\/1e198b_ca5e9cbea3404c7a9f3a515f40f6e922mv2.jpg-1-510x382.avif 510w, https:\/\/maristeurope.eu\/wp-content\/uploads\/2026\/09\/1e198b_ca5e9cbea3404c7a9f3a515f40f6e922mv2.jpg-1-1080x810.avif 1080w, https:\/\/maristeurope.eu\/wp-content\/uploads\/2026\/09\/1e198b_ca5e9cbea3404c7a9f3a515f40f6e922mv2.jpg-1-1280x960.avif 1280w, https:\/\/maristeurope.eu\/wp-content\/uploads\/2026\/09\/1e198b_ca5e9cbea3404c7a9f3a515f40f6e922mv2.jpg-1-980x735.avif 980w, https:\/\/maristeurope.eu\/wp-content\/uploads\/2026\/09\/1e198b_ca5e9cbea3404c7a9f3a515f40f6e922mv2.jpg-1-480x360.avif 480w, https:\/\/maristeurope.eu\/wp-content\/uploads\/2026\/09\/1e198b_ca5e9cbea3404c7a9f3a515f40f6e922mv2.jpg-1.avif 1920w\" sizes=\"(max-width: 1024px) 100vw, 1024px\" \/><\/figure>\n<\/figure>\n\n<p class=\"wp-block-paragraph\"><\/p>\n","protected":false},"excerpt":{"rendered":"<p>Das Chanel College, eine katholische Schule, die seit 1955 in der maristischen Tradition verwurzelt ist, hat mit der Aufnahme der ersten koedukativen Klassen offiziell einen Meilenstein in seiner 71-j\u00e4hrigen Geschichte gesetzt. Die Entwicklung des Colleges w\u00fcrdigt dieses reiche Erbe und spiegelt zugleich das anhaltende Engagement wider, den modernen Bed\u00fcrfnissen der lokalen Gemeinschaft gerecht zu werden. <\/p>\n","protected":false},"author":6,"featured_media":12237,"comment_status":"closed","ping_status":"open","sticky":false,"template":"","format":"standard","meta":{"_acf_changed":false,"footnotes":""},"categories":[51],"tags":[],"class_list":["post-12236","post","type-post","status-publish","format-standard","has-post-thumbnail","hentry","category-nicht-kategorisiert"],"acf":[],"yoast_head":"<!-- This site is optimized with the Yoast SEO plugin v28.4 - https:\/\/yoast.com\/product\/yoast-seo-wordpress\/ -->\n<title>Das Marist Chanel College in Irland f\u00fchrt die Koedukation ein - Marist Europe<\/title>\n<meta name=\"robots\" content=\"index, follow, max-snippet:-1, max-image-preview:large, max-video-preview:-1\" \/>\n<link rel=\"canonical\" href=\"https:\/\/maristeurope.eu\/de\/das-marist-chanel-college-in-irland-fuehrt-die-koedukation-ein\/\" \/>\n<meta property=\"og:locale\" content=\"de_DE\" \/>\n<meta property=\"og:type\" content=\"article\" \/>\n<meta property=\"og:title\" content=\"Das Marist Chanel College in Irland f\u00fchrt die Koedukation ein - Marist Europe\" \/>\n<meta property=\"og:description\" content=\"Das Chanel College, eine katholische Schule, die seit 1955 in der maristischen Tradition verwurzelt ist, hat mit der Aufnahme der ersten koedukativen Klassen offiziell einen Meilenstein in seiner 71-j\u00e4hrigen Geschichte gesetzt. Die Entwicklung des Colleges w\u00fcrdigt dieses reiche Erbe und spiegelt zugleich das anhaltende Engagement wider, den modernen Bed\u00fcrfnissen der lokalen Gemeinschaft gerecht zu werden.\" \/>\n<meta property=\"og:url\" content=\"https:\/\/maristeurope.eu\/de\/das-marist-chanel-college-in-irland-fuehrt-die-koedukation-ein\/\" \/>\n<meta property=\"og:site_name\" content=\"Marist Europe\" \/>\n<meta property=\"article:published_time\" content=\"2026-09-05T07:38:42+00:00\" \/>\n<meta property=\"article:modified_time\" content=\"2026-09-05T07:39:35+00:00\" \/>\n<meta name=\"author\" content=\"Communication Team\" \/>\n<meta name=\"twitter:card\" content=\"summary_large_image\" \/>\n<meta name=\"twitter:label1\" content=\"Verfasst von\" \/>\n\t<meta name=\"twitter:data1\" content=\"Communication Team\" \/>\n\t<meta name=\"twitter:label2\" content=\"Gesch\u00e4tzte Lesezeit\" \/>\n\t<meta name=\"twitter:data2\" content=\"1\u00a0Minute\" \/>\n<script type=\"application\/ld+json\" class=\"yoast-schema-graph\">{\"@context\":\"https:\\\/\\\/schema.org\",\"@graph\":[{\"@type\":\"Article\",\"@id\":\"https:\\\/\\\/maristeurope.eu\\\/de\\\/das-marist-chanel-college-in-irland-fuehrt-die-koedukation-ein\\\/#article\",\"isPartOf\":{\"@id\":\"https:\\\/\\\/maristeurope.eu\\\/de\\\/das-marist-chanel-college-in-irland-fuehrt-die-koedukation-ein\\\/\"},\"author\":{\"name\":\"Communication Team\",\"@id\":\"https:\\\/\\\/maristeurope.eu\\\/de\\\/#\\\/schema\\\/person\\\/c5c8441475e226a0e23be8da5d028ee5\"},\"headline\":\"Das Marist Chanel College in Irland f\u00fchrt die Koedukation ein\",\"datePublished\":\"2026-09-05T07:38:42+00:00\",\"dateModified\":\"2026-09-05T07:39:35+00:00\",\"mainEntityOfPage\":{\"@id\":\"https:\\\/\\\/maristeurope.eu\\\/de\\\/das-marist-chanel-college-in-irland-fuehrt-die-koedukation-ein\\\/\"},\"wordCount\":261,\"publisher\":{\"@id\":\"https:\\\/\\\/maristeurope.eu\\\/de\\\/#organization\"},\"image\":{\"@id\":\"https:\\\/\\\/maristeurope.eu\\\/de\\\/das-marist-chanel-college-in-irland-fuehrt-die-koedukation-ein\\\/#primaryimage\"},\"thumbnailUrl\":\"https:\\\/\\\/maristeurope.eu\\\/wp-content\\\/uploads\\\/2026\\\/09\\\/1e198b_f016e472100049f98bb8d549f0b2e18cmv2.jpg.avif\",\"articleSection\":[\"Nicht kategorisiert\"],\"inLanguage\":\"de\"},{\"@type\":\"WebPage\",\"@id\":\"https:\\\/\\\/maristeurope.eu\\\/de\\\/das-marist-chanel-college-in-irland-fuehrt-die-koedukation-ein\\\/\",\"url\":\"https:\\\/\\\/maristeurope.eu\\\/de\\\/das-marist-chanel-college-in-irland-fuehrt-die-koedukation-ein\\\/\",\"name\":\"Das Marist Chanel College in Irland f\u00fchrt die Koedukation ein - Marist Europe\",\"isPartOf\":{\"@id\":\"https:\\\/\\\/maristeurope.eu\\\/de\\\/#website\"},\"primaryImageOfPage\":{\"@id\":\"https:\\\/\\\/maristeurope.eu\\\/de\\\/das-marist-chanel-college-in-irland-fuehrt-die-koedukation-ein\\\/#primaryimage\"},\"image\":{\"@id\":\"https:\\\/\\\/maristeurope.eu\\\/de\\\/das-marist-chanel-college-in-irland-fuehrt-die-koedukation-ein\\\/#primaryimage\"},\"thumbnailUrl\":\"https:\\\/\\\/maristeurope.eu\\\/wp-content\\\/uploads\\\/2026\\\/09\\\/1e198b_f016e472100049f98bb8d549f0b2e18cmv2.jpg.avif\",\"datePublished\":\"2026-09-05T07:38:42+00:00\",\"dateModified\":\"2026-09-05T07:39:35+00:00\",\"breadcrumb\":{\"@id\":\"https:\\\/\\\/maristeurope.eu\\\/de\\\/das-marist-chanel-college-in-irland-fuehrt-die-koedukation-ein\\\/#breadcrumb\"},\"inLanguage\":\"de\",\"potentialAction\":[{\"@type\":\"ReadAction\",\"target\":[\"https:\\\/\\\/maristeurope.eu\\\/de\\\/das-marist-chanel-college-in-irland-fuehrt-die-koedukation-ein\\\/\"]}]},{\"@type\":\"ImageObject\",\"inLanguage\":\"de\",\"@id\":\"https:\\\/\\\/maristeurope.eu\\\/de\\\/das-marist-chanel-college-in-irland-fuehrt-die-koedukation-ein\\\/#primaryimage\",\"url\":\"https:\\\/\\\/maristeurope.eu\\\/wp-content\\\/uploads\\\/2026\\\/09\\\/1e198b_f016e472100049f98bb8d549f0b2e18cmv2.jpg.avif\",\"contentUrl\":\"https:\\\/\\\/maristeurope.eu\\\/wp-content\\\/uploads\\\/2026\\\/09\\\/1e198b_f016e472100049f98bb8d549f0b2e18cmv2.jpg.avif\",\"width\":2560,\"height\":1920},{\"@type\":\"BreadcrumbList\",\"@id\":\"https:\\\/\\\/maristeurope.eu\\\/de\\\/das-marist-chanel-college-in-irland-fuehrt-die-koedukation-ein\\\/#breadcrumb\",\"itemListElement\":[{\"@type\":\"ListItem\",\"position\":1,\"name\":\"Home\",\"item\":\"https:\\\/\\\/maristeurope.eu\\\/de\\\/\"},{\"@type\":\"ListItem\",\"position\":2,\"name\":\"Das Marist Chanel College in Irland f\u00fchrt die Koedukation ein\"}]},{\"@type\":\"WebSite\",\"@id\":\"https:\\\/\\\/maristeurope.eu\\\/de\\\/#website\",\"url\":\"https:\\\/\\\/maristeurope.eu\\\/de\\\/\",\"name\":\"Marist Europe\",\"description\":\"\",\"publisher\":{\"@id\":\"https:\\\/\\\/maristeurope.eu\\\/de\\\/#organization\"},\"potentialAction\":[{\"@type\":\"SearchAction\",\"target\":{\"@type\":\"EntryPoint\",\"urlTemplate\":\"https:\\\/\\\/maristeurope.eu\\\/de\\\/?s={search_term_string}\"},\"query-input\":{\"@type\":\"PropertyValueSpecification\",\"valueRequired\":true,\"valueName\":\"search_term_string\"}}],\"inLanguage\":\"de\"},{\"@type\":\"Organization\",\"@id\":\"https:\\\/\\\/maristeurope.eu\\\/de\\\/#organization\",\"name\":\"Marist Europe\",\"url\":\"https:\\\/\\\/maristeurope.eu\\\/de\\\/\",\"logo\":{\"@type\":\"ImageObject\",\"inLanguage\":\"de\",\"@id\":\"https:\\\/\\\/maristeurope.eu\\\/de\\\/#\\\/schema\\\/logo\\\/image\\\/\",\"url\":\"https:\\\/\\\/maristeurope.eu\\\/wp-content\\\/uploads\\\/2024\\\/10\\\/EU-SM-Finalogo-02.png\",\"contentUrl\":\"https:\\\/\\\/maristeurope.eu\\\/wp-content\\\/uploads\\\/2024\\\/10\\\/EU-SM-Finalogo-02.png\",\"width\":150,\"height\":156,\"caption\":\"Marist Europe\"},\"image\":{\"@id\":\"https:\\\/\\\/maristeurope.eu\\\/de\\\/#\\\/schema\\\/logo\\\/image\\\/\"}},{\"@type\":\"Person\",\"@id\":\"https:\\\/\\\/maristeurope.eu\\\/de\\\/#\\\/schema\\\/person\\\/c5c8441475e226a0e23be8da5d028ee5\",\"name\":\"Communication Team\",\"image\":{\"@type\":\"ImageObject\",\"inLanguage\":\"de\",\"@id\":\"https:\\\/\\\/secure.gravatar.com\\\/avatar\\\/7f0a949f44aea4b132078a0f6f9c423ceae6f58e23aec058fb271880e125346e?s=96&d=mm&r=g\",\"url\":\"https:\\\/\\\/secure.gravatar.com\\\/avatar\\\/7f0a949f44aea4b132078a0f6f9c423ceae6f58e23aec058fb271880e125346e?s=96&d=mm&r=g\",\"contentUrl\":\"https:\\\/\\\/secure.gravatar.com\\\/avatar\\\/7f0a949f44aea4b132078a0f6f9c423ceae6f58e23aec058fb271880e125346e?s=96&d=mm&r=g\",\"caption\":\"Communication Team\"},\"url\":\"https:\\\/\\\/maristeurope.eu\\\/de\\\/author\\\/communications\\\/\"}]}<\/script>\n<!-- \/ Yoast SEO plugin. -->","yoast_head_json":{"title":"Das Marist Chanel College in Irland f\u00fchrt die Koedukation ein - Marist Europe","robots":{"index":"index","follow":"follow","max-snippet":"max-snippet:-1","max-image-preview":"max-image-preview:large","max-video-preview":"max-video-preview:-1"},"canonical":"https:\/\/maristeurope.eu\/de\/das-marist-chanel-college-in-irland-fuehrt-die-koedukation-ein\/","og_locale":"de_DE","og_type":"article","og_title":"Das Marist Chanel College in Irland f\u00fchrt die Koedukation ein - Marist Europe","og_description":"Das Chanel College, eine katholische Schule, die seit 1955 in der maristischen Tradition verwurzelt ist, hat mit der Aufnahme der ersten koedukativen Klassen offiziell einen Meilenstein in seiner 71-j\u00e4hrigen Geschichte gesetzt. Die Entwicklung des Colleges w\u00fcrdigt dieses reiche Erbe und spiegelt zugleich das anhaltende Engagement wider, den modernen Bed\u00fcrfnissen der lokalen Gemeinschaft gerecht zu werden.","og_url":"https:\/\/maristeurope.eu\/de\/das-marist-chanel-college-in-irland-fuehrt-die-koedukation-ein\/","og_site_name":"Marist Europe","article_published_time":"2026-09-05T07:38:42+00:00","article_modified_time":"2026-09-05T07:39:35+00:00","author":"Communication Team","twitter_card":"summary_large_image","twitter_misc":{"Verfasst von":"Communication Team","Gesch\u00e4tzte Lesezeit":"1\u00a0Minute"},"schema":{"@context":"https:\/\/schema.org","@graph":[{"@type":"Article","@id":"https:\/\/maristeurope.eu\/de\/das-marist-chanel-college-in-irland-fuehrt-die-koedukation-ein\/#article","isPartOf":{"@id":"https:\/\/maristeurope.eu\/de\/das-marist-chanel-college-in-irland-fuehrt-die-koedukation-ein\/"},"author":{"name":"Communication Team","@id":"https:\/\/maristeurope.eu\/de\/#\/schema\/person\/c5c8441475e226a0e23be8da5d028ee5"},"headline":"Das Marist Chanel College in Irland f\u00fchrt die Koedukation ein","datePublished":"2026-09-05T07:38:42+00:00","dateModified":"2026-09-05T07:39:35+00:00","mainEntityOfPage":{"@id":"https:\/\/maristeurope.eu\/de\/das-marist-chanel-college-in-irland-fuehrt-die-koedukation-ein\/"},"wordCount":261,"publisher":{"@id":"https:\/\/maristeurope.eu\/de\/#organization"},"image":{"@id":"https:\/\/maristeurope.eu\/de\/das-marist-chanel-college-in-irland-fuehrt-die-koedukation-ein\/#primaryimage"},"thumbnailUrl":"https:\/\/maristeurope.eu\/wp-content\/uploads\/2026\/09\/1e198b_f016e472100049f98bb8d549f0b2e18cmv2.jpg.avif","articleSection":["Nicht kategorisiert"],"inLanguage":"de"},{"@type":"WebPage","@id":"https:\/\/maristeurope.eu\/de\/das-marist-chanel-college-in-irland-fuehrt-die-koedukation-ein\/","url":"https:\/\/maristeurope.eu\/de\/das-marist-chanel-college-in-irland-fuehrt-die-koedukation-ein\/","name":"Das Marist Chanel College in Irland f\u00fchrt die Koedukation ein - Marist Europe","isPartOf":{"@id":"https:\/\/maristeurope.eu\/de\/#website"},"primaryImageOfPage":{"@id":"https:\/\/maristeurope.eu\/de\/das-marist-chanel-college-in-irland-fuehrt-die-koedukation-ein\/#primaryimage"},"image":{"@id":"https:\/\/maristeurope.eu\/de\/das-marist-chanel-college-in-irland-fuehrt-die-koedukation-ein\/#primaryimage"},"thumbnailUrl":"https:\/\/maristeurope.eu\/wp-content\/uploads\/2026\/09\/1e198b_f016e472100049f98bb8d549f0b2e18cmv2.jpg.avif","datePublished":"2026-09-05T07:38:42+00:00","dateModified":"2026-09-05T07:39:35+00:00","breadcrumb":{"@id":"https:\/\/maristeurope.eu\/de\/das-marist-chanel-college-in-irland-fuehrt-die-koedukation-ein\/#breadcrumb"},"inLanguage":"de","potentialAction":[{"@type":"ReadAction","target":["https:\/\/maristeurope.eu\/de\/das-marist-chanel-college-in-irland-fuehrt-die-koedukation-ein\/"]}]},{"@type":"ImageObject","inLanguage":"de","@id":"https:\/\/maristeurope.eu\/de\/das-marist-chanel-college-in-irland-fuehrt-die-koedukation-ein\/#primaryimage","url":"https:\/\/maristeurope.eu\/wp-content\/uploads\/2026\/09\/1e198b_f016e472100049f98bb8d549f0b2e18cmv2.jpg.avif","contentUrl":"https:\/\/maristeurope.eu\/wp-content\/uploads\/2026\/09\/1e198b_f016e472100049f98bb8d549f0b2e18cmv2.jpg.avif","width":2560,"height":1920},{"@type":"BreadcrumbList","@id":"https:\/\/maristeurope.eu\/de\/das-marist-chanel-college-in-irland-fuehrt-die-koedukation-ein\/#breadcrumb","itemListElement":[{"@type":"ListItem","position":1,"name":"Home","item":"https:\/\/maristeurope.eu\/de\/"},{"@type":"ListItem","position":2,"name":"Das Marist Chanel College in Irland f\u00fchrt die Koedukation ein"}]},{"@type":"WebSite","@id":"https:\/\/maristeurope.eu\/de\/#website","url":"https:\/\/maristeurope.eu\/de\/","name":"Marist Europe","description":"","publisher":{"@id":"https:\/\/maristeurope.eu\/de\/#organization"},"potentialAction":[{"@type":"SearchAction","target":{"@type":"EntryPoint","urlTemplate":"https:\/\/maristeurope.eu\/de\/?s={search_term_string}"},"query-input":{"@type":"PropertyValueSpecification","valueRequired":true,"valueName":"search_term_string"}}],"inLanguage":"de"},{"@type":"Organization","@id":"https:\/\/maristeurope.eu\/de\/#organization","name":"Marist Europe","url":"https:\/\/maristeurope.eu\/de\/","logo":{"@type":"ImageObject","inLanguage":"de","@id":"https:\/\/maristeurope.eu\/de\/#\/schema\/logo\/image\/","url":"https:\/\/maristeurope.eu\/wp-content\/uploads\/2024\/10\/EU-SM-Finalogo-02.png","contentUrl":"https:\/\/maristeurope.eu\/wp-content\/uploads\/2024\/10\/EU-SM-Finalogo-02.png","width":150,"height":156,"caption":"Marist Europe"},"image":{"@id":"https:\/\/maristeurope.eu\/de\/#\/schema\/logo\/image\/"}},{"@type":"Person","@id":"https:\/\/maristeurope.eu\/de\/#\/schema\/person\/c5c8441475e226a0e23be8da5d028ee5","name":"Communication Team","image":{"@type":"ImageObject","inLanguage":"de","@id":"https:\/\/secure.gravatar.com\/avatar\/7f0a949f44aea4b132078a0f6f9c423ceae6f58e23aec058fb271880e125346e?s=96&d=mm&r=g","url":"https:\/\/secure.gravatar.com\/avatar\/7f0a949f44aea4b132078a0f6f9c423ceae6f58e23aec058fb271880e125346e?s=96&d=mm&r=g","contentUrl":"https:\/\/secure.gravatar.com\/avatar\/7f0a949f44aea4b132078a0f6f9c423ceae6f58e23aec058fb271880e125346e?s=96&d=mm&r=g","caption":"Communication Team"},"url":"https:\/\/maristeurope.eu\/de\/author\/communications\/"}]}},"_links":{"self":[{"href":"https:\/\/maristeurope.eu\/de\/wp-json\/wp\/v2\/posts\/12236","targetHints":{"allow":["GET"]}}],"collection":[{"href":"https:\/\/maristeurope.eu\/de\/wp-json\/wp\/v2\/posts"}],"about":[{"href":"https:\/\/maristeurope.eu\/de\/wp-json\/wp\/v2\/types\/post"}],"author":[{"embeddable":true,"href":"https:\/\/maristeurope.eu\/de\/wp-json\/wp\/v2\/users\/6"}],"replies":[{"embeddable":true,"href":"https:\/\/maristeurope.eu\/de\/wp-json\/wp\/v2\/comments?post=12236"}],"version-history":[{"count":1,"href":"https:\/\/maristeurope.eu\/de\/wp-json\/wp\/v2\/posts\/12236\/revisions"}],"predecessor-version":[{"id":12239,"href":"https:\/\/maristeurope.eu\/de\/wp-json\/wp\/v2\/posts\/12236\/revisions\/12239"}],"wp:featuredmedia":[{"embeddable":true,"href":"https:\/\/maristeurope.eu\/de\/wp-json\/wp\/v2\/media\/12237"}],"wp:attachment":[{"href":"https:\/\/maristeurope.eu\/de\/wp-json\/wp\/v2\/media?parent=12236"}],"wp:term":[{"taxonomy":"category","embeddable":true,"href":"https:\/\/maristeurope.eu\/de\/wp-json\/wp\/v2\/categories?post=12236"},{"taxonomy":"post_tag","embeddable":true,"href":"https:\/\/maristeurope.eu\/de\/wp-json\/wp\/v2\/tags?post=12236"}],"curies":[{"name":"wp","href":"https:\/\/api.w.org\/{rel}","templated":true}]}}