{"id":10618,"date":"2026-04-29T12:17:43","date_gmt":"2026-04-29T10:17:43","guid":{"rendered":"https:\/\/maristeurope.eu\/maristen-tage-austausch-ueber-berufungen-in-franzoesischen-schulen\/"},"modified":"2026-04-29T16:06:33","modified_gmt":"2026-04-29T14:06:33","slug":"maristen-tage-austausch-ueber-berufungen-in-franzoesischen-schulen","status":"publish","type":"post","link":"https:\/\/maristeurope.eu\/de\/maristen-tage-austausch-ueber-berufungen-in-franzoesischen-schulen\/","title":{"rendered":"Maristen-Tage: Austausch \u00fcber Berufungen in franz\u00f6sischen Schulen"},"content":{"rendered":"\n<p>In diesem Fr\u00fchjahr feierten mehrere Maristenschulen in Frankreich \"<em><strong>Les journ\u00e9es maristes<\/strong><\/em>\" (Maristen-Tage). Die Reise begann im M\u00e4rz in <strong>Bury<\/strong> und <strong>Le Rosaire<\/strong> (n\u00f6rdlich von Paris) und wurde nach Ostern an unseren drei Standorten in Toulon fortgesetzt: <strong>Cours F\u00e9nelon<\/strong>, <strong>Institution Sainte Marie<\/strong>, und <strong>Externat Saint Joseph la Cordeille<\/strong>. Ein enthusiastisches Team aus der Maristenfamilie erz\u00e4hlte Hunderten von Studenten von ihren Berufungen und der weltweiten maristischen Mission. <strong>Die Resonanz war positiv<\/strong>; die Redner waren von dem aufmerksamen Engagement der Sch\u00fcler bewegt, w\u00e4hrend viele Lehrer und Sch\u00fcler eine tiefe Verbindung zu den Geschichten des maristischen Lebens in der heutigen Welt sp\u00fcrten, die alle in die Fu\u00dfstapfen von Pater Colin treten.   <\/p>\n\n<p><\/p>\n\n<p>Die Maristenfamilie wurde vertreten durch die Pater Jimmy McElroy, Rafael Ramila, Constant Amoussouga, Christian Abongbung und Mika Tuilau, zwei Maristen-Missionsschwestern, Aqela und H\u00e9l\u00e8ne, und Schwester Teri O&#8217;Brien sm.<\/p>\n\n<p><\/p>\n\n<p><\/p>\n\n<div class=\"wp-block-columns is-layout-flex wp-container-core-columns-is-layout-9d6595d7 wp-block-columns-is-layout-flex\">\n<div class=\"wp-block-column is-layout-flow wp-block-column-is-layout-flow\" style=\"flex-basis:50%\">\n<figure class=\"wp-block-image size-large\"><img loading=\"lazy\" decoding=\"async\" width=\"1024\" height=\"473\" src=\"https:\/\/maristeurope.eu\/wp-content\/uploads\/2026\/04\/673121111_995512576374440_6960863460866623015_n-1024x473.jpg\" alt=\"\" class=\"wp-image-10590\" style=\"aspect-ratio:3\/2;object-fit:cover\" srcset=\"https:\/\/maristeurope.eu\/wp-content\/uploads\/2026\/04\/673121111_995512576374440_6960863460866623015_n-980x453.jpg 980w, https:\/\/maristeurope.eu\/wp-content\/uploads\/2026\/04\/673121111_995512576374440_6960863460866623015_n-480x222.jpg 480w\" sizes=\"(min-width: 0px) and (max-width: 480px) 480px, (min-width: 481px) and (max-width: 980px) 980px, (min-width: 981px) 1024px, 100vw\" \/><\/figure>\n<\/div>\n\n\n\n<div class=\"wp-block-column is-vertically-aligned-top is-layout-flow wp-block-column-is-layout-flow\" style=\"flex-basis:50%\">\n<figure class=\"wp-block-image size-large\"><img loading=\"lazy\" decoding=\"async\" width=\"1024\" height=\"576\" src=\"https:\/\/maristeurope.eu\/wp-content\/uploads\/2026\/04\/674594046_995512583041106_9171972856718352388_n-1024x576.jpg\" alt=\"\" class=\"wp-image-10597\" style=\"aspect-ratio:3\/2;object-fit:cover\" srcset=\"https:\/\/maristeurope.eu\/wp-content\/uploads\/2026\/04\/674594046_995512583041106_9171972856718352388_n-980x551.jpg 980w, https:\/\/maristeurope.eu\/wp-content\/uploads\/2026\/04\/674594046_995512583041106_9171972856718352388_n-480x270.jpg 480w\" sizes=\"(min-width: 0px) and (max-width: 480px) 480px, (min-width: 481px) and (max-width: 980px) 980px, (min-width: 981px) 1024px, 100vw\" \/><\/figure>\n<\/div>\n<\/div>\n","protected":false},"excerpt":{"rendered":"<p>In diesem Fr\u00fchjahr feierten mehrere Maristenschulen in Frankreich \"Les journ\u00e9es maristes\" (Maristen-Tage). Die Reise begann im M\u00e4rz in Bury und Le Rosaire (n\u00f6rdlich von Paris) und wurde nach Ostern an unseren drei Standorten in Toulon fortgesetzt: Cours F\u00e9nelon, Institution Sainte Marie, und Externat Saint Joseph la Cordeille. <\/p>\n","protected":false},"author":7,"featured_media":10607,"comment_status":"open","ping_status":"open","sticky":false,"template":"","format":"standard","meta":{"_et_pb_use_builder":"off","_et_pb_old_content":"","_et_gb_content_width":"","footnotes":""},"categories":[51],"tags":[],"class_list":["post-10618","post","type-post","status-publish","format-standard","has-post-thumbnail","hentry","category-nicht-kategorisiert"],"yoast_head":"<!-- This site is optimized with the Yoast SEO plugin v27.5 - https:\/\/yoast.com\/product\/yoast-seo-wordpress\/ -->\n<title>Maristen-Tage: Austausch \u00fcber Berufungen in franz\u00f6sischen Schulen - Marist Europe<\/title>\n<meta name=\"robots\" content=\"index, follow, max-snippet:-1, max-image-preview:large, max-video-preview:-1\" \/>\n<link rel=\"canonical\" href=\"https:\/\/maristeurope.eu\/de\/maristen-tage-austausch-ueber-berufungen-in-franzoesischen-schulen\/\" \/>\n<meta property=\"og:locale\" content=\"de_DE\" \/>\n<meta property=\"og:type\" content=\"article\" \/>\n<meta property=\"og:title\" content=\"Maristen-Tage: Austausch \u00fcber Berufungen in franz\u00f6sischen Schulen - Marist Europe\" \/>\n<meta property=\"og:description\" content=\"In diesem Fr\u00fchjahr feierten mehrere Maristenschulen in Frankreich &quot;Les journ\u00e9es maristes&quot; (Maristen-Tage). Die Reise begann im M\u00e4rz in Bury und Le Rosaire (n\u00f6rdlich von Paris) und wurde nach Ostern an unseren drei Standorten in Toulon fortgesetzt: Cours F\u00e9nelon, Institution Sainte Marie, und Externat Saint Joseph la Cordeille.\" \/>\n<meta property=\"og:url\" content=\"https:\/\/maristeurope.eu\/de\/maristen-tage-austausch-ueber-berufungen-in-franzoesischen-schulen\/\" \/>\n<meta property=\"og:site_name\" content=\"Marist Europe\" \/>\n<meta property=\"article:published_time\" content=\"2026-04-29T10:17:43+00:00\" \/>\n<meta property=\"article:modified_time\" content=\"2026-04-29T14:06:33+00:00\" \/>\n<meta property=\"og:image\" content=\"https:\/\/maristeurope.eu\/wp-content\/uploads\/2026\/04\/PHOTO-2026-04-22-14-42-39.jpg\" \/>\n\t<meta property=\"og:image:width\" content=\"1294\" \/>\n\t<meta property=\"og:image:height\" content=\"825\" \/>\n\t<meta property=\"og:image:type\" content=\"image\/jpeg\" \/>\n<meta name=\"author\" content=\"Author\" \/>\n<meta name=\"twitter:card\" content=\"summary_large_image\" \/>\n<meta name=\"twitter:label1\" content=\"Verfasst von\" \/>\n\t<meta name=\"twitter:data1\" content=\"Author\" \/>\n\t<meta name=\"twitter:label2\" content=\"Gesch\u00e4tzte Lesezeit\" \/>\n\t<meta name=\"twitter:data2\" content=\"1\u00a0Minute\" \/>\n<script type=\"application\/ld+json\" class=\"yoast-schema-graph\">{\"@context\":\"https:\\\/\\\/schema.org\",\"@graph\":[{\"@type\":\"Article\",\"@id\":\"https:\\\/\\\/maristeurope.eu\\\/de\\\/maristen-tage-austausch-ueber-berufungen-in-franzoesischen-schulen\\\/#article\",\"isPartOf\":{\"@id\":\"https:\\\/\\\/maristeurope.eu\\\/de\\\/maristen-tage-austausch-ueber-berufungen-in-franzoesischen-schulen\\\/\"},\"author\":{\"name\":\"Author\",\"@id\":\"https:\\\/\\\/maristeurope.eu\\\/de\\\/#\\\/schema\\\/person\\\/f8e95da2dc077ecf7c73937cbebbd209\"},\"headline\":\"Maristen-Tage: Austausch \u00fcber Berufungen in franz\u00f6sischen Schulen\",\"datePublished\":\"2026-04-29T10:17:43+00:00\",\"dateModified\":\"2026-04-29T14:06:33+00:00\",\"mainEntityOfPage\":{\"@id\":\"https:\\\/\\\/maristeurope.eu\\\/de\\\/maristen-tage-austausch-ueber-berufungen-in-franzoesischen-schulen\\\/\"},\"wordCount\":157,\"commentCount\":0,\"publisher\":{\"@id\":\"https:\\\/\\\/maristeurope.eu\\\/de\\\/#organization\"},\"image\":{\"@id\":\"https:\\\/\\\/maristeurope.eu\\\/de\\\/maristen-tage-austausch-ueber-berufungen-in-franzoesischen-schulen\\\/#primaryimage\"},\"thumbnailUrl\":\"https:\\\/\\\/maristeurope.eu\\\/wp-content\\\/uploads\\\/2026\\\/04\\\/PHOTO-2026-04-22-14-42-39.jpg\",\"articleSection\":[\"Nicht kategorisiert\"],\"inLanguage\":\"de\",\"potentialAction\":[{\"@type\":\"CommentAction\",\"name\":\"Comment\",\"target\":[\"https:\\\/\\\/maristeurope.eu\\\/de\\\/maristen-tage-austausch-ueber-berufungen-in-franzoesischen-schulen\\\/#respond\"]}]},{\"@type\":\"WebPage\",\"@id\":\"https:\\\/\\\/maristeurope.eu\\\/de\\\/maristen-tage-austausch-ueber-berufungen-in-franzoesischen-schulen\\\/\",\"url\":\"https:\\\/\\\/maristeurope.eu\\\/de\\\/maristen-tage-austausch-ueber-berufungen-in-franzoesischen-schulen\\\/\",\"name\":\"Maristen-Tage: Austausch \u00fcber Berufungen in franz\u00f6sischen Schulen - Marist Europe\",\"isPartOf\":{\"@id\":\"https:\\\/\\\/maristeurope.eu\\\/de\\\/#website\"},\"primaryImageOfPage\":{\"@id\":\"https:\\\/\\\/maristeurope.eu\\\/de\\\/maristen-tage-austausch-ueber-berufungen-in-franzoesischen-schulen\\\/#primaryimage\"},\"image\":{\"@id\":\"https:\\\/\\\/maristeurope.eu\\\/de\\\/maristen-tage-austausch-ueber-berufungen-in-franzoesischen-schulen\\\/#primaryimage\"},\"thumbnailUrl\":\"https:\\\/\\\/maristeurope.eu\\\/wp-content\\\/uploads\\\/2026\\\/04\\\/PHOTO-2026-04-22-14-42-39.jpg\",\"datePublished\":\"2026-04-29T10:17:43+00:00\",\"dateModified\":\"2026-04-29T14:06:33+00:00\",\"breadcrumb\":{\"@id\":\"https:\\\/\\\/maristeurope.eu\\\/de\\\/maristen-tage-austausch-ueber-berufungen-in-franzoesischen-schulen\\\/#breadcrumb\"},\"inLanguage\":\"de\",\"potentialAction\":[{\"@type\":\"ReadAction\",\"target\":[\"https:\\\/\\\/maristeurope.eu\\\/de\\\/maristen-tage-austausch-ueber-berufungen-in-franzoesischen-schulen\\\/\"]}]},{\"@type\":\"ImageObject\",\"inLanguage\":\"de\",\"@id\":\"https:\\\/\\\/maristeurope.eu\\\/de\\\/maristen-tage-austausch-ueber-berufungen-in-franzoesischen-schulen\\\/#primaryimage\",\"url\":\"https:\\\/\\\/maristeurope.eu\\\/wp-content\\\/uploads\\\/2026\\\/04\\\/PHOTO-2026-04-22-14-42-39.jpg\",\"contentUrl\":\"https:\\\/\\\/maristeurope.eu\\\/wp-content\\\/uploads\\\/2026\\\/04\\\/PHOTO-2026-04-22-14-42-39.jpg\",\"width\":1294,\"height\":825},{\"@type\":\"BreadcrumbList\",\"@id\":\"https:\\\/\\\/maristeurope.eu\\\/de\\\/maristen-tage-austausch-ueber-berufungen-in-franzoesischen-schulen\\\/#breadcrumb\",\"itemListElement\":[{\"@type\":\"ListItem\",\"position\":1,\"name\":\"Home\",\"item\":\"https:\\\/\\\/maristeurope.eu\\\/de\\\/maristen\\\/\"},{\"@type\":\"ListItem\",\"position\":2,\"name\":\"Maristen-Tage: Austausch \u00fcber Berufungen in franz\u00f6sischen Schulen\"}]},{\"@type\":\"WebSite\",\"@id\":\"https:\\\/\\\/maristeurope.eu\\\/de\\\/#website\",\"url\":\"https:\\\/\\\/maristeurope.eu\\\/de\\\/\",\"name\":\"Marist Europe\",\"description\":\"\",\"publisher\":{\"@id\":\"https:\\\/\\\/maristeurope.eu\\\/de\\\/#organization\"},\"potentialAction\":[{\"@type\":\"SearchAction\",\"target\":{\"@type\":\"EntryPoint\",\"urlTemplate\":\"https:\\\/\\\/maristeurope.eu\\\/de\\\/?s={search_term_string}\"},\"query-input\":{\"@type\":\"PropertyValueSpecification\",\"valueRequired\":true,\"valueName\":\"search_term_string\"}}],\"inLanguage\":\"de\"},{\"@type\":\"Organization\",\"@id\":\"https:\\\/\\\/maristeurope.eu\\\/de\\\/#organization\",\"name\":\"Marist Europe\",\"url\":\"https:\\\/\\\/maristeurope.eu\\\/de\\\/\",\"logo\":{\"@type\":\"ImageObject\",\"inLanguage\":\"de\",\"@id\":\"https:\\\/\\\/maristeurope.eu\\\/de\\\/#\\\/schema\\\/logo\\\/image\\\/\",\"url\":\"https:\\\/\\\/maristeurope.eu\\\/wp-content\\\/uploads\\\/2024\\\/10\\\/EU-SM-Finalogo-02.png\",\"contentUrl\":\"https:\\\/\\\/maristeurope.eu\\\/wp-content\\\/uploads\\\/2024\\\/10\\\/EU-SM-Finalogo-02.png\",\"width\":150,\"height\":156,\"caption\":\"Marist Europe\"},\"image\":{\"@id\":\"https:\\\/\\\/maristeurope.eu\\\/de\\\/#\\\/schema\\\/logo\\\/image\\\/\"}},{\"@type\":\"Person\",\"@id\":\"https:\\\/\\\/maristeurope.eu\\\/de\\\/#\\\/schema\\\/person\\\/f8e95da2dc077ecf7c73937cbebbd209\",\"name\":\"Author\",\"image\":{\"@type\":\"ImageObject\",\"inLanguage\":\"de\",\"@id\":\"https:\\\/\\\/secure.gravatar.com\\\/avatar\\\/6709da64a616dd172f3d90d48d6e09e07dca7fed6f6b3fcdd28c01a385bb51f1?s=96&d=mm&r=g\",\"url\":\"https:\\\/\\\/secure.gravatar.com\\\/avatar\\\/6709da64a616dd172f3d90d48d6e09e07dca7fed6f6b3fcdd28c01a385bb51f1?s=96&d=mm&r=g\",\"contentUrl\":\"https:\\\/\\\/secure.gravatar.com\\\/avatar\\\/6709da64a616dd172f3d90d48d6e09e07dca7fed6f6b3fcdd28c01a385bb51f1?s=96&d=mm&r=g\",\"caption\":\"Author\"},\"url\":\"https:\\\/\\\/maristeurope.eu\\\/de\\\/author\\\/theo\\\/\"}]}<\/script>\n<!-- \/ Yoast SEO plugin. -->","yoast_head_json":{"title":"Maristen-Tage: Austausch \u00fcber Berufungen in franz\u00f6sischen Schulen - Marist Europe","robots":{"index":"index","follow":"follow","max-snippet":"max-snippet:-1","max-image-preview":"max-image-preview:large","max-video-preview":"max-video-preview:-1"},"canonical":"https:\/\/maristeurope.eu\/de\/maristen-tage-austausch-ueber-berufungen-in-franzoesischen-schulen\/","og_locale":"de_DE","og_type":"article","og_title":"Maristen-Tage: Austausch \u00fcber Berufungen in franz\u00f6sischen Schulen - Marist Europe","og_description":"In diesem Fr\u00fchjahr feierten mehrere Maristenschulen in Frankreich \"Les journ\u00e9es maristes\" (Maristen-Tage). Die Reise begann im M\u00e4rz in Bury und Le Rosaire (n\u00f6rdlich von Paris) und wurde nach Ostern an unseren drei Standorten in Toulon fortgesetzt: Cours F\u00e9nelon, Institution Sainte Marie, und Externat Saint Joseph la Cordeille.","og_url":"https:\/\/maristeurope.eu\/de\/maristen-tage-austausch-ueber-berufungen-in-franzoesischen-schulen\/","og_site_name":"Marist Europe","article_published_time":"2026-04-29T10:17:43+00:00","article_modified_time":"2026-04-29T14:06:33+00:00","og_image":[{"width":1294,"height":825,"url":"https:\/\/maristeurope.eu\/wp-content\/uploads\/2026\/04\/PHOTO-2026-04-22-14-42-39.jpg","type":"image\/jpeg"}],"author":"Author","twitter_card":"summary_large_image","twitter_misc":{"Verfasst von":"Author","Gesch\u00e4tzte Lesezeit":"1\u00a0Minute"},"schema":{"@context":"https:\/\/schema.org","@graph":[{"@type":"Article","@id":"https:\/\/maristeurope.eu\/de\/maristen-tage-austausch-ueber-berufungen-in-franzoesischen-schulen\/#article","isPartOf":{"@id":"https:\/\/maristeurope.eu\/de\/maristen-tage-austausch-ueber-berufungen-in-franzoesischen-schulen\/"},"author":{"name":"Author","@id":"https:\/\/maristeurope.eu\/de\/#\/schema\/person\/f8e95da2dc077ecf7c73937cbebbd209"},"headline":"Maristen-Tage: Austausch \u00fcber Berufungen in franz\u00f6sischen Schulen","datePublished":"2026-04-29T10:17:43+00:00","dateModified":"2026-04-29T14:06:33+00:00","mainEntityOfPage":{"@id":"https:\/\/maristeurope.eu\/de\/maristen-tage-austausch-ueber-berufungen-in-franzoesischen-schulen\/"},"wordCount":157,"commentCount":0,"publisher":{"@id":"https:\/\/maristeurope.eu\/de\/#organization"},"image":{"@id":"https:\/\/maristeurope.eu\/de\/maristen-tage-austausch-ueber-berufungen-in-franzoesischen-schulen\/#primaryimage"},"thumbnailUrl":"https:\/\/maristeurope.eu\/wp-content\/uploads\/2026\/04\/PHOTO-2026-04-22-14-42-39.jpg","articleSection":["Nicht kategorisiert"],"inLanguage":"de","potentialAction":[{"@type":"CommentAction","name":"Comment","target":["https:\/\/maristeurope.eu\/de\/maristen-tage-austausch-ueber-berufungen-in-franzoesischen-schulen\/#respond"]}]},{"@type":"WebPage","@id":"https:\/\/maristeurope.eu\/de\/maristen-tage-austausch-ueber-berufungen-in-franzoesischen-schulen\/","url":"https:\/\/maristeurope.eu\/de\/maristen-tage-austausch-ueber-berufungen-in-franzoesischen-schulen\/","name":"Maristen-Tage: Austausch \u00fcber Berufungen in franz\u00f6sischen Schulen - Marist Europe","isPartOf":{"@id":"https:\/\/maristeurope.eu\/de\/#website"},"primaryImageOfPage":{"@id":"https:\/\/maristeurope.eu\/de\/maristen-tage-austausch-ueber-berufungen-in-franzoesischen-schulen\/#primaryimage"},"image":{"@id":"https:\/\/maristeurope.eu\/de\/maristen-tage-austausch-ueber-berufungen-in-franzoesischen-schulen\/#primaryimage"},"thumbnailUrl":"https:\/\/maristeurope.eu\/wp-content\/uploads\/2026\/04\/PHOTO-2026-04-22-14-42-39.jpg","datePublished":"2026-04-29T10:17:43+00:00","dateModified":"2026-04-29T14:06:33+00:00","breadcrumb":{"@id":"https:\/\/maristeurope.eu\/de\/maristen-tage-austausch-ueber-berufungen-in-franzoesischen-schulen\/#breadcrumb"},"inLanguage":"de","potentialAction":[{"@type":"ReadAction","target":["https:\/\/maristeurope.eu\/de\/maristen-tage-austausch-ueber-berufungen-in-franzoesischen-schulen\/"]}]},{"@type":"ImageObject","inLanguage":"de","@id":"https:\/\/maristeurope.eu\/de\/maristen-tage-austausch-ueber-berufungen-in-franzoesischen-schulen\/#primaryimage","url":"https:\/\/maristeurope.eu\/wp-content\/uploads\/2026\/04\/PHOTO-2026-04-22-14-42-39.jpg","contentUrl":"https:\/\/maristeurope.eu\/wp-content\/uploads\/2026\/04\/PHOTO-2026-04-22-14-42-39.jpg","width":1294,"height":825},{"@type":"BreadcrumbList","@id":"https:\/\/maristeurope.eu\/de\/maristen-tage-austausch-ueber-berufungen-in-franzoesischen-schulen\/#breadcrumb","itemListElement":[{"@type":"ListItem","position":1,"name":"Home","item":"https:\/\/maristeurope.eu\/de\/maristen\/"},{"@type":"ListItem","position":2,"name":"Maristen-Tage: Austausch \u00fcber Berufungen in franz\u00f6sischen Schulen"}]},{"@type":"WebSite","@id":"https:\/\/maristeurope.eu\/de\/#website","url":"https:\/\/maristeurope.eu\/de\/","name":"Marist Europe","description":"","publisher":{"@id":"https:\/\/maristeurope.eu\/de\/#organization"},"potentialAction":[{"@type":"SearchAction","target":{"@type":"EntryPoint","urlTemplate":"https:\/\/maristeurope.eu\/de\/?s={search_term_string}"},"query-input":{"@type":"PropertyValueSpecification","valueRequired":true,"valueName":"search_term_string"}}],"inLanguage":"de"},{"@type":"Organization","@id":"https:\/\/maristeurope.eu\/de\/#organization","name":"Marist Europe","url":"https:\/\/maristeurope.eu\/de\/","logo":{"@type":"ImageObject","inLanguage":"de","@id":"https:\/\/maristeurope.eu\/de\/#\/schema\/logo\/image\/","url":"https:\/\/maristeurope.eu\/wp-content\/uploads\/2024\/10\/EU-SM-Finalogo-02.png","contentUrl":"https:\/\/maristeurope.eu\/wp-content\/uploads\/2024\/10\/EU-SM-Finalogo-02.png","width":150,"height":156,"caption":"Marist Europe"},"image":{"@id":"https:\/\/maristeurope.eu\/de\/#\/schema\/logo\/image\/"}},{"@type":"Person","@id":"https:\/\/maristeurope.eu\/de\/#\/schema\/person\/f8e95da2dc077ecf7c73937cbebbd209","name":"Author","image":{"@type":"ImageObject","inLanguage":"de","@id":"https:\/\/secure.gravatar.com\/avatar\/6709da64a616dd172f3d90d48d6e09e07dca7fed6f6b3fcdd28c01a385bb51f1?s=96&d=mm&r=g","url":"https:\/\/secure.gravatar.com\/avatar\/6709da64a616dd172f3d90d48d6e09e07dca7fed6f6b3fcdd28c01a385bb51f1?s=96&d=mm&r=g","contentUrl":"https:\/\/secure.gravatar.com\/avatar\/6709da64a616dd172f3d90d48d6e09e07dca7fed6f6b3fcdd28c01a385bb51f1?s=96&d=mm&r=g","caption":"Author"},"url":"https:\/\/maristeurope.eu\/de\/author\/theo\/"}]}},"_links":{"self":[{"href":"https:\/\/maristeurope.eu\/de\/wp-json\/wp\/v2\/posts\/10618","targetHints":{"allow":["GET"]}}],"collection":[{"href":"https:\/\/maristeurope.eu\/de\/wp-json\/wp\/v2\/posts"}],"about":[{"href":"https:\/\/maristeurope.eu\/de\/wp-json\/wp\/v2\/types\/post"}],"author":[{"embeddable":true,"href":"https:\/\/maristeurope.eu\/de\/wp-json\/wp\/v2\/users\/7"}],"replies":[{"embeddable":true,"href":"https:\/\/maristeurope.eu\/de\/wp-json\/wp\/v2\/comments?post=10618"}],"version-history":[{"count":2,"href":"https:\/\/maristeurope.eu\/de\/wp-json\/wp\/v2\/posts\/10618\/revisions"}],"predecessor-version":[{"id":10634,"href":"https:\/\/maristeurope.eu\/de\/wp-json\/wp\/v2\/posts\/10618\/revisions\/10634"}],"wp:featuredmedia":[{"embeddable":true,"href":"https:\/\/maristeurope.eu\/de\/wp-json\/wp\/v2\/media\/10607"}],"wp:attachment":[{"href":"https:\/\/maristeurope.eu\/de\/wp-json\/wp\/v2\/media?parent=10618"}],"wp:term":[{"taxonomy":"category","embeddable":true,"href":"https:\/\/maristeurope.eu\/de\/wp-json\/wp\/v2\/categories?post=10618"},{"taxonomy":"post_tag","embeddable":true,"href":"https:\/\/maristeurope.eu\/de\/wp-json\/wp\/v2\/tags?post=10618"}],"curies":[{"name":"wp","href":"https:\/\/api.w.org\/{rel}","templated":true}]}}