{"id":10525,"date":"2026-04-09T07:04:00","date_gmt":"2026-04-09T05:04:00","guid":{"rendered":"https:\/\/maristeurope.eu\/?p=10525"},"modified":"2026-04-07T19:27:30","modified_gmt":"2026-04-07T17:27:30","slug":"32-jahre-maristenmission-auf-den-philippinen","status":"publish","type":"post","link":"https:\/\/maristeurope.eu\/de\/32-jahre-maristenmission-auf-den-philippinen\/","title":{"rendered":"32 Jahre Maristenmission auf den Philippinen"},"content":{"rendered":"\n<h2 class=\"wp-block-heading\"><em>Niemand ist so reich, dass er nicht geben kann - Niemand ist so arm, dass er nicht teilen kann<\/em><\/h2>\n\n<p><em><strong>Pater Paddy Muckian ist vor kurzem in seine Heimat Irland zur\u00fcckgekehrt. Er schreibt mit gro\u00dfem Eifer und Freude \u00fcber seine Jahre in der Mission:   <\/strong><\/em><\/p>\n\n<p>\u00dcber drei Jahrzehnte lang war die Maristenmission auf den Philippinen nicht nur mein Auftrag, sondern mein Leben. Dies sind einige der Erinnerungen, die ich mit nach Hause genommen habe. Was f\u00fcr ein aufregender Ort es war, mit Maristen aus vielen verschiedenen L\u00e4ndern zu arbeiten und zu dienen: Australien, den Philippinen, Neuseeland, Tonga, Fidschi, Gro\u00dfbritannien, den Vereinigten Staaten und Irland.    <\/p>\n\n<p>Die Aufgabe der Gesellschaft bestand darin, die Gesellschaft Mariens auf den Philippinen zu etablieren. Erst vor wenigen Jahren feierten die Philippinen das 500-j\u00e4hrige Jubil\u00e4um der Ankunft des Christentums unter spanischer Herrschaft. Die Maristenbr\u00fcder waren in den fr\u00fchen 1950er Jahren auf den Philippinen angekommen, sie nahmen uns auf und unterst\u00fctzten uns, als wir unser Leben auf Mindanao begannen. In der Gruppe herrschte ein gro\u00dfer Sinn f\u00fcr Mission und Aufregung.     <\/p>\n\n<p>Als ich dort ankam, gab es wahrscheinlich etwa zehn Mitbr\u00fcder. Wir waren alle Teil des Bezirksrats, und es herrschte das Gef\u00fchl, dass wir in Bewegung waren, neue Ideen erforschten und die Kirche in all ihren Aspekten annahmen. Die Ausbildung hatte bereits einige Jahre zuvor mit vielen Filipinos begonnen, die an unserem Ausbildungsprogramm in Cotabato City teilnahmen. Alle Mitbr\u00fcder waren an der Ausbildung beteiligt, sei es formell oder indem sie die Seminaristen begleiteten, wenn sie zur pastoralen Exposition kamen.     <\/p>\n\n<p>Mein erster Einsatz nach Abschluss eines einj\u00e4hrigen Sprach- und Kulturstudiums war im Goldgr\u00e4bergebiet von Diwalwal, Davao Del Norte. Ich kam dort zu Beginn der Misa de Gallo an, der zehnt\u00e4gigen Novene, zu der die Filipinos jeden 16. Dezember zu Tausenden str\u00f6men. Um 3 Uhr morgens begleitete ich den Mesner und kletterte mit einer Taschenlampe in der Hand \u00fcber das unwegsame Gel\u00e4nde. Es kam mir so seltsam vor, dass ich dachte: Was mache ich hier eigentlich? Doch als wir uns der Kapelle n\u00e4herten, h\u00f6rten wir den Chor Weihnachtslieder \u00fcben, und alle Angst und Beklemmung schienen zu verschwinden, und ich blickte nicht mehr zur\u00fcck.    <\/p>\n\n<p>Maristen zogen \u00fcber die Bergh\u00e4nge, um in f\u00fcnf Kapellen die Bergbaugemeinde zu betreuen. In der Regel arbeiteten wir in Gebieten, die der \u00f6rtliche Bischof nur schwer besetzen konnte. Dies waren in der Regel die Berge, die Bauern, die Stammesangeh\u00f6rigen und auch die politisch aufgeladene Region Cotabato.    <\/p>\n\n<p>In Davao lebten wir drei Jahre lang in einem Hausbesetzergebiet und nahmen am Leben der Armen teil. Es war ein in Davao sehr bekanntes Gebiet, in dem w\u00e4hrend der Marcos-\u00c4ra Leichen geborgen und ins Meer geworfen wurden. Die Menschen lebten in beengten Verh\u00e4ltnissen. Unser Haus war auf Stelzen im Meer gebaut, wo die Gezeiten unter uns ein und aus gingen. Wir gingen auf die Menschen zu und k\u00fcmmerten uns um ihre Bed\u00fcrfnisse.      <\/p>\n\n<p>Eines Nachmittags waren meine Mitbr\u00fcder nicht da, und bevor ich zu einem Besuch in der Gemeinde aufbrach, versteckte ich unser Monatsbudget unter der Matte auf meinem Bett. Als ich sp\u00e4ter nach Hause kam, sch\u00fcttelte ich die M\u00fccken von der Matte aus dem Fenster, bevor ich ins Bett ging. Am n\u00e4chsten Morgen wurde ich von den aufgeregten Stimmen der Nachbarn geweckt, als das Meer hereinkam. Sie sammelten Peso-Noten ein, die in der Nacht zuvor aus dem Fenster geworfen worden waren. Die Leute waren so gl\u00fccklich, dass niemand fragte, woher sie kamen. Ein paar Wochen sp\u00e4ter besuchte uns der \u00f6rtliche Erzbischof und ich erz\u00e4hlte ihm die Geschichte. Er lachte und sagte, es sei gut f\u00fcr die Menschen, wenigstens einmal im Leben im Lotto zu gewinnen!      <\/p>\n\n<p>Maristen arbeiten auch in den Gef\u00e4ngnissen. Laienmaristen arbeiten mit Ordensleuten zusammen, wir lernen die Gefangenen und ihre Familien kennen. Es gab Familientage, Bibelstudium, Glaubensaustausch, das 3-Uhr-Gebet, den Rosenkranz in den Zellen bei Nacht. Jeden Sonntagmorgen wurde die Messe gefeiert, und die GKKs aus unserer Pfarrei wechselten sich mit den H\u00e4ftlingen ab. Jeden Samstagmorgen gab es eine Chorprobe und Glaubensgespr\u00e4che. Ein Fremder, der die Gruppe betrat, w\u00e4re \u00fcberrascht gewesen, dass der Austausch wie bei jeder anderen Glaubensgemeinschaft war.     <\/p>\n\n<p>Im November letzten Jahres haben wir eine Hochzeitsfeier f\u00fcr acht Paare im BJMP-Gef\u00e4ngnis (750 Insassen) veranstaltet. Es war ein bedeutsames Ereignis, auf das sich die Insassen seit Wochen vorbereitet hatten. Die \"Paare f\u00fcr Christus\" und die Katecheten der Gemeinde bereiteten die Paare vor. Kleider, Hemden, Blumen, Essen und Getr\u00e4nke wurden von gro\u00dfz\u00fcgigen Spendern von au\u00dferhalb gesponsert. Das ganze Gef\u00e4ngnis stand f\u00fcr einige Stunden still und genoss die Feier, und die Paare brachten anschlie\u00dfend ihre Freude zum Ausdruck.      <\/p>\n\n<p>Schlie\u00dflich haben Maristen in den letzten zehn Jahren in einer l\u00e4ndlichen Stadtgemeinde in Digos City gearbeitet. Sie besteht aus 24 GKK (kleinen christlichen Gemeinschaften). Jede Kapelle besteht aus etwa 80 Mitgliedern. Sie haben ihren eigenen Kapellenvorsitzenden und unterst\u00fctzende Beamte. Jede GKK ist mit der Pfarrei und der Di\u00f6zese verbunden. Wir bem\u00fchen uns bewusst um die Erneuerung der Gruppen durch pastorale Seminare und geistliche Erneuerung. Wir sind auch dabei, eine Pfarrkirche zu bauen, die hoffentlich in den n\u00e4chsten Jahren fertiggestellt wird.        <\/p>\n\n<p>Zusammenfassend l\u00e4sst sich sagen, dass zehn Millionen Filipinos in der ganzen Welt arbeiten. Die Bischofskonferenz der Philippinen sieht sie als <em><strong>Neue asiatische Missionare<\/strong><\/em> und viele von ihnen m\u00f6chten eine solche Rolle spielen. Was f\u00fcr ein Geschenk sie sind!  <\/p>\n\n<p><\/p>\n\n<figure class=\"wp-block-gallery has-nested-images columns-default is-cropped wp-block-gallery-1 is-layout-flex wp-block-gallery-is-layout-flex\">\n<figure class=\"wp-block-image size-large\"><img loading=\"lazy\" decoding=\"async\" width=\"1024\" height=\"768\" data-id=\"10515\" src=\"https:\/\/maristeurope.eu\/wp-content\/uploads\/2026\/04\/IMG-20260225-WA0003-1024x768.jpg\" alt=\"\" class=\"wp-image-10515\" srcset=\"https:\/\/maristeurope.eu\/wp-content\/uploads\/2026\/04\/IMG-20260225-WA0003-1024x768.jpg 1024w, https:\/\/maristeurope.eu\/wp-content\/uploads\/2026\/04\/IMG-20260225-WA0003-980x735.jpg 980w, https:\/\/maristeurope.eu\/wp-content\/uploads\/2026\/04\/IMG-20260225-WA0003-480x360.jpg 480w\" sizes=\"(min-width: 0px) and (max-width: 480px) 480px, (min-width: 481px) and (max-width: 980px) 980px, (min-width: 981px) 1024px, 100vw\" \/><\/figure>\n\n\n\n<figure class=\"wp-block-image size-large\"><img loading=\"lazy\" decoding=\"async\" width=\"766\" height=\"1024\" data-id=\"10508\" src=\"https:\/\/maristeurope.eu\/wp-content\/uploads\/2026\/04\/IMG-20260225-WA0000-766x1024.jpg\" alt=\"\" class=\"wp-image-10508\" srcset=\"https:\/\/maristeurope.eu\/wp-content\/uploads\/2026\/04\/IMG-20260225-WA0000-766x1024.jpg 766w, https:\/\/maristeurope.eu\/wp-content\/uploads\/2026\/04\/IMG-20260225-WA0000-480x641.jpg 480w\" sizes=\"(min-width: 0px) and (max-width: 480px) 480px, (min-width: 481px) 766px, 100vw\" \/><\/figure>\n<\/figure>\n","protected":false},"excerpt":{"rendered":"<p>Pater Paddy Muckian ist vor kurzem in seine Heimat Irland zur\u00fcckgekehrt. Mit gro\u00dfem Eifer und Freude schreibt er \u00fcber seine Jahre in der Mission&#8230; <\/p>\n","protected":false},"author":3,"featured_media":10504,"comment_status":"closed","ping_status":"closed","sticky":false,"template":"","format":"standard","meta":{"footnotes":""},"categories":[51],"tags":[],"class_list":["post-10525","post","type-post","status-publish","format-standard","has-post-thumbnail","hentry","category-nicht-kategorisiert"],"yoast_head":"<!-- This site is optimized with the Yoast SEO plugin v27.5 - https:\/\/yoast.com\/product\/yoast-seo-wordpress\/ -->\n<title>32 Jahre Maristenmission auf den Philippinen - Marist Europe<\/title>\n<meta name=\"robots\" content=\"index, follow, max-snippet:-1, max-image-preview:large, max-video-preview:-1\" \/>\n<link rel=\"canonical\" href=\"https:\/\/maristeurope.eu\/de\/32-jahre-maristenmission-auf-den-philippinen\/\" \/>\n<meta property=\"og:locale\" content=\"de_DE\" \/>\n<meta property=\"og:type\" content=\"article\" \/>\n<meta property=\"og:title\" content=\"32 Jahre Maristenmission auf den Philippinen - Marist Europe\" \/>\n<meta property=\"og:description\" content=\"Pater Paddy Muckian ist vor kurzem in seine Heimat Irland zur\u00fcckgekehrt. Mit gro\u00dfem Eifer und Freude schreibt er \u00fcber seine Jahre in der Mission...\" \/>\n<meta property=\"og:url\" content=\"https:\/\/maristeurope.eu\/de\/32-jahre-maristenmission-auf-den-philippinen\/\" \/>\n<meta property=\"og:site_name\" content=\"Marist Europe\" \/>\n<meta property=\"article:published_time\" content=\"2026-04-09T05:04:00+00:00\" \/>\n<meta property=\"og:image\" content=\"https:\/\/maristeurope.eu\/wp-content\/uploads\/2026\/04\/IMG-20260225-WA0006-e1775511047653.jpg\" \/>\n\t<meta property=\"og:image:width\" content=\"1280\" \/>\n\t<meta property=\"og:image:height\" content=\"764\" \/>\n\t<meta property=\"og:image:type\" content=\"image\/jpeg\" \/>\n<meta name=\"author\" content=\"Anne Marie Salgo\" \/>\n<meta name=\"twitter:card\" content=\"summary_large_image\" \/>\n<meta name=\"twitter:label1\" content=\"Verfasst von\" \/>\n\t<meta name=\"twitter:data1\" content=\"Anne Marie Salgo\" \/>\n\t<meta name=\"twitter:label2\" content=\"Gesch\u00e4tzte Lesezeit\" \/>\n\t<meta name=\"twitter:data2\" content=\"5\u00a0Minute\" \/>\n<script type=\"application\/ld+json\" class=\"yoast-schema-graph\">{\"@context\":\"https:\\\/\\\/schema.org\",\"@graph\":[{\"@type\":\"Article\",\"@id\":\"https:\\\/\\\/maristeurope.eu\\\/de\\\/32-jahre-maristenmission-auf-den-philippinen\\\/#article\",\"isPartOf\":{\"@id\":\"https:\\\/\\\/maristeurope.eu\\\/de\\\/32-jahre-maristenmission-auf-den-philippinen\\\/\"},\"author\":{\"name\":\"Anne Marie Salgo\",\"@id\":\"https:\\\/\\\/maristeurope.eu\\\/de\\\/#\\\/schema\\\/person\\\/52ef67935880edd2768565651118bee9\"},\"headline\":\"32 Jahre Maristenmission auf den Philippinen\",\"datePublished\":\"2026-04-09T05:04:00+00:00\",\"mainEntityOfPage\":{\"@id\":\"https:\\\/\\\/maristeurope.eu\\\/de\\\/32-jahre-maristenmission-auf-den-philippinen\\\/\"},\"wordCount\":926,\"publisher\":{\"@id\":\"https:\\\/\\\/maristeurope.eu\\\/de\\\/#organization\"},\"image\":{\"@id\":\"https:\\\/\\\/maristeurope.eu\\\/de\\\/32-jahre-maristenmission-auf-den-philippinen\\\/#primaryimage\"},\"thumbnailUrl\":\"https:\\\/\\\/maristeurope.eu\\\/wp-content\\\/uploads\\\/2026\\\/04\\\/IMG-20260225-WA0006-e1775511047653.jpg\",\"articleSection\":[\"Nicht kategorisiert\"],\"inLanguage\":\"de\"},{\"@type\":\"WebPage\",\"@id\":\"https:\\\/\\\/maristeurope.eu\\\/de\\\/32-jahre-maristenmission-auf-den-philippinen\\\/\",\"url\":\"https:\\\/\\\/maristeurope.eu\\\/de\\\/32-jahre-maristenmission-auf-den-philippinen\\\/\",\"name\":\"32 Jahre Maristenmission auf den Philippinen - Marist Europe\",\"isPartOf\":{\"@id\":\"https:\\\/\\\/maristeurope.eu\\\/de\\\/#website\"},\"primaryImageOfPage\":{\"@id\":\"https:\\\/\\\/maristeurope.eu\\\/de\\\/32-jahre-maristenmission-auf-den-philippinen\\\/#primaryimage\"},\"image\":{\"@id\":\"https:\\\/\\\/maristeurope.eu\\\/de\\\/32-jahre-maristenmission-auf-den-philippinen\\\/#primaryimage\"},\"thumbnailUrl\":\"https:\\\/\\\/maristeurope.eu\\\/wp-content\\\/uploads\\\/2026\\\/04\\\/IMG-20260225-WA0006-e1775511047653.jpg\",\"datePublished\":\"2026-04-09T05:04:00+00:00\",\"breadcrumb\":{\"@id\":\"https:\\\/\\\/maristeurope.eu\\\/de\\\/32-jahre-maristenmission-auf-den-philippinen\\\/#breadcrumb\"},\"inLanguage\":\"de\",\"potentialAction\":[{\"@type\":\"ReadAction\",\"target\":[\"https:\\\/\\\/maristeurope.eu\\\/de\\\/32-jahre-maristenmission-auf-den-philippinen\\\/\"]}]},{\"@type\":\"ImageObject\",\"inLanguage\":\"de\",\"@id\":\"https:\\\/\\\/maristeurope.eu\\\/de\\\/32-jahre-maristenmission-auf-den-philippinen\\\/#primaryimage\",\"url\":\"https:\\\/\\\/maristeurope.eu\\\/wp-content\\\/uploads\\\/2026\\\/04\\\/IMG-20260225-WA0006-e1775511047653.jpg\",\"contentUrl\":\"https:\\\/\\\/maristeurope.eu\\\/wp-content\\\/uploads\\\/2026\\\/04\\\/IMG-20260225-WA0006-e1775511047653.jpg\",\"width\":1280,\"height\":764},{\"@type\":\"BreadcrumbList\",\"@id\":\"https:\\\/\\\/maristeurope.eu\\\/de\\\/32-jahre-maristenmission-auf-den-philippinen\\\/#breadcrumb\",\"itemListElement\":[{\"@type\":\"ListItem\",\"position\":1,\"name\":\"Home\",\"item\":\"https:\\\/\\\/maristeurope.eu\\\/de\\\/maristen\\\/\"},{\"@type\":\"ListItem\",\"position\":2,\"name\":\"32 Jahre Maristenmission auf den Philippinen\"}]},{\"@type\":\"WebSite\",\"@id\":\"https:\\\/\\\/maristeurope.eu\\\/de\\\/#website\",\"url\":\"https:\\\/\\\/maristeurope.eu\\\/de\\\/\",\"name\":\"Marist Europe\",\"description\":\"\",\"publisher\":{\"@id\":\"https:\\\/\\\/maristeurope.eu\\\/de\\\/#organization\"},\"potentialAction\":[{\"@type\":\"SearchAction\",\"target\":{\"@type\":\"EntryPoint\",\"urlTemplate\":\"https:\\\/\\\/maristeurope.eu\\\/de\\\/?s={search_term_string}\"},\"query-input\":{\"@type\":\"PropertyValueSpecification\",\"valueRequired\":true,\"valueName\":\"search_term_string\"}}],\"inLanguage\":\"de\"},{\"@type\":\"Organization\",\"@id\":\"https:\\\/\\\/maristeurope.eu\\\/de\\\/#organization\",\"name\":\"Marist Europe\",\"url\":\"https:\\\/\\\/maristeurope.eu\\\/de\\\/\",\"logo\":{\"@type\":\"ImageObject\",\"inLanguage\":\"de\",\"@id\":\"https:\\\/\\\/maristeurope.eu\\\/de\\\/#\\\/schema\\\/logo\\\/image\\\/\",\"url\":\"https:\\\/\\\/maristeurope.eu\\\/wp-content\\\/uploads\\\/2024\\\/10\\\/EU-SM-Finalogo-02.png\",\"contentUrl\":\"https:\\\/\\\/maristeurope.eu\\\/wp-content\\\/uploads\\\/2024\\\/10\\\/EU-SM-Finalogo-02.png\",\"width\":150,\"height\":156,\"caption\":\"Marist Europe\"},\"image\":{\"@id\":\"https:\\\/\\\/maristeurope.eu\\\/de\\\/#\\\/schema\\\/logo\\\/image\\\/\"}},{\"@type\":\"Person\",\"@id\":\"https:\\\/\\\/maristeurope.eu\\\/de\\\/#\\\/schema\\\/person\\\/52ef67935880edd2768565651118bee9\",\"name\":\"Anne Marie Salgo\",\"image\":{\"@type\":\"ImageObject\",\"inLanguage\":\"de\",\"@id\":\"https:\\\/\\\/secure.gravatar.com\\\/avatar\\\/63bc5f7f74a90bb8d99eaaf8206d8217d780934d9a9659350347a36f2698fe6b?s=96&d=mm&r=g\",\"url\":\"https:\\\/\\\/secure.gravatar.com\\\/avatar\\\/63bc5f7f74a90bb8d99eaaf8206d8217d780934d9a9659350347a36f2698fe6b?s=96&d=mm&r=g\",\"contentUrl\":\"https:\\\/\\\/secure.gravatar.com\\\/avatar\\\/63bc5f7f74a90bb8d99eaaf8206d8217d780934d9a9659350347a36f2698fe6b?s=96&d=mm&r=g\",\"caption\":\"Anne Marie Salgo\"},\"url\":\"https:\\\/\\\/maristeurope.eu\\\/de\\\/author\\\/anne\\\/\"}]}<\/script>\n<!-- \/ Yoast SEO plugin. -->","yoast_head_json":{"title":"32 Jahre Maristenmission auf den Philippinen - Marist Europe","robots":{"index":"index","follow":"follow","max-snippet":"max-snippet:-1","max-image-preview":"max-image-preview:large","max-video-preview":"max-video-preview:-1"},"canonical":"https:\/\/maristeurope.eu\/de\/32-jahre-maristenmission-auf-den-philippinen\/","og_locale":"de_DE","og_type":"article","og_title":"32 Jahre Maristenmission auf den Philippinen - Marist Europe","og_description":"Pater Paddy Muckian ist vor kurzem in seine Heimat Irland zur\u00fcckgekehrt. Mit gro\u00dfem Eifer und Freude schreibt er \u00fcber seine Jahre in der Mission...","og_url":"https:\/\/maristeurope.eu\/de\/32-jahre-maristenmission-auf-den-philippinen\/","og_site_name":"Marist Europe","article_published_time":"2026-04-09T05:04:00+00:00","og_image":[{"width":1280,"height":764,"url":"https:\/\/maristeurope.eu\/wp-content\/uploads\/2026\/04\/IMG-20260225-WA0006-e1775511047653.jpg","type":"image\/jpeg"}],"author":"Anne Marie Salgo","twitter_card":"summary_large_image","twitter_misc":{"Verfasst von":"Anne Marie Salgo","Gesch\u00e4tzte Lesezeit":"5\u00a0Minute"},"schema":{"@context":"https:\/\/schema.org","@graph":[{"@type":"Article","@id":"https:\/\/maristeurope.eu\/de\/32-jahre-maristenmission-auf-den-philippinen\/#article","isPartOf":{"@id":"https:\/\/maristeurope.eu\/de\/32-jahre-maristenmission-auf-den-philippinen\/"},"author":{"name":"Anne Marie Salgo","@id":"https:\/\/maristeurope.eu\/de\/#\/schema\/person\/52ef67935880edd2768565651118bee9"},"headline":"32 Jahre Maristenmission auf den Philippinen","datePublished":"2026-04-09T05:04:00+00:00","mainEntityOfPage":{"@id":"https:\/\/maristeurope.eu\/de\/32-jahre-maristenmission-auf-den-philippinen\/"},"wordCount":926,"publisher":{"@id":"https:\/\/maristeurope.eu\/de\/#organization"},"image":{"@id":"https:\/\/maristeurope.eu\/de\/32-jahre-maristenmission-auf-den-philippinen\/#primaryimage"},"thumbnailUrl":"https:\/\/maristeurope.eu\/wp-content\/uploads\/2026\/04\/IMG-20260225-WA0006-e1775511047653.jpg","articleSection":["Nicht kategorisiert"],"inLanguage":"de"},{"@type":"WebPage","@id":"https:\/\/maristeurope.eu\/de\/32-jahre-maristenmission-auf-den-philippinen\/","url":"https:\/\/maristeurope.eu\/de\/32-jahre-maristenmission-auf-den-philippinen\/","name":"32 Jahre Maristenmission auf den Philippinen - Marist Europe","isPartOf":{"@id":"https:\/\/maristeurope.eu\/de\/#website"},"primaryImageOfPage":{"@id":"https:\/\/maristeurope.eu\/de\/32-jahre-maristenmission-auf-den-philippinen\/#primaryimage"},"image":{"@id":"https:\/\/maristeurope.eu\/de\/32-jahre-maristenmission-auf-den-philippinen\/#primaryimage"},"thumbnailUrl":"https:\/\/maristeurope.eu\/wp-content\/uploads\/2026\/04\/IMG-20260225-WA0006-e1775511047653.jpg","datePublished":"2026-04-09T05:04:00+00:00","breadcrumb":{"@id":"https:\/\/maristeurope.eu\/de\/32-jahre-maristenmission-auf-den-philippinen\/#breadcrumb"},"inLanguage":"de","potentialAction":[{"@type":"ReadAction","target":["https:\/\/maristeurope.eu\/de\/32-jahre-maristenmission-auf-den-philippinen\/"]}]},{"@type":"ImageObject","inLanguage":"de","@id":"https:\/\/maristeurope.eu\/de\/32-jahre-maristenmission-auf-den-philippinen\/#primaryimage","url":"https:\/\/maristeurope.eu\/wp-content\/uploads\/2026\/04\/IMG-20260225-WA0006-e1775511047653.jpg","contentUrl":"https:\/\/maristeurope.eu\/wp-content\/uploads\/2026\/04\/IMG-20260225-WA0006-e1775511047653.jpg","width":1280,"height":764},{"@type":"BreadcrumbList","@id":"https:\/\/maristeurope.eu\/de\/32-jahre-maristenmission-auf-den-philippinen\/#breadcrumb","itemListElement":[{"@type":"ListItem","position":1,"name":"Home","item":"https:\/\/maristeurope.eu\/de\/maristen\/"},{"@type":"ListItem","position":2,"name":"32 Jahre Maristenmission auf den Philippinen"}]},{"@type":"WebSite","@id":"https:\/\/maristeurope.eu\/de\/#website","url":"https:\/\/maristeurope.eu\/de\/","name":"Marist Europe","description":"","publisher":{"@id":"https:\/\/maristeurope.eu\/de\/#organization"},"potentialAction":[{"@type":"SearchAction","target":{"@type":"EntryPoint","urlTemplate":"https:\/\/maristeurope.eu\/de\/?s={search_term_string}"},"query-input":{"@type":"PropertyValueSpecification","valueRequired":true,"valueName":"search_term_string"}}],"inLanguage":"de"},{"@type":"Organization","@id":"https:\/\/maristeurope.eu\/de\/#organization","name":"Marist Europe","url":"https:\/\/maristeurope.eu\/de\/","logo":{"@type":"ImageObject","inLanguage":"de","@id":"https:\/\/maristeurope.eu\/de\/#\/schema\/logo\/image\/","url":"https:\/\/maristeurope.eu\/wp-content\/uploads\/2024\/10\/EU-SM-Finalogo-02.png","contentUrl":"https:\/\/maristeurope.eu\/wp-content\/uploads\/2024\/10\/EU-SM-Finalogo-02.png","width":150,"height":156,"caption":"Marist Europe"},"image":{"@id":"https:\/\/maristeurope.eu\/de\/#\/schema\/logo\/image\/"}},{"@type":"Person","@id":"https:\/\/maristeurope.eu\/de\/#\/schema\/person\/52ef67935880edd2768565651118bee9","name":"Anne Marie Salgo","image":{"@type":"ImageObject","inLanguage":"de","@id":"https:\/\/secure.gravatar.com\/avatar\/63bc5f7f74a90bb8d99eaaf8206d8217d780934d9a9659350347a36f2698fe6b?s=96&d=mm&r=g","url":"https:\/\/secure.gravatar.com\/avatar\/63bc5f7f74a90bb8d99eaaf8206d8217d780934d9a9659350347a36f2698fe6b?s=96&d=mm&r=g","contentUrl":"https:\/\/secure.gravatar.com\/avatar\/63bc5f7f74a90bb8d99eaaf8206d8217d780934d9a9659350347a36f2698fe6b?s=96&d=mm&r=g","caption":"Anne Marie Salgo"},"url":"https:\/\/maristeurope.eu\/de\/author\/anne\/"}]}},"_links":{"self":[{"href":"https:\/\/maristeurope.eu\/de\/wp-json\/wp\/v2\/posts\/10525","targetHints":{"allow":["GET"]}}],"collection":[{"href":"https:\/\/maristeurope.eu\/de\/wp-json\/wp\/v2\/posts"}],"about":[{"href":"https:\/\/maristeurope.eu\/de\/wp-json\/wp\/v2\/types\/post"}],"author":[{"embeddable":true,"href":"https:\/\/maristeurope.eu\/de\/wp-json\/wp\/v2\/users\/3"}],"replies":[{"embeddable":true,"href":"https:\/\/maristeurope.eu\/de\/wp-json\/wp\/v2\/comments?post=10525"}],"version-history":[{"count":1,"href":"https:\/\/maristeurope.eu\/de\/wp-json\/wp\/v2\/posts\/10525\/revisions"}],"predecessor-version":[{"id":10526,"href":"https:\/\/maristeurope.eu\/de\/wp-json\/wp\/v2\/posts\/10525\/revisions\/10526"}],"wp:featuredmedia":[{"embeddable":true,"href":"https:\/\/maristeurope.eu\/de\/wp-json\/wp\/v2\/media\/10504"}],"wp:attachment":[{"href":"https:\/\/maristeurope.eu\/de\/wp-json\/wp\/v2\/media?parent=10525"}],"wp:term":[{"taxonomy":"category","embeddable":true,"href":"https:\/\/maristeurope.eu\/de\/wp-json\/wp\/v2\/categories?post=10525"},{"taxonomy":"post_tag","embeddable":true,"href":"https:\/\/maristeurope.eu\/de\/wp-json\/wp\/v2\/tags?post=10525"}],"curies":[{"name":"wp","href":"https:\/\/api.w.org\/{rel}","templated":true}]}}