{"id":10001,"date":"2026-03-13T17:13:37","date_gmt":"2026-03-13T16:13:37","guid":{"rendered":"https:\/\/maristeurope.eu\/la-neyliere-war-gastgeber-eines-literaturpreises\/"},"modified":"2026-03-13T17:23:08","modified_gmt":"2026-03-13T16:23:08","slug":"la-neyliere-war-gastgeber-eines-literaturpreises","status":"publish","type":"post","link":"https:\/\/maristeurope.eu\/de\/la-neyliere-war-gastgeber-eines-literaturpreises\/","title":{"rendered":"La Neyli\u00e8re war Gastgeber eines Literaturpreises"},"content":{"rendered":"\n<p>Jean-Marie Bloqueau schreibt:  <\/p>\n\n<p>Alle zwei Jahre organisiert das Mediathekennetzwerk Com'MonLy der Gemeinde Monts du Lyonnais einen Literaturpreis zu einem Thema, das sich auf einen Kontinent oder ein Land bezieht. Bei der f\u00fcnften Ausgabe des Preises ging es um Ozeanien. Ambroisine, die Koordinatorin des Netzwerks und des Preises, wandte sich an La Neyli\u00e8re, das ein bemerkenswertes Museum \u00fcber Ozeanien besitzt, das \u00fcber die Region Lyon hinaus bekannt ist. Die Ehrenamtlichen, die das Museum leiten, haben sich sofort f\u00fcr das Projekt interessiert und in es investiert. Am Freitag, den 27. Februar, von 18 bis 22 Uhr, empfing La Neyli\u00e8re zwischen 150 und 200 Personen aus der ganzen Region, um die Ergebnisse des Preises zu h\u00f6ren.    <\/p>\n\n<p>Bei dieser Gelegenheit haben Freiwillige des Com'MonLy-Netzwerks und von La Neyli\u00e8re ihren Enthusiasmus geb\u00fcndelt, um den zahlreichen Besuchern verschiedene Workshops anzubieten. Darunter waren: M\u0101ori-Musik und -Lieder von Kindern und Erwachsenen aus den drei Musikschulen in der gro\u00dfen Kapelle, ozeanische Tattoo-Workshops, Herstellung ozeanischer Str\u00e4u\u00dfe und Z\u00f6pfe, Museumsf\u00fchrungen und Schatzsuchen, Entdeckung Ozeaniens durch verschiedene kreative Spiele und Geschichten, eine Ausstellung von Tapas, die von Museumsf\u00fchrern pr\u00e4sentiert wurden, haitianische T\u00e4nze und mehr. Es war ein neues Publikum, das unseren Ort kennenlernte. Die meisten von ihnen waren zum ersten Mal hier, und sie waren viel j\u00fcnger als die Menschen, die wir normalerweise empfangen.   <\/p>\n\n<p>Es war eine erfreuliche und fruchtbare Zusammenarbeit zwischen dem Freiwilligennetz von Neyli\u00e8re (Les Amis de la Neyli\u00e8re, die Animationsgruppe des Museums Ozeanien, Neyli\u00e8re-Avenir, die Maristengemeinschaft) und dem Netz von Freiwilligen und Fachleuten der Stadtverwaltung (Bibliotheken und Musikschulen). Wir haben uns bei der Vorbereitung dieses literarischen Ereignisses kennengelernt und die Zusammenarbeit hat uns allen Spa\u00df gemacht. Der Preis ging \u00fcbrigens an das Buch \"Das wei\u00dfe M\u00e4dchen\" von Tony Birch, einem sehr beliebten australischen Autor, der von den Aborigines abstammt.  <\/p>\n\n<p>Ich dachte an die maristische Mission, die La Neyli\u00e8re anvertraut wurde: \"<em>Die Daseinsberechtigung von La Neyli\u00e8re besteht darin, erstens den Zugang zum maristischen Erbe in einer lebendigen Gemeinschaft und Tradition zu erleichtern, zweitens M\u00f6glichkeiten der Begegnung, der Ausbildung und der Spiritualit\u00e4t zu bieten und drittens der \u00f6rtlichen Gemeinschaft in angemessener Weise zu dienen.\"<\/em> Das Treffen am 27. Februar hat diese drei Ziele erf\u00fcllt. F\u00fcr die Maristen von La Neyli\u00e8re, sowohl Laien als auch Ordensleute, war es eine Gelegenheit, ihren Horizont zu erweitern. Wir hoffen, dass es sich als vielversprechend f\u00fcr die lokale Vernetzung erweisen wird. Beim Abschied sagten viele<em>: \"Wir werden nach La Neyli\u00e8re zur\u00fcckkehren! Wir werden wieder zusammenarbeiten.\"<\/em>   <\/p>\n\n<figure class=\"wp-block-image size-large\"><img loading=\"lazy\" decoding=\"async\" width=\"1024\" height=\"683\" src=\"https:\/\/maristeurope.eu\/wp-content\/uploads\/2026\/03\/Photo-2-1024x683.jpg\" alt=\"\" class=\"wp-image-9984\" srcset=\"https:\/\/maristeurope.eu\/wp-content\/uploads\/2026\/03\/Photo-2-980x653.jpg 980w, https:\/\/maristeurope.eu\/wp-content\/uploads\/2026\/03\/Photo-2-480x320.jpg 480w\" sizes=\"(min-width: 0px) and (max-width: 480px) 480px, (min-width: 481px) and (max-width: 980px) 980px, (min-width: 981px) 1024px, 100vw\" \/><\/figure>\n","protected":false},"excerpt":{"rendered":"<p>Alle zwei Jahre organisiert das Mediathekennetzwerk Com&#8217;MonLy der Gemeinde Monts du Lyonnais einen Literaturpreis zu einem Thema, das sich auf einen Kontinent oder ein Land bezieht. Bei der f\u00fcnften Ausgabe des Preises ging es um Ozeanien. <\/p>\n","protected":false},"author":3,"featured_media":9980,"comment_status":"closed","ping_status":"open","sticky":false,"template":"","format":"standard","meta":{"footnotes":""},"categories":[51],"tags":[],"class_list":["post-10001","post","type-post","status-publish","format-standard","has-post-thumbnail","hentry","category-nicht-kategorisiert"],"yoast_head":"<!-- This site is optimized with the Yoast SEO plugin v27.5 - https:\/\/yoast.com\/product\/yoast-seo-wordpress\/ -->\n<title>La Neyli\u00e8re war Gastgeber eines Literaturpreises - Marist Europe<\/title>\n<meta name=\"robots\" content=\"index, follow, max-snippet:-1, max-image-preview:large, max-video-preview:-1\" \/>\n<link rel=\"canonical\" href=\"https:\/\/maristeurope.eu\/de\/la-neyliere-war-gastgeber-eines-literaturpreises\/\" \/>\n<meta property=\"og:locale\" content=\"de_DE\" \/>\n<meta property=\"og:type\" content=\"article\" \/>\n<meta property=\"og:title\" content=\"La Neyli\u00e8re war Gastgeber eines Literaturpreises - Marist Europe\" \/>\n<meta property=\"og:description\" content=\"Alle zwei Jahre organisiert das Mediathekennetzwerk Com&#039;MonLy der Gemeinde Monts du Lyonnais einen Literaturpreis zu einem Thema, das sich auf einen Kontinent oder ein Land bezieht. Bei der f\u00fcnften Ausgabe des Preises ging es um Ozeanien.\" \/>\n<meta property=\"og:url\" content=\"https:\/\/maristeurope.eu\/de\/la-neyliere-war-gastgeber-eines-literaturpreises\/\" \/>\n<meta property=\"og:site_name\" content=\"Marist Europe\" \/>\n<meta property=\"article:published_time\" content=\"2026-03-13T16:13:37+00:00\" \/>\n<meta property=\"article:modified_time\" content=\"2026-03-13T16:23:08+00:00\" \/>\n<meta property=\"og:image\" content=\"https:\/\/maristeurope.eu\/wp-content\/uploads\/2026\/03\/Photo-1-scaled.jpg\" \/>\n\t<meta property=\"og:image:width\" content=\"2560\" \/>\n\t<meta property=\"og:image:height\" content=\"1920\" \/>\n\t<meta property=\"og:image:type\" content=\"image\/jpeg\" \/>\n<meta name=\"author\" content=\"Anne Marie Salgo\" \/>\n<meta name=\"twitter:card\" content=\"summary_large_image\" \/>\n<meta name=\"twitter:label1\" content=\"Verfasst von\" \/>\n\t<meta name=\"twitter:data1\" content=\"Anne Marie Salgo\" \/>\n\t<meta name=\"twitter:label2\" content=\"Gesch\u00e4tzte Lesezeit\" \/>\n\t<meta name=\"twitter:data2\" content=\"2\u00a0Minute\" \/>\n<script type=\"application\/ld+json\" class=\"yoast-schema-graph\">{\"@context\":\"https:\\\/\\\/schema.org\",\"@graph\":[{\"@type\":\"Article\",\"@id\":\"https:\\\/\\\/maristeurope.eu\\\/de\\\/la-neyliere-war-gastgeber-eines-literaturpreises\\\/#article\",\"isPartOf\":{\"@id\":\"https:\\\/\\\/maristeurope.eu\\\/de\\\/la-neyliere-war-gastgeber-eines-literaturpreises\\\/\"},\"author\":{\"name\":\"Anne Marie Salgo\",\"@id\":\"https:\\\/\\\/maristeurope.eu\\\/de\\\/#\\\/schema\\\/person\\\/52ef67935880edd2768565651118bee9\"},\"headline\":\"La Neyli\u00e8re war Gastgeber eines Literaturpreises\",\"datePublished\":\"2026-03-13T16:13:37+00:00\",\"dateModified\":\"2026-03-13T16:23:08+00:00\",\"mainEntityOfPage\":{\"@id\":\"https:\\\/\\\/maristeurope.eu\\\/de\\\/la-neyliere-war-gastgeber-eines-literaturpreises\\\/\"},\"wordCount\":434,\"publisher\":{\"@id\":\"https:\\\/\\\/maristeurope.eu\\\/de\\\/#organization\"},\"image\":{\"@id\":\"https:\\\/\\\/maristeurope.eu\\\/de\\\/la-neyliere-war-gastgeber-eines-literaturpreises\\\/#primaryimage\"},\"thumbnailUrl\":\"https:\\\/\\\/maristeurope.eu\\\/wp-content\\\/uploads\\\/2026\\\/03\\\/Photo-1-scaled.jpg\",\"articleSection\":[\"Nicht kategorisiert\"],\"inLanguage\":\"de\"},{\"@type\":\"WebPage\",\"@id\":\"https:\\\/\\\/maristeurope.eu\\\/de\\\/la-neyliere-war-gastgeber-eines-literaturpreises\\\/\",\"url\":\"https:\\\/\\\/maristeurope.eu\\\/de\\\/la-neyliere-war-gastgeber-eines-literaturpreises\\\/\",\"name\":\"La Neyli\u00e8re war Gastgeber eines Literaturpreises - Marist Europe\",\"isPartOf\":{\"@id\":\"https:\\\/\\\/maristeurope.eu\\\/de\\\/#website\"},\"primaryImageOfPage\":{\"@id\":\"https:\\\/\\\/maristeurope.eu\\\/de\\\/la-neyliere-war-gastgeber-eines-literaturpreises\\\/#primaryimage\"},\"image\":{\"@id\":\"https:\\\/\\\/maristeurope.eu\\\/de\\\/la-neyliere-war-gastgeber-eines-literaturpreises\\\/#primaryimage\"},\"thumbnailUrl\":\"https:\\\/\\\/maristeurope.eu\\\/wp-content\\\/uploads\\\/2026\\\/03\\\/Photo-1-scaled.jpg\",\"datePublished\":\"2026-03-13T16:13:37+00:00\",\"dateModified\":\"2026-03-13T16:23:08+00:00\",\"breadcrumb\":{\"@id\":\"https:\\\/\\\/maristeurope.eu\\\/de\\\/la-neyliere-war-gastgeber-eines-literaturpreises\\\/#breadcrumb\"},\"inLanguage\":\"de\",\"potentialAction\":[{\"@type\":\"ReadAction\",\"target\":[\"https:\\\/\\\/maristeurope.eu\\\/de\\\/la-neyliere-war-gastgeber-eines-literaturpreises\\\/\"]}]},{\"@type\":\"ImageObject\",\"inLanguage\":\"de\",\"@id\":\"https:\\\/\\\/maristeurope.eu\\\/de\\\/la-neyliere-war-gastgeber-eines-literaturpreises\\\/#primaryimage\",\"url\":\"https:\\\/\\\/maristeurope.eu\\\/wp-content\\\/uploads\\\/2026\\\/03\\\/Photo-1-scaled.jpg\",\"contentUrl\":\"https:\\\/\\\/maristeurope.eu\\\/wp-content\\\/uploads\\\/2026\\\/03\\\/Photo-1-scaled.jpg\",\"width\":2560,\"height\":1920},{\"@type\":\"BreadcrumbList\",\"@id\":\"https:\\\/\\\/maristeurope.eu\\\/de\\\/la-neyliere-war-gastgeber-eines-literaturpreises\\\/#breadcrumb\",\"itemListElement\":[{\"@type\":\"ListItem\",\"position\":1,\"name\":\"Home\",\"item\":\"https:\\\/\\\/maristeurope.eu\\\/de\\\/maristen\\\/\"},{\"@type\":\"ListItem\",\"position\":2,\"name\":\"La Neyli\u00e8re war Gastgeber eines Literaturpreises\"}]},{\"@type\":\"WebSite\",\"@id\":\"https:\\\/\\\/maristeurope.eu\\\/de\\\/#website\",\"url\":\"https:\\\/\\\/maristeurope.eu\\\/de\\\/\",\"name\":\"Marist Europe\",\"description\":\"\",\"publisher\":{\"@id\":\"https:\\\/\\\/maristeurope.eu\\\/de\\\/#organization\"},\"potentialAction\":[{\"@type\":\"SearchAction\",\"target\":{\"@type\":\"EntryPoint\",\"urlTemplate\":\"https:\\\/\\\/maristeurope.eu\\\/de\\\/?s={search_term_string}\"},\"query-input\":{\"@type\":\"PropertyValueSpecification\",\"valueRequired\":true,\"valueName\":\"search_term_string\"}}],\"inLanguage\":\"de\"},{\"@type\":\"Organization\",\"@id\":\"https:\\\/\\\/maristeurope.eu\\\/de\\\/#organization\",\"name\":\"Marist Europe\",\"url\":\"https:\\\/\\\/maristeurope.eu\\\/de\\\/\",\"logo\":{\"@type\":\"ImageObject\",\"inLanguage\":\"de\",\"@id\":\"https:\\\/\\\/maristeurope.eu\\\/de\\\/#\\\/schema\\\/logo\\\/image\\\/\",\"url\":\"https:\\\/\\\/maristeurope.eu\\\/wp-content\\\/uploads\\\/2024\\\/10\\\/EU-SM-Finalogo-02.png\",\"contentUrl\":\"https:\\\/\\\/maristeurope.eu\\\/wp-content\\\/uploads\\\/2024\\\/10\\\/EU-SM-Finalogo-02.png\",\"width\":150,\"height\":156,\"caption\":\"Marist Europe\"},\"image\":{\"@id\":\"https:\\\/\\\/maristeurope.eu\\\/de\\\/#\\\/schema\\\/logo\\\/image\\\/\"}},{\"@type\":\"Person\",\"@id\":\"https:\\\/\\\/maristeurope.eu\\\/de\\\/#\\\/schema\\\/person\\\/52ef67935880edd2768565651118bee9\",\"name\":\"Anne Marie Salgo\",\"image\":{\"@type\":\"ImageObject\",\"inLanguage\":\"de\",\"@id\":\"https:\\\/\\\/secure.gravatar.com\\\/avatar\\\/63bc5f7f74a90bb8d99eaaf8206d8217d780934d9a9659350347a36f2698fe6b?s=96&d=mm&r=g\",\"url\":\"https:\\\/\\\/secure.gravatar.com\\\/avatar\\\/63bc5f7f74a90bb8d99eaaf8206d8217d780934d9a9659350347a36f2698fe6b?s=96&d=mm&r=g\",\"contentUrl\":\"https:\\\/\\\/secure.gravatar.com\\\/avatar\\\/63bc5f7f74a90bb8d99eaaf8206d8217d780934d9a9659350347a36f2698fe6b?s=96&d=mm&r=g\",\"caption\":\"Anne Marie Salgo\"},\"url\":\"https:\\\/\\\/maristeurope.eu\\\/de\\\/author\\\/anne\\\/\"}]}<\/script>\n<!-- \/ Yoast SEO plugin. -->","yoast_head_json":{"title":"La Neyli\u00e8re war Gastgeber eines Literaturpreises - Marist Europe","robots":{"index":"index","follow":"follow","max-snippet":"max-snippet:-1","max-image-preview":"max-image-preview:large","max-video-preview":"max-video-preview:-1"},"canonical":"https:\/\/maristeurope.eu\/de\/la-neyliere-war-gastgeber-eines-literaturpreises\/","og_locale":"de_DE","og_type":"article","og_title":"La Neyli\u00e8re war Gastgeber eines Literaturpreises - Marist Europe","og_description":"Alle zwei Jahre organisiert das Mediathekennetzwerk Com'MonLy der Gemeinde Monts du Lyonnais einen Literaturpreis zu einem Thema, das sich auf einen Kontinent oder ein Land bezieht. Bei der f\u00fcnften Ausgabe des Preises ging es um Ozeanien.","og_url":"https:\/\/maristeurope.eu\/de\/la-neyliere-war-gastgeber-eines-literaturpreises\/","og_site_name":"Marist Europe","article_published_time":"2026-03-13T16:13:37+00:00","article_modified_time":"2026-03-13T16:23:08+00:00","og_image":[{"width":2560,"height":1920,"url":"https:\/\/maristeurope.eu\/wp-content\/uploads\/2026\/03\/Photo-1-scaled.jpg","type":"image\/jpeg"}],"author":"Anne Marie Salgo","twitter_card":"summary_large_image","twitter_misc":{"Verfasst von":"Anne Marie Salgo","Gesch\u00e4tzte Lesezeit":"2\u00a0Minute"},"schema":{"@context":"https:\/\/schema.org","@graph":[{"@type":"Article","@id":"https:\/\/maristeurope.eu\/de\/la-neyliere-war-gastgeber-eines-literaturpreises\/#article","isPartOf":{"@id":"https:\/\/maristeurope.eu\/de\/la-neyliere-war-gastgeber-eines-literaturpreises\/"},"author":{"name":"Anne Marie Salgo","@id":"https:\/\/maristeurope.eu\/de\/#\/schema\/person\/52ef67935880edd2768565651118bee9"},"headline":"La Neyli\u00e8re war Gastgeber eines Literaturpreises","datePublished":"2026-03-13T16:13:37+00:00","dateModified":"2026-03-13T16:23:08+00:00","mainEntityOfPage":{"@id":"https:\/\/maristeurope.eu\/de\/la-neyliere-war-gastgeber-eines-literaturpreises\/"},"wordCount":434,"publisher":{"@id":"https:\/\/maristeurope.eu\/de\/#organization"},"image":{"@id":"https:\/\/maristeurope.eu\/de\/la-neyliere-war-gastgeber-eines-literaturpreises\/#primaryimage"},"thumbnailUrl":"https:\/\/maristeurope.eu\/wp-content\/uploads\/2026\/03\/Photo-1-scaled.jpg","articleSection":["Nicht kategorisiert"],"inLanguage":"de"},{"@type":"WebPage","@id":"https:\/\/maristeurope.eu\/de\/la-neyliere-war-gastgeber-eines-literaturpreises\/","url":"https:\/\/maristeurope.eu\/de\/la-neyliere-war-gastgeber-eines-literaturpreises\/","name":"La Neyli\u00e8re war Gastgeber eines Literaturpreises - Marist Europe","isPartOf":{"@id":"https:\/\/maristeurope.eu\/de\/#website"},"primaryImageOfPage":{"@id":"https:\/\/maristeurope.eu\/de\/la-neyliere-war-gastgeber-eines-literaturpreises\/#primaryimage"},"image":{"@id":"https:\/\/maristeurope.eu\/de\/la-neyliere-war-gastgeber-eines-literaturpreises\/#primaryimage"},"thumbnailUrl":"https:\/\/maristeurope.eu\/wp-content\/uploads\/2026\/03\/Photo-1-scaled.jpg","datePublished":"2026-03-13T16:13:37+00:00","dateModified":"2026-03-13T16:23:08+00:00","breadcrumb":{"@id":"https:\/\/maristeurope.eu\/de\/la-neyliere-war-gastgeber-eines-literaturpreises\/#breadcrumb"},"inLanguage":"de","potentialAction":[{"@type":"ReadAction","target":["https:\/\/maristeurope.eu\/de\/la-neyliere-war-gastgeber-eines-literaturpreises\/"]}]},{"@type":"ImageObject","inLanguage":"de","@id":"https:\/\/maristeurope.eu\/de\/la-neyliere-war-gastgeber-eines-literaturpreises\/#primaryimage","url":"https:\/\/maristeurope.eu\/wp-content\/uploads\/2026\/03\/Photo-1-scaled.jpg","contentUrl":"https:\/\/maristeurope.eu\/wp-content\/uploads\/2026\/03\/Photo-1-scaled.jpg","width":2560,"height":1920},{"@type":"BreadcrumbList","@id":"https:\/\/maristeurope.eu\/de\/la-neyliere-war-gastgeber-eines-literaturpreises\/#breadcrumb","itemListElement":[{"@type":"ListItem","position":1,"name":"Home","item":"https:\/\/maristeurope.eu\/de\/maristen\/"},{"@type":"ListItem","position":2,"name":"La Neyli\u00e8re war Gastgeber eines Literaturpreises"}]},{"@type":"WebSite","@id":"https:\/\/maristeurope.eu\/de\/#website","url":"https:\/\/maristeurope.eu\/de\/","name":"Marist Europe","description":"","publisher":{"@id":"https:\/\/maristeurope.eu\/de\/#organization"},"potentialAction":[{"@type":"SearchAction","target":{"@type":"EntryPoint","urlTemplate":"https:\/\/maristeurope.eu\/de\/?s={search_term_string}"},"query-input":{"@type":"PropertyValueSpecification","valueRequired":true,"valueName":"search_term_string"}}],"inLanguage":"de"},{"@type":"Organization","@id":"https:\/\/maristeurope.eu\/de\/#organization","name":"Marist Europe","url":"https:\/\/maristeurope.eu\/de\/","logo":{"@type":"ImageObject","inLanguage":"de","@id":"https:\/\/maristeurope.eu\/de\/#\/schema\/logo\/image\/","url":"https:\/\/maristeurope.eu\/wp-content\/uploads\/2024\/10\/EU-SM-Finalogo-02.png","contentUrl":"https:\/\/maristeurope.eu\/wp-content\/uploads\/2024\/10\/EU-SM-Finalogo-02.png","width":150,"height":156,"caption":"Marist Europe"},"image":{"@id":"https:\/\/maristeurope.eu\/de\/#\/schema\/logo\/image\/"}},{"@type":"Person","@id":"https:\/\/maristeurope.eu\/de\/#\/schema\/person\/52ef67935880edd2768565651118bee9","name":"Anne Marie Salgo","image":{"@type":"ImageObject","inLanguage":"de","@id":"https:\/\/secure.gravatar.com\/avatar\/63bc5f7f74a90bb8d99eaaf8206d8217d780934d9a9659350347a36f2698fe6b?s=96&d=mm&r=g","url":"https:\/\/secure.gravatar.com\/avatar\/63bc5f7f74a90bb8d99eaaf8206d8217d780934d9a9659350347a36f2698fe6b?s=96&d=mm&r=g","contentUrl":"https:\/\/secure.gravatar.com\/avatar\/63bc5f7f74a90bb8d99eaaf8206d8217d780934d9a9659350347a36f2698fe6b?s=96&d=mm&r=g","caption":"Anne Marie Salgo"},"url":"https:\/\/maristeurope.eu\/de\/author\/anne\/"}]}},"_links":{"self":[{"href":"https:\/\/maristeurope.eu\/de\/wp-json\/wp\/v2\/posts\/10001","targetHints":{"allow":["GET"]}}],"collection":[{"href":"https:\/\/maristeurope.eu\/de\/wp-json\/wp\/v2\/posts"}],"about":[{"href":"https:\/\/maristeurope.eu\/de\/wp-json\/wp\/v2\/types\/post"}],"author":[{"embeddable":true,"href":"https:\/\/maristeurope.eu\/de\/wp-json\/wp\/v2\/users\/3"}],"replies":[{"embeddable":true,"href":"https:\/\/maristeurope.eu\/de\/wp-json\/wp\/v2\/comments?post=10001"}],"version-history":[{"count":2,"href":"https:\/\/maristeurope.eu\/de\/wp-json\/wp\/v2\/posts\/10001\/revisions"}],"predecessor-version":[{"id":10018,"href":"https:\/\/maristeurope.eu\/de\/wp-json\/wp\/v2\/posts\/10001\/revisions\/10018"}],"wp:featuredmedia":[{"embeddable":true,"href":"https:\/\/maristeurope.eu\/de\/wp-json\/wp\/v2\/media\/9980"}],"wp:attachment":[{"href":"https:\/\/maristeurope.eu\/de\/wp-json\/wp\/v2\/media?parent=10001"}],"wp:term":[{"taxonomy":"category","embeddable":true,"href":"https:\/\/maristeurope.eu\/de\/wp-json\/wp\/v2\/categories?post=10001"},{"taxonomy":"post_tag","embeddable":true,"href":"https:\/\/maristeurope.eu\/de\/wp-json\/wp\/v2\/tags?post=10001"}],"curies":[{"name":"wp","href":"https:\/\/api.w.org\/{rel}","templated":true}]}}